{"id":37683,"date":"2026-03-14T08:34:31","date_gmt":"2026-03-14T07:34:31","guid":{"rendered":"https:\/\/veritasinfo.org\/?p=37683"},"modified":"2026-03-14T08:34:31","modified_gmt":"2026-03-14T07:34:31","slug":"1-milion-euro-investim-per-ndertimin-e-parkut-industrial-te-gjelber-ne-mitrovice","status":"publish","type":"post","link":"https:\/\/veritasinfo.org\/?p=37683","title":{"rendered":"1 milion euro investim p\u00ebr nd\u00ebrtimin e parkut industrial t\u00eb gjelb\u00ebr n\u00eb Mitrovic\u00eb"},"content":{"rendered":"<p>Prishtin\u00eb 14 Mars 2026 8:33<\/p>\n<p>Ministrja e Industris\u00eb, Nd\u00ebrmarr\u00ebsis\u00eb, Tregtis\u00eb dhe Inovacionit, Mimoza Kusari-Lila s\u00eb bashku me kryetarin e Komun\u00ebs s\u00eb Mitrovic\u00ebs, Faton Peci, kan\u00eb n\u00ebnshkruar aneks-marr\u00ebveshjen p\u00ebr nd\u00ebrtimin e parkut Industrial t\u00eb gjelb\u00ebr n\u00eb Frash\u00ebr t\u00eb Vog\u00ebl k\u00ebtij qyteti.<\/p>\n<p>Ministrja Kusari-Lila, gjat\u00eb vizit\u00ebs n\u00eb Mitrovic\u00eb theksoi se qyteti ka potencial t\u00eb madh p\u00ebr t\u2019u shnd\u00ebrruar n\u00eb nj\u00eb qend\u00ebr t\u00eb r\u00ebnd\u00ebsishme t\u00eb zhvillimit industrial dhe inovacionit n\u00eb vend.<\/p>\n<p>N\u00eb fokus ishte zhvillimi i Parkut Industrial t\u00eb Mitrovic\u00ebs n\u00eb Frash\u00ebr t\u00eb Vog\u00ebl, nj\u00eb pilot-projekt p\u00ebr nj\u00eb Eco-Industrial Park me potencial t\u00eb madh p\u00ebr industrin\u00eb p\u00ebrpunuese dhe investimet e reja.<\/p>\n<p>Ministrja tha se ky park do t\u00eb nd\u00ebrtohet sipas standardeve moderne mjedisore dhe me sektor\u00eb industrial\u00eb t\u00eb specializuar, n\u00eb p\u00ebrputhje me k\u00ebrkesat e tregut evropian.<\/p>\n<p>Projekti i parkut planifikohet t\u00eb p\u00ebrfundoj\u00eb brenda nj\u00eb viti, nd\u00ebrsa Komuna e Mitrovic\u00ebs dhe Ministria do t\u00eb krijojn\u00eb nj\u00eb bord t\u00eb p\u00ebrbashk\u00ebt p\u00ebr p\u00ebrzgjedhjen e industrive p\u00ebrpunuese q\u00eb do t\u00eb vendosen n\u00eb Parkun Industrial t\u00eb Frash\u00ebrit t\u00eb Vog\u00ebl.<\/p>\n<p>Gjat\u00eb takimit u diskutua edhe impianti i trajtimit t\u00eb uj\u00ebrave t\u00eb zeza, projekt i r\u00ebnd\u00ebsish\u00ebm q\u00eb pritet t\u00eb nis\u00eb s\u00eb shpejti me mb\u00ebshtetje nga IBRD, duke kontribuar n\u00eb mbrojtjen e mjedisit dhe p\u00ebrmir\u00ebsimin e infrastruktur\u00ebs s\u00eb qytetit.<\/p>\n<p>Po ashtu nj\u00eb tjet\u00ebr tem\u00eb e takimit n\u00eb mes ministres dhe kryetarit ishte zhvillimi i kapitalit njer\u00ebzor, p\u00ebrmes krijimit t\u00eb nj\u00eb qendre inovacioni p\u00ebr t\u00eb rinjt\u00eb dhe forcimit t\u00eb arsimit dual, n\u00eb m\u00ebnyr\u00eb q\u00eb bizneset t\u00eb ken\u00eb m\u00eb shum\u00eb profesionist\u00eb t\u00eb p\u00ebrgatitur p\u00ebr tregun e pun\u00ebs.<\/p>\n<p>Ministrja tha se do t\u00eb intensifikojn\u00eb inspektimin dhe digjitalizimin e raportimit t\u00eb shkeljeve, p\u00ebrmes bashk\u00ebpunimit t\u00eb Inspektoratit Qendror me rajonin e Mitrovic\u00ebs.<\/p>\n","protected":false},"excerpt":{"rendered":"<p>Prishtin\u00eb 14 Mars 2026 8:33 Ministrja e Industris\u00eb, Nd\u00ebrmarr\u00ebsis\u00eb, Tregtis\u00eb dhe Inovacionit, Mimoza Kusari-Lila s\u00eb bashku me kryetarin e Komun\u00ebs s\u00eb Mitrovic\u00ebs, Faton Peci, kan\u00eb<\/p>\n","protected":false},"author":6,"featured_media":37684,"comment_status":"open","ping_status":"open","sticky":false,"template":"","format":"standard","meta":{"footnotes":""},"categories":[60],"tags":[],"class_list":["post-37683","post","type-post","status-publish","format-standard","has-post-thumbnail","hentry","category-shoqerore-sq"],"yoast_head":"<!-- This site is optimized with the Yoast SEO plugin v25.3.1 - https:\/\/yoast.com\/wordpress\/plugins\/seo\/ -->\n<title>1 milion euro investim p\u00ebr nd\u00ebrtimin e parkut industrial t\u00eb gjelb\u00ebr n\u00eb Mitrovic\u00eb -<\/title>\n<meta name=\"robots\" content=\"index, follow, max-snippet:-1, max-image-preview:large, max-video-preview:-1\" \/>\n<link rel=\"canonical\" href=\"https:\/\/veritasinfo.org\/?p=37683\" \/>\n<meta property=\"og:locale\" content=\"en_US\" \/>\n<meta property=\"og:type\" content=\"article\" \/>\n<meta property=\"og:title\" content=\"1 milion euro investim p\u00ebr nd\u00ebrtimin e parkut industrial t\u00eb gjelb\u00ebr n\u00eb Mitrovic\u00eb -\" \/>\n<meta property=\"og:description\" content=\"Prishtin\u00eb 14 Mars 2026 8:33 Ministrja e Industris\u00eb, Nd\u00ebrmarr\u00ebsis\u00eb, Tregtis\u00eb dhe Inovacionit, Mimoza Kusari-Lila s\u00eb bashku me kryetarin e Komun\u00ebs s\u00eb Mitrovic\u00ebs, Faton Peci, kan\u00eb\" \/>\n<meta property=\"og:url\" content=\"https:\/\/veritasinfo.org\/?p=37683\" \/>\n<meta property=\"article:published_time\" content=\"2026-03-14T07:34:31+00:00\" \/>\n<meta property=\"og:image\" content=\"https:\/\/veritasinfo.org\/wp-content\/uploads\/2026\/03\/651729656_1282818840697195_8683651076667487620_n-1536x1024-1.jpg\" \/>\n\t<meta property=\"og:image:width\" content=\"1536\" \/>\n\t<meta property=\"og:image:height\" content=\"1024\" \/>\n\t<meta property=\"og:image:type\" content=\"image\/jpeg\" \/>\n<meta name=\"author\" content=\"US5\" \/>\n<meta name=\"twitter:card\" content=\"summary_large_image\" \/>\n<meta name=\"twitter:label1\" content=\"Written by\" \/>\n\t<meta name=\"twitter:data1\" content=\"US5\" \/>\n<script type=\"application\/ld+json\" class=\"yoast-schema-graph\">{\"@context\":\"https:\/\/schema.org\",\"@graph\":[{\"@type\":\"WebPage\",\"@id\":\"https:\/\/veritasinfo.org\/?p=37683\",\"url\":\"https:\/\/veritasinfo.org\/?p=37683\",\"name\":\"1 milion euro investim p\u00ebr nd\u00ebrtimin e parkut industrial t\u00eb gjelb\u00ebr n\u00eb Mitrovic\u00eb -\",\"isPartOf\":{\"@id\":\"https:\/\/veritasinfo.org\/#website\"},\"primaryImageOfPage\":{\"@id\":\"https:\/\/veritasinfo.org\/?p=37683#primaryimage\"},\"image\":{\"@id\":\"https:\/\/veritasinfo.org\/?p=37683#primaryimage\"},\"thumbnailUrl\":\"https:\/\/veritasinfo.org\/wp-content\/uploads\/2026\/03\/651729656_1282818840697195_8683651076667487620_n-1536x1024-1.jpg\",\"datePublished\":\"2026-03-14T07:34:31+00:00\",\"author\":{\"@id\":\"https:\/\/veritasinfo.org\/#\/schema\/person\/bc442336e35414d04494ab8fb45db4c6\"},\"breadcrumb\":{\"@id\":\"https:\/\/veritasinfo.org\/?p=37683#breadcrumb\"},\"inLanguage\":\"en-US\",\"potentialAction\":[{\"@type\":\"ReadAction\",\"target\":[\"https:\/\/veritasinfo.org\/?p=37683\"]}]},{\"@type\":\"ImageObject\",\"inLanguage\":\"en-US\",\"@id\":\"https:\/\/veritasinfo.org\/?p=37683#primaryimage\",\"url\":\"https:\/\/veritasinfo.org\/wp-content\/uploads\/2026\/03\/651729656_1282818840697195_8683651076667487620_n-1536x1024-1.jpg\",\"contentUrl\":\"https:\/\/veritasinfo.org\/wp-content\/uploads\/2026\/03\/651729656_1282818840697195_8683651076667487620_n-1536x1024-1.jpg\",\"width\":1536,\"height\":1024},{\"@type\":\"BreadcrumbList\",\"@id\":\"https:\/\/veritasinfo.org\/?p=37683#breadcrumb\",\"itemListElement\":[{\"@type\":\"ListItem\",\"position\":1,\"name\":\"Home\",\"item\":\"https:\/\/veritasinfo.org\/\"},{\"@type\":\"ListItem\",\"position\":2,\"name\":\"1 milion euro investim p\u00ebr nd\u00ebrtimin e parkut industrial t\u00eb gjelb\u00ebr n\u00eb Mitrovic\u00eb\"}]},{\"@type\":\"WebSite\",\"@id\":\"https:\/\/veritasinfo.org\/#website\",\"url\":\"https:\/\/veritasinfo.org\/\",\"name\":\"\",\"description\":\"\",\"potentialAction\":[{\"@type\":\"SearchAction\",\"target\":{\"@type\":\"EntryPoint\",\"urlTemplate\":\"https:\/\/veritasinfo.org\/?s={search_term_string}\"},\"query-input\":{\"@type\":\"PropertyValueSpecification\",\"valueRequired\":true,\"valueName\":\"search_term_string\"}}],\"inLanguage\":\"en-US\"},{\"@type\":\"Person\",\"@id\":\"https:\/\/veritasinfo.org\/#\/schema\/person\/bc442336e35414d04494ab8fb45db4c6\",\"name\":\"US5\",\"image\":{\"@type\":\"ImageObject\",\"inLanguage\":\"en-US\",\"@id\":\"https:\/\/veritasinfo.org\/#\/schema\/person\/image\/\",\"url\":\"https:\/\/secure.gravatar.com\/avatar\/16a61e7272a0c5d001121ebb9e60e925d5816e4ac1e443ed3e640d9a6ae55d0c?s=96&d=mm&r=g\",\"contentUrl\":\"https:\/\/secure.gravatar.com\/avatar\/16a61e7272a0c5d001121ebb9e60e925d5816e4ac1e443ed3e640d9a6ae55d0c?s=96&d=mm&r=g\",\"caption\":\"US5\"},\"url\":\"https:\/\/veritasinfo.org\/?author=6\"}]}<\/script>\n<!-- \/ Yoast SEO plugin. -->","yoast_head_json":{"title":"1 milion euro investim p\u00ebr nd\u00ebrtimin e parkut industrial t\u00eb gjelb\u00ebr n\u00eb Mitrovic\u00eb -","robots":{"index":"index","follow":"follow","max-snippet":"max-snippet:-1","max-image-preview":"max-image-preview:large","max-video-preview":"max-video-preview:-1"},"canonical":"https:\/\/veritasinfo.org\/?p=37683","og_locale":"en_US","og_type":"article","og_title":"1 milion euro investim p\u00ebr nd\u00ebrtimin e parkut industrial t\u00eb gjelb\u00ebr n\u00eb Mitrovic\u00eb -","og_description":"Prishtin\u00eb 14 Mars 2026 8:33 Ministrja e Industris\u00eb, Nd\u00ebrmarr\u00ebsis\u00eb, Tregtis\u00eb dhe Inovacionit, Mimoza Kusari-Lila s\u00eb bashku me kryetarin e Komun\u00ebs s\u00eb Mitrovic\u00ebs, Faton Peci, kan\u00eb","og_url":"https:\/\/veritasinfo.org\/?p=37683","article_published_time":"2026-03-14T07:34:31+00:00","og_image":[{"width":1536,"height":1024,"url":"https:\/\/veritasinfo.org\/wp-content\/uploads\/2026\/03\/651729656_1282818840697195_8683651076667487620_n-1536x1024-1.jpg","type":"image\/jpeg"}],"author":"US5","twitter_card":"summary_large_image","twitter_misc":{"Written by":"US5"},"schema":{"@context":"https:\/\/schema.org","@graph":[{"@type":"WebPage","@id":"https:\/\/veritasinfo.org\/?p=37683","url":"https:\/\/veritasinfo.org\/?p=37683","name":"1 milion euro investim p\u00ebr nd\u00ebrtimin e parkut industrial t\u00eb gjelb\u00ebr n\u00eb Mitrovic\u00eb -","isPartOf":{"@id":"https:\/\/veritasinfo.org\/#website"},"primaryImageOfPage":{"@id":"https:\/\/veritasinfo.org\/?p=37683#primaryimage"},"image":{"@id":"https:\/\/veritasinfo.org\/?p=37683#primaryimage"},"thumbnailUrl":"https:\/\/veritasinfo.org\/wp-content\/uploads\/2026\/03\/651729656_1282818840697195_8683651076667487620_n-1536x1024-1.jpg","datePublished":"2026-03-14T07:34:31+00:00","author":{"@id":"https:\/\/veritasinfo.org\/#\/schema\/person\/bc442336e35414d04494ab8fb45db4c6"},"breadcrumb":{"@id":"https:\/\/veritasinfo.org\/?p=37683#breadcrumb"},"inLanguage":"en-US","potentialAction":[{"@type":"ReadAction","target":["https:\/\/veritasinfo.org\/?p=37683"]}]},{"@type":"ImageObject","inLanguage":"en-US","@id":"https:\/\/veritasinfo.org\/?p=37683#primaryimage","url":"https:\/\/veritasinfo.org\/wp-content\/uploads\/2026\/03\/651729656_1282818840697195_8683651076667487620_n-1536x1024-1.jpg","contentUrl":"https:\/\/veritasinfo.org\/wp-content\/uploads\/2026\/03\/651729656_1282818840697195_8683651076667487620_n-1536x1024-1.jpg","width":1536,"height":1024},{"@type":"BreadcrumbList","@id":"https:\/\/veritasinfo.org\/?p=37683#breadcrumb","itemListElement":[{"@type":"ListItem","position":1,"name":"Home","item":"https:\/\/veritasinfo.org\/"},{"@type":"ListItem","position":2,"name":"1 milion euro investim p\u00ebr nd\u00ebrtimin e parkut industrial t\u00eb gjelb\u00ebr n\u00eb Mitrovic\u00eb"}]},{"@type":"WebSite","@id":"https:\/\/veritasinfo.org\/#website","url":"https:\/\/veritasinfo.org\/","name":"","description":"","potentialAction":[{"@type":"SearchAction","target":{"@type":"EntryPoint","urlTemplate":"https:\/\/veritasinfo.org\/?s={search_term_string}"},"query-input":{"@type":"PropertyValueSpecification","valueRequired":true,"valueName":"search_term_string"}}],"inLanguage":"en-US"},{"@type":"Person","@id":"https:\/\/veritasinfo.org\/#\/schema\/person\/bc442336e35414d04494ab8fb45db4c6","name":"US5","image":{"@type":"ImageObject","inLanguage":"en-US","@id":"https:\/\/veritasinfo.org\/#\/schema\/person\/image\/","url":"https:\/\/secure.gravatar.com\/avatar\/16a61e7272a0c5d001121ebb9e60e925d5816e4ac1e443ed3e640d9a6ae55d0c?s=96&d=mm&r=g","contentUrl":"https:\/\/secure.gravatar.com\/avatar\/16a61e7272a0c5d001121ebb9e60e925d5816e4ac1e443ed3e640d9a6ae55d0c?s=96&d=mm&r=g","caption":"US5"},"url":"https:\/\/veritasinfo.org\/?author=6"}]}},"featured_image_urls":{"full":["https:\/\/veritasinfo.org\/wp-content\/uploads\/2026\/03\/651729656_1282818840697195_8683651076667487620_n-1536x1024-1.jpg",1536,1024,false],"thumbnail":["https:\/\/veritasinfo.org\/wp-content\/uploads\/2026\/03\/651729656_1282818840697195_8683651076667487620_n-1536x1024-1-150x150.jpg",150,150,true],"medium":["https:\/\/veritasinfo.org\/wp-content\/uploads\/2026\/03\/651729656_1282818840697195_8683651076667487620_n-1536x1024-1-300x200.jpg",300,200,true],"medium_large":["https:\/\/veritasinfo.org\/wp-content\/uploads\/2026\/03\/651729656_1282818840697195_8683651076667487620_n-1536x1024-1-768x512.jpg",640,427,true],"large":["https:\/\/veritasinfo.org\/wp-content\/uploads\/2026\/03\/651729656_1282818840697195_8683651076667487620_n-1536x1024-1-1024x683.jpg",640,427,true],"1536x1536":["https:\/\/veritasinfo.org\/wp-content\/uploads\/2026\/03\/651729656_1282818840697195_8683651076667487620_n-1536x1024-1.jpg",1536,1024,false],"2048x2048":["https:\/\/veritasinfo.org\/wp-content\/uploads\/2026\/03\/651729656_1282818840697195_8683651076667487620_n-1536x1024-1.jpg",1536,1024,false],"kreeti-slider-full":["https:\/\/veritasinfo.org\/wp-content\/uploads\/2026\/03\/651729656_1282818840697195_8683651076667487620_n-1536x1024-1.jpg",1080,720,false],"kreeti-featured":["https:\/\/veritasinfo.org\/wp-content\/uploads\/2026\/03\/651729656_1282818840697195_8683651076667487620_n-1536x1024-1.jpg",1024,683,false],"kreeti-medium":["https:\/\/veritasinfo.org\/wp-content\/uploads\/2026\/03\/651729656_1282818840697195_8683651076667487620_n-1536x1024-1.jpg",720,480,false],"kreeti-medium-square":["https:\/\/veritasinfo.org\/wp-content\/uploads\/2026\/03\/651729656_1282818840697195_8683651076667487620_n-1536x1024-1.jpg",350,233,false]},"author_info":{"info":["US5"]},"category_info":"<a href=\"https:\/\/veritasinfo.org\/?cat=60\" rel=\"category\">Shoq\u00ebrore<\/a>","tag_info":"Shoq\u00ebrore","comment_count":"0","_links":{"self":[{"href":"https:\/\/veritasinfo.org\/index.php?rest_route=\/wp\/v2\/posts\/37683","targetHints":{"allow":["GET"]}}],"collection":[{"href":"https:\/\/veritasinfo.org\/index.php?rest_route=\/wp\/v2\/posts"}],"about":[{"href":"https:\/\/veritasinfo.org\/index.php?rest_route=\/wp\/v2\/types\/post"}],"author":[{"embeddable":true,"href":"https:\/\/veritasinfo.org\/index.php?rest_route=\/wp\/v2\/users\/6"}],"replies":[{"embeddable":true,"href":"https:\/\/veritasinfo.org\/index.php?rest_route=%2Fwp%2Fv2%2Fcomments&post=37683"}],"version-history":[{"count":1,"href":"https:\/\/veritasinfo.org\/index.php?rest_route=\/wp\/v2\/posts\/37683\/revisions"}],"predecessor-version":[{"id":37685,"href":"https:\/\/veritasinfo.org\/index.php?rest_route=\/wp\/v2\/posts\/37683\/revisions\/37685"}],"wp:featuredmedia":[{"embeddable":true,"href":"https:\/\/veritasinfo.org\/index.php?rest_route=\/wp\/v2\/media\/37684"}],"wp:attachment":[{"href":"https:\/\/veritasinfo.org\/index.php?rest_route=%2Fwp%2Fv2%2Fmedia&parent=37683"}],"wp:term":[{"taxonomy":"category","embeddable":true,"href":"https:\/\/veritasinfo.org\/index.php?rest_route=%2Fwp%2Fv2%2Fcategories&post=37683"},{"taxonomy":"post_tag","embeddable":true,"href":"https:\/\/veritasinfo.org\/index.php?rest_route=%2Fwp%2Fv2%2Ftags&post=37683"}],"curies":[{"name":"wp","href":"https:\/\/api.w.org\/{rel}","templated":true}]}}