{"id":37653,"date":"2026-03-14T07:36:38","date_gmt":"2026-03-14T06:36:38","guid":{"rendered":"https:\/\/veritasinfo.org\/?p=37653"},"modified":"2026-03-14T07:36:38","modified_gmt":"2026-03-14T06:36:38","slug":"shtimi-i-masave-te-sigurise-policise-speciale-ruajne-objektin-e-ambasades-se-amerikes-ne-prishtine","status":"publish","type":"post","link":"https:\/\/veritasinfo.org\/?p=37653","title":{"rendered":"Shtimi i masave t\u00eb siguris\u00eb, policis\u00eb special\u00eb ruajn\u00eb objektin e Ambasad\u00ebs s\u00eb Amerik\u00ebs n\u00eb Prishtin\u00eb"},"content":{"rendered":"<p>Prishtin\u00eb, 14 mars 2026 07:35<\/p>\n<p>Pjes\u00ebtar\u00eb t\u00eb Nj\u00ebsive Speciale me arm\u00eb t\u00eb gjata, vazhdimisht q\u00ebndrojn\u00eb p\u00ebrreth objektit t\u00eb Ambasad\u00ebs s\u00eb Amerik\u00ebs n\u00eb lagjen \u201cArb\u00ebria\u201d n\u00eb Prishtin\u00eb.<\/p>\n<p>Ky shtim i masave t\u00eb siguris\u00eb \u00ebsht\u00eb v\u00ebn\u00eb re q\u00eb nga nisja e konfliktit n\u00eb Lindjen e Mesme mes Shteteve t\u00eb Bashkuara t\u00eb Amerik\u00ebs dhe Iranit.<\/p>\n<p>Se a ka ndonj\u00eb k\u00ebrc\u00ebnim real dhe pse jan\u00eb mar\u00eb k\u00ebto masa, t\u00ebv\u00eb1 ka pyetur Ambasad\u00ebn por edhe Policin\u00eb e Kosov\u00ebs.<\/p>\n<p>Por, asnj\u00eb nga to nuk kan\u00eb kthyer p\u00ebrgjigje p\u00ebr mediumin deri n\u00eb publikimin e kronik\u00ebs.<\/p>\n<p>Profesori i shkencave t\u00eb siguris\u00eb, Fatmir \u00c7ollaku vler\u00ebson se masat e nd\u00ebrmarra jan\u00eb adekuate q\u00eb mos t\u2019i lihet asgj\u00eb rast\u00ebsis\u00eb.<\/p>\n<p>\u201cMund t\u00eb supozohet arsyesh\u00ebm dhe potencialisht \u00ebsht\u00eb e mundshme me ndodh\u00eb ndonj\u00eb atak n\u00eb objekte ose resurse humane t\u00eb misionit ushtarak t\u00eb KFOR-it por edhe ambasadave apo \u00e7far\u00ebdo ose kushdoqoft\u00eb q\u00eb vjen nga Amerika apo kushdo mund t\u00eb ket\u00eb pra \u00ebsht\u00eb potencialisht e mundshme t\u00eb ket\u00eb ndonj\u00eb sulm e q\u00eb evitohet kjo me masa t\u00eb siguris\u00eb dhe \u00ebsht\u00eb p\u00ebrforcu dhe garantu siguria me pjes\u00ebtar\u00eb t\u00eb armatosur me arm\u00eb t\u00eb gjata t\u00eb Policis\u00eb s\u00eb Kosov\u00ebs, sigurisht ka edhe v\u00ebzhgues tjer\u00eb\u201d, thot\u00eb \u00c7ollaku.<\/p>\n<p>Edhe njoh\u00ebsi i siguris\u00eb, Nuredin Ibishi, shtimin e masave t\u00eb siguris\u00eb e quan t\u00eb drejt\u00eb, sepse ekziston rrezik edhe nga shteti serb p\u00ebr eskalim t\u00eb mundsh\u00ebm.<\/p>\n<p>\u201cPasi ajo \u00ebsht\u00eb nj\u00eb aleate e Rusis\u00eb por nj\u00ebkoh\u00ebsisht edhe e Iranit dhe disa vende t\u00eb Ballkanit fatkeq\u00ebsisht kan\u00eb nj\u00eb lloj raporti me Iranin p\u00ebrve\u00e7 Kosov\u00ebs dhe Shqip\u00ebris\u00eb, k\u00ebshtu q\u00eb gjith\u00eb kjo b\u00ebn n\u00ebse Vulin ka k\u00ebrc\u00ebnuar direkt n\u00eb kuptim q\u00eb do t\u00eb nd\u00ebrmerr\u00eb masa sikur krahasuar shtetin e Serbis\u00eb me Palestin\u00ebn apo Mossadin me BIA-n \u00e7ka fare nuk ekziston\u201d.<\/p>\n<p>Policia e Kosov\u00ebs \u00ebsht\u00eb duke ruajtur 24 or\u00eb edhe hyrjen p\u00ebr n\u00eb Kampin Bondsteel, baza m\u00eb e madhe ushtarake e Amerik\u00ebs n\u00eb rajon.<\/p>\n","protected":false},"excerpt":{"rendered":"<p>Prishtin\u00eb, 14 mars 2026 07:35 Pjes\u00ebtar\u00eb t\u00eb Nj\u00ebsive Speciale me arm\u00eb t\u00eb gjata, vazhdimisht q\u00ebndrojn\u00eb p\u00ebrreth objektit t\u00eb Ambasad\u00ebs s\u00eb Amerik\u00ebs n\u00eb lagjen \u201cArb\u00ebria\u201d n\u00eb<\/p>\n","protected":false},"author":7,"featured_media":37654,"comment_status":"open","ping_status":"open","sticky":false,"template":"","format":"standard","meta":{"footnotes":""},"categories":[109],"tags":[],"class_list":["post-37653","post","type-post","status-publish","format-standard","has-post-thumbnail","hentry","category-siguri"],"yoast_head":"<!-- This site is optimized with the Yoast SEO plugin v25.3.1 - https:\/\/yoast.com\/wordpress\/plugins\/seo\/ -->\n<title>Shtimi i masave t\u00eb siguris\u00eb, policis\u00eb special\u00eb ruajn\u00eb objektin e Ambasad\u00ebs s\u00eb Amerik\u00ebs n\u00eb Prishtin\u00eb -<\/title>\n<meta name=\"robots\" content=\"index, follow, max-snippet:-1, max-image-preview:large, max-video-preview:-1\" \/>\n<link rel=\"canonical\" href=\"https:\/\/veritasinfo.org\/?p=37653\" \/>\n<meta property=\"og:locale\" content=\"en_US\" \/>\n<meta property=\"og:type\" content=\"article\" \/>\n<meta property=\"og:title\" content=\"Shtimi i masave t\u00eb siguris\u00eb, policis\u00eb special\u00eb ruajn\u00eb objektin e Ambasad\u00ebs s\u00eb Amerik\u00ebs n\u00eb Prishtin\u00eb -\" \/>\n<meta property=\"og:description\" content=\"Prishtin\u00eb, 14 mars 2026 07:35 Pjes\u00ebtar\u00eb t\u00eb Nj\u00ebsive Speciale me arm\u00eb t\u00eb gjata, vazhdimisht q\u00ebndrojn\u00eb p\u00ebrreth objektit t\u00eb Ambasad\u00ebs s\u00eb Amerik\u00ebs n\u00eb lagjen \u201cArb\u00ebria\u201d n\u00eb\" \/>\n<meta property=\"og:url\" content=\"https:\/\/veritasinfo.org\/?p=37653\" \/>\n<meta property=\"article:published_time\" content=\"2026-03-14T06:36:38+00:00\" \/>\n<meta property=\"og:image\" content=\"https:\/\/veritasinfo.org\/wp-content\/uploads\/2026\/03\/ambasada-amerikane-ksosove.jpg\" \/>\n\t<meta property=\"og:image:width\" content=\"900\" \/>\n\t<meta property=\"og:image:height\" content=\"600\" \/>\n\t<meta property=\"og:image:type\" content=\"image\/jpeg\" \/>\n<meta name=\"author\" content=\"US6\" \/>\n<meta name=\"twitter:card\" content=\"summary_large_image\" \/>\n<meta name=\"twitter:label1\" content=\"Written by\" \/>\n\t<meta name=\"twitter:data1\" content=\"US6\" \/>\n\t<meta name=\"twitter:label2\" content=\"Est. reading time\" \/>\n\t<meta name=\"twitter:data2\" content=\"2 minutes\" \/>\n<script type=\"application\/ld+json\" class=\"yoast-schema-graph\">{\"@context\":\"https:\/\/schema.org\",\"@graph\":[{\"@type\":\"WebPage\",\"@id\":\"https:\/\/veritasinfo.org\/?p=37653\",\"url\":\"https:\/\/veritasinfo.org\/?p=37653\",\"name\":\"Shtimi i masave t\u00eb siguris\u00eb, policis\u00eb special\u00eb ruajn\u00eb objektin e Ambasad\u00ebs s\u00eb Amerik\u00ebs n\u00eb Prishtin\u00eb -\",\"isPartOf\":{\"@id\":\"https:\/\/veritasinfo.org\/#website\"},\"primaryImageOfPage\":{\"@id\":\"https:\/\/veritasinfo.org\/?p=37653#primaryimage\"},\"image\":{\"@id\":\"https:\/\/veritasinfo.org\/?p=37653#primaryimage\"},\"thumbnailUrl\":\"https:\/\/veritasinfo.org\/wp-content\/uploads\/2026\/03\/ambasada-amerikane-ksosove.jpg\",\"datePublished\":\"2026-03-14T06:36:38+00:00\",\"author\":{\"@id\":\"https:\/\/veritasinfo.org\/#\/schema\/person\/fe199eede04c3937362892b7444747cc\"},\"breadcrumb\":{\"@id\":\"https:\/\/veritasinfo.org\/?p=37653#breadcrumb\"},\"inLanguage\":\"en-US\",\"potentialAction\":[{\"@type\":\"ReadAction\",\"target\":[\"https:\/\/veritasinfo.org\/?p=37653\"]}]},{\"@type\":\"ImageObject\",\"inLanguage\":\"en-US\",\"@id\":\"https:\/\/veritasinfo.org\/?p=37653#primaryimage\",\"url\":\"https:\/\/veritasinfo.org\/wp-content\/uploads\/2026\/03\/ambasada-amerikane-ksosove.jpg\",\"contentUrl\":\"https:\/\/veritasinfo.org\/wp-content\/uploads\/2026\/03\/ambasada-amerikane-ksosove.jpg\",\"width\":900,\"height\":600},{\"@type\":\"BreadcrumbList\",\"@id\":\"https:\/\/veritasinfo.org\/?p=37653#breadcrumb\",\"itemListElement\":[{\"@type\":\"ListItem\",\"position\":1,\"name\":\"Home\",\"item\":\"https:\/\/veritasinfo.org\/\"},{\"@type\":\"ListItem\",\"position\":2,\"name\":\"Shtimi i masave t\u00eb siguris\u00eb, policis\u00eb special\u00eb ruajn\u00eb objektin e Ambasad\u00ebs s\u00eb Amerik\u00ebs n\u00eb Prishtin\u00eb\"}]},{\"@type\":\"WebSite\",\"@id\":\"https:\/\/veritasinfo.org\/#website\",\"url\":\"https:\/\/veritasinfo.org\/\",\"name\":\"\",\"description\":\"\",\"potentialAction\":[{\"@type\":\"SearchAction\",\"target\":{\"@type\":\"EntryPoint\",\"urlTemplate\":\"https:\/\/veritasinfo.org\/?s={search_term_string}\"},\"query-input\":{\"@type\":\"PropertyValueSpecification\",\"valueRequired\":true,\"valueName\":\"search_term_string\"}}],\"inLanguage\":\"en-US\"},{\"@type\":\"Person\",\"@id\":\"https:\/\/veritasinfo.org\/#\/schema\/person\/fe199eede04c3937362892b7444747cc\",\"name\":\"US6\",\"image\":{\"@type\":\"ImageObject\",\"inLanguage\":\"en-US\",\"@id\":\"https:\/\/veritasinfo.org\/#\/schema\/person\/image\/\",\"url\":\"https:\/\/secure.gravatar.com\/avatar\/cb16c3c31c9d23b9b8c705964598220b3014e42ff51eb540ff23cefa3ae8c15f?s=96&d=mm&r=g\",\"contentUrl\":\"https:\/\/secure.gravatar.com\/avatar\/cb16c3c31c9d23b9b8c705964598220b3014e42ff51eb540ff23cefa3ae8c15f?s=96&d=mm&r=g\",\"caption\":\"US6\"},\"url\":\"https:\/\/veritasinfo.org\/?author=7\"}]}<\/script>\n<!-- \/ Yoast SEO plugin. -->","yoast_head_json":{"title":"Shtimi i masave t\u00eb siguris\u00eb, policis\u00eb special\u00eb ruajn\u00eb objektin e Ambasad\u00ebs s\u00eb Amerik\u00ebs n\u00eb Prishtin\u00eb -","robots":{"index":"index","follow":"follow","max-snippet":"max-snippet:-1","max-image-preview":"max-image-preview:large","max-video-preview":"max-video-preview:-1"},"canonical":"https:\/\/veritasinfo.org\/?p=37653","og_locale":"en_US","og_type":"article","og_title":"Shtimi i masave t\u00eb siguris\u00eb, policis\u00eb special\u00eb ruajn\u00eb objektin e Ambasad\u00ebs s\u00eb Amerik\u00ebs n\u00eb Prishtin\u00eb -","og_description":"Prishtin\u00eb, 14 mars 2026 07:35 Pjes\u00ebtar\u00eb t\u00eb Nj\u00ebsive Speciale me arm\u00eb t\u00eb gjata, vazhdimisht q\u00ebndrojn\u00eb p\u00ebrreth objektit t\u00eb Ambasad\u00ebs s\u00eb Amerik\u00ebs n\u00eb lagjen \u201cArb\u00ebria\u201d n\u00eb","og_url":"https:\/\/veritasinfo.org\/?p=37653","article_published_time":"2026-03-14T06:36:38+00:00","og_image":[{"width":900,"height":600,"url":"https:\/\/veritasinfo.org\/wp-content\/uploads\/2026\/03\/ambasada-amerikane-ksosove.jpg","type":"image\/jpeg"}],"author":"US6","twitter_card":"summary_large_image","twitter_misc":{"Written by":"US6","Est. reading time":"2 minutes"},"schema":{"@context":"https:\/\/schema.org","@graph":[{"@type":"WebPage","@id":"https:\/\/veritasinfo.org\/?p=37653","url":"https:\/\/veritasinfo.org\/?p=37653","name":"Shtimi i masave t\u00eb siguris\u00eb, policis\u00eb special\u00eb ruajn\u00eb objektin e Ambasad\u00ebs s\u00eb Amerik\u00ebs n\u00eb Prishtin\u00eb -","isPartOf":{"@id":"https:\/\/veritasinfo.org\/#website"},"primaryImageOfPage":{"@id":"https:\/\/veritasinfo.org\/?p=37653#primaryimage"},"image":{"@id":"https:\/\/veritasinfo.org\/?p=37653#primaryimage"},"thumbnailUrl":"https:\/\/veritasinfo.org\/wp-content\/uploads\/2026\/03\/ambasada-amerikane-ksosove.jpg","datePublished":"2026-03-14T06:36:38+00:00","author":{"@id":"https:\/\/veritasinfo.org\/#\/schema\/person\/fe199eede04c3937362892b7444747cc"},"breadcrumb":{"@id":"https:\/\/veritasinfo.org\/?p=37653#breadcrumb"},"inLanguage":"en-US","potentialAction":[{"@type":"ReadAction","target":["https:\/\/veritasinfo.org\/?p=37653"]}]},{"@type":"ImageObject","inLanguage":"en-US","@id":"https:\/\/veritasinfo.org\/?p=37653#primaryimage","url":"https:\/\/veritasinfo.org\/wp-content\/uploads\/2026\/03\/ambasada-amerikane-ksosove.jpg","contentUrl":"https:\/\/veritasinfo.org\/wp-content\/uploads\/2026\/03\/ambasada-amerikane-ksosove.jpg","width":900,"height":600},{"@type":"BreadcrumbList","@id":"https:\/\/veritasinfo.org\/?p=37653#breadcrumb","itemListElement":[{"@type":"ListItem","position":1,"name":"Home","item":"https:\/\/veritasinfo.org\/"},{"@type":"ListItem","position":2,"name":"Shtimi i masave t\u00eb siguris\u00eb, policis\u00eb special\u00eb ruajn\u00eb objektin e Ambasad\u00ebs s\u00eb Amerik\u00ebs n\u00eb Prishtin\u00eb"}]},{"@type":"WebSite","@id":"https:\/\/veritasinfo.org\/#website","url":"https:\/\/veritasinfo.org\/","name":"","description":"","potentialAction":[{"@type":"SearchAction","target":{"@type":"EntryPoint","urlTemplate":"https:\/\/veritasinfo.org\/?s={search_term_string}"},"query-input":{"@type":"PropertyValueSpecification","valueRequired":true,"valueName":"search_term_string"}}],"inLanguage":"en-US"},{"@type":"Person","@id":"https:\/\/veritasinfo.org\/#\/schema\/person\/fe199eede04c3937362892b7444747cc","name":"US6","image":{"@type":"ImageObject","inLanguage":"en-US","@id":"https:\/\/veritasinfo.org\/#\/schema\/person\/image\/","url":"https:\/\/secure.gravatar.com\/avatar\/cb16c3c31c9d23b9b8c705964598220b3014e42ff51eb540ff23cefa3ae8c15f?s=96&d=mm&r=g","contentUrl":"https:\/\/secure.gravatar.com\/avatar\/cb16c3c31c9d23b9b8c705964598220b3014e42ff51eb540ff23cefa3ae8c15f?s=96&d=mm&r=g","caption":"US6"},"url":"https:\/\/veritasinfo.org\/?author=7"}]}},"featured_image_urls":{"full":["https:\/\/veritasinfo.org\/wp-content\/uploads\/2026\/03\/ambasada-amerikane-ksosove.jpg",900,600,false],"thumbnail":["https:\/\/veritasinfo.org\/wp-content\/uploads\/2026\/03\/ambasada-amerikane-ksosove-150x150.jpg",150,150,true],"medium":["https:\/\/veritasinfo.org\/wp-content\/uploads\/2026\/03\/ambasada-amerikane-ksosove-300x200.jpg",300,200,true],"medium_large":["https:\/\/veritasinfo.org\/wp-content\/uploads\/2026\/03\/ambasada-amerikane-ksosove-768x512.jpg",640,427,true],"large":["https:\/\/veritasinfo.org\/wp-content\/uploads\/2026\/03\/ambasada-amerikane-ksosove.jpg",640,427,false],"1536x1536":["https:\/\/veritasinfo.org\/wp-content\/uploads\/2026\/03\/ambasada-amerikane-ksosove.jpg",900,600,false],"2048x2048":["https:\/\/veritasinfo.org\/wp-content\/uploads\/2026\/03\/ambasada-amerikane-ksosove.jpg",900,600,false],"kreeti-slider-full":["https:\/\/veritasinfo.org\/wp-content\/uploads\/2026\/03\/ambasada-amerikane-ksosove.jpg",900,600,false],"kreeti-featured":["https:\/\/veritasinfo.org\/wp-content\/uploads\/2026\/03\/ambasada-amerikane-ksosove.jpg",900,600,false],"kreeti-medium":["https:\/\/veritasinfo.org\/wp-content\/uploads\/2026\/03\/ambasada-amerikane-ksosove.jpg",720,480,false],"kreeti-medium-square":["https:\/\/veritasinfo.org\/wp-content\/uploads\/2026\/03\/ambasada-amerikane-ksosove.jpg",350,233,false]},"author_info":{"info":["US6"]},"category_info":"<a href=\"https:\/\/veritasinfo.org\/?cat=109\" rel=\"category\">Siguri<\/a>","tag_info":"Siguri","comment_count":"0","_links":{"self":[{"href":"https:\/\/veritasinfo.org\/index.php?rest_route=\/wp\/v2\/posts\/37653","targetHints":{"allow":["GET"]}}],"collection":[{"href":"https:\/\/veritasinfo.org\/index.php?rest_route=\/wp\/v2\/posts"}],"about":[{"href":"https:\/\/veritasinfo.org\/index.php?rest_route=\/wp\/v2\/types\/post"}],"author":[{"embeddable":true,"href":"https:\/\/veritasinfo.org\/index.php?rest_route=\/wp\/v2\/users\/7"}],"replies":[{"embeddable":true,"href":"https:\/\/veritasinfo.org\/index.php?rest_route=%2Fwp%2Fv2%2Fcomments&post=37653"}],"version-history":[{"count":1,"href":"https:\/\/veritasinfo.org\/index.php?rest_route=\/wp\/v2\/posts\/37653\/revisions"}],"predecessor-version":[{"id":37655,"href":"https:\/\/veritasinfo.org\/index.php?rest_route=\/wp\/v2\/posts\/37653\/revisions\/37655"}],"wp:featuredmedia":[{"embeddable":true,"href":"https:\/\/veritasinfo.org\/index.php?rest_route=\/wp\/v2\/media\/37654"}],"wp:attachment":[{"href":"https:\/\/veritasinfo.org\/index.php?rest_route=%2Fwp%2Fv2%2Fmedia&parent=37653"}],"wp:term":[{"taxonomy":"category","embeddable":true,"href":"https:\/\/veritasinfo.org\/index.php?rest_route=%2Fwp%2Fv2%2Fcategories&post=37653"},{"taxonomy":"post_tag","embeddable":true,"href":"https:\/\/veritasinfo.org\/index.php?rest_route=%2Fwp%2Fv2%2Ftags&post=37653"}],"curies":[{"name":"wp","href":"https:\/\/api.w.org\/{rel}","templated":true}]}}