{"id":37634,"date":"2026-03-13T22:05:32","date_gmt":"2026-03-13T21:05:32","guid":{"rendered":"https:\/\/veritasinfo.org\/?p=37634"},"modified":"2026-03-13T22:05:32","modified_gmt":"2026-03-13T21:05:32","slug":"kryeministri-kroat-i-shkroi-nato-s-ne-lidhje-me-armet-e-reja-te-ushtrise-serbe","status":"publish","type":"post","link":"https:\/\/veritasinfo.org\/?p=37634","title":{"rendered":"Kryeministri kroat i shkroi NATO-s n\u00eb lidhje me arm\u00ebt e reja t\u00eb Ushtris\u00eb Serbe"},"content":{"rendered":"<p><strong>Zagreb, 13 mars 2026 22:04<\/strong><\/p>\n<p>Kryeministri i Kroacis\u00eb, Andrej Plenkoviq, tha sot se i shkroi Sekretarit t\u00eb P\u00ebrgjithsh\u00ebm t\u00eb NATO-s, Mark Rutte, n\u00eb lidhje me arm\u00ebt e reja t\u00eb Forcave t\u00eb Armatosura Serbe.<\/p>\n<p>&#8220;Nj\u00eb arm\u00eb e till\u00eb nuk \u00ebsht\u00eb par\u00eb ende n\u00eb territorin evropian. I shkrova Sekretarit t\u00eb P\u00ebrgjithsh\u00ebm Mark Rute p\u00ebr k\u00ebt\u00eb&#8221;, u p\u00ebrgjigj Plenkoviq n\u00eb nj\u00eb pyetje nga nj\u00eb gazetar n\u00eb Zagreb n\u00eb lidhje me armatimin e ri t\u00eb Forcave t\u00eb Armatosura Serbe, pra, p\u00ebr raket\u00ebn balistike hipersonike.<\/p>\n<p>Plenkoviq deklaroi se nuk pret q\u00eb Serbia, n\u00eb asnj\u00eb variant, t\u00eb jet\u00eb n\u00eb gjendje t\u00eb p\u00ebrdor\u00eb raketa hipersonike kund\u00ebr vendeve fqinje, Kroacis\u00eb apo ndonj\u00eb tjetre, dhe njoftoi se do ta diskutoj\u00eb k\u00ebt\u00eb me partner\u00ebt e NATO-s dhe do t&#8217;i paralajm\u00ebroj\u00eb ata p\u00ebr k\u00ebt\u00eb arm\u00eb t\u00eb re.<\/p>\n","protected":false},"excerpt":{"rendered":"<p>Zagreb, 13 mars 2026 22:04 Kryeministri i Kroacis\u00eb, Andrej Plenkoviq, tha sot se i shkroi Sekretarit t\u00eb P\u00ebrgjithsh\u00ebm t\u00eb NATO-s, Mark Rutte, n\u00eb lidhje me<\/p>\n","protected":false},"author":2,"featured_media":37632,"comment_status":"open","ping_status":"open","sticky":false,"template":"","format":"standard","meta":{"footnotes":""},"categories":[72],"tags":[],"class_list":["post-37634","post","type-post","status-publish","format-standard","has-post-thumbnail","hentry","category-bota"],"yoast_head":"<!-- This site is optimized with the Yoast SEO plugin v25.3.1 - https:\/\/yoast.com\/wordpress\/plugins\/seo\/ -->\n<title>Kryeministri kroat i shkroi NATO-s n\u00eb lidhje me arm\u00ebt e reja t\u00eb Ushtris\u00eb Serbe -<\/title>\n<meta name=\"robots\" content=\"index, follow, max-snippet:-1, max-image-preview:large, max-video-preview:-1\" \/>\n<link rel=\"canonical\" href=\"https:\/\/veritasinfo.org\/?p=37634\" \/>\n<meta property=\"og:locale\" content=\"en_US\" \/>\n<meta property=\"og:type\" content=\"article\" \/>\n<meta property=\"og:title\" content=\"Kryeministri kroat i shkroi NATO-s n\u00eb lidhje me arm\u00ebt e reja t\u00eb Ushtris\u00eb Serbe -\" \/>\n<meta property=\"og:description\" content=\"Zagreb, 13 mars 2026 22:04 Kryeministri i Kroacis\u00eb, Andrej Plenkoviq, tha sot se i shkroi Sekretarit t\u00eb P\u00ebrgjithsh\u00ebm t\u00eb NATO-s, Mark Rutte, n\u00eb lidhje me\" \/>\n<meta property=\"og:url\" content=\"https:\/\/veritasinfo.org\/?p=37634\" \/>\n<meta property=\"article:published_time\" content=\"2026-03-13T21:05:32+00:00\" \/>\n<meta property=\"og:image\" content=\"https:\/\/veritasinfo.org\/wp-content\/uploads\/2026\/03\/Plenkoviq.jpeg\" \/>\n\t<meta property=\"og:image:width\" content=\"2048\" \/>\n\t<meta property=\"og:image:height\" content=\"1366\" \/>\n\t<meta property=\"og:image:type\" content=\"image\/jpeg\" \/>\n<meta name=\"author\" content=\"US1\" \/>\n<meta name=\"twitter:card\" content=\"summary_large_image\" \/>\n<meta name=\"twitter:label1\" content=\"Written by\" \/>\n\t<meta name=\"twitter:data1\" content=\"US1\" \/>\n\t<meta name=\"twitter:label2\" content=\"Est. reading time\" \/>\n\t<meta name=\"twitter:data2\" content=\"1 minute\" \/>\n<script type=\"application\/ld+json\" class=\"yoast-schema-graph\">{\"@context\":\"https:\/\/schema.org\",\"@graph\":[{\"@type\":\"WebPage\",\"@id\":\"https:\/\/veritasinfo.org\/?p=37634\",\"url\":\"https:\/\/veritasinfo.org\/?p=37634\",\"name\":\"Kryeministri kroat i shkroi NATO-s n\u00eb lidhje me arm\u00ebt e reja t\u00eb Ushtris\u00eb Serbe -\",\"isPartOf\":{\"@id\":\"https:\/\/veritasinfo.org\/#website\"},\"primaryImageOfPage\":{\"@id\":\"https:\/\/veritasinfo.org\/?p=37634#primaryimage\"},\"image\":{\"@id\":\"https:\/\/veritasinfo.org\/?p=37634#primaryimage\"},\"thumbnailUrl\":\"https:\/\/veritasinfo.org\/wp-content\/uploads\/2026\/03\/Plenkoviq.jpeg\",\"datePublished\":\"2026-03-13T21:05:32+00:00\",\"author\":{\"@id\":\"https:\/\/veritasinfo.org\/#\/schema\/person\/c2b8be262ea994d0995addca692c5e98\"},\"breadcrumb\":{\"@id\":\"https:\/\/veritasinfo.org\/?p=37634#breadcrumb\"},\"inLanguage\":\"en-US\",\"potentialAction\":[{\"@type\":\"ReadAction\",\"target\":[\"https:\/\/veritasinfo.org\/?p=37634\"]}]},{\"@type\":\"ImageObject\",\"inLanguage\":\"en-US\",\"@id\":\"https:\/\/veritasinfo.org\/?p=37634#primaryimage\",\"url\":\"https:\/\/veritasinfo.org\/wp-content\/uploads\/2026\/03\/Plenkoviq.jpeg\",\"contentUrl\":\"https:\/\/veritasinfo.org\/wp-content\/uploads\/2026\/03\/Plenkoviq.jpeg\",\"width\":2048,\"height\":1366,\"caption\":\"ZAGREB, CROATIA - SEPTEMBER 13: Prime Minister of Croatia Andrej Plenkovi\u0107 speaks during the opening ceremony of the 2025 World Wrestling Championships on September 13, 2025 in Zagreb, Croatia. (Photo by Kadir Caliskan - United World Wrestling\/Getty Images)\"},{\"@type\":\"BreadcrumbList\",\"@id\":\"https:\/\/veritasinfo.org\/?p=37634#breadcrumb\",\"itemListElement\":[{\"@type\":\"ListItem\",\"position\":1,\"name\":\"Home\",\"item\":\"https:\/\/veritasinfo.org\/\"},{\"@type\":\"ListItem\",\"position\":2,\"name\":\"Kryeministri kroat i shkroi NATO-s n\u00eb lidhje me arm\u00ebt e reja t\u00eb Ushtris\u00eb Serbe\"}]},{\"@type\":\"WebSite\",\"@id\":\"https:\/\/veritasinfo.org\/#website\",\"url\":\"https:\/\/veritasinfo.org\/\",\"name\":\"\",\"description\":\"\",\"potentialAction\":[{\"@type\":\"SearchAction\",\"target\":{\"@type\":\"EntryPoint\",\"urlTemplate\":\"https:\/\/veritasinfo.org\/?s={search_term_string}\"},\"query-input\":{\"@type\":\"PropertyValueSpecification\",\"valueRequired\":true,\"valueName\":\"search_term_string\"}}],\"inLanguage\":\"en-US\"},{\"@type\":\"Person\",\"@id\":\"https:\/\/veritasinfo.org\/#\/schema\/person\/c2b8be262ea994d0995addca692c5e98\",\"name\":\"US1\",\"image\":{\"@type\":\"ImageObject\",\"inLanguage\":\"en-US\",\"@id\":\"https:\/\/veritasinfo.org\/#\/schema\/person\/image\/\",\"url\":\"https:\/\/secure.gravatar.com\/avatar\/4e96a59bd256abf9956eb9963ac891a47461ffb364d47b0e9aab113328fdb75b?s=96&d=mm&r=g\",\"contentUrl\":\"https:\/\/secure.gravatar.com\/avatar\/4e96a59bd256abf9956eb9963ac891a47461ffb364d47b0e9aab113328fdb75b?s=96&d=mm&r=g\",\"caption\":\"US1\"},\"url\":\"https:\/\/veritasinfo.org\/?author=2\"}]}<\/script>\n<!-- \/ Yoast SEO plugin. -->","yoast_head_json":{"title":"Kryeministri kroat i shkroi NATO-s n\u00eb lidhje me arm\u00ebt e reja t\u00eb Ushtris\u00eb Serbe -","robots":{"index":"index","follow":"follow","max-snippet":"max-snippet:-1","max-image-preview":"max-image-preview:large","max-video-preview":"max-video-preview:-1"},"canonical":"https:\/\/veritasinfo.org\/?p=37634","og_locale":"en_US","og_type":"article","og_title":"Kryeministri kroat i shkroi NATO-s n\u00eb lidhje me arm\u00ebt e reja t\u00eb Ushtris\u00eb Serbe -","og_description":"Zagreb, 13 mars 2026 22:04 Kryeministri i Kroacis\u00eb, Andrej Plenkoviq, tha sot se i shkroi Sekretarit t\u00eb P\u00ebrgjithsh\u00ebm t\u00eb NATO-s, Mark Rutte, n\u00eb lidhje me","og_url":"https:\/\/veritasinfo.org\/?p=37634","article_published_time":"2026-03-13T21:05:32+00:00","og_image":[{"width":2048,"height":1366,"url":"https:\/\/veritasinfo.org\/wp-content\/uploads\/2026\/03\/Plenkoviq.jpeg","type":"image\/jpeg"}],"author":"US1","twitter_card":"summary_large_image","twitter_misc":{"Written by":"US1","Est. reading time":"1 minute"},"schema":{"@context":"https:\/\/schema.org","@graph":[{"@type":"WebPage","@id":"https:\/\/veritasinfo.org\/?p=37634","url":"https:\/\/veritasinfo.org\/?p=37634","name":"Kryeministri kroat i shkroi NATO-s n\u00eb lidhje me arm\u00ebt e reja t\u00eb Ushtris\u00eb Serbe -","isPartOf":{"@id":"https:\/\/veritasinfo.org\/#website"},"primaryImageOfPage":{"@id":"https:\/\/veritasinfo.org\/?p=37634#primaryimage"},"image":{"@id":"https:\/\/veritasinfo.org\/?p=37634#primaryimage"},"thumbnailUrl":"https:\/\/veritasinfo.org\/wp-content\/uploads\/2026\/03\/Plenkoviq.jpeg","datePublished":"2026-03-13T21:05:32+00:00","author":{"@id":"https:\/\/veritasinfo.org\/#\/schema\/person\/c2b8be262ea994d0995addca692c5e98"},"breadcrumb":{"@id":"https:\/\/veritasinfo.org\/?p=37634#breadcrumb"},"inLanguage":"en-US","potentialAction":[{"@type":"ReadAction","target":["https:\/\/veritasinfo.org\/?p=37634"]}]},{"@type":"ImageObject","inLanguage":"en-US","@id":"https:\/\/veritasinfo.org\/?p=37634#primaryimage","url":"https:\/\/veritasinfo.org\/wp-content\/uploads\/2026\/03\/Plenkoviq.jpeg","contentUrl":"https:\/\/veritasinfo.org\/wp-content\/uploads\/2026\/03\/Plenkoviq.jpeg","width":2048,"height":1366,"caption":"ZAGREB, CROATIA - SEPTEMBER 13: Prime Minister of Croatia Andrej Plenkovi\u0107 speaks during the opening ceremony of the 2025 World Wrestling Championships on September 13, 2025 in Zagreb, Croatia. (Photo by Kadir Caliskan - United World Wrestling\/Getty Images)"},{"@type":"BreadcrumbList","@id":"https:\/\/veritasinfo.org\/?p=37634#breadcrumb","itemListElement":[{"@type":"ListItem","position":1,"name":"Home","item":"https:\/\/veritasinfo.org\/"},{"@type":"ListItem","position":2,"name":"Kryeministri kroat i shkroi NATO-s n\u00eb lidhje me arm\u00ebt e reja t\u00eb Ushtris\u00eb Serbe"}]},{"@type":"WebSite","@id":"https:\/\/veritasinfo.org\/#website","url":"https:\/\/veritasinfo.org\/","name":"","description":"","potentialAction":[{"@type":"SearchAction","target":{"@type":"EntryPoint","urlTemplate":"https:\/\/veritasinfo.org\/?s={search_term_string}"},"query-input":{"@type":"PropertyValueSpecification","valueRequired":true,"valueName":"search_term_string"}}],"inLanguage":"en-US"},{"@type":"Person","@id":"https:\/\/veritasinfo.org\/#\/schema\/person\/c2b8be262ea994d0995addca692c5e98","name":"US1","image":{"@type":"ImageObject","inLanguage":"en-US","@id":"https:\/\/veritasinfo.org\/#\/schema\/person\/image\/","url":"https:\/\/secure.gravatar.com\/avatar\/4e96a59bd256abf9956eb9963ac891a47461ffb364d47b0e9aab113328fdb75b?s=96&d=mm&r=g","contentUrl":"https:\/\/secure.gravatar.com\/avatar\/4e96a59bd256abf9956eb9963ac891a47461ffb364d47b0e9aab113328fdb75b?s=96&d=mm&r=g","caption":"US1"},"url":"https:\/\/veritasinfo.org\/?author=2"}]}},"featured_image_urls":{"full":["https:\/\/veritasinfo.org\/wp-content\/uploads\/2026\/03\/Plenkoviq.jpeg",2048,1366,false],"thumbnail":["https:\/\/veritasinfo.org\/wp-content\/uploads\/2026\/03\/Plenkoviq-150x150.jpeg",150,150,true],"medium":["https:\/\/veritasinfo.org\/wp-content\/uploads\/2026\/03\/Plenkoviq-300x200.jpeg",300,200,true],"medium_large":["https:\/\/veritasinfo.org\/wp-content\/uploads\/2026\/03\/Plenkoviq-768x512.jpeg",640,427,true],"large":["https:\/\/veritasinfo.org\/wp-content\/uploads\/2026\/03\/Plenkoviq-1024x683.jpeg",640,427,true],"1536x1536":["https:\/\/veritasinfo.org\/wp-content\/uploads\/2026\/03\/Plenkoviq-1536x1025.jpeg",1536,1025,true],"2048x2048":["https:\/\/veritasinfo.org\/wp-content\/uploads\/2026\/03\/Plenkoviq.jpeg",2048,1366,false],"kreeti-slider-full":["https:\/\/veritasinfo.org\/wp-content\/uploads\/2026\/03\/Plenkoviq.jpeg",1079,720,false],"kreeti-featured":["https:\/\/veritasinfo.org\/wp-content\/uploads\/2026\/03\/Plenkoviq.jpeg",1024,683,false],"kreeti-medium":["https:\/\/veritasinfo.org\/wp-content\/uploads\/2026\/03\/Plenkoviq.jpeg",720,480,false],"kreeti-medium-square":["https:\/\/veritasinfo.org\/wp-content\/uploads\/2026\/03\/Plenkoviq.jpeg",350,233,false]},"author_info":{"info":["US1"]},"category_info":"<a href=\"https:\/\/veritasinfo.org\/?cat=72\" rel=\"category\">Bota<\/a>","tag_info":"Bota","comment_count":"0","_links":{"self":[{"href":"https:\/\/veritasinfo.org\/index.php?rest_route=\/wp\/v2\/posts\/37634","targetHints":{"allow":["GET"]}}],"collection":[{"href":"https:\/\/veritasinfo.org\/index.php?rest_route=\/wp\/v2\/posts"}],"about":[{"href":"https:\/\/veritasinfo.org\/index.php?rest_route=\/wp\/v2\/types\/post"}],"author":[{"embeddable":true,"href":"https:\/\/veritasinfo.org\/index.php?rest_route=\/wp\/v2\/users\/2"}],"replies":[{"embeddable":true,"href":"https:\/\/veritasinfo.org\/index.php?rest_route=%2Fwp%2Fv2%2Fcomments&post=37634"}],"version-history":[{"count":1,"href":"https:\/\/veritasinfo.org\/index.php?rest_route=\/wp\/v2\/posts\/37634\/revisions"}],"predecessor-version":[{"id":37635,"href":"https:\/\/veritasinfo.org\/index.php?rest_route=\/wp\/v2\/posts\/37634\/revisions\/37635"}],"wp:featuredmedia":[{"embeddable":true,"href":"https:\/\/veritasinfo.org\/index.php?rest_route=\/wp\/v2\/media\/37632"}],"wp:attachment":[{"href":"https:\/\/veritasinfo.org\/index.php?rest_route=%2Fwp%2Fv2%2Fmedia&parent=37634"}],"wp:term":[{"taxonomy":"category","embeddable":true,"href":"https:\/\/veritasinfo.org\/index.php?rest_route=%2Fwp%2Fv2%2Fcategories&post=37634"},{"taxonomy":"post_tag","embeddable":true,"href":"https:\/\/veritasinfo.org\/index.php?rest_route=%2Fwp%2Fv2%2Ftags&post=37634"}],"curies":[{"name":"wp","href":"https:\/\/api.w.org\/{rel}","templated":true}]}}