{"id":37628,"date":"2026-03-13T21:46:23","date_gmt":"2026-03-13T20:46:23","guid":{"rendered":"https:\/\/veritasinfo.org\/?p=37628"},"modified":"2026-03-13T21:46:23","modified_gmt":"2026-03-13T20:46:23","slug":"opozicioni-srbi-sa-kosova-ostro-kritikuju-vucicevu-izjavu-sva-politika-srbije-je-svedena-na-kontejner","status":"publish","type":"post","link":"https:\/\/veritasinfo.org\/?p=37628&lang=sr","title":{"rendered":"Opozicioni Srbi sa Kosova o\u0161tro kritikuju Vu\u010dic\u0301evu izjavu: \u201eSva politika Srbije je svedena na kontejner\u201c"},"content":{"rendered":"<p><strong>\u010caglavica, 13 mart 2026 21:45<\/strong><\/p>\n<p>Opozicioni odbornici u \u010detiri op\u0161tine na Severu Kosova o\u0161tro su kritikovali sino\u0107nju izjavu predsednika Srbije Aleksandra Vu\u010di\u0107a i najavu da \u0107e u kontejneru na administrativnom prelazu primati Srbe sa Kosova na razgovor. Milija Bi\u0161evac ka\u017ee da se \u201edr\u017eavni\u010dka politika Vu\u010di\u0107a svela na kontejnere\u201c. \u201eI mi u\u010destvujemo u svom samoubistvu kao srpska zajednica na Kosovu, jer \u0161to je ve\u0107a izdaja to su stomaci puniji\u201c, ka\u017ee Marko Jak\u0161i\u0107.<\/p>\n<p>Izjava Vu\u010di\u0107a pred po\u010detak primene Zakona o strancima i Zakona vozilima na Kosovu nai\u0161la je na o\u0161tre kritike od srpskih lokalnih politi\u010dara na Kosovu, a naro\u010dito deo u kojem predsednik Srbije najavljuje socijalnu pomo\u0107 za ugro\u017eene Srbe na Kosovu, te da planira da razgovora sa njima u kontejneru na administrativnom prelazu.<\/p>\n<p>Odbornik gra\u0111anske inicijative \u201eSever za sve\u201c Marko Jak\u0161i\u0107 smatra da je klju\u010d problema Srba sa Kosova u Beogradu, jer bi, smatra on, odlu\u010dnija akcija srpskog dr\u017eavnog rukovodstva mogao da re\u0161i kako \u0107e biti od 15. Marta.<\/p>\n<p>\u201eOvu izjavu o kontejnerima meni je stvarno ispod \u010dasti da komentari\u0161em, jer kad pogledam na\u0161u istoriju unazad, sve smo ne\u0161to vezani za te kontejnere. Da je bar rekao neki drugi objakat, a kontejner nas podse\u0107a na na\u0161u nesre\u0107u i sva na\u0161a stradanja. Tako da sam taj kontejner ja do\u017eiveo\u201c, ka\u017ee Ivan Vu\u010dkovi\u0107, odbornik Gra\u0111anske inicijative \u201eKoreni\u201c u SO Leposavi\u0107 tokom debate u Medija centru u \u010caglavici.<\/p>\n","protected":false},"excerpt":{"rendered":"<p>\u010caglavica, 13 mart 2026 21:45 Opozicioni odbornici u \u010detiri op\u0161tine na Severu Kosova o\u0161tro su kritikovali sino\u0107nju izjavu predsednika Srbije Aleksandra Vu\u010di\u0107a i najavu da<\/p>\n","protected":false},"author":2,"featured_media":37629,"comment_status":"open","ping_status":"open","sticky":false,"template":"","format":"standard","meta":{"footnotes":""},"categories":[28],"tags":[],"class_list":["post-37628","post","type-post","status-publish","format-standard","has-post-thumbnail","hentry","category-politika"],"yoast_head":"<!-- This site is optimized with the Yoast SEO plugin v25.3.1 - https:\/\/yoast.com\/wordpress\/plugins\/seo\/ -->\n<title>Opozicioni Srbi sa Kosova o\u0161tro kritikuju Vu\u010dic\u0301evu izjavu: \u201eSva politika Srbije je svedena na kontejner\u201c -<\/title>\n<meta name=\"robots\" content=\"index, follow, max-snippet:-1, max-image-preview:large, max-video-preview:-1\" \/>\n<link rel=\"canonical\" href=\"https:\/\/veritasinfo.org\/?p=37628&lang=sr\" \/>\n<meta property=\"og:locale\" content=\"en_US\" \/>\n<meta property=\"og:type\" content=\"article\" \/>\n<meta property=\"og:title\" content=\"Opozicioni Srbi sa Kosova o\u0161tro kritikuju Vu\u010dic\u0301evu izjavu: \u201eSva politika Srbije je svedena na kontejner\u201c -\" \/>\n<meta property=\"og:description\" content=\"\u010caglavica, 13 mart 2026 21:45 Opozicioni odbornici u \u010detiri op\u0161tine na Severu Kosova o\u0161tro su kritikovali sino\u0107nju izjavu predsednika Srbije Aleksandra Vu\u010di\u0107a i najavu da\" \/>\n<meta property=\"og:url\" content=\"https:\/\/veritasinfo.org\/?p=37628&amp;lang=sr\" \/>\n<meta property=\"article:published_time\" content=\"2026-03-13T20:46:23+00:00\" \/>\n<meta property=\"og:image\" content=\"https:\/\/veritasinfo.org\/wp-content\/uploads\/2026\/03\/Medija-centar-Debata-1.jpg\" \/>\n\t<meta property=\"og:image:width\" content=\"814\" \/>\n\t<meta property=\"og:image:height\" content=\"458\" \/>\n\t<meta property=\"og:image:type\" content=\"image\/jpeg\" \/>\n<meta name=\"author\" content=\"US1\" \/>\n<meta name=\"twitter:card\" content=\"summary_large_image\" \/>\n<meta name=\"twitter:label1\" content=\"Written by\" \/>\n\t<meta name=\"twitter:data1\" content=\"US1\" \/>\n\t<meta name=\"twitter:label2\" content=\"Est. reading time\" \/>\n\t<meta name=\"twitter:data2\" content=\"1 minute\" \/>\n<script type=\"application\/ld+json\" class=\"yoast-schema-graph\">{\"@context\":\"https:\/\/schema.org\",\"@graph\":[{\"@type\":\"WebPage\",\"@id\":\"https:\/\/veritasinfo.org\/?p=37628&lang=sr\",\"url\":\"https:\/\/veritasinfo.org\/?p=37628&lang=sr\",\"name\":\"Opozicioni Srbi sa Kosova o\u0161tro kritikuju Vu\u010dic\u0301evu izjavu: \u201eSva politika Srbije je svedena na kontejner\u201c -\",\"isPartOf\":{\"@id\":\"https:\/\/veritasinfo.org\/#website\"},\"primaryImageOfPage\":{\"@id\":\"https:\/\/veritasinfo.org\/?p=37628&lang=sr#primaryimage\"},\"image\":{\"@id\":\"https:\/\/veritasinfo.org\/?p=37628&lang=sr#primaryimage\"},\"thumbnailUrl\":\"https:\/\/veritasinfo.org\/wp-content\/uploads\/2026\/03\/Medija-centar-Debata-1.jpg\",\"datePublished\":\"2026-03-13T20:46:23+00:00\",\"author\":{\"@id\":\"https:\/\/veritasinfo.org\/#\/schema\/person\/c2b8be262ea994d0995addca692c5e98\"},\"breadcrumb\":{\"@id\":\"https:\/\/veritasinfo.org\/?p=37628&lang=sr#breadcrumb\"},\"inLanguage\":\"en-US\",\"potentialAction\":[{\"@type\":\"ReadAction\",\"target\":[\"https:\/\/veritasinfo.org\/?p=37628&lang=sr\"]}]},{\"@type\":\"ImageObject\",\"inLanguage\":\"en-US\",\"@id\":\"https:\/\/veritasinfo.org\/?p=37628&lang=sr#primaryimage\",\"url\":\"https:\/\/veritasinfo.org\/wp-content\/uploads\/2026\/03\/Medija-centar-Debata-1.jpg\",\"contentUrl\":\"https:\/\/veritasinfo.org\/wp-content\/uploads\/2026\/03\/Medija-centar-Debata-1.jpg\",\"width\":814,\"height\":458},{\"@type\":\"BreadcrumbList\",\"@id\":\"https:\/\/veritasinfo.org\/?p=37628&lang=sr#breadcrumb\",\"itemListElement\":[{\"@type\":\"ListItem\",\"position\":1,\"name\":\"Home\",\"item\":\"https:\/\/veritasinfo.org\/\"},{\"@type\":\"ListItem\",\"position\":2,\"name\":\"Opozicioni Srbi sa Kosova o\u0161tro kritikuju Vu\u010dic\u0301evu izjavu: \u201eSva politika Srbije je svedena na kontejner\u201c\"}]},{\"@type\":\"WebSite\",\"@id\":\"https:\/\/veritasinfo.org\/#website\",\"url\":\"https:\/\/veritasinfo.org\/\",\"name\":\"\",\"description\":\"\",\"potentialAction\":[{\"@type\":\"SearchAction\",\"target\":{\"@type\":\"EntryPoint\",\"urlTemplate\":\"https:\/\/veritasinfo.org\/?s={search_term_string}\"},\"query-input\":{\"@type\":\"PropertyValueSpecification\",\"valueRequired\":true,\"valueName\":\"search_term_string\"}}],\"inLanguage\":\"en-US\"},{\"@type\":\"Person\",\"@id\":\"https:\/\/veritasinfo.org\/#\/schema\/person\/c2b8be262ea994d0995addca692c5e98\",\"name\":\"US1\",\"image\":{\"@type\":\"ImageObject\",\"inLanguage\":\"en-US\",\"@id\":\"https:\/\/veritasinfo.org\/#\/schema\/person\/image\/\",\"url\":\"https:\/\/secure.gravatar.com\/avatar\/4e96a59bd256abf9956eb9963ac891a47461ffb364d47b0e9aab113328fdb75b?s=96&d=mm&r=g\",\"contentUrl\":\"https:\/\/secure.gravatar.com\/avatar\/4e96a59bd256abf9956eb9963ac891a47461ffb364d47b0e9aab113328fdb75b?s=96&d=mm&r=g\",\"caption\":\"US1\"},\"url\":\"https:\/\/veritasinfo.org\/?author=2\"}]}<\/script>\n<!-- \/ Yoast SEO plugin. -->","yoast_head_json":{"title":"Opozicioni Srbi sa Kosova o\u0161tro kritikuju Vu\u010dic\u0301evu izjavu: \u201eSva politika Srbije je svedena na kontejner\u201c -","robots":{"index":"index","follow":"follow","max-snippet":"max-snippet:-1","max-image-preview":"max-image-preview:large","max-video-preview":"max-video-preview:-1"},"canonical":"https:\/\/veritasinfo.org\/?p=37628&lang=sr","og_locale":"en_US","og_type":"article","og_title":"Opozicioni Srbi sa Kosova o\u0161tro kritikuju Vu\u010dic\u0301evu izjavu: \u201eSva politika Srbije je svedena na kontejner\u201c -","og_description":"\u010caglavica, 13 mart 2026 21:45 Opozicioni odbornici u \u010detiri op\u0161tine na Severu Kosova o\u0161tro su kritikovali sino\u0107nju izjavu predsednika Srbije Aleksandra Vu\u010di\u0107a i najavu da","og_url":"https:\/\/veritasinfo.org\/?p=37628&lang=sr","article_published_time":"2026-03-13T20:46:23+00:00","og_image":[{"width":814,"height":458,"url":"https:\/\/veritasinfo.org\/wp-content\/uploads\/2026\/03\/Medija-centar-Debata-1.jpg","type":"image\/jpeg"}],"author":"US1","twitter_card":"summary_large_image","twitter_misc":{"Written by":"US1","Est. reading time":"1 minute"},"schema":{"@context":"https:\/\/schema.org","@graph":[{"@type":"WebPage","@id":"https:\/\/veritasinfo.org\/?p=37628&lang=sr","url":"https:\/\/veritasinfo.org\/?p=37628&lang=sr","name":"Opozicioni Srbi sa Kosova o\u0161tro kritikuju Vu\u010dic\u0301evu izjavu: \u201eSva politika Srbije je svedena na kontejner\u201c -","isPartOf":{"@id":"https:\/\/veritasinfo.org\/#website"},"primaryImageOfPage":{"@id":"https:\/\/veritasinfo.org\/?p=37628&lang=sr#primaryimage"},"image":{"@id":"https:\/\/veritasinfo.org\/?p=37628&lang=sr#primaryimage"},"thumbnailUrl":"https:\/\/veritasinfo.org\/wp-content\/uploads\/2026\/03\/Medija-centar-Debata-1.jpg","datePublished":"2026-03-13T20:46:23+00:00","author":{"@id":"https:\/\/veritasinfo.org\/#\/schema\/person\/c2b8be262ea994d0995addca692c5e98"},"breadcrumb":{"@id":"https:\/\/veritasinfo.org\/?p=37628&lang=sr#breadcrumb"},"inLanguage":"en-US","potentialAction":[{"@type":"ReadAction","target":["https:\/\/veritasinfo.org\/?p=37628&lang=sr"]}]},{"@type":"ImageObject","inLanguage":"en-US","@id":"https:\/\/veritasinfo.org\/?p=37628&lang=sr#primaryimage","url":"https:\/\/veritasinfo.org\/wp-content\/uploads\/2026\/03\/Medija-centar-Debata-1.jpg","contentUrl":"https:\/\/veritasinfo.org\/wp-content\/uploads\/2026\/03\/Medija-centar-Debata-1.jpg","width":814,"height":458},{"@type":"BreadcrumbList","@id":"https:\/\/veritasinfo.org\/?p=37628&lang=sr#breadcrumb","itemListElement":[{"@type":"ListItem","position":1,"name":"Home","item":"https:\/\/veritasinfo.org\/"},{"@type":"ListItem","position":2,"name":"Opozicioni Srbi sa Kosova o\u0161tro kritikuju Vu\u010dic\u0301evu izjavu: \u201eSva politika Srbije je svedena na kontejner\u201c"}]},{"@type":"WebSite","@id":"https:\/\/veritasinfo.org\/#website","url":"https:\/\/veritasinfo.org\/","name":"","description":"","potentialAction":[{"@type":"SearchAction","target":{"@type":"EntryPoint","urlTemplate":"https:\/\/veritasinfo.org\/?s={search_term_string}"},"query-input":{"@type":"PropertyValueSpecification","valueRequired":true,"valueName":"search_term_string"}}],"inLanguage":"en-US"},{"@type":"Person","@id":"https:\/\/veritasinfo.org\/#\/schema\/person\/c2b8be262ea994d0995addca692c5e98","name":"US1","image":{"@type":"ImageObject","inLanguage":"en-US","@id":"https:\/\/veritasinfo.org\/#\/schema\/person\/image\/","url":"https:\/\/secure.gravatar.com\/avatar\/4e96a59bd256abf9956eb9963ac891a47461ffb364d47b0e9aab113328fdb75b?s=96&d=mm&r=g","contentUrl":"https:\/\/secure.gravatar.com\/avatar\/4e96a59bd256abf9956eb9963ac891a47461ffb364d47b0e9aab113328fdb75b?s=96&d=mm&r=g","caption":"US1"},"url":"https:\/\/veritasinfo.org\/?author=2"}]}},"featured_image_urls":{"full":["https:\/\/veritasinfo.org\/wp-content\/uploads\/2026\/03\/Medija-centar-Debata-1.jpg",814,458,false],"thumbnail":["https:\/\/veritasinfo.org\/wp-content\/uploads\/2026\/03\/Medija-centar-Debata-1-150x150.jpg",150,150,true],"medium":["https:\/\/veritasinfo.org\/wp-content\/uploads\/2026\/03\/Medija-centar-Debata-1-300x169.jpg",300,169,true],"medium_large":["https:\/\/veritasinfo.org\/wp-content\/uploads\/2026\/03\/Medija-centar-Debata-1-768x432.jpg",640,360,true],"large":["https:\/\/veritasinfo.org\/wp-content\/uploads\/2026\/03\/Medija-centar-Debata-1.jpg",640,360,false],"1536x1536":["https:\/\/veritasinfo.org\/wp-content\/uploads\/2026\/03\/Medija-centar-Debata-1.jpg",814,458,false],"2048x2048":["https:\/\/veritasinfo.org\/wp-content\/uploads\/2026\/03\/Medija-centar-Debata-1.jpg",814,458,false],"kreeti-slider-full":["https:\/\/veritasinfo.org\/wp-content\/uploads\/2026\/03\/Medija-centar-Debata-1.jpg",814,458,false],"kreeti-featured":["https:\/\/veritasinfo.org\/wp-content\/uploads\/2026\/03\/Medija-centar-Debata-1.jpg",814,458,false],"kreeti-medium":["https:\/\/veritasinfo.org\/wp-content\/uploads\/2026\/03\/Medija-centar-Debata-1.jpg",720,405,false],"kreeti-medium-square":["https:\/\/veritasinfo.org\/wp-content\/uploads\/2026\/03\/Medija-centar-Debata-1.jpg",350,197,false]},"author_info":{"info":["US1"]},"category_info":"<a href=\"https:\/\/veritasinfo.org\/?cat=28&#038;lang=sr\" rel=\"category\">Politika<\/a>","tag_info":"Politika","comment_count":"0","_links":{"self":[{"href":"https:\/\/veritasinfo.org\/index.php?rest_route=\/wp\/v2\/posts\/37628","targetHints":{"allow":["GET"]}}],"collection":[{"href":"https:\/\/veritasinfo.org\/index.php?rest_route=\/wp\/v2\/posts"}],"about":[{"href":"https:\/\/veritasinfo.org\/index.php?rest_route=\/wp\/v2\/types\/post"}],"author":[{"embeddable":true,"href":"https:\/\/veritasinfo.org\/index.php?rest_route=\/wp\/v2\/users\/2"}],"replies":[{"embeddable":true,"href":"https:\/\/veritasinfo.org\/index.php?rest_route=%2Fwp%2Fv2%2Fcomments&post=37628"}],"version-history":[{"count":1,"href":"https:\/\/veritasinfo.org\/index.php?rest_route=\/wp\/v2\/posts\/37628\/revisions"}],"predecessor-version":[{"id":37630,"href":"https:\/\/veritasinfo.org\/index.php?rest_route=\/wp\/v2\/posts\/37628\/revisions\/37630"}],"wp:featuredmedia":[{"embeddable":true,"href":"https:\/\/veritasinfo.org\/index.php?rest_route=\/wp\/v2\/media\/37629"}],"wp:attachment":[{"href":"https:\/\/veritasinfo.org\/index.php?rest_route=%2Fwp%2Fv2%2Fmedia&parent=37628"}],"wp:term":[{"taxonomy":"category","embeddable":true,"href":"https:\/\/veritasinfo.org\/index.php?rest_route=%2Fwp%2Fv2%2Fcategories&post=37628"},{"taxonomy":"post_tag","embeddable":true,"href":"https:\/\/veritasinfo.org\/index.php?rest_route=%2Fwp%2Fv2%2Ftags&post=37628"}],"curies":[{"name":"wp","href":"https:\/\/api.w.org\/{rel}","templated":true}]}}