{"id":37582,"date":"2026-03-13T15:33:36","date_gmt":"2026-03-13T14:33:36","guid":{"rendered":"https:\/\/veritasinfo.org\/?p=37582"},"modified":"2026-03-13T15:33:36","modified_gmt":"2026-03-13T14:33:36","slug":"kurti-kujton-masakren-ne-tregun-e-mitrovices-krimet-e-serbise-nuk-harrohen","status":"publish","type":"post","link":"https:\/\/veritasinfo.org\/?p=37582","title":{"rendered":"Kurti kujton Masakr\u00ebn n\u00eb Tregun e Mitrovic\u00ebs: Krimet e Serbis\u00eb nuk harrohen"},"content":{"rendered":"<p>Prishtin\u00eb 13 Mars 2026 15:32<\/p>\n<p>Kryeministri Albin Kurti, ka nderuar viktimat e masakr\u00ebs n\u00eb Tregun e Gjelb\u00ebr n\u00eb Mitrovic\u00eb, aty ku m\u00eb 13 mars 1999 mbet\u00ebn t\u00eb vrar\u00eb shtat\u00eb civil\u00eb, nd\u00ebrsa 128 t\u00eb tjer\u00eb u plagos\u00ebn.<\/p>\n<p>P\u00ebrmes nj\u00eb postimi n\u00eb facebook, shefi i qeveris\u00eb tha se ky sulm ishte pjes\u00eb e strategjis\u00eb s\u00eb q\u00ebllimshme t\u00eb terrorit ndaj popullat\u00ebs civile shqiptare, nj\u00eb politik\u00eb dhune dhe gjenocidi q\u00eb Serbia e zbatoi n\u00eb Kosov\u00eb.<\/p>\n<p>\u201cMasakra n\u00eb Tregun e Gjelb\u00ebr, sikurse masakra n\u00eb tregun Markale n\u00eb Sarajev\u00eb, gjat\u00eb luft\u00ebs n\u00eb Bosnje dhe Hercegovin\u00eb, jan\u00eb krime q\u00eb d\u00ebshmojn\u00eb nj\u00eb model brutal t\u00eb dhun\u00ebs shtet\u00ebrore t\u00eb Serbis\u00eb ndaj civil\u00ebve t\u00eb pafajsh\u00ebm\u201d, ka shkruar ai.<\/p>\n<p>Pos tjerash, Kurti tha se sot, n\u00eb k\u00ebt\u00eb dit\u00eb p\u00ebrkujtimi, nderohen jet\u00ebt e humbura, q\u00ebndrohet pran\u00eb familjeve t\u00eb viktimave dhe t\u00eb gjith\u00eb t\u00eb plagosurve, dhe ritheksohet se krimet e kryera nga Serbia nuk mund t\u00eb harrohen dhe as t\u00eb ngelen pa drejt\u00ebsi.<\/p>\n<p>\u201cRepublika e Kosov\u00ebs \u00ebsht\u00eb e p\u00ebrkushtuar q\u00eb kujtesa p\u00ebr viktimat t\u00eb ruhet me dinjitet, nd\u00ebrsa drejt\u00ebsia p\u00ebr krimet e luft\u00ebs mbetet detyrim moral dhe historik ndaj familjeve t\u00eb tyre dhe ndaj brezave q\u00eb do t\u00eb vijn\u00eb. Lavdi dhe kujtim i p\u00ebrjetsh\u00ebm p\u00ebr viktimat e Masakr\u00ebs n\u00eb Tregun e Gjelb\u00ebr n\u00eb Mitrovic\u00eb!\u201d.<\/p>\n","protected":false},"excerpt":{"rendered":"<p>Prishtin\u00eb 13 Mars 2026 15:32 Kryeministri Albin Kurti, ka nderuar viktimat e masakr\u00ebs n\u00eb Tregun e Gjelb\u00ebr n\u00eb Mitrovic\u00eb, aty ku m\u00eb 13 mars 1999<\/p>\n","protected":false},"author":6,"featured_media":37585,"comment_status":"open","ping_status":"open","sticky":false,"template":"","format":"standard","meta":{"footnotes":""},"categories":[60],"tags":[],"class_list":["post-37582","post","type-post","status-publish","format-standard","has-post-thumbnail","hentry","category-shoqerore-sq"],"yoast_head":"<!-- This site is optimized with the Yoast SEO plugin v25.3.1 - https:\/\/yoast.com\/wordpress\/plugins\/seo\/ -->\n<title>Kurti kujton Masakr\u00ebn n\u00eb Tregun e Mitrovic\u00ebs: Krimet e Serbis\u00eb nuk harrohen -<\/title>\n<meta name=\"robots\" content=\"index, follow, max-snippet:-1, max-image-preview:large, max-video-preview:-1\" \/>\n<link rel=\"canonical\" href=\"https:\/\/veritasinfo.org\/?p=37582\" \/>\n<meta property=\"og:locale\" content=\"en_US\" \/>\n<meta property=\"og:type\" content=\"article\" \/>\n<meta property=\"og:title\" content=\"Kurti kujton Masakr\u00ebn n\u00eb Tregun e Mitrovic\u00ebs: Krimet e Serbis\u00eb nuk harrohen -\" \/>\n<meta property=\"og:description\" content=\"Prishtin\u00eb 13 Mars 2026 15:32 Kryeministri Albin Kurti, ka nderuar viktimat e masakr\u00ebs n\u00eb Tregun e Gjelb\u00ebr n\u00eb Mitrovic\u00eb, aty ku m\u00eb 13 mars 1999\" \/>\n<meta property=\"og:url\" content=\"https:\/\/veritasinfo.org\/?p=37582\" \/>\n<meta property=\"article:published_time\" content=\"2026-03-13T14:33:36+00:00\" \/>\n<meta property=\"og:image\" content=\"https:\/\/veritasinfo.org\/wp-content\/uploads\/2026\/03\/Foto-nga-Albin-Kurti-1536x1023-1.jpg\" \/>\n\t<meta property=\"og:image:width\" content=\"1536\" \/>\n\t<meta property=\"og:image:height\" content=\"1023\" \/>\n\t<meta property=\"og:image:type\" content=\"image\/jpeg\" \/>\n<meta name=\"author\" content=\"US5\" \/>\n<meta name=\"twitter:card\" content=\"summary_large_image\" \/>\n<meta name=\"twitter:label1\" content=\"Written by\" \/>\n\t<meta name=\"twitter:data1\" content=\"US5\" \/>\n\t<meta name=\"twitter:label2\" content=\"Est. reading time\" \/>\n\t<meta name=\"twitter:data2\" content=\"1 minute\" \/>\n<script type=\"application\/ld+json\" class=\"yoast-schema-graph\">{\"@context\":\"https:\/\/schema.org\",\"@graph\":[{\"@type\":\"WebPage\",\"@id\":\"https:\/\/veritasinfo.org\/?p=37582\",\"url\":\"https:\/\/veritasinfo.org\/?p=37582\",\"name\":\"Kurti kujton Masakr\u00ebn n\u00eb Tregun e Mitrovic\u00ebs: Krimet e Serbis\u00eb nuk harrohen -\",\"isPartOf\":{\"@id\":\"https:\/\/veritasinfo.org\/#website\"},\"primaryImageOfPage\":{\"@id\":\"https:\/\/veritasinfo.org\/?p=37582#primaryimage\"},\"image\":{\"@id\":\"https:\/\/veritasinfo.org\/?p=37582#primaryimage\"},\"thumbnailUrl\":\"https:\/\/veritasinfo.org\/wp-content\/uploads\/2026\/03\/Foto-nga-Albin-Kurti-1536x1023-1.jpg\",\"datePublished\":\"2026-03-13T14:33:36+00:00\",\"author\":{\"@id\":\"https:\/\/veritasinfo.org\/#\/schema\/person\/bc442336e35414d04494ab8fb45db4c6\"},\"breadcrumb\":{\"@id\":\"https:\/\/veritasinfo.org\/?p=37582#breadcrumb\"},\"inLanguage\":\"en-US\",\"potentialAction\":[{\"@type\":\"ReadAction\",\"target\":[\"https:\/\/veritasinfo.org\/?p=37582\"]}]},{\"@type\":\"ImageObject\",\"inLanguage\":\"en-US\",\"@id\":\"https:\/\/veritasinfo.org\/?p=37582#primaryimage\",\"url\":\"https:\/\/veritasinfo.org\/wp-content\/uploads\/2026\/03\/Foto-nga-Albin-Kurti-1536x1023-1.jpg\",\"contentUrl\":\"https:\/\/veritasinfo.org\/wp-content\/uploads\/2026\/03\/Foto-nga-Albin-Kurti-1536x1023-1.jpg\",\"width\":1536,\"height\":1023},{\"@type\":\"BreadcrumbList\",\"@id\":\"https:\/\/veritasinfo.org\/?p=37582#breadcrumb\",\"itemListElement\":[{\"@type\":\"ListItem\",\"position\":1,\"name\":\"Home\",\"item\":\"https:\/\/veritasinfo.org\/\"},{\"@type\":\"ListItem\",\"position\":2,\"name\":\"Kurti kujton Masakr\u00ebn n\u00eb Tregun e Mitrovic\u00ebs: Krimet e Serbis\u00eb nuk harrohen\"}]},{\"@type\":\"WebSite\",\"@id\":\"https:\/\/veritasinfo.org\/#website\",\"url\":\"https:\/\/veritasinfo.org\/\",\"name\":\"\",\"description\":\"\",\"potentialAction\":[{\"@type\":\"SearchAction\",\"target\":{\"@type\":\"EntryPoint\",\"urlTemplate\":\"https:\/\/veritasinfo.org\/?s={search_term_string}\"},\"query-input\":{\"@type\":\"PropertyValueSpecification\",\"valueRequired\":true,\"valueName\":\"search_term_string\"}}],\"inLanguage\":\"en-US\"},{\"@type\":\"Person\",\"@id\":\"https:\/\/veritasinfo.org\/#\/schema\/person\/bc442336e35414d04494ab8fb45db4c6\",\"name\":\"US5\",\"image\":{\"@type\":\"ImageObject\",\"inLanguage\":\"en-US\",\"@id\":\"https:\/\/veritasinfo.org\/#\/schema\/person\/image\/\",\"url\":\"https:\/\/secure.gravatar.com\/avatar\/16a61e7272a0c5d001121ebb9e60e925d5816e4ac1e443ed3e640d9a6ae55d0c?s=96&d=mm&r=g\",\"contentUrl\":\"https:\/\/secure.gravatar.com\/avatar\/16a61e7272a0c5d001121ebb9e60e925d5816e4ac1e443ed3e640d9a6ae55d0c?s=96&d=mm&r=g\",\"caption\":\"US5\"},\"url\":\"https:\/\/veritasinfo.org\/?author=6\"}]}<\/script>\n<!-- \/ Yoast SEO plugin. -->","yoast_head_json":{"title":"Kurti kujton Masakr\u00ebn n\u00eb Tregun e Mitrovic\u00ebs: Krimet e Serbis\u00eb nuk harrohen -","robots":{"index":"index","follow":"follow","max-snippet":"max-snippet:-1","max-image-preview":"max-image-preview:large","max-video-preview":"max-video-preview:-1"},"canonical":"https:\/\/veritasinfo.org\/?p=37582","og_locale":"en_US","og_type":"article","og_title":"Kurti kujton Masakr\u00ebn n\u00eb Tregun e Mitrovic\u00ebs: Krimet e Serbis\u00eb nuk harrohen -","og_description":"Prishtin\u00eb 13 Mars 2026 15:32 Kryeministri Albin Kurti, ka nderuar viktimat e masakr\u00ebs n\u00eb Tregun e Gjelb\u00ebr n\u00eb Mitrovic\u00eb, aty ku m\u00eb 13 mars 1999","og_url":"https:\/\/veritasinfo.org\/?p=37582","article_published_time":"2026-03-13T14:33:36+00:00","og_image":[{"width":1536,"height":1023,"url":"https:\/\/veritasinfo.org\/wp-content\/uploads\/2026\/03\/Foto-nga-Albin-Kurti-1536x1023-1.jpg","type":"image\/jpeg"}],"author":"US5","twitter_card":"summary_large_image","twitter_misc":{"Written by":"US5","Est. reading time":"1 minute"},"schema":{"@context":"https:\/\/schema.org","@graph":[{"@type":"WebPage","@id":"https:\/\/veritasinfo.org\/?p=37582","url":"https:\/\/veritasinfo.org\/?p=37582","name":"Kurti kujton Masakr\u00ebn n\u00eb Tregun e Mitrovic\u00ebs: Krimet e Serbis\u00eb nuk harrohen -","isPartOf":{"@id":"https:\/\/veritasinfo.org\/#website"},"primaryImageOfPage":{"@id":"https:\/\/veritasinfo.org\/?p=37582#primaryimage"},"image":{"@id":"https:\/\/veritasinfo.org\/?p=37582#primaryimage"},"thumbnailUrl":"https:\/\/veritasinfo.org\/wp-content\/uploads\/2026\/03\/Foto-nga-Albin-Kurti-1536x1023-1.jpg","datePublished":"2026-03-13T14:33:36+00:00","author":{"@id":"https:\/\/veritasinfo.org\/#\/schema\/person\/bc442336e35414d04494ab8fb45db4c6"},"breadcrumb":{"@id":"https:\/\/veritasinfo.org\/?p=37582#breadcrumb"},"inLanguage":"en-US","potentialAction":[{"@type":"ReadAction","target":["https:\/\/veritasinfo.org\/?p=37582"]}]},{"@type":"ImageObject","inLanguage":"en-US","@id":"https:\/\/veritasinfo.org\/?p=37582#primaryimage","url":"https:\/\/veritasinfo.org\/wp-content\/uploads\/2026\/03\/Foto-nga-Albin-Kurti-1536x1023-1.jpg","contentUrl":"https:\/\/veritasinfo.org\/wp-content\/uploads\/2026\/03\/Foto-nga-Albin-Kurti-1536x1023-1.jpg","width":1536,"height":1023},{"@type":"BreadcrumbList","@id":"https:\/\/veritasinfo.org\/?p=37582#breadcrumb","itemListElement":[{"@type":"ListItem","position":1,"name":"Home","item":"https:\/\/veritasinfo.org\/"},{"@type":"ListItem","position":2,"name":"Kurti kujton Masakr\u00ebn n\u00eb Tregun e Mitrovic\u00ebs: Krimet e Serbis\u00eb nuk harrohen"}]},{"@type":"WebSite","@id":"https:\/\/veritasinfo.org\/#website","url":"https:\/\/veritasinfo.org\/","name":"","description":"","potentialAction":[{"@type":"SearchAction","target":{"@type":"EntryPoint","urlTemplate":"https:\/\/veritasinfo.org\/?s={search_term_string}"},"query-input":{"@type":"PropertyValueSpecification","valueRequired":true,"valueName":"search_term_string"}}],"inLanguage":"en-US"},{"@type":"Person","@id":"https:\/\/veritasinfo.org\/#\/schema\/person\/bc442336e35414d04494ab8fb45db4c6","name":"US5","image":{"@type":"ImageObject","inLanguage":"en-US","@id":"https:\/\/veritasinfo.org\/#\/schema\/person\/image\/","url":"https:\/\/secure.gravatar.com\/avatar\/16a61e7272a0c5d001121ebb9e60e925d5816e4ac1e443ed3e640d9a6ae55d0c?s=96&d=mm&r=g","contentUrl":"https:\/\/secure.gravatar.com\/avatar\/16a61e7272a0c5d001121ebb9e60e925d5816e4ac1e443ed3e640d9a6ae55d0c?s=96&d=mm&r=g","caption":"US5"},"url":"https:\/\/veritasinfo.org\/?author=6"}]}},"featured_image_urls":{"full":["https:\/\/veritasinfo.org\/wp-content\/uploads\/2026\/03\/Foto-nga-Albin-Kurti-1536x1023-1.jpg",1536,1023,false],"thumbnail":["https:\/\/veritasinfo.org\/wp-content\/uploads\/2026\/03\/Foto-nga-Albin-Kurti-1536x1023-1-150x150.jpg",150,150,true],"medium":["https:\/\/veritasinfo.org\/wp-content\/uploads\/2026\/03\/Foto-nga-Albin-Kurti-1536x1023-1-300x200.jpg",300,200,true],"medium_large":["https:\/\/veritasinfo.org\/wp-content\/uploads\/2026\/03\/Foto-nga-Albin-Kurti-1536x1023-1-768x512.jpg",640,427,true],"large":["https:\/\/veritasinfo.org\/wp-content\/uploads\/2026\/03\/Foto-nga-Albin-Kurti-1536x1023-1-1024x682.jpg",640,426,true],"1536x1536":["https:\/\/veritasinfo.org\/wp-content\/uploads\/2026\/03\/Foto-nga-Albin-Kurti-1536x1023-1.jpg",1536,1023,false],"2048x2048":["https:\/\/veritasinfo.org\/wp-content\/uploads\/2026\/03\/Foto-nga-Albin-Kurti-1536x1023-1.jpg",1536,1023,false],"kreeti-slider-full":["https:\/\/veritasinfo.org\/wp-content\/uploads\/2026\/03\/Foto-nga-Albin-Kurti-1536x1023-1.jpg",1081,720,false],"kreeti-featured":["https:\/\/veritasinfo.org\/wp-content\/uploads\/2026\/03\/Foto-nga-Albin-Kurti-1536x1023-1.jpg",1024,682,false],"kreeti-medium":["https:\/\/veritasinfo.org\/wp-content\/uploads\/2026\/03\/Foto-nga-Albin-Kurti-1536x1023-1.jpg",720,480,false],"kreeti-medium-square":["https:\/\/veritasinfo.org\/wp-content\/uploads\/2026\/03\/Foto-nga-Albin-Kurti-1536x1023-1.jpg",350,233,false]},"author_info":{"info":["US5"]},"category_info":"<a href=\"https:\/\/veritasinfo.org\/?cat=60\" rel=\"category\">Shoq\u00ebrore<\/a>","tag_info":"Shoq\u00ebrore","comment_count":"0","_links":{"self":[{"href":"https:\/\/veritasinfo.org\/index.php?rest_route=\/wp\/v2\/posts\/37582","targetHints":{"allow":["GET"]}}],"collection":[{"href":"https:\/\/veritasinfo.org\/index.php?rest_route=\/wp\/v2\/posts"}],"about":[{"href":"https:\/\/veritasinfo.org\/index.php?rest_route=\/wp\/v2\/types\/post"}],"author":[{"embeddable":true,"href":"https:\/\/veritasinfo.org\/index.php?rest_route=\/wp\/v2\/users\/6"}],"replies":[{"embeddable":true,"href":"https:\/\/veritasinfo.org\/index.php?rest_route=%2Fwp%2Fv2%2Fcomments&post=37582"}],"version-history":[{"count":1,"href":"https:\/\/veritasinfo.org\/index.php?rest_route=\/wp\/v2\/posts\/37582\/revisions"}],"predecessor-version":[{"id":37586,"href":"https:\/\/veritasinfo.org\/index.php?rest_route=\/wp\/v2\/posts\/37582\/revisions\/37586"}],"wp:featuredmedia":[{"embeddable":true,"href":"https:\/\/veritasinfo.org\/index.php?rest_route=\/wp\/v2\/media\/37585"}],"wp:attachment":[{"href":"https:\/\/veritasinfo.org\/index.php?rest_route=%2Fwp%2Fv2%2Fmedia&parent=37582"}],"wp:term":[{"taxonomy":"category","embeddable":true,"href":"https:\/\/veritasinfo.org\/index.php?rest_route=%2Fwp%2Fv2%2Fcategories&post=37582"},{"taxonomy":"post_tag","embeddable":true,"href":"https:\/\/veritasinfo.org\/index.php?rest_route=%2Fwp%2Fv2%2Ftags&post=37582"}],"curies":[{"name":"wp","href":"https:\/\/api.w.org\/{rel}","templated":true}]}}