{"id":37575,"date":"2026-03-13T15:05:32","date_gmt":"2026-03-13T14:05:32","guid":{"rendered":"https:\/\/veritasinfo.org\/?p=37575"},"modified":"2026-03-13T15:05:32","modified_gmt":"2026-03-13T14:05:32","slug":"kurti-e-vitia-perurojne-hapesirat-e-renovuara-ne-institutin-e-anatomise-patologjike-investim-650-mije-euro","status":"publish","type":"post","link":"https:\/\/veritasinfo.org\/?p=37575","title":{"rendered":"Kurti e Vitia p\u00ebrurojn\u00eb hap\u00ebsirat e renovuara n\u00eb Institutin e Anatomis\u00eb Patologjike, investim 650 mij\u00eb euro"},"content":{"rendered":"<p>Prishtin\u00eb 13 Mars 2026 14:36<\/p>\n<p>Kryeministri i Kosov\u00ebs, Albin Kurti, s\u00eb bashku me ministrin e Sh\u00ebndet\u00ebsis\u00eb, Arben Vitia, kan\u00eb marr\u00eb pjes\u00eb n\u00eb p\u00ebrurimin e hap\u00ebsirave t\u00eb renovuara n\u00eb Institutin e Anatomis\u00eb Patologjike, investim n\u00eb vler\u00eb prej 650 mij\u00eb eurosh q\u00eb ka p\u00ebrfshir\u00eb rinovimin e plot\u00eb t\u00eb katit t\u00eb par\u00eb t\u00eb instituteve paraklinike n\u00eb nj\u00eb sip\u00ebrfaqe prej 976 metrash katror\u00eb, raporton Ekonomia Online.<\/p>\n<p>Kurti tha se transformimi ka qen\u00eb rr\u00ebnj\u00ebsor, duke theksuar se jan\u00eb ruajtur vet\u00ebm muret mbajt\u00ebse dhe pllakat e meskatit, nd\u00ebrsa pjesa tjet\u00ebr \u00ebsht\u00eb rind\u00ebrtuar dhe pajisur nga e para.<\/p>\n<p>\u201c650 mij\u00eb euro \u00ebsht\u00eb shuma e gjithmbarshme e k\u00ebtij investimi p\u00ebr rinovimin e plot\u00eb t\u00eb katit t\u00eb par\u00eb t\u00eb instituteve paraklinike n\u00eb nj\u00eb sip\u00ebrfaqe t\u00eb gjithmbarshme prej af\u00ebr 1000 metra katror, apo sakt\u00ebsisht 976 metra katror. Transformimi \u00ebsht\u00eb rr\u00ebnj\u00ebsor me \u00e7\u2019rast jan\u00eb ruajtur vet\u00ebm muret mbajt\u00ebse dhe pllakat e meskatit, nd\u00ebrsa t\u00eb gjitha hap\u00ebsirat e tjera jan\u00eb rind\u00ebrtuar dhe jan\u00eb pajisur nga e para\u201d, tha ai.<\/p>\n<p>Ai shtoi se n\u00eb kuad\u00ebr t\u00eb projektit jan\u00eb zgjeruar dhe pajisur me inventar bashk\u00ebkohor laboratori i imunohistokimis\u00eb dhe laboratori i patologjis\u00eb molekulare, jan\u00eb riorganizuar dhomat e patolog\u00ebve dhe jan\u00eb funksionalizuar hap\u00ebsirat p\u00ebrcjell\u00ebse p\u00ebr pun\u00ebn e p\u00ebrditshme.<\/p>\n<p>\u201cN\u00eb kuad\u00ebr t\u00eb k\u00ebtij projekti jan\u00eb zgjeruar dhe pajisur me inventar bashk\u00ebkohor dy laboratore.<\/p>\n<p>Laboratori i imunohistokimis\u00eb dhe laboratori i patologjis\u00eb molekulare. Pastaj jan\u00eb riorganizuar dhomat e patolog\u00ebve p\u00ebr m\u00eb shum\u00eb specialist\u00eb, si dhe jan\u00eb funksionalizuar hap\u00ebsirat p\u00ebrcjell\u00ebse p\u00ebr pun\u00ebn e p\u00ebrditshme. Nj\u00ebkoh\u00ebsisht jan\u00eb rregulluar edhe hap\u00ebsirat p\u00ebr marrjen e mostrave, sporteli n\u00eb korridor, dhoma e roj\u00ebs si dhe jan\u00eb rinovuar sallat e student\u00ebve dhe zyrat e profesor\u00ebve t\u00eb patologjis\u00eb. Transformimi klinik\u00eb pas klinike, institut pas instituti do t\u00eb vazhdoj\u00eb deri n\u00eb ndryshimin rr\u00ebnj\u00ebsor e cil\u00ebsor t\u00eb sh\u00ebndetit e t\u00eb sh\u00ebndet\u00ebsis\u00eb son\u00eb publike\u201d, tha ai.<\/p>\n<p>Drejtoresha e Institutit, Merita Hashani, deklaroi se investimi do t\u00eb ndikoj\u00eb drejtp\u00ebrdrejt n\u00eb rritjen e cil\u00ebsis\u00eb s\u00eb sh\u00ebrbimeve.<\/p>\n<p>\u201cKy transformim ka krijuar kushte t\u00eb reja t\u00eb pun\u00ebs, do t\u00eb rris\u00eb k\u00ebshtu cil\u00ebsin\u00eb e sh\u00ebrbimeve sh\u00ebndet\u00ebsore n\u00eb Institutin e Patologjis\u00eb, dhe n\u00eb k\u00ebt\u00eb m\u00ebnyr\u00eb  ky investim do t\u00eb ndihmoj\u00eb dhe do t\u00eb ndikoj\u00eb direkt n\u00eb mir\u00ebqenien e qytetar\u00ebve. Instituti i Anatomis\u00eb Patologjike \u00ebsht\u00eb institut referent n\u00eb nivel t\u00eb Kosov\u00ebs. K\u00ebtu pranohen mostrat nga QKUK-ja dhe nga pothuajse t\u00eb gjitha spitalet rajonale. N\u00eb k\u00ebt\u00eb institut kryhen biopsit\u00eb, citologjit\u00eb dhe autopsit\u00eb p\u00ebr t\u00eb gjitha k\u00ebto nivele, nd\u00ebrsa numri i teknikave t\u00eb cilat i p\u00ebrdorim jan\u00eb teknika t\u00eb avancuara, dhe do t\u00eb shkojm\u00eb tutje edhe n\u00eb avancimin e teknikave m\u00eb moderne duke iu fal\u00ebnderuar shkenc\u00ebs dhe teknologjis\u00eb. Pra do t\u00eb shkojm\u00eb tutje q\u00eb t\u00eb rrisim gam\u00ebn e sh\u00ebrbimeve duke filluar fillimisht me sh\u00ebrbimin e nefropatologjis\u00eb, t\u00eb cilin insistojm\u00eb dhe synojm\u00eb ta hapim s\u00eb shpejti si sh\u00ebrbim, e pastaj edhe sh\u00ebrbimin e patologjis\u00eb molekulare dhe sh\u00ebrbime t\u00eb tjera t\u00eb cilat jan\u00eb t\u00eb nevojshme p\u00ebr pacientin ton\u00eb, duke ndikuar k\u00ebshtu n\u00eb rritjen e sh\u00ebrbimeve sh\u00ebndet\u00ebsore n\u00eb institucionet sh\u00ebndet\u00ebsore\u201d, tha ajo.<\/p>\n<p>Ministri Vitia theksoi r\u00ebnd\u00ebsin\u00eb e institutit p\u00ebr trajtimin e pacient\u00ebve, ve\u00e7an\u00ebrisht atyre onkologjik\u00eb.<\/p>\n<p>\u201cNj\u00eb institut me r\u00ebnd\u00ebsi t\u00eb jasht\u00ebzakonshme sepse puna n\u00eb k\u00ebt\u00eb institut tregon edhe p\u00ebr klinicist\u00ebt e sidomos p\u00ebr klinik\u00ebn e onkologjis\u00eb shum\u00eb, n\u00eb m\u00ebnyr\u00eb q\u00eb pacient\u00ebt t\u00eb trajtohen n\u00eb m\u00ebnyr\u00ebn m\u00eb t\u00eb mir\u00eb dhe m\u00eb t\u00eb shpejt\u00eb t\u00eb mundshme. Ashtu si\u00e7 tha edhe drejtoresha, jemi duke punuar q\u00eb sa m\u00eb shpejt t\u00eb aktivizohet edhe patologjia molekulare n\u00eb m\u00ebnyr\u00eb q\u00eb t\u00eb na ndihmoj\u00eb p\u00ebr pacient\u00ebt onkologjik\u00eb edhe me terapi target, n\u00eb m\u00ebnyr\u00eb q\u00eb pacient\u00ebt edhe t\u00eb marrin terapin\u00eb m\u00eb t\u00eb mir\u00eb, po edhe mos t\u00eb shpenzohet p\u00ebr pacient\u00ebt te t\u00eb cil\u00ebt terapia mund edhe mos t\u00eb ket\u00eb efekt. N\u00eb an\u00ebn tjet\u00ebr ky vit do t\u00eb jet\u00eb vit i diagnostik\u00ebs, do t\u00eb investohet n\u00eb t\u00eb gjitha laboratoret pa dallim duke filluar me teknologjit\u00eb e reja, me digjitalizim t\u00eb laborator\u00ebve dhe natyrisht kjo \u00ebsht\u00eb nj\u00eb ndihm\u00eb jasht\u00ebzakonisht e madhe p\u00ebr t\u00eb gjith\u00eb klinicist\u00ebt, e sidomos p\u00ebr pacient\u00ebt t\u00eb cil\u00ebt do t\u00eb ken\u00eb mund\u00ebsi q\u00eb t\u00eb diagnostikohen n\u00eb m\u00ebnyr\u00eb t\u00eb sakt\u00eb\u201d, tha ai.<\/p>\n","protected":false},"excerpt":{"rendered":"<p>Prishtin\u00eb 13 Mars 2026 14:36 Kryeministri i Kosov\u00ebs, Albin Kurti, s\u00eb bashku me ministrin e Sh\u00ebndet\u00ebsis\u00eb, Arben Vitia, kan\u00eb marr\u00eb pjes\u00eb n\u00eb p\u00ebrurimin e hap\u00ebsirave<\/p>\n","protected":false},"author":6,"featured_media":37576,"comment_status":"open","ping_status":"open","sticky":false,"template":"","format":"standard","meta":{"footnotes":""},"categories":[60],"tags":[],"class_list":["post-37575","post","type-post","status-publish","format-standard","has-post-thumbnail","hentry","category-shoqerore-sq"],"yoast_head":"<!-- This site is optimized with the Yoast SEO plugin v25.3.1 - https:\/\/yoast.com\/wordpress\/plugins\/seo\/ -->\n<title>Kurti e Vitia p\u00ebrurojn\u00eb hap\u00ebsirat e renovuara n\u00eb Institutin e Anatomis\u00eb Patologjike, investim 650 mij\u00eb euro -<\/title>\n<meta name=\"robots\" content=\"index, follow, max-snippet:-1, max-image-preview:large, max-video-preview:-1\" \/>\n<link rel=\"canonical\" href=\"https:\/\/veritasinfo.org\/?p=37575\" \/>\n<meta property=\"og:locale\" content=\"en_US\" \/>\n<meta property=\"og:type\" content=\"article\" \/>\n<meta property=\"og:title\" content=\"Kurti e Vitia p\u00ebrurojn\u00eb hap\u00ebsirat e renovuara n\u00eb Institutin e Anatomis\u00eb Patologjike, investim 650 mij\u00eb euro -\" \/>\n<meta property=\"og:description\" content=\"Prishtin\u00eb 13 Mars 2026 14:36 Kryeministri i Kosov\u00ebs, Albin Kurti, s\u00eb bashku me ministrin e Sh\u00ebndet\u00ebsis\u00eb, Arben Vitia, kan\u00eb marr\u00eb pjes\u00eb n\u00eb p\u00ebrurimin e hap\u00ebsirave\" \/>\n<meta property=\"og:url\" content=\"https:\/\/veritasinfo.org\/?p=37575\" \/>\n<meta property=\"article:published_time\" content=\"2026-03-13T14:05:32+00:00\" \/>\n<meta property=\"og:image\" content=\"https:\/\/veritasinfo.org\/wp-content\/uploads\/2026\/03\/albin-kurti-ne-qkukkk.jpg\" \/>\n\t<meta property=\"og:image:width\" content=\"850\" \/>\n\t<meta property=\"og:image:height\" content=\"638\" \/>\n\t<meta property=\"og:image:type\" content=\"image\/jpeg\" \/>\n<meta name=\"author\" content=\"US5\" \/>\n<meta name=\"twitter:card\" content=\"summary_large_image\" \/>\n<meta name=\"twitter:label1\" content=\"Written by\" \/>\n\t<meta name=\"twitter:data1\" content=\"US5\" \/>\n\t<meta name=\"twitter:label2\" content=\"Est. reading time\" \/>\n\t<meta name=\"twitter:data2\" content=\"4 minutes\" \/>\n<script type=\"application\/ld+json\" class=\"yoast-schema-graph\">{\"@context\":\"https:\/\/schema.org\",\"@graph\":[{\"@type\":\"WebPage\",\"@id\":\"https:\/\/veritasinfo.org\/?p=37575\",\"url\":\"https:\/\/veritasinfo.org\/?p=37575\",\"name\":\"Kurti e Vitia p\u00ebrurojn\u00eb hap\u00ebsirat e renovuara n\u00eb Institutin e Anatomis\u00eb Patologjike, investim 650 mij\u00eb euro -\",\"isPartOf\":{\"@id\":\"https:\/\/veritasinfo.org\/#website\"},\"primaryImageOfPage\":{\"@id\":\"https:\/\/veritasinfo.org\/?p=37575#primaryimage\"},\"image\":{\"@id\":\"https:\/\/veritasinfo.org\/?p=37575#primaryimage\"},\"thumbnailUrl\":\"https:\/\/veritasinfo.org\/wp-content\/uploads\/2026\/03\/albin-kurti-ne-qkukkk.jpg\",\"datePublished\":\"2026-03-13T14:05:32+00:00\",\"author\":{\"@id\":\"https:\/\/veritasinfo.org\/#\/schema\/person\/bc442336e35414d04494ab8fb45db4c6\"},\"breadcrumb\":{\"@id\":\"https:\/\/veritasinfo.org\/?p=37575#breadcrumb\"},\"inLanguage\":\"en-US\",\"potentialAction\":[{\"@type\":\"ReadAction\",\"target\":[\"https:\/\/veritasinfo.org\/?p=37575\"]}]},{\"@type\":\"ImageObject\",\"inLanguage\":\"en-US\",\"@id\":\"https:\/\/veritasinfo.org\/?p=37575#primaryimage\",\"url\":\"https:\/\/veritasinfo.org\/wp-content\/uploads\/2026\/03\/albin-kurti-ne-qkukkk.jpg\",\"contentUrl\":\"https:\/\/veritasinfo.org\/wp-content\/uploads\/2026\/03\/albin-kurti-ne-qkukkk.jpg\",\"width\":850,\"height\":638},{\"@type\":\"BreadcrumbList\",\"@id\":\"https:\/\/veritasinfo.org\/?p=37575#breadcrumb\",\"itemListElement\":[{\"@type\":\"ListItem\",\"position\":1,\"name\":\"Home\",\"item\":\"https:\/\/veritasinfo.org\/\"},{\"@type\":\"ListItem\",\"position\":2,\"name\":\"Kurti e Vitia p\u00ebrurojn\u00eb hap\u00ebsirat e renovuara n\u00eb Institutin e Anatomis\u00eb Patologjike, investim 650 mij\u00eb euro\"}]},{\"@type\":\"WebSite\",\"@id\":\"https:\/\/veritasinfo.org\/#website\",\"url\":\"https:\/\/veritasinfo.org\/\",\"name\":\"\",\"description\":\"\",\"potentialAction\":[{\"@type\":\"SearchAction\",\"target\":{\"@type\":\"EntryPoint\",\"urlTemplate\":\"https:\/\/veritasinfo.org\/?s={search_term_string}\"},\"query-input\":{\"@type\":\"PropertyValueSpecification\",\"valueRequired\":true,\"valueName\":\"search_term_string\"}}],\"inLanguage\":\"en-US\"},{\"@type\":\"Person\",\"@id\":\"https:\/\/veritasinfo.org\/#\/schema\/person\/bc442336e35414d04494ab8fb45db4c6\",\"name\":\"US5\",\"image\":{\"@type\":\"ImageObject\",\"inLanguage\":\"en-US\",\"@id\":\"https:\/\/veritasinfo.org\/#\/schema\/person\/image\/\",\"url\":\"https:\/\/secure.gravatar.com\/avatar\/16a61e7272a0c5d001121ebb9e60e925d5816e4ac1e443ed3e640d9a6ae55d0c?s=96&d=mm&r=g\",\"contentUrl\":\"https:\/\/secure.gravatar.com\/avatar\/16a61e7272a0c5d001121ebb9e60e925d5816e4ac1e443ed3e640d9a6ae55d0c?s=96&d=mm&r=g\",\"caption\":\"US5\"},\"url\":\"https:\/\/veritasinfo.org\/?author=6\"}]}<\/script>\n<!-- \/ Yoast SEO plugin. -->","yoast_head_json":{"title":"Kurti e Vitia p\u00ebrurojn\u00eb hap\u00ebsirat e renovuara n\u00eb Institutin e Anatomis\u00eb Patologjike, investim 650 mij\u00eb euro -","robots":{"index":"index","follow":"follow","max-snippet":"max-snippet:-1","max-image-preview":"max-image-preview:large","max-video-preview":"max-video-preview:-1"},"canonical":"https:\/\/veritasinfo.org\/?p=37575","og_locale":"en_US","og_type":"article","og_title":"Kurti e Vitia p\u00ebrurojn\u00eb hap\u00ebsirat e renovuara n\u00eb Institutin e Anatomis\u00eb Patologjike, investim 650 mij\u00eb euro -","og_description":"Prishtin\u00eb 13 Mars 2026 14:36 Kryeministri i Kosov\u00ebs, Albin Kurti, s\u00eb bashku me ministrin e Sh\u00ebndet\u00ebsis\u00eb, Arben Vitia, kan\u00eb marr\u00eb pjes\u00eb n\u00eb p\u00ebrurimin e hap\u00ebsirave","og_url":"https:\/\/veritasinfo.org\/?p=37575","article_published_time":"2026-03-13T14:05:32+00:00","og_image":[{"width":850,"height":638,"url":"https:\/\/veritasinfo.org\/wp-content\/uploads\/2026\/03\/albin-kurti-ne-qkukkk.jpg","type":"image\/jpeg"}],"author":"US5","twitter_card":"summary_large_image","twitter_misc":{"Written by":"US5","Est. reading time":"4 minutes"},"schema":{"@context":"https:\/\/schema.org","@graph":[{"@type":"WebPage","@id":"https:\/\/veritasinfo.org\/?p=37575","url":"https:\/\/veritasinfo.org\/?p=37575","name":"Kurti e Vitia p\u00ebrurojn\u00eb hap\u00ebsirat e renovuara n\u00eb Institutin e Anatomis\u00eb Patologjike, investim 650 mij\u00eb euro -","isPartOf":{"@id":"https:\/\/veritasinfo.org\/#website"},"primaryImageOfPage":{"@id":"https:\/\/veritasinfo.org\/?p=37575#primaryimage"},"image":{"@id":"https:\/\/veritasinfo.org\/?p=37575#primaryimage"},"thumbnailUrl":"https:\/\/veritasinfo.org\/wp-content\/uploads\/2026\/03\/albin-kurti-ne-qkukkk.jpg","datePublished":"2026-03-13T14:05:32+00:00","author":{"@id":"https:\/\/veritasinfo.org\/#\/schema\/person\/bc442336e35414d04494ab8fb45db4c6"},"breadcrumb":{"@id":"https:\/\/veritasinfo.org\/?p=37575#breadcrumb"},"inLanguage":"en-US","potentialAction":[{"@type":"ReadAction","target":["https:\/\/veritasinfo.org\/?p=37575"]}]},{"@type":"ImageObject","inLanguage":"en-US","@id":"https:\/\/veritasinfo.org\/?p=37575#primaryimage","url":"https:\/\/veritasinfo.org\/wp-content\/uploads\/2026\/03\/albin-kurti-ne-qkukkk.jpg","contentUrl":"https:\/\/veritasinfo.org\/wp-content\/uploads\/2026\/03\/albin-kurti-ne-qkukkk.jpg","width":850,"height":638},{"@type":"BreadcrumbList","@id":"https:\/\/veritasinfo.org\/?p=37575#breadcrumb","itemListElement":[{"@type":"ListItem","position":1,"name":"Home","item":"https:\/\/veritasinfo.org\/"},{"@type":"ListItem","position":2,"name":"Kurti e Vitia p\u00ebrurojn\u00eb hap\u00ebsirat e renovuara n\u00eb Institutin e Anatomis\u00eb Patologjike, investim 650 mij\u00eb euro"}]},{"@type":"WebSite","@id":"https:\/\/veritasinfo.org\/#website","url":"https:\/\/veritasinfo.org\/","name":"","description":"","potentialAction":[{"@type":"SearchAction","target":{"@type":"EntryPoint","urlTemplate":"https:\/\/veritasinfo.org\/?s={search_term_string}"},"query-input":{"@type":"PropertyValueSpecification","valueRequired":true,"valueName":"search_term_string"}}],"inLanguage":"en-US"},{"@type":"Person","@id":"https:\/\/veritasinfo.org\/#\/schema\/person\/bc442336e35414d04494ab8fb45db4c6","name":"US5","image":{"@type":"ImageObject","inLanguage":"en-US","@id":"https:\/\/veritasinfo.org\/#\/schema\/person\/image\/","url":"https:\/\/secure.gravatar.com\/avatar\/16a61e7272a0c5d001121ebb9e60e925d5816e4ac1e443ed3e640d9a6ae55d0c?s=96&d=mm&r=g","contentUrl":"https:\/\/secure.gravatar.com\/avatar\/16a61e7272a0c5d001121ebb9e60e925d5816e4ac1e443ed3e640d9a6ae55d0c?s=96&d=mm&r=g","caption":"US5"},"url":"https:\/\/veritasinfo.org\/?author=6"}]}},"featured_image_urls":{"full":["https:\/\/veritasinfo.org\/wp-content\/uploads\/2026\/03\/albin-kurti-ne-qkukkk.jpg",850,638,false],"thumbnail":["https:\/\/veritasinfo.org\/wp-content\/uploads\/2026\/03\/albin-kurti-ne-qkukkk-150x150.jpg",150,150,true],"medium":["https:\/\/veritasinfo.org\/wp-content\/uploads\/2026\/03\/albin-kurti-ne-qkukkk-300x225.jpg",300,225,true],"medium_large":["https:\/\/veritasinfo.org\/wp-content\/uploads\/2026\/03\/albin-kurti-ne-qkukkk-768x576.jpg",640,480,true],"large":["https:\/\/veritasinfo.org\/wp-content\/uploads\/2026\/03\/albin-kurti-ne-qkukkk.jpg",640,480,false],"1536x1536":["https:\/\/veritasinfo.org\/wp-content\/uploads\/2026\/03\/albin-kurti-ne-qkukkk.jpg",850,638,false],"2048x2048":["https:\/\/veritasinfo.org\/wp-content\/uploads\/2026\/03\/albin-kurti-ne-qkukkk.jpg",850,638,false],"kreeti-slider-full":["https:\/\/veritasinfo.org\/wp-content\/uploads\/2026\/03\/albin-kurti-ne-qkukkk.jpg",850,638,false],"kreeti-featured":["https:\/\/veritasinfo.org\/wp-content\/uploads\/2026\/03\/albin-kurti-ne-qkukkk.jpg",850,638,false],"kreeti-medium":["https:\/\/veritasinfo.org\/wp-content\/uploads\/2026\/03\/albin-kurti-ne-qkukkk.jpg",706,530,false],"kreeti-medium-square":["https:\/\/veritasinfo.org\/wp-content\/uploads\/2026\/03\/albin-kurti-ne-qkukkk.jpg",350,263,false]},"author_info":{"info":["US5"]},"category_info":"<a href=\"https:\/\/veritasinfo.org\/?cat=60\" rel=\"category\">Shoq\u00ebrore<\/a>","tag_info":"Shoq\u00ebrore","comment_count":"0","_links":{"self":[{"href":"https:\/\/veritasinfo.org\/index.php?rest_route=\/wp\/v2\/posts\/37575","targetHints":{"allow":["GET"]}}],"collection":[{"href":"https:\/\/veritasinfo.org\/index.php?rest_route=\/wp\/v2\/posts"}],"about":[{"href":"https:\/\/veritasinfo.org\/index.php?rest_route=\/wp\/v2\/types\/post"}],"author":[{"embeddable":true,"href":"https:\/\/veritasinfo.org\/index.php?rest_route=\/wp\/v2\/users\/6"}],"replies":[{"embeddable":true,"href":"https:\/\/veritasinfo.org\/index.php?rest_route=%2Fwp%2Fv2%2Fcomments&post=37575"}],"version-history":[{"count":1,"href":"https:\/\/veritasinfo.org\/index.php?rest_route=\/wp\/v2\/posts\/37575\/revisions"}],"predecessor-version":[{"id":37577,"href":"https:\/\/veritasinfo.org\/index.php?rest_route=\/wp\/v2\/posts\/37575\/revisions\/37577"}],"wp:featuredmedia":[{"embeddable":true,"href":"https:\/\/veritasinfo.org\/index.php?rest_route=\/wp\/v2\/media\/37576"}],"wp:attachment":[{"href":"https:\/\/veritasinfo.org\/index.php?rest_route=%2Fwp%2Fv2%2Fmedia&parent=37575"}],"wp:term":[{"taxonomy":"category","embeddable":true,"href":"https:\/\/veritasinfo.org\/index.php?rest_route=%2Fwp%2Fv2%2Fcategories&post=37575"},{"taxonomy":"post_tag","embeddable":true,"href":"https:\/\/veritasinfo.org\/index.php?rest_route=%2Fwp%2Fv2%2Ftags&post=37575"}],"curies":[{"name":"wp","href":"https:\/\/api.w.org\/{rel}","templated":true}]}}