{"id":37572,"date":"2026-03-13T13:53:11","date_gmt":"2026-03-13T12:53:11","guid":{"rendered":"https:\/\/veritasinfo.org\/?p=37572"},"modified":"2026-03-13T13:53:11","modified_gmt":"2026-03-13T12:53:11","slug":"kurti-ponovo-govori-o-pitanju-predsednika-kaze-da-mora-postojati-politicki-dogovor-sa-opozicijom","status":"publish","type":"post","link":"https:\/\/veritasinfo.org\/?p=37572&lang=sr","title":{"rendered":"Kurti ponovo govori o pitanju predsednika, ka\u017ee da mora postojati politi\u010dki dogovor sa opozicijom"},"content":{"rendered":"<p>Pri\u0161tina, 13. mart 2026. 13:51<\/p>\n<p>Premijer Kosova, Aljbin Kurti, tokom posete renoviranim prostorijama Instituta za patolo\u0161ku anatomiju, govorio je o politi\u010dkim de\u0161avanjima.<\/p>\n<p>Upitan je o pitanju predsednika.<\/p>\n<p>\u201eNemam ni\u0161ta vi\u0161e da dodam osim konferencije koju sam odr\u017eao, vec\u0301 imamo slu\u010daj u Ustavnom sudu. Mislim da nam ne treba ponavljanje 2025. godine, 2026. je nova godina, trebalo bi da imamo politi\u010dki dogovor sa opozicionim strankama u vezi sa pitanjem predsednika. Novi izbori bi nas ko\u0161tali 10 miliona evra. Ne bi trebalo da bude novih izbora da bismo u\u0161li u takmi\u010denje oko toga koji entitet pravi 80 poslanika\u201c, rekao je Kurti.<\/p>\n<p>Nagla\u0161avamo da je pre \u010detiri dana Ustavni sud izrekao privremenu meru do 31. marta protiv dekreta predsednice Vjose Osmani o raspu\u0161tanju Skup\u0161tine Kosova.<\/p>\n<p>Ustavni sud je saop\u0161tio da odluka zabranjuje bilo kakvu akciju predsednice Osmani u vezi sa dekretom od 6. marta, kao i zabranjuje bilo kakvu akciju Skup\u0161tine Kosova dok je privremena mera na snazi.<\/p>\n","protected":false},"excerpt":{"rendered":"<p>Pri\u0161tina, 13. mart 2026. 13:51 Premijer Kosova, Aljbin Kurti, tokom posete renoviranim prostorijama Instituta za patolo\u0161ku anatomiju, govorio je o politi\u010dkim de\u0161avanjima. Upitan je o<\/p>\n","protected":false},"author":6,"featured_media":37573,"comment_status":"open","ping_status":"open","sticky":false,"template":"","format":"standard","meta":{"footnotes":""},"categories":[28],"tags":[],"class_list":["post-37572","post","type-post","status-publish","format-standard","has-post-thumbnail","hentry","category-politika"],"yoast_head":"<!-- This site is optimized with the Yoast SEO plugin v25.3.1 - https:\/\/yoast.com\/wordpress\/plugins\/seo\/ -->\n<title>Kurti ponovo govori o pitanju predsednika, ka\u017ee da mora postojati politi\u010dki dogovor sa opozicijom -<\/title>\n<meta name=\"robots\" content=\"index, follow, max-snippet:-1, max-image-preview:large, max-video-preview:-1\" \/>\n<link rel=\"canonical\" href=\"https:\/\/veritasinfo.org\/?p=37572&lang=sr\" \/>\n<meta property=\"og:locale\" content=\"en_US\" \/>\n<meta property=\"og:type\" content=\"article\" \/>\n<meta property=\"og:title\" content=\"Kurti ponovo govori o pitanju predsednika, ka\u017ee da mora postojati politi\u010dki dogovor sa opozicijom -\" \/>\n<meta property=\"og:description\" content=\"Pri\u0161tina, 13. mart 2026. 13:51 Premijer Kosova, Aljbin Kurti, tokom posete renoviranim prostorijama Instituta za patolo\u0161ku anatomiju, govorio je o politi\u010dkim de\u0161avanjima. Upitan je o\" \/>\n<meta property=\"og:url\" content=\"https:\/\/veritasinfo.org\/?p=37572&amp;lang=sr\" \/>\n<meta property=\"article:published_time\" content=\"2026-03-13T12:53:11+00:00\" \/>\n<meta property=\"og:image\" content=\"https:\/\/veritasinfo.org\/wp-content\/uploads\/2026\/03\/Capture-106-1.jpg\" \/>\n\t<meta property=\"og:image:width\" content=\"1016\" \/>\n\t<meta property=\"og:image:height\" content=\"671\" \/>\n\t<meta property=\"og:image:type\" content=\"image\/jpeg\" \/>\n<meta name=\"author\" content=\"US5\" \/>\n<meta name=\"twitter:card\" content=\"summary_large_image\" \/>\n<meta name=\"twitter:label1\" content=\"Written by\" \/>\n\t<meta name=\"twitter:data1\" content=\"US5\" \/>\n<script type=\"application\/ld+json\" class=\"yoast-schema-graph\">{\"@context\":\"https:\/\/schema.org\",\"@graph\":[{\"@type\":\"WebPage\",\"@id\":\"https:\/\/veritasinfo.org\/?p=37572&lang=sr\",\"url\":\"https:\/\/veritasinfo.org\/?p=37572&lang=sr\",\"name\":\"Kurti ponovo govori o pitanju predsednika, ka\u017ee da mora postojati politi\u010dki dogovor sa opozicijom -\",\"isPartOf\":{\"@id\":\"https:\/\/veritasinfo.org\/#website\"},\"primaryImageOfPage\":{\"@id\":\"https:\/\/veritasinfo.org\/?p=37572&lang=sr#primaryimage\"},\"image\":{\"@id\":\"https:\/\/veritasinfo.org\/?p=37572&lang=sr#primaryimage\"},\"thumbnailUrl\":\"https:\/\/veritasinfo.org\/wp-content\/uploads\/2026\/03\/Capture-106-1.jpg\",\"datePublished\":\"2026-03-13T12:53:11+00:00\",\"author\":{\"@id\":\"https:\/\/veritasinfo.org\/#\/schema\/person\/bc442336e35414d04494ab8fb45db4c6\"},\"breadcrumb\":{\"@id\":\"https:\/\/veritasinfo.org\/?p=37572&lang=sr#breadcrumb\"},\"inLanguage\":\"en-US\",\"potentialAction\":[{\"@type\":\"ReadAction\",\"target\":[\"https:\/\/veritasinfo.org\/?p=37572&lang=sr\"]}]},{\"@type\":\"ImageObject\",\"inLanguage\":\"en-US\",\"@id\":\"https:\/\/veritasinfo.org\/?p=37572&lang=sr#primaryimage\",\"url\":\"https:\/\/veritasinfo.org\/wp-content\/uploads\/2026\/03\/Capture-106-1.jpg\",\"contentUrl\":\"https:\/\/veritasinfo.org\/wp-content\/uploads\/2026\/03\/Capture-106-1.jpg\",\"width\":1016,\"height\":671},{\"@type\":\"BreadcrumbList\",\"@id\":\"https:\/\/veritasinfo.org\/?p=37572&lang=sr#breadcrumb\",\"itemListElement\":[{\"@type\":\"ListItem\",\"position\":1,\"name\":\"Home\",\"item\":\"https:\/\/veritasinfo.org\/\"},{\"@type\":\"ListItem\",\"position\":2,\"name\":\"Kurti ponovo govori o pitanju predsednika, ka\u017ee da mora postojati politi\u010dki dogovor sa opozicijom\"}]},{\"@type\":\"WebSite\",\"@id\":\"https:\/\/veritasinfo.org\/#website\",\"url\":\"https:\/\/veritasinfo.org\/\",\"name\":\"\",\"description\":\"\",\"potentialAction\":[{\"@type\":\"SearchAction\",\"target\":{\"@type\":\"EntryPoint\",\"urlTemplate\":\"https:\/\/veritasinfo.org\/?s={search_term_string}\"},\"query-input\":{\"@type\":\"PropertyValueSpecification\",\"valueRequired\":true,\"valueName\":\"search_term_string\"}}],\"inLanguage\":\"en-US\"},{\"@type\":\"Person\",\"@id\":\"https:\/\/veritasinfo.org\/#\/schema\/person\/bc442336e35414d04494ab8fb45db4c6\",\"name\":\"US5\",\"image\":{\"@type\":\"ImageObject\",\"inLanguage\":\"en-US\",\"@id\":\"https:\/\/veritasinfo.org\/#\/schema\/person\/image\/\",\"url\":\"https:\/\/secure.gravatar.com\/avatar\/16a61e7272a0c5d001121ebb9e60e925d5816e4ac1e443ed3e640d9a6ae55d0c?s=96&d=mm&r=g\",\"contentUrl\":\"https:\/\/secure.gravatar.com\/avatar\/16a61e7272a0c5d001121ebb9e60e925d5816e4ac1e443ed3e640d9a6ae55d0c?s=96&d=mm&r=g\",\"caption\":\"US5\"},\"url\":\"https:\/\/veritasinfo.org\/?author=6\"}]}<\/script>\n<!-- \/ Yoast SEO plugin. -->","yoast_head_json":{"title":"Kurti ponovo govori o pitanju predsednika, ka\u017ee da mora postojati politi\u010dki dogovor sa opozicijom -","robots":{"index":"index","follow":"follow","max-snippet":"max-snippet:-1","max-image-preview":"max-image-preview:large","max-video-preview":"max-video-preview:-1"},"canonical":"https:\/\/veritasinfo.org\/?p=37572&lang=sr","og_locale":"en_US","og_type":"article","og_title":"Kurti ponovo govori o pitanju predsednika, ka\u017ee da mora postojati politi\u010dki dogovor sa opozicijom -","og_description":"Pri\u0161tina, 13. mart 2026. 13:51 Premijer Kosova, Aljbin Kurti, tokom posete renoviranim prostorijama Instituta za patolo\u0161ku anatomiju, govorio je o politi\u010dkim de\u0161avanjima. Upitan je o","og_url":"https:\/\/veritasinfo.org\/?p=37572&lang=sr","article_published_time":"2026-03-13T12:53:11+00:00","og_image":[{"width":1016,"height":671,"url":"https:\/\/veritasinfo.org\/wp-content\/uploads\/2026\/03\/Capture-106-1.jpg","type":"image\/jpeg"}],"author":"US5","twitter_card":"summary_large_image","twitter_misc":{"Written by":"US5"},"schema":{"@context":"https:\/\/schema.org","@graph":[{"@type":"WebPage","@id":"https:\/\/veritasinfo.org\/?p=37572&lang=sr","url":"https:\/\/veritasinfo.org\/?p=37572&lang=sr","name":"Kurti ponovo govori o pitanju predsednika, ka\u017ee da mora postojati politi\u010dki dogovor sa opozicijom -","isPartOf":{"@id":"https:\/\/veritasinfo.org\/#website"},"primaryImageOfPage":{"@id":"https:\/\/veritasinfo.org\/?p=37572&lang=sr#primaryimage"},"image":{"@id":"https:\/\/veritasinfo.org\/?p=37572&lang=sr#primaryimage"},"thumbnailUrl":"https:\/\/veritasinfo.org\/wp-content\/uploads\/2026\/03\/Capture-106-1.jpg","datePublished":"2026-03-13T12:53:11+00:00","author":{"@id":"https:\/\/veritasinfo.org\/#\/schema\/person\/bc442336e35414d04494ab8fb45db4c6"},"breadcrumb":{"@id":"https:\/\/veritasinfo.org\/?p=37572&lang=sr#breadcrumb"},"inLanguage":"en-US","potentialAction":[{"@type":"ReadAction","target":["https:\/\/veritasinfo.org\/?p=37572&lang=sr"]}]},{"@type":"ImageObject","inLanguage":"en-US","@id":"https:\/\/veritasinfo.org\/?p=37572&lang=sr#primaryimage","url":"https:\/\/veritasinfo.org\/wp-content\/uploads\/2026\/03\/Capture-106-1.jpg","contentUrl":"https:\/\/veritasinfo.org\/wp-content\/uploads\/2026\/03\/Capture-106-1.jpg","width":1016,"height":671},{"@type":"BreadcrumbList","@id":"https:\/\/veritasinfo.org\/?p=37572&lang=sr#breadcrumb","itemListElement":[{"@type":"ListItem","position":1,"name":"Home","item":"https:\/\/veritasinfo.org\/"},{"@type":"ListItem","position":2,"name":"Kurti ponovo govori o pitanju predsednika, ka\u017ee da mora postojati politi\u010dki dogovor sa opozicijom"}]},{"@type":"WebSite","@id":"https:\/\/veritasinfo.org\/#website","url":"https:\/\/veritasinfo.org\/","name":"","description":"","potentialAction":[{"@type":"SearchAction","target":{"@type":"EntryPoint","urlTemplate":"https:\/\/veritasinfo.org\/?s={search_term_string}"},"query-input":{"@type":"PropertyValueSpecification","valueRequired":true,"valueName":"search_term_string"}}],"inLanguage":"en-US"},{"@type":"Person","@id":"https:\/\/veritasinfo.org\/#\/schema\/person\/bc442336e35414d04494ab8fb45db4c6","name":"US5","image":{"@type":"ImageObject","inLanguage":"en-US","@id":"https:\/\/veritasinfo.org\/#\/schema\/person\/image\/","url":"https:\/\/secure.gravatar.com\/avatar\/16a61e7272a0c5d001121ebb9e60e925d5816e4ac1e443ed3e640d9a6ae55d0c?s=96&d=mm&r=g","contentUrl":"https:\/\/secure.gravatar.com\/avatar\/16a61e7272a0c5d001121ebb9e60e925d5816e4ac1e443ed3e640d9a6ae55d0c?s=96&d=mm&r=g","caption":"US5"},"url":"https:\/\/veritasinfo.org\/?author=6"}]}},"featured_image_urls":{"full":["https:\/\/veritasinfo.org\/wp-content\/uploads\/2026\/03\/Capture-106-1.jpg",1016,671,false],"thumbnail":["https:\/\/veritasinfo.org\/wp-content\/uploads\/2026\/03\/Capture-106-1-150x150.jpg",150,150,true],"medium":["https:\/\/veritasinfo.org\/wp-content\/uploads\/2026\/03\/Capture-106-1-300x198.jpg",300,198,true],"medium_large":["https:\/\/veritasinfo.org\/wp-content\/uploads\/2026\/03\/Capture-106-1-768x507.jpg",640,423,true],"large":["https:\/\/veritasinfo.org\/wp-content\/uploads\/2026\/03\/Capture-106-1.jpg",640,423,false],"1536x1536":["https:\/\/veritasinfo.org\/wp-content\/uploads\/2026\/03\/Capture-106-1.jpg",1016,671,false],"2048x2048":["https:\/\/veritasinfo.org\/wp-content\/uploads\/2026\/03\/Capture-106-1.jpg",1016,671,false],"kreeti-slider-full":["https:\/\/veritasinfo.org\/wp-content\/uploads\/2026\/03\/Capture-106-1.jpg",1016,671,false],"kreeti-featured":["https:\/\/veritasinfo.org\/wp-content\/uploads\/2026\/03\/Capture-106-1.jpg",1016,671,false],"kreeti-medium":["https:\/\/veritasinfo.org\/wp-content\/uploads\/2026\/03\/Capture-106-1.jpg",720,476,false],"kreeti-medium-square":["https:\/\/veritasinfo.org\/wp-content\/uploads\/2026\/03\/Capture-106-1.jpg",350,231,false]},"author_info":{"info":["US5"]},"category_info":"<a href=\"https:\/\/veritasinfo.org\/?cat=28&#038;lang=sr\" rel=\"category\">Politika<\/a>","tag_info":"Politika","comment_count":"0","_links":{"self":[{"href":"https:\/\/veritasinfo.org\/index.php?rest_route=\/wp\/v2\/posts\/37572","targetHints":{"allow":["GET"]}}],"collection":[{"href":"https:\/\/veritasinfo.org\/index.php?rest_route=\/wp\/v2\/posts"}],"about":[{"href":"https:\/\/veritasinfo.org\/index.php?rest_route=\/wp\/v2\/types\/post"}],"author":[{"embeddable":true,"href":"https:\/\/veritasinfo.org\/index.php?rest_route=\/wp\/v2\/users\/6"}],"replies":[{"embeddable":true,"href":"https:\/\/veritasinfo.org\/index.php?rest_route=%2Fwp%2Fv2%2Fcomments&post=37572"}],"version-history":[{"count":1,"href":"https:\/\/veritasinfo.org\/index.php?rest_route=\/wp\/v2\/posts\/37572\/revisions"}],"predecessor-version":[{"id":37574,"href":"https:\/\/veritasinfo.org\/index.php?rest_route=\/wp\/v2\/posts\/37572\/revisions\/37574"}],"wp:featuredmedia":[{"embeddable":true,"href":"https:\/\/veritasinfo.org\/index.php?rest_route=\/wp\/v2\/media\/37573"}],"wp:attachment":[{"href":"https:\/\/veritasinfo.org\/index.php?rest_route=%2Fwp%2Fv2%2Fmedia&parent=37572"}],"wp:term":[{"taxonomy":"category","embeddable":true,"href":"https:\/\/veritasinfo.org\/index.php?rest_route=%2Fwp%2Fv2%2Fcategories&post=37572"},{"taxonomy":"post_tag","embeddable":true,"href":"https:\/\/veritasinfo.org\/index.php?rest_route=%2Fwp%2Fv2%2Ftags&post=37572"}],"curies":[{"name":"wp","href":"https:\/\/api.w.org\/{rel}","templated":true}]}}