{"id":37538,"date":"2026-03-13T11:54:25","date_gmt":"2026-03-13T10:54:25","guid":{"rendered":"https:\/\/veritasinfo.org\/?p=37538"},"modified":"2026-03-13T11:54:25","modified_gmt":"2026-03-13T10:54:25","slug":"maqedonci-per-blerjet-e-raketave-kineze-nga-serbia-shperfaqje-e-tendencave-hegjemoniste-ndaj-fqinjeve","status":"publish","type":"post","link":"https:\/\/veritasinfo.org\/?p=37538","title":{"rendered":"Maqedonci p\u00ebr blerjet e raketave kineze nga Serbia: Shp\u00ebrfaqje e tendencave hegjemoniste ndaj fqinj\u00ebve"},"content":{"rendered":"<p>Prishtin\u00eb 13 Mars 2026 11:52<br \/>\nMinistri i Mbrojtjes i Kosov\u00ebs, Ejup Maqedonci, i ka th\u00ebn\u00eb t\u00eb premten Radios Evropa e Lir\u00eb se pretendimet e autoriteteve serbe q\u00eb po armatosen p\u00ebr t\u2019u mbrojtur nga vendet fqinje nuk q\u00ebndron, dhe me blerjet e fundit t\u00eb arm\u00ebve kineze ato po shp\u00ebrfaqin tendencat e tyre hegjemoniste n\u00eb raport me k\u00ebto vende.<\/p>\n<p>Maqedonci i b\u00ebri k\u00ebto deklarata pasi presidenti i Serbis\u00eb, Aleksandar Vu\u00e7iq, b\u00ebri t\u00eb ditur nj\u00eb dit\u00eb m\u00eb par\u00eb se Serbia ka bler\u00eb raketa kineze \u201cshkat\u00ebrruese\u201d.<\/p>\n<p>B\u00ebhet fjal\u00eb p\u00ebr raketat balistike supersonike CM-400 nga Kina.<\/p>\n<p>\u201cBlerjet nga Rusia dhe Kina jan\u00eb b\u00ebr\u00eb q\u00eb disa vite dhe vazhdojn\u00eb t\u00eb b\u00ebhen, pra nuk lidhet me ndonj\u00eb k\u00ebrc\u00ebnim aktual p\u00ebr Serbin\u00eb\u2026asnj\u00eb shtet fqinj i Serbis\u00eb n\u00eb asnj\u00eb rast nuk ka shfaqur ndonj\u00eb q\u00ebllim agresiv apo sulmues n\u00eb raport me Serbin\u00eb\u201d, ka deklaruar Maqedonci, duke p\u00ebrmendur se \u00ebsht\u00eb Serbia ajo e cila shfaq pretendime territoriale ndaj Kosov\u00ebs.<\/p>\n<p>N\u00eb nj\u00eb intervist\u00eb p\u00ebr Radiotelevizionin e Serbis\u00eb, Vu\u00e7iq ka th\u00ebn\u00eb se Serbia i ka integruar me sukses raketat e blera kineze n\u00eb aeroplan\u00ebt ushtarak\u00eb rus\u00eb MiG-29, q\u00eb ve\u00e7se i zot\u00ebron.<\/p>\n<p>\u201cNe kemi nj\u00eb num\u00ebr t\u00eb konsideruesh\u00ebm raketash dhe do t\u00eb kemi edhe m\u00eb shum\u00eb\u201d, tha Vu\u00e7iq n\u00eb nj\u00eb intervist\u00eb p\u00ebr Radio Televizionin e Serbis\u00eb.<\/p>\n<p>Presidenti serb nuk tregoi se sa kushtuan raketat por tha se ato \u201cjan\u00eb tmerr\u00ebsisht t\u00eb shtrenjta. Ne i mor\u00ebm me nj\u00eb zbritje t\u00eb vog\u00ebl\u201d.<\/p>\n<p>Ministri Maqedonci beson se blerjet e Serbis\u00eb nga Kina jan\u00eb vazhdim\u00ebsi e politik\u00ebs s\u00eb Vu\u00e7iqit.<\/p>\n<p>\u201cRepublika e Serbis\u00eb blerjet ushtarake kryesisht i realizon nga vendet joan\u00ebtare t\u00eb NATO-s. Kryesisht blerjet strategjike Serbia i ka realizuar nga Federata Ruse dhe Kina. Nga Kina, Ministria e Mbrojtjes s\u00eb Serbis\u00eb ka prokuruar sistemet raketore kund\u00ebr-ajrore FK3, HQ-17 dhe HQ-9 si dhe fluturake pa pilot dhe radar\u00eb t\u00eb ndrysh\u00ebm\u201d.<\/p>\n<p>Sipas t\u00eb dh\u00ebnave t\u00eb Institutit Nd\u00ebrkomb\u00ebtar p\u00ebr K\u00ebrkime t\u00eb Paqes (SIPRI) n\u00eb Stokholm, n\u00eb periudh\u00ebn 2020\u20132024, Serbia ka importuar m\u00eb s\u00eb shumti arm\u00eb nga Kina (57%), m\u00eb pas nga Rusia (20%) dhe nga Franca (7.4%).<\/p>\n<p>Ndaj k\u00ebsaj blerjeje t\u00eb Serbis\u00eb ka reaguar kryeministri i Kroacis\u00eb, Andrej Pllenkoviq, i cili paralajm\u00ebroi se p\u00ebr k\u00ebt\u00eb \u00e7\u00ebshtje do t\u00eb diskutoj\u00eb me aleanc\u00ebn e NATO-s.<\/p>\n<p>Duke reaguar ndaj deklarat\u00ebs s\u00eb Pllenkoviqit, Vu\u00e7iq tha se \u201cZagrebi nuk do t\u00eb vendos\u00eb se \u00e7far\u00eb do t\u00eb ket\u00eb Serbia\u201d.<\/p>\n<p>Ai tha se Serbia \u201cpo p\u00ebrgatitet p\u00ebr mund\u00ebsin\u00eb e sulmit nga aleanca q\u00eb po formohet nga Prishtina, Tirana dhe Zagrebi\u201d.<\/p>\n<p>N\u00eb mars t\u00eb vitit 2025, Kroacia, Shqip\u00ebria dhe Kosova n\u00ebnshkruan nj\u00eb Deklarat\u00eb p\u00ebr bashk\u00ebpunim n\u00eb fush\u00ebn e mbrojtjes dhe siguris\u00eb, t\u00eb cil\u00ebn zyrtar\u00ebt serb\u00eb e cil\u00ebsuan si k\u00ebrc\u00ebnim p\u00ebr sigurin\u00eb e Serbis\u00eb.<\/p>\n","protected":false},"excerpt":{"rendered":"<p>Prishtin\u00eb 13 Mars 2026 11:52 Ministri i Mbrojtjes i Kosov\u00ebs, Ejup Maqedonci, i ka th\u00ebn\u00eb t\u00eb premten Radios Evropa e Lir\u00eb se pretendimet e autoriteteve<\/p>\n","protected":false},"author":6,"featured_media":37539,"comment_status":"open","ping_status":"open","sticky":false,"template":"","format":"standard","meta":{"footnotes":""},"categories":[60],"tags":[],"class_list":["post-37538","post","type-post","status-publish","format-standard","has-post-thumbnail","hentry","category-shoqerore-sq"],"yoast_head":"<!-- This site is optimized with the Yoast SEO plugin v25.3.1 - https:\/\/yoast.com\/wordpress\/plugins\/seo\/ -->\n<title>Maqedonci p\u00ebr blerjet e raketave kineze nga Serbia: Shp\u00ebrfaqje e tendencave hegjemoniste ndaj fqinj\u00ebve -<\/title>\n<meta name=\"robots\" content=\"index, follow, max-snippet:-1, max-image-preview:large, max-video-preview:-1\" \/>\n<link rel=\"canonical\" href=\"https:\/\/veritasinfo.org\/?p=37538\" \/>\n<meta property=\"og:locale\" content=\"en_US\" \/>\n<meta property=\"og:type\" content=\"article\" \/>\n<meta property=\"og:title\" content=\"Maqedonci p\u00ebr blerjet e raketave kineze nga Serbia: Shp\u00ebrfaqje e tendencave hegjemoniste ndaj fqinj\u00ebve -\" \/>\n<meta property=\"og:description\" content=\"Prishtin\u00eb 13 Mars 2026 11:52 Ministri i Mbrojtjes i Kosov\u00ebs, Ejup Maqedonci, i ka th\u00ebn\u00eb t\u00eb premten Radios Evropa e Lir\u00eb se pretendimet e autoriteteve\" \/>\n<meta property=\"og:url\" content=\"https:\/\/veritasinfo.org\/?p=37538\" \/>\n<meta property=\"article:published_time\" content=\"2026-03-13T10:54:25+00:00\" \/>\n<meta property=\"og:image\" content=\"https:\/\/veritasinfo.org\/wp-content\/uploads\/2026\/03\/Ejup-Maqedonci-660x330-1.jpeg\" \/>\n\t<meta property=\"og:image:width\" content=\"660\" \/>\n\t<meta property=\"og:image:height\" content=\"330\" \/>\n\t<meta property=\"og:image:type\" content=\"image\/jpeg\" \/>\n<meta name=\"author\" content=\"US5\" \/>\n<meta name=\"twitter:card\" content=\"summary_large_image\" \/>\n<meta name=\"twitter:label1\" content=\"Written by\" \/>\n\t<meta name=\"twitter:data1\" content=\"US5\" \/>\n\t<meta name=\"twitter:label2\" content=\"Est. reading time\" \/>\n\t<meta name=\"twitter:data2\" content=\"3 minutes\" \/>\n<script type=\"application\/ld+json\" class=\"yoast-schema-graph\">{\"@context\":\"https:\/\/schema.org\",\"@graph\":[{\"@type\":\"WebPage\",\"@id\":\"https:\/\/veritasinfo.org\/?p=37538\",\"url\":\"https:\/\/veritasinfo.org\/?p=37538\",\"name\":\"Maqedonci p\u00ebr blerjet e raketave kineze nga Serbia: Shp\u00ebrfaqje e tendencave hegjemoniste ndaj fqinj\u00ebve -\",\"isPartOf\":{\"@id\":\"https:\/\/veritasinfo.org\/#website\"},\"primaryImageOfPage\":{\"@id\":\"https:\/\/veritasinfo.org\/?p=37538#primaryimage\"},\"image\":{\"@id\":\"https:\/\/veritasinfo.org\/?p=37538#primaryimage\"},\"thumbnailUrl\":\"https:\/\/veritasinfo.org\/wp-content\/uploads\/2026\/03\/Ejup-Maqedonci-660x330-1.jpeg\",\"datePublished\":\"2026-03-13T10:54:25+00:00\",\"author\":{\"@id\":\"https:\/\/veritasinfo.org\/#\/schema\/person\/bc442336e35414d04494ab8fb45db4c6\"},\"breadcrumb\":{\"@id\":\"https:\/\/veritasinfo.org\/?p=37538#breadcrumb\"},\"inLanguage\":\"en-US\",\"potentialAction\":[{\"@type\":\"ReadAction\",\"target\":[\"https:\/\/veritasinfo.org\/?p=37538\"]}]},{\"@type\":\"ImageObject\",\"inLanguage\":\"en-US\",\"@id\":\"https:\/\/veritasinfo.org\/?p=37538#primaryimage\",\"url\":\"https:\/\/veritasinfo.org\/wp-content\/uploads\/2026\/03\/Ejup-Maqedonci-660x330-1.jpeg\",\"contentUrl\":\"https:\/\/veritasinfo.org\/wp-content\/uploads\/2026\/03\/Ejup-Maqedonci-660x330-1.jpeg\",\"width\":660,\"height\":330},{\"@type\":\"BreadcrumbList\",\"@id\":\"https:\/\/veritasinfo.org\/?p=37538#breadcrumb\",\"itemListElement\":[{\"@type\":\"ListItem\",\"position\":1,\"name\":\"Home\",\"item\":\"https:\/\/veritasinfo.org\/\"},{\"@type\":\"ListItem\",\"position\":2,\"name\":\"Maqedonci p\u00ebr blerjet e raketave kineze nga Serbia: Shp\u00ebrfaqje e tendencave hegjemoniste ndaj fqinj\u00ebve\"}]},{\"@type\":\"WebSite\",\"@id\":\"https:\/\/veritasinfo.org\/#website\",\"url\":\"https:\/\/veritasinfo.org\/\",\"name\":\"\",\"description\":\"\",\"potentialAction\":[{\"@type\":\"SearchAction\",\"target\":{\"@type\":\"EntryPoint\",\"urlTemplate\":\"https:\/\/veritasinfo.org\/?s={search_term_string}\"},\"query-input\":{\"@type\":\"PropertyValueSpecification\",\"valueRequired\":true,\"valueName\":\"search_term_string\"}}],\"inLanguage\":\"en-US\"},{\"@type\":\"Person\",\"@id\":\"https:\/\/veritasinfo.org\/#\/schema\/person\/bc442336e35414d04494ab8fb45db4c6\",\"name\":\"US5\",\"image\":{\"@type\":\"ImageObject\",\"inLanguage\":\"en-US\",\"@id\":\"https:\/\/veritasinfo.org\/#\/schema\/person\/image\/\",\"url\":\"https:\/\/secure.gravatar.com\/avatar\/16a61e7272a0c5d001121ebb9e60e925d5816e4ac1e443ed3e640d9a6ae55d0c?s=96&d=mm&r=g\",\"contentUrl\":\"https:\/\/secure.gravatar.com\/avatar\/16a61e7272a0c5d001121ebb9e60e925d5816e4ac1e443ed3e640d9a6ae55d0c?s=96&d=mm&r=g\",\"caption\":\"US5\"},\"url\":\"https:\/\/veritasinfo.org\/?author=6\"}]}<\/script>\n<!-- \/ Yoast SEO plugin. -->","yoast_head_json":{"title":"Maqedonci p\u00ebr blerjet e raketave kineze nga Serbia: Shp\u00ebrfaqje e tendencave hegjemoniste ndaj fqinj\u00ebve -","robots":{"index":"index","follow":"follow","max-snippet":"max-snippet:-1","max-image-preview":"max-image-preview:large","max-video-preview":"max-video-preview:-1"},"canonical":"https:\/\/veritasinfo.org\/?p=37538","og_locale":"en_US","og_type":"article","og_title":"Maqedonci p\u00ebr blerjet e raketave kineze nga Serbia: Shp\u00ebrfaqje e tendencave hegjemoniste ndaj fqinj\u00ebve -","og_description":"Prishtin\u00eb 13 Mars 2026 11:52 Ministri i Mbrojtjes i Kosov\u00ebs, Ejup Maqedonci, i ka th\u00ebn\u00eb t\u00eb premten Radios Evropa e Lir\u00eb se pretendimet e autoriteteve","og_url":"https:\/\/veritasinfo.org\/?p=37538","article_published_time":"2026-03-13T10:54:25+00:00","og_image":[{"width":660,"height":330,"url":"https:\/\/veritasinfo.org\/wp-content\/uploads\/2026\/03\/Ejup-Maqedonci-660x330-1.jpeg","type":"image\/jpeg"}],"author":"US5","twitter_card":"summary_large_image","twitter_misc":{"Written by":"US5","Est. reading time":"3 minutes"},"schema":{"@context":"https:\/\/schema.org","@graph":[{"@type":"WebPage","@id":"https:\/\/veritasinfo.org\/?p=37538","url":"https:\/\/veritasinfo.org\/?p=37538","name":"Maqedonci p\u00ebr blerjet e raketave kineze nga Serbia: Shp\u00ebrfaqje e tendencave hegjemoniste ndaj fqinj\u00ebve -","isPartOf":{"@id":"https:\/\/veritasinfo.org\/#website"},"primaryImageOfPage":{"@id":"https:\/\/veritasinfo.org\/?p=37538#primaryimage"},"image":{"@id":"https:\/\/veritasinfo.org\/?p=37538#primaryimage"},"thumbnailUrl":"https:\/\/veritasinfo.org\/wp-content\/uploads\/2026\/03\/Ejup-Maqedonci-660x330-1.jpeg","datePublished":"2026-03-13T10:54:25+00:00","author":{"@id":"https:\/\/veritasinfo.org\/#\/schema\/person\/bc442336e35414d04494ab8fb45db4c6"},"breadcrumb":{"@id":"https:\/\/veritasinfo.org\/?p=37538#breadcrumb"},"inLanguage":"en-US","potentialAction":[{"@type":"ReadAction","target":["https:\/\/veritasinfo.org\/?p=37538"]}]},{"@type":"ImageObject","inLanguage":"en-US","@id":"https:\/\/veritasinfo.org\/?p=37538#primaryimage","url":"https:\/\/veritasinfo.org\/wp-content\/uploads\/2026\/03\/Ejup-Maqedonci-660x330-1.jpeg","contentUrl":"https:\/\/veritasinfo.org\/wp-content\/uploads\/2026\/03\/Ejup-Maqedonci-660x330-1.jpeg","width":660,"height":330},{"@type":"BreadcrumbList","@id":"https:\/\/veritasinfo.org\/?p=37538#breadcrumb","itemListElement":[{"@type":"ListItem","position":1,"name":"Home","item":"https:\/\/veritasinfo.org\/"},{"@type":"ListItem","position":2,"name":"Maqedonci p\u00ebr blerjet e raketave kineze nga Serbia: Shp\u00ebrfaqje e tendencave hegjemoniste ndaj fqinj\u00ebve"}]},{"@type":"WebSite","@id":"https:\/\/veritasinfo.org\/#website","url":"https:\/\/veritasinfo.org\/","name":"","description":"","potentialAction":[{"@type":"SearchAction","target":{"@type":"EntryPoint","urlTemplate":"https:\/\/veritasinfo.org\/?s={search_term_string}"},"query-input":{"@type":"PropertyValueSpecification","valueRequired":true,"valueName":"search_term_string"}}],"inLanguage":"en-US"},{"@type":"Person","@id":"https:\/\/veritasinfo.org\/#\/schema\/person\/bc442336e35414d04494ab8fb45db4c6","name":"US5","image":{"@type":"ImageObject","inLanguage":"en-US","@id":"https:\/\/veritasinfo.org\/#\/schema\/person\/image\/","url":"https:\/\/secure.gravatar.com\/avatar\/16a61e7272a0c5d001121ebb9e60e925d5816e4ac1e443ed3e640d9a6ae55d0c?s=96&d=mm&r=g","contentUrl":"https:\/\/secure.gravatar.com\/avatar\/16a61e7272a0c5d001121ebb9e60e925d5816e4ac1e443ed3e640d9a6ae55d0c?s=96&d=mm&r=g","caption":"US5"},"url":"https:\/\/veritasinfo.org\/?author=6"}]}},"featured_image_urls":{"full":["https:\/\/veritasinfo.org\/wp-content\/uploads\/2026\/03\/Ejup-Maqedonci-660x330-1.jpeg",660,330,false],"thumbnail":["https:\/\/veritasinfo.org\/wp-content\/uploads\/2026\/03\/Ejup-Maqedonci-660x330-1-150x150.jpeg",150,150,true],"medium":["https:\/\/veritasinfo.org\/wp-content\/uploads\/2026\/03\/Ejup-Maqedonci-660x330-1-300x150.jpeg",300,150,true],"medium_large":["https:\/\/veritasinfo.org\/wp-content\/uploads\/2026\/03\/Ejup-Maqedonci-660x330-1.jpeg",640,320,false],"large":["https:\/\/veritasinfo.org\/wp-content\/uploads\/2026\/03\/Ejup-Maqedonci-660x330-1.jpeg",640,320,false],"1536x1536":["https:\/\/veritasinfo.org\/wp-content\/uploads\/2026\/03\/Ejup-Maqedonci-660x330-1.jpeg",660,330,false],"2048x2048":["https:\/\/veritasinfo.org\/wp-content\/uploads\/2026\/03\/Ejup-Maqedonci-660x330-1.jpeg",660,330,false],"kreeti-slider-full":["https:\/\/veritasinfo.org\/wp-content\/uploads\/2026\/03\/Ejup-Maqedonci-660x330-1.jpeg",660,330,false],"kreeti-featured":["https:\/\/veritasinfo.org\/wp-content\/uploads\/2026\/03\/Ejup-Maqedonci-660x330-1.jpeg",660,330,false],"kreeti-medium":["https:\/\/veritasinfo.org\/wp-content\/uploads\/2026\/03\/Ejup-Maqedonci-660x330-1.jpeg",660,330,false],"kreeti-medium-square":["https:\/\/veritasinfo.org\/wp-content\/uploads\/2026\/03\/Ejup-Maqedonci-660x330-1.jpeg",350,175,false]},"author_info":{"info":["US5"]},"category_info":"<a href=\"https:\/\/veritasinfo.org\/?cat=60\" rel=\"category\">Shoq\u00ebrore<\/a>","tag_info":"Shoq\u00ebrore","comment_count":"0","_links":{"self":[{"href":"https:\/\/veritasinfo.org\/index.php?rest_route=\/wp\/v2\/posts\/37538","targetHints":{"allow":["GET"]}}],"collection":[{"href":"https:\/\/veritasinfo.org\/index.php?rest_route=\/wp\/v2\/posts"}],"about":[{"href":"https:\/\/veritasinfo.org\/index.php?rest_route=\/wp\/v2\/types\/post"}],"author":[{"embeddable":true,"href":"https:\/\/veritasinfo.org\/index.php?rest_route=\/wp\/v2\/users\/6"}],"replies":[{"embeddable":true,"href":"https:\/\/veritasinfo.org\/index.php?rest_route=%2Fwp%2Fv2%2Fcomments&post=37538"}],"version-history":[{"count":2,"href":"https:\/\/veritasinfo.org\/index.php?rest_route=\/wp\/v2\/posts\/37538\/revisions"}],"predecessor-version":[{"id":37541,"href":"https:\/\/veritasinfo.org\/index.php?rest_route=\/wp\/v2\/posts\/37538\/revisions\/37541"}],"wp:featuredmedia":[{"embeddable":true,"href":"https:\/\/veritasinfo.org\/index.php?rest_route=\/wp\/v2\/media\/37539"}],"wp:attachment":[{"href":"https:\/\/veritasinfo.org\/index.php?rest_route=%2Fwp%2Fv2%2Fmedia&parent=37538"}],"wp:term":[{"taxonomy":"category","embeddable":true,"href":"https:\/\/veritasinfo.org\/index.php?rest_route=%2Fwp%2Fv2%2Fcategories&post=37538"},{"taxonomy":"post_tag","embeddable":true,"href":"https:\/\/veritasinfo.org\/index.php?rest_route=%2Fwp%2Fv2%2Ftags&post=37538"}],"curies":[{"name":"wp","href":"https:\/\/api.w.org\/{rel}","templated":true}]}}