{"id":37530,"date":"2026-03-13T11:49:44","date_gmt":"2026-03-13T10:49:44","guid":{"rendered":"https:\/\/veritasinfo.org\/?p=37530"},"modified":"2026-03-13T11:49:44","modified_gmt":"2026-03-13T10:49:44","slug":"osmani-perkujton-masakren-ne-tregun-e-gjelber-ne-mitrovice-riafirmon-thirrjen-per-drejtesi","status":"publish","type":"post","link":"https:\/\/veritasinfo.org\/?p=37530","title":{"rendered":"Osmani p\u00ebrkujton masakr\u00ebn n\u00eb Tregun e Gjelb\u00ebr n\u00eb Mitrovic\u00eb, riafirmon thirrjen p\u00ebr drejt\u00ebsi"},"content":{"rendered":"<p>Prishtin\u00eb 13 Mars 2026 11:48<\/p>\n<p>Presidentja e Vjosa Osmani ka p\u00ebrkujtuar sot masakr\u00ebn n\u00eb Tregu i Gjelb\u00ebr, ku m\u00eb 13 mars 1999, nga granatat e forcave t\u00eb regjimit serb, u vran\u00eb mizorisht shtat\u00eb civil\u00eb t\u00eb pafajsh\u00ebm, nga mosha 5 deri n\u00eb 65 vje\u00e7.<\/p>\n<p>N\u00eb p\u00ebrkujtim t\u00eb viktimave, Osmani ka theksuar r\u00ebnd\u00ebsin\u00eb e k\u00ebsaj date p\u00ebr Mitrovic\u00ebn dhe p\u00ebr kujtes\u00ebn komb\u00ebtare:<\/p>\n<p>\u201cN\u00eb k\u00ebt\u00eb dit\u00eb p\u00ebrkujtojm\u00eb viktimat e masakr\u00ebs n\u00eb Tregun e Gjelb\u00ebr n\u00eb Mitrovic\u00eb, ku m\u00eb 13 mars 1999, nga granatat e forcave t\u00eb regjimit gjenocidal serb, u vran\u00eb mizorisht 7 civil\u00eb t\u00eb pafajsh\u00ebm, nga mosha vet\u00ebm 5 deri n\u00eb 65 vje\u00e7. N\u00eb k\u00ebt\u00eb akt makab\u00ebr u plagos\u00ebn 128 qytetar\u00eb t\u00eb tjer\u00eb: f\u00ebmij\u00eb, gra, pleq e t\u00eb rinj, t\u00eb cil\u00ebt u p\u00ebrball\u00ebn me barbarin\u00eb e nj\u00eb regjimi kriminal\u201d, ka deklaruar Osmani.<\/p>\n<p>Presidentja ka shtuar se masakra mbetet nj\u00eb d\u00ebshmi e dhimbshme e krimeve mizore t\u00eb kryera gjat\u00eb luft\u00ebs n\u00eb Kosov\u00eb.<\/p>\n<p>\u201cMasakra e Tregut t\u00eb Gjelb\u00ebr mbetet d\u00ebshmi e dhimbshme e krimeve mizore t\u00eb kryera gjat\u00eb luft\u00ebs n\u00eb Kosov\u00eb. P\u00ebrulemi me respekt para viktimave, ndajm\u00eb dhimbjen me familjet e tyre dhe riafirmojm\u00eb thirrjen p\u00ebr drejt\u00ebsi\u201d, thuhet n\u00eb njoftimin e Presidenc\u00ebs.<\/p>\n","protected":false},"excerpt":{"rendered":"<p>Prishtin\u00eb 13 Mars 2026 11:48 Presidentja e Vjosa Osmani ka p\u00ebrkujtuar sot masakr\u00ebn n\u00eb Tregu i Gjelb\u00ebr, ku m\u00eb 13 mars 1999, nga granatat e<\/p>\n","protected":false},"author":6,"featured_media":37531,"comment_status":"open","ping_status":"open","sticky":false,"template":"","format":"standard","meta":{"footnotes":""},"categories":[60],"tags":[],"class_list":["post-37530","post","type-post","status-publish","format-standard","has-post-thumbnail","hentry","category-shoqerore-sq"],"yoast_head":"<!-- This site is optimized with the Yoast SEO plugin v25.3.1 - https:\/\/yoast.com\/wordpress\/plugins\/seo\/ -->\n<title>Osmani p\u00ebrkujton masakr\u00ebn n\u00eb Tregun e Gjelb\u00ebr n\u00eb Mitrovic\u00eb, riafirmon thirrjen p\u00ebr drejt\u00ebsi -<\/title>\n<meta name=\"robots\" content=\"index, follow, max-snippet:-1, max-image-preview:large, max-video-preview:-1\" \/>\n<link rel=\"canonical\" href=\"https:\/\/veritasinfo.org\/?p=37530\" \/>\n<meta property=\"og:locale\" content=\"en_US\" \/>\n<meta property=\"og:type\" content=\"article\" \/>\n<meta property=\"og:title\" content=\"Osmani p\u00ebrkujton masakr\u00ebn n\u00eb Tregun e Gjelb\u00ebr n\u00eb Mitrovic\u00eb, riafirmon thirrjen p\u00ebr drejt\u00ebsi -\" \/>\n<meta property=\"og:description\" content=\"Prishtin\u00eb 13 Mars 2026 11:48 Presidentja e Vjosa Osmani ka p\u00ebrkujtuar sot masakr\u00ebn n\u00eb Tregu i Gjelb\u00ebr, ku m\u00eb 13 mars 1999, nga granatat e\" \/>\n<meta property=\"og:url\" content=\"https:\/\/veritasinfo.org\/?p=37530\" \/>\n<meta property=\"article:published_time\" content=\"2026-03-13T10:49:44+00:00\" \/>\n<meta property=\"og:image\" content=\"https:\/\/veritasinfo.org\/wp-content\/uploads\/2026\/03\/IMG-20260313-WA0000.jpg\" \/>\n\t<meta property=\"og:image:width\" content=\"513\" \/>\n\t<meta property=\"og:image:height\" content=\"366\" \/>\n\t<meta property=\"og:image:type\" content=\"image\/jpeg\" \/>\n<meta name=\"author\" content=\"US5\" \/>\n<meta name=\"twitter:card\" content=\"summary_large_image\" \/>\n<meta name=\"twitter:label1\" content=\"Written by\" \/>\n\t<meta name=\"twitter:data1\" content=\"US5\" \/>\n\t<meta name=\"twitter:label2\" content=\"Est. reading time\" \/>\n\t<meta name=\"twitter:data2\" content=\"1 minute\" \/>\n<script type=\"application\/ld+json\" class=\"yoast-schema-graph\">{\"@context\":\"https:\/\/schema.org\",\"@graph\":[{\"@type\":\"WebPage\",\"@id\":\"https:\/\/veritasinfo.org\/?p=37530\",\"url\":\"https:\/\/veritasinfo.org\/?p=37530\",\"name\":\"Osmani p\u00ebrkujton masakr\u00ebn n\u00eb Tregun e Gjelb\u00ebr n\u00eb Mitrovic\u00eb, riafirmon thirrjen p\u00ebr drejt\u00ebsi -\",\"isPartOf\":{\"@id\":\"https:\/\/veritasinfo.org\/#website\"},\"primaryImageOfPage\":{\"@id\":\"https:\/\/veritasinfo.org\/?p=37530#primaryimage\"},\"image\":{\"@id\":\"https:\/\/veritasinfo.org\/?p=37530#primaryimage\"},\"thumbnailUrl\":\"https:\/\/veritasinfo.org\/wp-content\/uploads\/2026\/03\/IMG-20260313-WA0000.jpg\",\"datePublished\":\"2026-03-13T10:49:44+00:00\",\"author\":{\"@id\":\"https:\/\/veritasinfo.org\/#\/schema\/person\/bc442336e35414d04494ab8fb45db4c6\"},\"breadcrumb\":{\"@id\":\"https:\/\/veritasinfo.org\/?p=37530#breadcrumb\"},\"inLanguage\":\"en-US\",\"potentialAction\":[{\"@type\":\"ReadAction\",\"target\":[\"https:\/\/veritasinfo.org\/?p=37530\"]}]},{\"@type\":\"ImageObject\",\"inLanguage\":\"en-US\",\"@id\":\"https:\/\/veritasinfo.org\/?p=37530#primaryimage\",\"url\":\"https:\/\/veritasinfo.org\/wp-content\/uploads\/2026\/03\/IMG-20260313-WA0000.jpg\",\"contentUrl\":\"https:\/\/veritasinfo.org\/wp-content\/uploads\/2026\/03\/IMG-20260313-WA0000.jpg\",\"width\":513,\"height\":366},{\"@type\":\"BreadcrumbList\",\"@id\":\"https:\/\/veritasinfo.org\/?p=37530#breadcrumb\",\"itemListElement\":[{\"@type\":\"ListItem\",\"position\":1,\"name\":\"Home\",\"item\":\"https:\/\/veritasinfo.org\/\"},{\"@type\":\"ListItem\",\"position\":2,\"name\":\"Osmani p\u00ebrkujton masakr\u00ebn n\u00eb Tregun e Gjelb\u00ebr n\u00eb Mitrovic\u00eb, riafirmon thirrjen p\u00ebr drejt\u00ebsi\"}]},{\"@type\":\"WebSite\",\"@id\":\"https:\/\/veritasinfo.org\/#website\",\"url\":\"https:\/\/veritasinfo.org\/\",\"name\":\"\",\"description\":\"\",\"potentialAction\":[{\"@type\":\"SearchAction\",\"target\":{\"@type\":\"EntryPoint\",\"urlTemplate\":\"https:\/\/veritasinfo.org\/?s={search_term_string}\"},\"query-input\":{\"@type\":\"PropertyValueSpecification\",\"valueRequired\":true,\"valueName\":\"search_term_string\"}}],\"inLanguage\":\"en-US\"},{\"@type\":\"Person\",\"@id\":\"https:\/\/veritasinfo.org\/#\/schema\/person\/bc442336e35414d04494ab8fb45db4c6\",\"name\":\"US5\",\"image\":{\"@type\":\"ImageObject\",\"inLanguage\":\"en-US\",\"@id\":\"https:\/\/veritasinfo.org\/#\/schema\/person\/image\/\",\"url\":\"https:\/\/secure.gravatar.com\/avatar\/16a61e7272a0c5d001121ebb9e60e925d5816e4ac1e443ed3e640d9a6ae55d0c?s=96&d=mm&r=g\",\"contentUrl\":\"https:\/\/secure.gravatar.com\/avatar\/16a61e7272a0c5d001121ebb9e60e925d5816e4ac1e443ed3e640d9a6ae55d0c?s=96&d=mm&r=g\",\"caption\":\"US5\"},\"url\":\"https:\/\/veritasinfo.org\/?author=6\"}]}<\/script>\n<!-- \/ Yoast SEO plugin. -->","yoast_head_json":{"title":"Osmani p\u00ebrkujton masakr\u00ebn n\u00eb Tregun e Gjelb\u00ebr n\u00eb Mitrovic\u00eb, riafirmon thirrjen p\u00ebr drejt\u00ebsi -","robots":{"index":"index","follow":"follow","max-snippet":"max-snippet:-1","max-image-preview":"max-image-preview:large","max-video-preview":"max-video-preview:-1"},"canonical":"https:\/\/veritasinfo.org\/?p=37530","og_locale":"en_US","og_type":"article","og_title":"Osmani p\u00ebrkujton masakr\u00ebn n\u00eb Tregun e Gjelb\u00ebr n\u00eb Mitrovic\u00eb, riafirmon thirrjen p\u00ebr drejt\u00ebsi -","og_description":"Prishtin\u00eb 13 Mars 2026 11:48 Presidentja e Vjosa Osmani ka p\u00ebrkujtuar sot masakr\u00ebn n\u00eb Tregu i Gjelb\u00ebr, ku m\u00eb 13 mars 1999, nga granatat e","og_url":"https:\/\/veritasinfo.org\/?p=37530","article_published_time":"2026-03-13T10:49:44+00:00","og_image":[{"width":513,"height":366,"url":"https:\/\/veritasinfo.org\/wp-content\/uploads\/2026\/03\/IMG-20260313-WA0000.jpg","type":"image\/jpeg"}],"author":"US5","twitter_card":"summary_large_image","twitter_misc":{"Written by":"US5","Est. reading time":"1 minute"},"schema":{"@context":"https:\/\/schema.org","@graph":[{"@type":"WebPage","@id":"https:\/\/veritasinfo.org\/?p=37530","url":"https:\/\/veritasinfo.org\/?p=37530","name":"Osmani p\u00ebrkujton masakr\u00ebn n\u00eb Tregun e Gjelb\u00ebr n\u00eb Mitrovic\u00eb, riafirmon thirrjen p\u00ebr drejt\u00ebsi -","isPartOf":{"@id":"https:\/\/veritasinfo.org\/#website"},"primaryImageOfPage":{"@id":"https:\/\/veritasinfo.org\/?p=37530#primaryimage"},"image":{"@id":"https:\/\/veritasinfo.org\/?p=37530#primaryimage"},"thumbnailUrl":"https:\/\/veritasinfo.org\/wp-content\/uploads\/2026\/03\/IMG-20260313-WA0000.jpg","datePublished":"2026-03-13T10:49:44+00:00","author":{"@id":"https:\/\/veritasinfo.org\/#\/schema\/person\/bc442336e35414d04494ab8fb45db4c6"},"breadcrumb":{"@id":"https:\/\/veritasinfo.org\/?p=37530#breadcrumb"},"inLanguage":"en-US","potentialAction":[{"@type":"ReadAction","target":["https:\/\/veritasinfo.org\/?p=37530"]}]},{"@type":"ImageObject","inLanguage":"en-US","@id":"https:\/\/veritasinfo.org\/?p=37530#primaryimage","url":"https:\/\/veritasinfo.org\/wp-content\/uploads\/2026\/03\/IMG-20260313-WA0000.jpg","contentUrl":"https:\/\/veritasinfo.org\/wp-content\/uploads\/2026\/03\/IMG-20260313-WA0000.jpg","width":513,"height":366},{"@type":"BreadcrumbList","@id":"https:\/\/veritasinfo.org\/?p=37530#breadcrumb","itemListElement":[{"@type":"ListItem","position":1,"name":"Home","item":"https:\/\/veritasinfo.org\/"},{"@type":"ListItem","position":2,"name":"Osmani p\u00ebrkujton masakr\u00ebn n\u00eb Tregun e Gjelb\u00ebr n\u00eb Mitrovic\u00eb, riafirmon thirrjen p\u00ebr drejt\u00ebsi"}]},{"@type":"WebSite","@id":"https:\/\/veritasinfo.org\/#website","url":"https:\/\/veritasinfo.org\/","name":"","description":"","potentialAction":[{"@type":"SearchAction","target":{"@type":"EntryPoint","urlTemplate":"https:\/\/veritasinfo.org\/?s={search_term_string}"},"query-input":{"@type":"PropertyValueSpecification","valueRequired":true,"valueName":"search_term_string"}}],"inLanguage":"en-US"},{"@type":"Person","@id":"https:\/\/veritasinfo.org\/#\/schema\/person\/bc442336e35414d04494ab8fb45db4c6","name":"US5","image":{"@type":"ImageObject","inLanguage":"en-US","@id":"https:\/\/veritasinfo.org\/#\/schema\/person\/image\/","url":"https:\/\/secure.gravatar.com\/avatar\/16a61e7272a0c5d001121ebb9e60e925d5816e4ac1e443ed3e640d9a6ae55d0c?s=96&d=mm&r=g","contentUrl":"https:\/\/secure.gravatar.com\/avatar\/16a61e7272a0c5d001121ebb9e60e925d5816e4ac1e443ed3e640d9a6ae55d0c?s=96&d=mm&r=g","caption":"US5"},"url":"https:\/\/veritasinfo.org\/?author=6"}]}},"featured_image_urls":{"full":["https:\/\/veritasinfo.org\/wp-content\/uploads\/2026\/03\/IMG-20260313-WA0000.jpg",513,366,false],"thumbnail":["https:\/\/veritasinfo.org\/wp-content\/uploads\/2026\/03\/IMG-20260313-WA0000-150x150.jpg",150,150,true],"medium":["https:\/\/veritasinfo.org\/wp-content\/uploads\/2026\/03\/IMG-20260313-WA0000-300x214.jpg",300,214,true],"medium_large":["https:\/\/veritasinfo.org\/wp-content\/uploads\/2026\/03\/IMG-20260313-WA0000.jpg",513,366,false],"large":["https:\/\/veritasinfo.org\/wp-content\/uploads\/2026\/03\/IMG-20260313-WA0000.jpg",513,366,false],"1536x1536":["https:\/\/veritasinfo.org\/wp-content\/uploads\/2026\/03\/IMG-20260313-WA0000.jpg",513,366,false],"2048x2048":["https:\/\/veritasinfo.org\/wp-content\/uploads\/2026\/03\/IMG-20260313-WA0000.jpg",513,366,false],"kreeti-slider-full":["https:\/\/veritasinfo.org\/wp-content\/uploads\/2026\/03\/IMG-20260313-WA0000.jpg",513,366,false],"kreeti-featured":["https:\/\/veritasinfo.org\/wp-content\/uploads\/2026\/03\/IMG-20260313-WA0000.jpg",513,366,false],"kreeti-medium":["https:\/\/veritasinfo.org\/wp-content\/uploads\/2026\/03\/IMG-20260313-WA0000.jpg",513,366,false],"kreeti-medium-square":["https:\/\/veritasinfo.org\/wp-content\/uploads\/2026\/03\/IMG-20260313-WA0000.jpg",350,250,false]},"author_info":{"info":["US5"]},"category_info":"<a href=\"https:\/\/veritasinfo.org\/?cat=60\" rel=\"category\">Shoq\u00ebrore<\/a>","tag_info":"Shoq\u00ebrore","comment_count":"0","_links":{"self":[{"href":"https:\/\/veritasinfo.org\/index.php?rest_route=\/wp\/v2\/posts\/37530","targetHints":{"allow":["GET"]}}],"collection":[{"href":"https:\/\/veritasinfo.org\/index.php?rest_route=\/wp\/v2\/posts"}],"about":[{"href":"https:\/\/veritasinfo.org\/index.php?rest_route=\/wp\/v2\/types\/post"}],"author":[{"embeddable":true,"href":"https:\/\/veritasinfo.org\/index.php?rest_route=\/wp\/v2\/users\/6"}],"replies":[{"embeddable":true,"href":"https:\/\/veritasinfo.org\/index.php?rest_route=%2Fwp%2Fv2%2Fcomments&post=37530"}],"version-history":[{"count":1,"href":"https:\/\/veritasinfo.org\/index.php?rest_route=\/wp\/v2\/posts\/37530\/revisions"}],"predecessor-version":[{"id":37532,"href":"https:\/\/veritasinfo.org\/index.php?rest_route=\/wp\/v2\/posts\/37530\/revisions\/37532"}],"wp:featuredmedia":[{"embeddable":true,"href":"https:\/\/veritasinfo.org\/index.php?rest_route=\/wp\/v2\/media\/37531"}],"wp:attachment":[{"href":"https:\/\/veritasinfo.org\/index.php?rest_route=%2Fwp%2Fv2%2Fmedia&parent=37530"}],"wp:term":[{"taxonomy":"category","embeddable":true,"href":"https:\/\/veritasinfo.org\/index.php?rest_route=%2Fwp%2Fv2%2Fcategories&post=37530"},{"taxonomy":"post_tag","embeddable":true,"href":"https:\/\/veritasinfo.org\/index.php?rest_route=%2Fwp%2Fv2%2Ftags&post=37530"}],"curies":[{"name":"wp","href":"https:\/\/api.w.org\/{rel}","templated":true}]}}