{"id":37524,"date":"2026-03-13T11:19:20","date_gmt":"2026-03-13T10:19:20","guid":{"rendered":"https:\/\/veritasinfo.org\/?p=37524"},"modified":"2026-03-13T11:19:20","modified_gmt":"2026-03-13T10:19:20","slug":"diaspora-ne-paris-hap-klase-per-mesimin-e-gjuhes-shqipe","status":"publish","type":"post","link":"https:\/\/veritasinfo.org\/?p=37524","title":{"rendered":"Diaspora n\u00eb Paris hap klas\u00eb p\u00ebr m\u00ebsimin e gjuh\u00ebs shqipe"},"content":{"rendered":"<p>Prishtin\u00eb 13 Mars 2026 11:18<\/p>\n<p>N\u00eb kuad\u00ebr t\u00eb Dit\u00ebs s\u00eb M\u00ebsuesit, n\u00eb Qendr\u00ebn Kulturore Shqiptare \u201c28-11\u201d n\u00eb Paris u organizua aktiviteti \u201cDita e Dyerve t\u00eb Hapura\u201d, gjat\u00eb t\u00eb cilit u lan\u00e7ua edhe nisma p\u00ebr fillimin e m\u00ebsimit t\u00eb gjuh\u00ebs shqipe pran\u00eb k\u00ebsaj qendre kulturore, shkruan albinfo.ch.<\/p>\n<p>Aktiviteti mblodhi prind\u00ebr dhe f\u00ebmij\u00eb shqiptar\u00eb q\u00eb jetojn\u00eb n\u00eb kryeqytetin francez dhe n\u00eb zonat p\u00ebrreth, t\u00eb cil\u00ebt pat\u00ebn mund\u00ebsin\u00eb t\u00eb njihen nga af\u00ebr me k\u00ebt\u00eb iniciativ\u00eb q\u00eb synon ruajtjen dhe p\u00ebrcjelljen e gjuh\u00ebs dhe kultur\u00ebs shqiptare tek brezat e rinj t\u00eb diaspor\u00ebs.<\/p>\n<p>Atmosfera gjat\u00eb takimit ishte e ngroht\u00eb dhe plot entuziaz\u00ebm. Prind\u00ebrit dhe organizator\u00ebt ndan\u00eb ide dhe diskutuan mbi r\u00ebnd\u00ebsin\u00eb e m\u00ebsimit t\u00eb gjuh\u00ebs amtare, duke theksuar se ruajtja e saj \u00ebsht\u00eb nj\u00eb element i r\u00ebnd\u00ebsish\u00ebm p\u00ebr forcimin e identitetit kulturor t\u00eb f\u00ebmij\u00ebve shqiptar\u00eb q\u00eb rriten jasht\u00eb atdheut.<\/p>\n<p>Sipas organizator\u00ebve, duke filluar nga java e ardhshme n\u00eb Qendr\u00ebn Kulturore Shqiptare \u201c28-11\u201d do t\u00eb nis\u00eb nj\u00eb program i dedikuar p\u00ebr m\u00ebsimin e gjuh\u00ebs shqipe p\u00ebr f\u00ebmij\u00ebt dhe t\u00eb rinjt\u00eb shqiptar\u00eb n\u00eb Paris. Deri tani jan\u00eb regjistruar rreth 30 f\u00ebmij\u00eb dhe t\u00eb rinj, nd\u00ebrsa interesi pritet t\u00eb rritet edhe m\u00eb tej.<\/p>\n<p>Qendra ka b\u00ebr\u00eb t\u00eb ditur se dyert do t\u00eb mbeten t\u00eb hapura p\u00ebr \u00e7do f\u00ebmij\u00eb dhe t\u00eb ri shqiptar q\u00eb d\u00ebshiron t\u00eb m\u00ebsoj\u00eb gjuh\u00ebn shqipe dhe t\u00eb ruaj\u00eb lidhjen me rr\u00ebnj\u00ebt dhe tradit\u00ebn p\u00ebrmes gjuh\u00ebs dhe kultur\u00ebs s\u00eb origjin\u00ebs.<\/p>\n","protected":false},"excerpt":{"rendered":"<p>Prishtin\u00eb 13 Mars 2026 11:18 N\u00eb kuad\u00ebr t\u00eb Dit\u00ebs s\u00eb M\u00ebsuesit, n\u00eb Qendr\u00ebn Kulturore Shqiptare \u201c28-11\u201d n\u00eb Paris u organizua aktiviteti \u201cDita e Dyerve t\u00eb<\/p>\n","protected":false},"author":6,"featured_media":37525,"comment_status":"open","ping_status":"open","sticky":false,"template":"","format":"standard","meta":{"footnotes":""},"categories":[60],"tags":[],"class_list":["post-37524","post","type-post","status-publish","format-standard","has-post-thumbnail","hentry","category-shoqerore-sq"],"yoast_head":"<!-- This site is optimized with the Yoast SEO plugin v25.3.1 - https:\/\/yoast.com\/wordpress\/plugins\/seo\/ -->\n<title>Diaspora n\u00eb Paris hap klas\u00eb p\u00ebr m\u00ebsimin e gjuh\u00ebs shqipe -<\/title>\n<meta name=\"robots\" content=\"index, follow, max-snippet:-1, max-image-preview:large, max-video-preview:-1\" \/>\n<link rel=\"canonical\" href=\"https:\/\/veritasinfo.org\/?p=37524\" \/>\n<meta property=\"og:locale\" content=\"en_US\" \/>\n<meta property=\"og:type\" content=\"article\" \/>\n<meta property=\"og:title\" content=\"Diaspora n\u00eb Paris hap klas\u00eb p\u00ebr m\u00ebsimin e gjuh\u00ebs shqipe -\" \/>\n<meta property=\"og:description\" content=\"Prishtin\u00eb 13 Mars 2026 11:18 N\u00eb kuad\u00ebr t\u00eb Dit\u00ebs s\u00eb M\u00ebsuesit, n\u00eb Qendr\u00ebn Kulturore Shqiptare \u201c28-11\u201d n\u00eb Paris u organizua aktiviteti \u201cDita e Dyerve t\u00eb\" \/>\n<meta property=\"og:url\" content=\"https:\/\/veritasinfo.org\/?p=37524\" \/>\n<meta property=\"article:published_time\" content=\"2026-03-13T10:19:20+00:00\" \/>\n<meta property=\"og:image\" content=\"https:\/\/veritasinfo.org\/wp-content\/uploads\/2026\/03\/img_7900.jpeg\" \/>\n\t<meta property=\"og:image:width\" content=\"1536\" \/>\n\t<meta property=\"og:image:height\" content=\"1152\" \/>\n\t<meta property=\"og:image:type\" content=\"image\/jpeg\" \/>\n<meta name=\"author\" content=\"US5\" \/>\n<meta name=\"twitter:card\" content=\"summary_large_image\" \/>\n<meta name=\"twitter:label1\" content=\"Written by\" \/>\n\t<meta name=\"twitter:data1\" content=\"US5\" \/>\n\t<meta name=\"twitter:label2\" content=\"Est. reading time\" \/>\n\t<meta name=\"twitter:data2\" content=\"1 minute\" \/>\n<script type=\"application\/ld+json\" class=\"yoast-schema-graph\">{\"@context\":\"https:\/\/schema.org\",\"@graph\":[{\"@type\":\"WebPage\",\"@id\":\"https:\/\/veritasinfo.org\/?p=37524\",\"url\":\"https:\/\/veritasinfo.org\/?p=37524\",\"name\":\"Diaspora n\u00eb Paris hap klas\u00eb p\u00ebr m\u00ebsimin e gjuh\u00ebs shqipe -\",\"isPartOf\":{\"@id\":\"https:\/\/veritasinfo.org\/#website\"},\"primaryImageOfPage\":{\"@id\":\"https:\/\/veritasinfo.org\/?p=37524#primaryimage\"},\"image\":{\"@id\":\"https:\/\/veritasinfo.org\/?p=37524#primaryimage\"},\"thumbnailUrl\":\"https:\/\/veritasinfo.org\/wp-content\/uploads\/2026\/03\/img_7900.jpeg\",\"datePublished\":\"2026-03-13T10:19:20+00:00\",\"author\":{\"@id\":\"https:\/\/veritasinfo.org\/#\/schema\/person\/bc442336e35414d04494ab8fb45db4c6\"},\"breadcrumb\":{\"@id\":\"https:\/\/veritasinfo.org\/?p=37524#breadcrumb\"},\"inLanguage\":\"en-US\",\"potentialAction\":[{\"@type\":\"ReadAction\",\"target\":[\"https:\/\/veritasinfo.org\/?p=37524\"]}]},{\"@type\":\"ImageObject\",\"inLanguage\":\"en-US\",\"@id\":\"https:\/\/veritasinfo.org\/?p=37524#primaryimage\",\"url\":\"https:\/\/veritasinfo.org\/wp-content\/uploads\/2026\/03\/img_7900.jpeg\",\"contentUrl\":\"https:\/\/veritasinfo.org\/wp-content\/uploads\/2026\/03\/img_7900.jpeg\",\"width\":1536,\"height\":1152},{\"@type\":\"BreadcrumbList\",\"@id\":\"https:\/\/veritasinfo.org\/?p=37524#breadcrumb\",\"itemListElement\":[{\"@type\":\"ListItem\",\"position\":1,\"name\":\"Home\",\"item\":\"https:\/\/veritasinfo.org\/\"},{\"@type\":\"ListItem\",\"position\":2,\"name\":\"Diaspora n\u00eb Paris hap klas\u00eb p\u00ebr m\u00ebsimin e gjuh\u00ebs shqipe\"}]},{\"@type\":\"WebSite\",\"@id\":\"https:\/\/veritasinfo.org\/#website\",\"url\":\"https:\/\/veritasinfo.org\/\",\"name\":\"\",\"description\":\"\",\"potentialAction\":[{\"@type\":\"SearchAction\",\"target\":{\"@type\":\"EntryPoint\",\"urlTemplate\":\"https:\/\/veritasinfo.org\/?s={search_term_string}\"},\"query-input\":{\"@type\":\"PropertyValueSpecification\",\"valueRequired\":true,\"valueName\":\"search_term_string\"}}],\"inLanguage\":\"en-US\"},{\"@type\":\"Person\",\"@id\":\"https:\/\/veritasinfo.org\/#\/schema\/person\/bc442336e35414d04494ab8fb45db4c6\",\"name\":\"US5\",\"image\":{\"@type\":\"ImageObject\",\"inLanguage\":\"en-US\",\"@id\":\"https:\/\/veritasinfo.org\/#\/schema\/person\/image\/\",\"url\":\"https:\/\/secure.gravatar.com\/avatar\/16a61e7272a0c5d001121ebb9e60e925d5816e4ac1e443ed3e640d9a6ae55d0c?s=96&d=mm&r=g\",\"contentUrl\":\"https:\/\/secure.gravatar.com\/avatar\/16a61e7272a0c5d001121ebb9e60e925d5816e4ac1e443ed3e640d9a6ae55d0c?s=96&d=mm&r=g\",\"caption\":\"US5\"},\"url\":\"https:\/\/veritasinfo.org\/?author=6\"}]}<\/script>\n<!-- \/ Yoast SEO plugin. -->","yoast_head_json":{"title":"Diaspora n\u00eb Paris hap klas\u00eb p\u00ebr m\u00ebsimin e gjuh\u00ebs shqipe -","robots":{"index":"index","follow":"follow","max-snippet":"max-snippet:-1","max-image-preview":"max-image-preview:large","max-video-preview":"max-video-preview:-1"},"canonical":"https:\/\/veritasinfo.org\/?p=37524","og_locale":"en_US","og_type":"article","og_title":"Diaspora n\u00eb Paris hap klas\u00eb p\u00ebr m\u00ebsimin e gjuh\u00ebs shqipe -","og_description":"Prishtin\u00eb 13 Mars 2026 11:18 N\u00eb kuad\u00ebr t\u00eb Dit\u00ebs s\u00eb M\u00ebsuesit, n\u00eb Qendr\u00ebn Kulturore Shqiptare \u201c28-11\u201d n\u00eb Paris u organizua aktiviteti \u201cDita e Dyerve t\u00eb","og_url":"https:\/\/veritasinfo.org\/?p=37524","article_published_time":"2026-03-13T10:19:20+00:00","og_image":[{"width":1536,"height":1152,"url":"https:\/\/veritasinfo.org\/wp-content\/uploads\/2026\/03\/img_7900.jpeg","type":"image\/jpeg"}],"author":"US5","twitter_card":"summary_large_image","twitter_misc":{"Written by":"US5","Est. reading time":"1 minute"},"schema":{"@context":"https:\/\/schema.org","@graph":[{"@type":"WebPage","@id":"https:\/\/veritasinfo.org\/?p=37524","url":"https:\/\/veritasinfo.org\/?p=37524","name":"Diaspora n\u00eb Paris hap klas\u00eb p\u00ebr m\u00ebsimin e gjuh\u00ebs shqipe -","isPartOf":{"@id":"https:\/\/veritasinfo.org\/#website"},"primaryImageOfPage":{"@id":"https:\/\/veritasinfo.org\/?p=37524#primaryimage"},"image":{"@id":"https:\/\/veritasinfo.org\/?p=37524#primaryimage"},"thumbnailUrl":"https:\/\/veritasinfo.org\/wp-content\/uploads\/2026\/03\/img_7900.jpeg","datePublished":"2026-03-13T10:19:20+00:00","author":{"@id":"https:\/\/veritasinfo.org\/#\/schema\/person\/bc442336e35414d04494ab8fb45db4c6"},"breadcrumb":{"@id":"https:\/\/veritasinfo.org\/?p=37524#breadcrumb"},"inLanguage":"en-US","potentialAction":[{"@type":"ReadAction","target":["https:\/\/veritasinfo.org\/?p=37524"]}]},{"@type":"ImageObject","inLanguage":"en-US","@id":"https:\/\/veritasinfo.org\/?p=37524#primaryimage","url":"https:\/\/veritasinfo.org\/wp-content\/uploads\/2026\/03\/img_7900.jpeg","contentUrl":"https:\/\/veritasinfo.org\/wp-content\/uploads\/2026\/03\/img_7900.jpeg","width":1536,"height":1152},{"@type":"BreadcrumbList","@id":"https:\/\/veritasinfo.org\/?p=37524#breadcrumb","itemListElement":[{"@type":"ListItem","position":1,"name":"Home","item":"https:\/\/veritasinfo.org\/"},{"@type":"ListItem","position":2,"name":"Diaspora n\u00eb Paris hap klas\u00eb p\u00ebr m\u00ebsimin e gjuh\u00ebs shqipe"}]},{"@type":"WebSite","@id":"https:\/\/veritasinfo.org\/#website","url":"https:\/\/veritasinfo.org\/","name":"","description":"","potentialAction":[{"@type":"SearchAction","target":{"@type":"EntryPoint","urlTemplate":"https:\/\/veritasinfo.org\/?s={search_term_string}"},"query-input":{"@type":"PropertyValueSpecification","valueRequired":true,"valueName":"search_term_string"}}],"inLanguage":"en-US"},{"@type":"Person","@id":"https:\/\/veritasinfo.org\/#\/schema\/person\/bc442336e35414d04494ab8fb45db4c6","name":"US5","image":{"@type":"ImageObject","inLanguage":"en-US","@id":"https:\/\/veritasinfo.org\/#\/schema\/person\/image\/","url":"https:\/\/secure.gravatar.com\/avatar\/16a61e7272a0c5d001121ebb9e60e925d5816e4ac1e443ed3e640d9a6ae55d0c?s=96&d=mm&r=g","contentUrl":"https:\/\/secure.gravatar.com\/avatar\/16a61e7272a0c5d001121ebb9e60e925d5816e4ac1e443ed3e640d9a6ae55d0c?s=96&d=mm&r=g","caption":"US5"},"url":"https:\/\/veritasinfo.org\/?author=6"}]}},"featured_image_urls":{"full":["https:\/\/veritasinfo.org\/wp-content\/uploads\/2026\/03\/img_7900.jpeg",1536,1152,false],"thumbnail":["https:\/\/veritasinfo.org\/wp-content\/uploads\/2026\/03\/img_7900-150x150.jpeg",150,150,true],"medium":["https:\/\/veritasinfo.org\/wp-content\/uploads\/2026\/03\/img_7900-300x225.jpeg",300,225,true],"medium_large":["https:\/\/veritasinfo.org\/wp-content\/uploads\/2026\/03\/img_7900-768x576.jpeg",640,480,true],"large":["https:\/\/veritasinfo.org\/wp-content\/uploads\/2026\/03\/img_7900-1024x768.jpeg",640,480,true],"1536x1536":["https:\/\/veritasinfo.org\/wp-content\/uploads\/2026\/03\/img_7900.jpeg",1536,1152,false],"2048x2048":["https:\/\/veritasinfo.org\/wp-content\/uploads\/2026\/03\/img_7900.jpeg",1536,1152,false],"kreeti-slider-full":["https:\/\/veritasinfo.org\/wp-content\/uploads\/2026\/03\/img_7900.jpeg",960,720,false],"kreeti-featured":["https:\/\/veritasinfo.org\/wp-content\/uploads\/2026\/03\/img_7900.jpeg",1024,768,false],"kreeti-medium":["https:\/\/veritasinfo.org\/wp-content\/uploads\/2026\/03\/img_7900.jpeg",707,530,false],"kreeti-medium-square":["https:\/\/veritasinfo.org\/wp-content\/uploads\/2026\/03\/img_7900.jpeg",350,263,false]},"author_info":{"info":["US5"]},"category_info":"<a href=\"https:\/\/veritasinfo.org\/?cat=60\" rel=\"category\">Shoq\u00ebrore<\/a>","tag_info":"Shoq\u00ebrore","comment_count":"0","_links":{"self":[{"href":"https:\/\/veritasinfo.org\/index.php?rest_route=\/wp\/v2\/posts\/37524","targetHints":{"allow":["GET"]}}],"collection":[{"href":"https:\/\/veritasinfo.org\/index.php?rest_route=\/wp\/v2\/posts"}],"about":[{"href":"https:\/\/veritasinfo.org\/index.php?rest_route=\/wp\/v2\/types\/post"}],"author":[{"embeddable":true,"href":"https:\/\/veritasinfo.org\/index.php?rest_route=\/wp\/v2\/users\/6"}],"replies":[{"embeddable":true,"href":"https:\/\/veritasinfo.org\/index.php?rest_route=%2Fwp%2Fv2%2Fcomments&post=37524"}],"version-history":[{"count":1,"href":"https:\/\/veritasinfo.org\/index.php?rest_route=\/wp\/v2\/posts\/37524\/revisions"}],"predecessor-version":[{"id":37526,"href":"https:\/\/veritasinfo.org\/index.php?rest_route=\/wp\/v2\/posts\/37524\/revisions\/37526"}],"wp:featuredmedia":[{"embeddable":true,"href":"https:\/\/veritasinfo.org\/index.php?rest_route=\/wp\/v2\/media\/37525"}],"wp:attachment":[{"href":"https:\/\/veritasinfo.org\/index.php?rest_route=%2Fwp%2Fv2%2Fmedia&parent=37524"}],"wp:term":[{"taxonomy":"category","embeddable":true,"href":"https:\/\/veritasinfo.org\/index.php?rest_route=%2Fwp%2Fv2%2Fcategories&post=37524"},{"taxonomy":"post_tag","embeddable":true,"href":"https:\/\/veritasinfo.org\/index.php?rest_route=%2Fwp%2Fv2%2Ftags&post=37524"}],"curies":[{"name":"wp","href":"https:\/\/api.w.org\/{rel}","templated":true}]}}