{"id":37503,"date":"2026-03-13T10:41:34","date_gmt":"2026-03-13T09:41:34","guid":{"rendered":"https:\/\/veritasinfo.org\/?p=37503"},"modified":"2026-03-13T10:41:34","modified_gmt":"2026-03-13T09:41:34","slug":"konjufca-mirepret-heqjen-e-fusnotes-per-kosoven","status":"publish","type":"post","link":"https:\/\/veritasinfo.org\/?p=37503","title":{"rendered":"Konjufca mir\u00ebpret heqjen e fusnot\u00ebs p\u00ebr Kosov\u00ebn"},"content":{"rendered":"<p>Prishtin\u00eb 13 Mars 2026 10:40<\/p>\n<p>Komiteti i rajoneve i Bashkimit Evropian ka vendosur t\u00eb heq\u00eb asteriskun dhe fusnot\u00ebn nga p\u00ebrdorimi p\u00ebr Kosov\u00ebn n\u00eb dokumentet e tij zyrtare, me q\u00ebllim q\u00eb terminologjia t\u00eb harmonizohet me at\u00eb t\u00eb Parlamenti Evropian.<\/p>\n<p>Lidhur me k\u00ebt\u00eb zhvillim ka reaguar n\u00eb rrjetin social X z\u00ebvend\u00ebskryeministri i par\u00eb dhe ministri i Pun\u00ebve t\u00eb Jashtme, Glauk Konjufca.<\/p>\n<p>Ai e ka mir\u00ebpritur vendimin e Komitetit t\u00eb rajoneve p\u00ebr t\u00eb nd\u00ebrprer\u00eb p\u00ebrdorimin e termit \u201cKosova*\u201d dhe fusnot\u00ebs shoq\u00ebruese n\u00eb dokumentet publike, duke theksuar se ky hap e afron k\u00ebt\u00eb institucion me q\u00ebndrimin e Parlamentit Evropian dhe sjell m\u00eb shum\u00eb qart\u00ebsi institucionale n\u00eb lidhje me perspektiv\u00ebn evropiane t\u00eb Kosov\u00ebs.<\/p>\n<p>\u201cNe mir\u00ebpresim vendimin e Komitetit t\u00eb rajoneve p\u00ebr t\u00eb nd\u00ebrprer\u00eb p\u00ebrdorimin e \u2018Kosovo*\u2019 dhe fusnot\u00ebs shoq\u00ebruese n\u00eb dokumentet e tij publike. Ky hap e rreshton Komitetin me Parlamentin Evropian dhe pasqyron nj\u00eb qart\u00ebsi m\u00eb t\u00eb madhe institucionale sa i p\u00ebrket perspektiv\u00ebs evropiane t\u00eb Kosov\u00ebs\u201d, ka shkruar ai.<\/p>\n<p>Konjufca gjithashtu ka shprehur fal\u00ebnderim t\u00eb ve\u00e7ant\u00eb p\u00ebr Gillian Coughlanin, kryetare e Grupit t\u00eb pun\u00ebs p\u00ebr Kosov\u00ebn n\u00eb Komitetin e rajoneve dhe raportuese p\u00ebr zgjerimin, p\u00ebr mb\u00ebshtetjen e saj parimore dhe angazhimin e vazhduesh\u00ebm p\u00ebr Kosov\u00ebn.<\/p>\n","protected":false},"excerpt":{"rendered":"<p>Prishtin\u00eb 13 Mars 2026 10:40 Komiteti i rajoneve i Bashkimit Evropian ka vendosur t\u00eb heq\u00eb asteriskun dhe fusnot\u00ebn nga p\u00ebrdorimi p\u00ebr Kosov\u00ebn n\u00eb dokumentet e<\/p>\n","protected":false},"author":6,"featured_media":37504,"comment_status":"open","ping_status":"open","sticky":false,"template":"","format":"standard","meta":{"footnotes":""},"categories":[60],"tags":[],"class_list":["post-37503","post","type-post","status-publish","format-standard","has-post-thumbnail","hentry","category-shoqerore-sq"],"yoast_head":"<!-- This site is optimized with the Yoast SEO plugin v25.3.1 - https:\/\/yoast.com\/wordpress\/plugins\/seo\/ -->\n<title>Konjufca mir\u00ebpret heqjen e fusnot\u00ebs p\u00ebr Kosov\u00ebn -<\/title>\n<meta name=\"robots\" content=\"index, follow, max-snippet:-1, max-image-preview:large, max-video-preview:-1\" \/>\n<link rel=\"canonical\" href=\"https:\/\/veritasinfo.org\/?p=37503\" \/>\n<meta property=\"og:locale\" content=\"en_US\" \/>\n<meta property=\"og:type\" content=\"article\" \/>\n<meta property=\"og:title\" content=\"Konjufca mir\u00ebpret heqjen e fusnot\u00ebs p\u00ebr Kosov\u00ebn -\" \/>\n<meta property=\"og:description\" content=\"Prishtin\u00eb 13 Mars 2026 10:40 Komiteti i rajoneve i Bashkimit Evropian ka vendosur t\u00eb heq\u00eb asteriskun dhe fusnot\u00ebn nga p\u00ebrdorimi p\u00ebr Kosov\u00ebn n\u00eb dokumentet e\" \/>\n<meta property=\"og:url\" content=\"https:\/\/veritasinfo.org\/?p=37503\" \/>\n<meta property=\"article:published_time\" content=\"2026-03-13T09:41:34+00:00\" \/>\n<meta property=\"og:image\" content=\"https:\/\/veritasinfo.org\/wp-content\/uploads\/2026\/03\/konjufca.jpg\" \/>\n\t<meta property=\"og:image:width\" content=\"748\" \/>\n\t<meta property=\"og:image:height\" content=\"449\" \/>\n\t<meta property=\"og:image:type\" content=\"image\/jpeg\" \/>\n<meta name=\"author\" content=\"US5\" \/>\n<meta name=\"twitter:card\" content=\"summary_large_image\" \/>\n<meta name=\"twitter:label1\" content=\"Written by\" \/>\n\t<meta name=\"twitter:data1\" content=\"US5\" \/>\n\t<meta name=\"twitter:label2\" content=\"Est. reading time\" \/>\n\t<meta name=\"twitter:data2\" content=\"1 minute\" \/>\n<script type=\"application\/ld+json\" class=\"yoast-schema-graph\">{\"@context\":\"https:\/\/schema.org\",\"@graph\":[{\"@type\":\"WebPage\",\"@id\":\"https:\/\/veritasinfo.org\/?p=37503\",\"url\":\"https:\/\/veritasinfo.org\/?p=37503\",\"name\":\"Konjufca mir\u00ebpret heqjen e fusnot\u00ebs p\u00ebr Kosov\u00ebn -\",\"isPartOf\":{\"@id\":\"https:\/\/veritasinfo.org\/#website\"},\"primaryImageOfPage\":{\"@id\":\"https:\/\/veritasinfo.org\/?p=37503#primaryimage\"},\"image\":{\"@id\":\"https:\/\/veritasinfo.org\/?p=37503#primaryimage\"},\"thumbnailUrl\":\"https:\/\/veritasinfo.org\/wp-content\/uploads\/2026\/03\/konjufca.jpg\",\"datePublished\":\"2026-03-13T09:41:34+00:00\",\"author\":{\"@id\":\"https:\/\/veritasinfo.org\/#\/schema\/person\/bc442336e35414d04494ab8fb45db4c6\"},\"breadcrumb\":{\"@id\":\"https:\/\/veritasinfo.org\/?p=37503#breadcrumb\"},\"inLanguage\":\"en-US\",\"potentialAction\":[{\"@type\":\"ReadAction\",\"target\":[\"https:\/\/veritasinfo.org\/?p=37503\"]}]},{\"@type\":\"ImageObject\",\"inLanguage\":\"en-US\",\"@id\":\"https:\/\/veritasinfo.org\/?p=37503#primaryimage\",\"url\":\"https:\/\/veritasinfo.org\/wp-content\/uploads\/2026\/03\/konjufca.jpg\",\"contentUrl\":\"https:\/\/veritasinfo.org\/wp-content\/uploads\/2026\/03\/konjufca.jpg\",\"width\":748,\"height\":449},{\"@type\":\"BreadcrumbList\",\"@id\":\"https:\/\/veritasinfo.org\/?p=37503#breadcrumb\",\"itemListElement\":[{\"@type\":\"ListItem\",\"position\":1,\"name\":\"Home\",\"item\":\"https:\/\/veritasinfo.org\/\"},{\"@type\":\"ListItem\",\"position\":2,\"name\":\"Konjufca mir\u00ebpret heqjen e fusnot\u00ebs p\u00ebr Kosov\u00ebn\"}]},{\"@type\":\"WebSite\",\"@id\":\"https:\/\/veritasinfo.org\/#website\",\"url\":\"https:\/\/veritasinfo.org\/\",\"name\":\"\",\"description\":\"\",\"potentialAction\":[{\"@type\":\"SearchAction\",\"target\":{\"@type\":\"EntryPoint\",\"urlTemplate\":\"https:\/\/veritasinfo.org\/?s={search_term_string}\"},\"query-input\":{\"@type\":\"PropertyValueSpecification\",\"valueRequired\":true,\"valueName\":\"search_term_string\"}}],\"inLanguage\":\"en-US\"},{\"@type\":\"Person\",\"@id\":\"https:\/\/veritasinfo.org\/#\/schema\/person\/bc442336e35414d04494ab8fb45db4c6\",\"name\":\"US5\",\"image\":{\"@type\":\"ImageObject\",\"inLanguage\":\"en-US\",\"@id\":\"https:\/\/veritasinfo.org\/#\/schema\/person\/image\/\",\"url\":\"https:\/\/secure.gravatar.com\/avatar\/16a61e7272a0c5d001121ebb9e60e925d5816e4ac1e443ed3e640d9a6ae55d0c?s=96&d=mm&r=g\",\"contentUrl\":\"https:\/\/secure.gravatar.com\/avatar\/16a61e7272a0c5d001121ebb9e60e925d5816e4ac1e443ed3e640d9a6ae55d0c?s=96&d=mm&r=g\",\"caption\":\"US5\"},\"url\":\"https:\/\/veritasinfo.org\/?author=6\"}]}<\/script>\n<!-- \/ Yoast SEO plugin. -->","yoast_head_json":{"title":"Konjufca mir\u00ebpret heqjen e fusnot\u00ebs p\u00ebr Kosov\u00ebn -","robots":{"index":"index","follow":"follow","max-snippet":"max-snippet:-1","max-image-preview":"max-image-preview:large","max-video-preview":"max-video-preview:-1"},"canonical":"https:\/\/veritasinfo.org\/?p=37503","og_locale":"en_US","og_type":"article","og_title":"Konjufca mir\u00ebpret heqjen e fusnot\u00ebs p\u00ebr Kosov\u00ebn -","og_description":"Prishtin\u00eb 13 Mars 2026 10:40 Komiteti i rajoneve i Bashkimit Evropian ka vendosur t\u00eb heq\u00eb asteriskun dhe fusnot\u00ebn nga p\u00ebrdorimi p\u00ebr Kosov\u00ebn n\u00eb dokumentet e","og_url":"https:\/\/veritasinfo.org\/?p=37503","article_published_time":"2026-03-13T09:41:34+00:00","og_image":[{"width":748,"height":449,"url":"https:\/\/veritasinfo.org\/wp-content\/uploads\/2026\/03\/konjufca.jpg","type":"image\/jpeg"}],"author":"US5","twitter_card":"summary_large_image","twitter_misc":{"Written by":"US5","Est. reading time":"1 minute"},"schema":{"@context":"https:\/\/schema.org","@graph":[{"@type":"WebPage","@id":"https:\/\/veritasinfo.org\/?p=37503","url":"https:\/\/veritasinfo.org\/?p=37503","name":"Konjufca mir\u00ebpret heqjen e fusnot\u00ebs p\u00ebr Kosov\u00ebn -","isPartOf":{"@id":"https:\/\/veritasinfo.org\/#website"},"primaryImageOfPage":{"@id":"https:\/\/veritasinfo.org\/?p=37503#primaryimage"},"image":{"@id":"https:\/\/veritasinfo.org\/?p=37503#primaryimage"},"thumbnailUrl":"https:\/\/veritasinfo.org\/wp-content\/uploads\/2026\/03\/konjufca.jpg","datePublished":"2026-03-13T09:41:34+00:00","author":{"@id":"https:\/\/veritasinfo.org\/#\/schema\/person\/bc442336e35414d04494ab8fb45db4c6"},"breadcrumb":{"@id":"https:\/\/veritasinfo.org\/?p=37503#breadcrumb"},"inLanguage":"en-US","potentialAction":[{"@type":"ReadAction","target":["https:\/\/veritasinfo.org\/?p=37503"]}]},{"@type":"ImageObject","inLanguage":"en-US","@id":"https:\/\/veritasinfo.org\/?p=37503#primaryimage","url":"https:\/\/veritasinfo.org\/wp-content\/uploads\/2026\/03\/konjufca.jpg","contentUrl":"https:\/\/veritasinfo.org\/wp-content\/uploads\/2026\/03\/konjufca.jpg","width":748,"height":449},{"@type":"BreadcrumbList","@id":"https:\/\/veritasinfo.org\/?p=37503#breadcrumb","itemListElement":[{"@type":"ListItem","position":1,"name":"Home","item":"https:\/\/veritasinfo.org\/"},{"@type":"ListItem","position":2,"name":"Konjufca mir\u00ebpret heqjen e fusnot\u00ebs p\u00ebr Kosov\u00ebn"}]},{"@type":"WebSite","@id":"https:\/\/veritasinfo.org\/#website","url":"https:\/\/veritasinfo.org\/","name":"","description":"","potentialAction":[{"@type":"SearchAction","target":{"@type":"EntryPoint","urlTemplate":"https:\/\/veritasinfo.org\/?s={search_term_string}"},"query-input":{"@type":"PropertyValueSpecification","valueRequired":true,"valueName":"search_term_string"}}],"inLanguage":"en-US"},{"@type":"Person","@id":"https:\/\/veritasinfo.org\/#\/schema\/person\/bc442336e35414d04494ab8fb45db4c6","name":"US5","image":{"@type":"ImageObject","inLanguage":"en-US","@id":"https:\/\/veritasinfo.org\/#\/schema\/person\/image\/","url":"https:\/\/secure.gravatar.com\/avatar\/16a61e7272a0c5d001121ebb9e60e925d5816e4ac1e443ed3e640d9a6ae55d0c?s=96&d=mm&r=g","contentUrl":"https:\/\/secure.gravatar.com\/avatar\/16a61e7272a0c5d001121ebb9e60e925d5816e4ac1e443ed3e640d9a6ae55d0c?s=96&d=mm&r=g","caption":"US5"},"url":"https:\/\/veritasinfo.org\/?author=6"}]}},"featured_image_urls":{"full":["https:\/\/veritasinfo.org\/wp-content\/uploads\/2026\/03\/konjufca.jpg",748,449,false],"thumbnail":["https:\/\/veritasinfo.org\/wp-content\/uploads\/2026\/03\/konjufca-150x150.jpg",150,150,true],"medium":["https:\/\/veritasinfo.org\/wp-content\/uploads\/2026\/03\/konjufca-300x180.jpg",300,180,true],"medium_large":["https:\/\/veritasinfo.org\/wp-content\/uploads\/2026\/03\/konjufca.jpg",640,384,false],"large":["https:\/\/veritasinfo.org\/wp-content\/uploads\/2026\/03\/konjufca.jpg",640,384,false],"1536x1536":["https:\/\/veritasinfo.org\/wp-content\/uploads\/2026\/03\/konjufca.jpg",748,449,false],"2048x2048":["https:\/\/veritasinfo.org\/wp-content\/uploads\/2026\/03\/konjufca.jpg",748,449,false],"kreeti-slider-full":["https:\/\/veritasinfo.org\/wp-content\/uploads\/2026\/03\/konjufca.jpg",748,449,false],"kreeti-featured":["https:\/\/veritasinfo.org\/wp-content\/uploads\/2026\/03\/konjufca.jpg",748,449,false],"kreeti-medium":["https:\/\/veritasinfo.org\/wp-content\/uploads\/2026\/03\/konjufca.jpg",720,432,false],"kreeti-medium-square":["https:\/\/veritasinfo.org\/wp-content\/uploads\/2026\/03\/konjufca.jpg",350,210,false]},"author_info":{"info":["US5"]},"category_info":"<a href=\"https:\/\/veritasinfo.org\/?cat=60\" rel=\"category\">Shoq\u00ebrore<\/a>","tag_info":"Shoq\u00ebrore","comment_count":"0","_links":{"self":[{"href":"https:\/\/veritasinfo.org\/index.php?rest_route=\/wp\/v2\/posts\/37503","targetHints":{"allow":["GET"]}}],"collection":[{"href":"https:\/\/veritasinfo.org\/index.php?rest_route=\/wp\/v2\/posts"}],"about":[{"href":"https:\/\/veritasinfo.org\/index.php?rest_route=\/wp\/v2\/types\/post"}],"author":[{"embeddable":true,"href":"https:\/\/veritasinfo.org\/index.php?rest_route=\/wp\/v2\/users\/6"}],"replies":[{"embeddable":true,"href":"https:\/\/veritasinfo.org\/index.php?rest_route=%2Fwp%2Fv2%2Fcomments&post=37503"}],"version-history":[{"count":1,"href":"https:\/\/veritasinfo.org\/index.php?rest_route=\/wp\/v2\/posts\/37503\/revisions"}],"predecessor-version":[{"id":37505,"href":"https:\/\/veritasinfo.org\/index.php?rest_route=\/wp\/v2\/posts\/37503\/revisions\/37505"}],"wp:featuredmedia":[{"embeddable":true,"href":"https:\/\/veritasinfo.org\/index.php?rest_route=\/wp\/v2\/media\/37504"}],"wp:attachment":[{"href":"https:\/\/veritasinfo.org\/index.php?rest_route=%2Fwp%2Fv2%2Fmedia&parent=37503"}],"wp:term":[{"taxonomy":"category","embeddable":true,"href":"https:\/\/veritasinfo.org\/index.php?rest_route=%2Fwp%2Fv2%2Fcategories&post=37503"},{"taxonomy":"post_tag","embeddable":true,"href":"https:\/\/veritasinfo.org\/index.php?rest_route=%2Fwp%2Fv2%2Ftags&post=37503"}],"curies":[{"name":"wp","href":"https:\/\/api.w.org\/{rel}","templated":true}]}}