{"id":37500,"date":"2026-03-13T10:22:24","date_gmt":"2026-03-13T09:22:24","guid":{"rendered":"https:\/\/veritasinfo.org\/?p=37500"},"modified":"2026-03-13T10:22:24","modified_gmt":"2026-03-13T09:22:24","slug":"kongresiste-e-senatore-i-kerkojne-rubios-ta-parandaloje-kufizimin-e-mundshem-te-trupave-amerikane-ne-kosove","status":"publish","type":"post","link":"https:\/\/veritasinfo.org\/?p=37500","title":{"rendered":"Kongresist\u00eb e senator\u00eb i k\u00ebrkojn\u00eb Rubios ta parandaloj\u00eb kufizimin e mundsh\u00ebm t\u00eb trupave amerikane n\u00eb Kosov\u00eb"},"content":{"rendered":"<p>Prishtin\u00eb, 13 mars 2026 10:20<\/p>\n<p>Disa an\u00ebtar\u00eb t\u00eb Kongresit amerikan i kan\u00eb b\u00ebr\u00eb thirrje p\u00ebrmes nj\u00eb letre sekretarin t\u00eb Shtetit, Marco Rubio, ta parandaloj\u00eb kufizimin e mundshme t\u00eb trupave amerikane n\u00eb Kosov\u00eb, duke th\u00ebn\u00eb se nj\u00eb t\u00ebrheqje e till\u00eb rrezikon t\u00eb shkaktoj\u00eb paq\u00ebndrueshm\u00ebri jo vet\u00ebm vendin, por edhe rajonin e gjer\u00eb t\u00eb Ballkanit Per\u00ebndimor n\u00eb nj\u00eb koh\u00eb t\u00eb ndikimeve keqdash\u00ebse.<\/p>\n<p>N\u00eb letr\u00ebn drejtuar Rubios m\u00eb 11 mars, ata shpreh\u00ebn \u201cshqet\u00ebsim t\u00eb thell\u00eb\u201d me raportimet se administrata e presidentit Donald Trump mund t\u00eb t\u00ebrheq\u00eb nj\u00eb pjes\u00eb t\u00eb forcave amerikane nga misioni i NATO-s n\u00eb Kosov\u00eb, KFOR.<\/p>\n<p>N\u00eb nj\u00eb koh\u00eb t\u00eb brisht\u00ebsis\u00eb s\u00eb shtuar politike dhe t\u00eb rritjes s\u00eb ndikimit keqdash\u00ebs n\u00eb Ballkanin Per\u00ebndimor, nj\u00eb reduktim i parakohsh\u00ebm i pranis\u00eb amerikane rrezikon t\u00eb destabilizoj\u00eb jo vet\u00ebm Kosov\u00ebn, por edhe rajonin m\u00eb t\u00eb gjer\u00eb, ve\u00e7an\u00ebrisht Bosnj\u00eb dhe Hercegovin\u00ebn. Ju b\u00ebjm\u00eb thirrje t\u00eb ruani nivelin e forcave amerikane p\u00ebr t\u00eb mbrojtur interesat e siguris\u00eb komb\u00ebtare t\u00eb ShBA-s\u00eb n\u00eb rajonin e Ballkanit Per\u00ebndimor\u201d, thuhet n\u00eb let\u00ebr.<\/p>\n<p>Letra e tyre vjen pasi m\u00eb 19 shkurt gazeta amerikane, Politico, duke cituar kat\u00ebr diplomat\u00eb t\u00eb NATO-s, raportoi se Shtetet e Bashkuara po k\u00ebrkojn\u00eb nga aleat\u00ebt t\u00eb shqyrtojn\u00eb kufizimin e angazhimeve t\u00eb jashtme t\u00eb aleanc\u00ebs, p\u00ebrfshir\u00eb edhe misionin n\u00eb Kosov\u00eb.<\/p>\n<p>I pyetur p\u00ebr k\u00ebt\u00eb, Pentagoni i tha Radios Evropa e Lir\u00eb n\u00eb nj\u00eb p\u00ebrgjigje se nuk kishte ndonj\u00eb njoftim p\u00ebr ndryshim t\u00eb dislokimit t\u00eb forcave.<\/p>\n<p>&nbsp;<\/p>\n<p>Rreth 590 forca amerikane sh\u00ebrbejn\u00eb n\u00eb Kosov\u00eb si pjes\u00eb e misionit paqeruajt\u00ebs t\u00eb NATO-s, KFOR.<\/p>\n<p>KFOR-i \u00ebsht\u00eb reaguesi i tret\u00eb i siguris\u00eb n\u00eb Kosov\u00eb, pas Policis\u00eb s\u00eb Kosov\u00ebs dhe misionit t\u00eb Bashkimit Evropian p\u00ebr sundim t\u00eb ligjit, EULEX. Por, ky mision paqeruajt\u00ebs, ve\u00e7 tjerash, \u00ebsht\u00eb p\u00ebrgjegj\u00ebs p\u00ebr sigurin\u00eb n\u00eb vij\u00ebn kufitare mes Kosov\u00ebs dhe Serbis\u00eb, dy vendeve fqinje q\u00eb vazhdojn\u00eb t\u00eb ken\u00eb marr\u00ebdh\u00ebnie t\u00eb tensionuara.<\/p>\n","protected":false},"excerpt":{"rendered":"<p>Prishtin\u00eb, 13 mars 2026 10:20 Disa an\u00ebtar\u00eb t\u00eb Kongresit amerikan i kan\u00eb b\u00ebr\u00eb thirrje p\u00ebrmes nj\u00eb letre sekretarin t\u00eb Shtetit, Marco Rubio, ta parandaloj\u00eb kufizimin<\/p>\n","protected":false},"author":7,"featured_media":37501,"comment_status":"open","ping_status":"open","sticky":false,"template":"","format":"standard","meta":{"footnotes":""},"categories":[109],"tags":[],"class_list":["post-37500","post","type-post","status-publish","format-standard","has-post-thumbnail","hentry","category-siguri"],"yoast_head":"<!-- This site is optimized with the Yoast SEO plugin v25.3.1 - https:\/\/yoast.com\/wordpress\/plugins\/seo\/ -->\n<title>Kongresist\u00eb e senator\u00eb i k\u00ebrkojn\u00eb Rubios ta parandaloj\u00eb kufizimin e mundsh\u00ebm t\u00eb trupave amerikane n\u00eb Kosov\u00eb -<\/title>\n<meta name=\"robots\" content=\"index, follow, max-snippet:-1, max-image-preview:large, max-video-preview:-1\" \/>\n<link rel=\"canonical\" href=\"https:\/\/veritasinfo.org\/?p=37500\" \/>\n<meta property=\"og:locale\" content=\"en_US\" \/>\n<meta property=\"og:type\" content=\"article\" \/>\n<meta property=\"og:title\" content=\"Kongresist\u00eb e senator\u00eb i k\u00ebrkojn\u00eb Rubios ta parandaloj\u00eb kufizimin e mundsh\u00ebm t\u00eb trupave amerikane n\u00eb Kosov\u00eb -\" \/>\n<meta property=\"og:description\" content=\"Prishtin\u00eb, 13 mars 2026 10:20 Disa an\u00ebtar\u00eb t\u00eb Kongresit amerikan i kan\u00eb b\u00ebr\u00eb thirrje p\u00ebrmes nj\u00eb letre sekretarin t\u00eb Shtetit, Marco Rubio, ta parandaloj\u00eb kufizimin\" \/>\n<meta property=\"og:url\" content=\"https:\/\/veritasinfo.org\/?p=37500\" \/>\n<meta property=\"article:published_time\" content=\"2026-03-13T09:22:24+00:00\" \/>\n<meta property=\"og:image\" content=\"https:\/\/veritasinfo.org\/wp-content\/uploads\/2026\/03\/KFOR-per-sulmin-ne-Banjske-Ishim-te-ngatshem-te-nderhyjme-kemi-vepruar-ne-koordinim-me-Policine-e-Kosoves-dhe-EULEX-in-Insajderi.org_-600x360-1.jpg\" \/>\n\t<meta property=\"og:image:width\" content=\"600\" \/>\n\t<meta property=\"og:image:height\" content=\"360\" \/>\n\t<meta property=\"og:image:type\" content=\"image\/jpeg\" \/>\n<meta name=\"author\" content=\"US6\" \/>\n<meta name=\"twitter:card\" content=\"summary_large_image\" \/>\n<meta name=\"twitter:label1\" content=\"Written by\" \/>\n\t<meta name=\"twitter:data1\" content=\"US6\" \/>\n\t<meta name=\"twitter:label2\" content=\"Est. reading time\" \/>\n\t<meta name=\"twitter:data2\" content=\"2 minutes\" \/>\n<script type=\"application\/ld+json\" class=\"yoast-schema-graph\">{\"@context\":\"https:\/\/schema.org\",\"@graph\":[{\"@type\":\"WebPage\",\"@id\":\"https:\/\/veritasinfo.org\/?p=37500\",\"url\":\"https:\/\/veritasinfo.org\/?p=37500\",\"name\":\"Kongresist\u00eb e senator\u00eb i k\u00ebrkojn\u00eb Rubios ta parandaloj\u00eb kufizimin e mundsh\u00ebm t\u00eb trupave amerikane n\u00eb Kosov\u00eb -\",\"isPartOf\":{\"@id\":\"https:\/\/veritasinfo.org\/#website\"},\"primaryImageOfPage\":{\"@id\":\"https:\/\/veritasinfo.org\/?p=37500#primaryimage\"},\"image\":{\"@id\":\"https:\/\/veritasinfo.org\/?p=37500#primaryimage\"},\"thumbnailUrl\":\"https:\/\/veritasinfo.org\/wp-content\/uploads\/2026\/03\/KFOR-per-sulmin-ne-Banjske-Ishim-te-ngatshem-te-nderhyjme-kemi-vepruar-ne-koordinim-me-Policine-e-Kosoves-dhe-EULEX-in-Insajderi.org_-600x360-1.jpg\",\"datePublished\":\"2026-03-13T09:22:24+00:00\",\"author\":{\"@id\":\"https:\/\/veritasinfo.org\/#\/schema\/person\/fe199eede04c3937362892b7444747cc\"},\"breadcrumb\":{\"@id\":\"https:\/\/veritasinfo.org\/?p=37500#breadcrumb\"},\"inLanguage\":\"en-US\",\"potentialAction\":[{\"@type\":\"ReadAction\",\"target\":[\"https:\/\/veritasinfo.org\/?p=37500\"]}]},{\"@type\":\"ImageObject\",\"inLanguage\":\"en-US\",\"@id\":\"https:\/\/veritasinfo.org\/?p=37500#primaryimage\",\"url\":\"https:\/\/veritasinfo.org\/wp-content\/uploads\/2026\/03\/KFOR-per-sulmin-ne-Banjske-Ishim-te-ngatshem-te-nderhyjme-kemi-vepruar-ne-koordinim-me-Policine-e-Kosoves-dhe-EULEX-in-Insajderi.org_-600x360-1.jpg\",\"contentUrl\":\"https:\/\/veritasinfo.org\/wp-content\/uploads\/2026\/03\/KFOR-per-sulmin-ne-Banjske-Ishim-te-ngatshem-te-nderhyjme-kemi-vepruar-ne-koordinim-me-Policine-e-Kosoves-dhe-EULEX-in-Insajderi.org_-600x360-1.jpg\",\"width\":600,\"height\":360},{\"@type\":\"BreadcrumbList\",\"@id\":\"https:\/\/veritasinfo.org\/?p=37500#breadcrumb\",\"itemListElement\":[{\"@type\":\"ListItem\",\"position\":1,\"name\":\"Home\",\"item\":\"https:\/\/veritasinfo.org\/\"},{\"@type\":\"ListItem\",\"position\":2,\"name\":\"Kongresist\u00eb e senator\u00eb i k\u00ebrkojn\u00eb Rubios ta parandaloj\u00eb kufizimin e mundsh\u00ebm t\u00eb trupave amerikane n\u00eb Kosov\u00eb\"}]},{\"@type\":\"WebSite\",\"@id\":\"https:\/\/veritasinfo.org\/#website\",\"url\":\"https:\/\/veritasinfo.org\/\",\"name\":\"\",\"description\":\"\",\"potentialAction\":[{\"@type\":\"SearchAction\",\"target\":{\"@type\":\"EntryPoint\",\"urlTemplate\":\"https:\/\/veritasinfo.org\/?s={search_term_string}\"},\"query-input\":{\"@type\":\"PropertyValueSpecification\",\"valueRequired\":true,\"valueName\":\"search_term_string\"}}],\"inLanguage\":\"en-US\"},{\"@type\":\"Person\",\"@id\":\"https:\/\/veritasinfo.org\/#\/schema\/person\/fe199eede04c3937362892b7444747cc\",\"name\":\"US6\",\"image\":{\"@type\":\"ImageObject\",\"inLanguage\":\"en-US\",\"@id\":\"https:\/\/veritasinfo.org\/#\/schema\/person\/image\/\",\"url\":\"https:\/\/secure.gravatar.com\/avatar\/cb16c3c31c9d23b9b8c705964598220b3014e42ff51eb540ff23cefa3ae8c15f?s=96&d=mm&r=g\",\"contentUrl\":\"https:\/\/secure.gravatar.com\/avatar\/cb16c3c31c9d23b9b8c705964598220b3014e42ff51eb540ff23cefa3ae8c15f?s=96&d=mm&r=g\",\"caption\":\"US6\"},\"url\":\"https:\/\/veritasinfo.org\/?author=7\"}]}<\/script>\n<!-- \/ Yoast SEO plugin. -->","yoast_head_json":{"title":"Kongresist\u00eb e senator\u00eb i k\u00ebrkojn\u00eb Rubios ta parandaloj\u00eb kufizimin e mundsh\u00ebm t\u00eb trupave amerikane n\u00eb Kosov\u00eb -","robots":{"index":"index","follow":"follow","max-snippet":"max-snippet:-1","max-image-preview":"max-image-preview:large","max-video-preview":"max-video-preview:-1"},"canonical":"https:\/\/veritasinfo.org\/?p=37500","og_locale":"en_US","og_type":"article","og_title":"Kongresist\u00eb e senator\u00eb i k\u00ebrkojn\u00eb Rubios ta parandaloj\u00eb kufizimin e mundsh\u00ebm t\u00eb trupave amerikane n\u00eb Kosov\u00eb -","og_description":"Prishtin\u00eb, 13 mars 2026 10:20 Disa an\u00ebtar\u00eb t\u00eb Kongresit amerikan i kan\u00eb b\u00ebr\u00eb thirrje p\u00ebrmes nj\u00eb letre sekretarin t\u00eb Shtetit, Marco Rubio, ta parandaloj\u00eb kufizimin","og_url":"https:\/\/veritasinfo.org\/?p=37500","article_published_time":"2026-03-13T09:22:24+00:00","og_image":[{"width":600,"height":360,"url":"https:\/\/veritasinfo.org\/wp-content\/uploads\/2026\/03\/KFOR-per-sulmin-ne-Banjske-Ishim-te-ngatshem-te-nderhyjme-kemi-vepruar-ne-koordinim-me-Policine-e-Kosoves-dhe-EULEX-in-Insajderi.org_-600x360-1.jpg","type":"image\/jpeg"}],"author":"US6","twitter_card":"summary_large_image","twitter_misc":{"Written by":"US6","Est. reading time":"2 minutes"},"schema":{"@context":"https:\/\/schema.org","@graph":[{"@type":"WebPage","@id":"https:\/\/veritasinfo.org\/?p=37500","url":"https:\/\/veritasinfo.org\/?p=37500","name":"Kongresist\u00eb e senator\u00eb i k\u00ebrkojn\u00eb Rubios ta parandaloj\u00eb kufizimin e mundsh\u00ebm t\u00eb trupave amerikane n\u00eb Kosov\u00eb -","isPartOf":{"@id":"https:\/\/veritasinfo.org\/#website"},"primaryImageOfPage":{"@id":"https:\/\/veritasinfo.org\/?p=37500#primaryimage"},"image":{"@id":"https:\/\/veritasinfo.org\/?p=37500#primaryimage"},"thumbnailUrl":"https:\/\/veritasinfo.org\/wp-content\/uploads\/2026\/03\/KFOR-per-sulmin-ne-Banjske-Ishim-te-ngatshem-te-nderhyjme-kemi-vepruar-ne-koordinim-me-Policine-e-Kosoves-dhe-EULEX-in-Insajderi.org_-600x360-1.jpg","datePublished":"2026-03-13T09:22:24+00:00","author":{"@id":"https:\/\/veritasinfo.org\/#\/schema\/person\/fe199eede04c3937362892b7444747cc"},"breadcrumb":{"@id":"https:\/\/veritasinfo.org\/?p=37500#breadcrumb"},"inLanguage":"en-US","potentialAction":[{"@type":"ReadAction","target":["https:\/\/veritasinfo.org\/?p=37500"]}]},{"@type":"ImageObject","inLanguage":"en-US","@id":"https:\/\/veritasinfo.org\/?p=37500#primaryimage","url":"https:\/\/veritasinfo.org\/wp-content\/uploads\/2026\/03\/KFOR-per-sulmin-ne-Banjske-Ishim-te-ngatshem-te-nderhyjme-kemi-vepruar-ne-koordinim-me-Policine-e-Kosoves-dhe-EULEX-in-Insajderi.org_-600x360-1.jpg","contentUrl":"https:\/\/veritasinfo.org\/wp-content\/uploads\/2026\/03\/KFOR-per-sulmin-ne-Banjske-Ishim-te-ngatshem-te-nderhyjme-kemi-vepruar-ne-koordinim-me-Policine-e-Kosoves-dhe-EULEX-in-Insajderi.org_-600x360-1.jpg","width":600,"height":360},{"@type":"BreadcrumbList","@id":"https:\/\/veritasinfo.org\/?p=37500#breadcrumb","itemListElement":[{"@type":"ListItem","position":1,"name":"Home","item":"https:\/\/veritasinfo.org\/"},{"@type":"ListItem","position":2,"name":"Kongresist\u00eb e senator\u00eb i k\u00ebrkojn\u00eb Rubios ta parandaloj\u00eb kufizimin e mundsh\u00ebm t\u00eb trupave amerikane n\u00eb Kosov\u00eb"}]},{"@type":"WebSite","@id":"https:\/\/veritasinfo.org\/#website","url":"https:\/\/veritasinfo.org\/","name":"","description":"","potentialAction":[{"@type":"SearchAction","target":{"@type":"EntryPoint","urlTemplate":"https:\/\/veritasinfo.org\/?s={search_term_string}"},"query-input":{"@type":"PropertyValueSpecification","valueRequired":true,"valueName":"search_term_string"}}],"inLanguage":"en-US"},{"@type":"Person","@id":"https:\/\/veritasinfo.org\/#\/schema\/person\/fe199eede04c3937362892b7444747cc","name":"US6","image":{"@type":"ImageObject","inLanguage":"en-US","@id":"https:\/\/veritasinfo.org\/#\/schema\/person\/image\/","url":"https:\/\/secure.gravatar.com\/avatar\/cb16c3c31c9d23b9b8c705964598220b3014e42ff51eb540ff23cefa3ae8c15f?s=96&d=mm&r=g","contentUrl":"https:\/\/secure.gravatar.com\/avatar\/cb16c3c31c9d23b9b8c705964598220b3014e42ff51eb540ff23cefa3ae8c15f?s=96&d=mm&r=g","caption":"US6"},"url":"https:\/\/veritasinfo.org\/?author=7"}]}},"featured_image_urls":{"full":["https:\/\/veritasinfo.org\/wp-content\/uploads\/2026\/03\/KFOR-per-sulmin-ne-Banjske-Ishim-te-ngatshem-te-nderhyjme-kemi-vepruar-ne-koordinim-me-Policine-e-Kosoves-dhe-EULEX-in-Insajderi.org_-600x360-1.jpg",600,360,false],"thumbnail":["https:\/\/veritasinfo.org\/wp-content\/uploads\/2026\/03\/KFOR-per-sulmin-ne-Banjske-Ishim-te-ngatshem-te-nderhyjme-kemi-vepruar-ne-koordinim-me-Policine-e-Kosoves-dhe-EULEX-in-Insajderi.org_-600x360-1-150x150.jpg",150,150,true],"medium":["https:\/\/veritasinfo.org\/wp-content\/uploads\/2026\/03\/KFOR-per-sulmin-ne-Banjske-Ishim-te-ngatshem-te-nderhyjme-kemi-vepruar-ne-koordinim-me-Policine-e-Kosoves-dhe-EULEX-in-Insajderi.org_-600x360-1-300x180.jpg",300,180,true],"medium_large":["https:\/\/veritasinfo.org\/wp-content\/uploads\/2026\/03\/KFOR-per-sulmin-ne-Banjske-Ishim-te-ngatshem-te-nderhyjme-kemi-vepruar-ne-koordinim-me-Policine-e-Kosoves-dhe-EULEX-in-Insajderi.org_-600x360-1.jpg",600,360,false],"large":["https:\/\/veritasinfo.org\/wp-content\/uploads\/2026\/03\/KFOR-per-sulmin-ne-Banjske-Ishim-te-ngatshem-te-nderhyjme-kemi-vepruar-ne-koordinim-me-Policine-e-Kosoves-dhe-EULEX-in-Insajderi.org_-600x360-1.jpg",600,360,false],"1536x1536":["https:\/\/veritasinfo.org\/wp-content\/uploads\/2026\/03\/KFOR-per-sulmin-ne-Banjske-Ishim-te-ngatshem-te-nderhyjme-kemi-vepruar-ne-koordinim-me-Policine-e-Kosoves-dhe-EULEX-in-Insajderi.org_-600x360-1.jpg",600,360,false],"2048x2048":["https:\/\/veritasinfo.org\/wp-content\/uploads\/2026\/03\/KFOR-per-sulmin-ne-Banjske-Ishim-te-ngatshem-te-nderhyjme-kemi-vepruar-ne-koordinim-me-Policine-e-Kosoves-dhe-EULEX-in-Insajderi.org_-600x360-1.jpg",600,360,false],"kreeti-slider-full":["https:\/\/veritasinfo.org\/wp-content\/uploads\/2026\/03\/KFOR-per-sulmin-ne-Banjske-Ishim-te-ngatshem-te-nderhyjme-kemi-vepruar-ne-koordinim-me-Policine-e-Kosoves-dhe-EULEX-in-Insajderi.org_-600x360-1.jpg",600,360,false],"kreeti-featured":["https:\/\/veritasinfo.org\/wp-content\/uploads\/2026\/03\/KFOR-per-sulmin-ne-Banjske-Ishim-te-ngatshem-te-nderhyjme-kemi-vepruar-ne-koordinim-me-Policine-e-Kosoves-dhe-EULEX-in-Insajderi.org_-600x360-1.jpg",600,360,false],"kreeti-medium":["https:\/\/veritasinfo.org\/wp-content\/uploads\/2026\/03\/KFOR-per-sulmin-ne-Banjske-Ishim-te-ngatshem-te-nderhyjme-kemi-vepruar-ne-koordinim-me-Policine-e-Kosoves-dhe-EULEX-in-Insajderi.org_-600x360-1.jpg",600,360,false],"kreeti-medium-square":["https:\/\/veritasinfo.org\/wp-content\/uploads\/2026\/03\/KFOR-per-sulmin-ne-Banjske-Ishim-te-ngatshem-te-nderhyjme-kemi-vepruar-ne-koordinim-me-Policine-e-Kosoves-dhe-EULEX-in-Insajderi.org_-600x360-1.jpg",350,210,false]},"author_info":{"info":["US6"]},"category_info":"<a href=\"https:\/\/veritasinfo.org\/?cat=109\" rel=\"category\">Siguri<\/a>","tag_info":"Siguri","comment_count":"0","_links":{"self":[{"href":"https:\/\/veritasinfo.org\/index.php?rest_route=\/wp\/v2\/posts\/37500","targetHints":{"allow":["GET"]}}],"collection":[{"href":"https:\/\/veritasinfo.org\/index.php?rest_route=\/wp\/v2\/posts"}],"about":[{"href":"https:\/\/veritasinfo.org\/index.php?rest_route=\/wp\/v2\/types\/post"}],"author":[{"embeddable":true,"href":"https:\/\/veritasinfo.org\/index.php?rest_route=\/wp\/v2\/users\/7"}],"replies":[{"embeddable":true,"href":"https:\/\/veritasinfo.org\/index.php?rest_route=%2Fwp%2Fv2%2Fcomments&post=37500"}],"version-history":[{"count":1,"href":"https:\/\/veritasinfo.org\/index.php?rest_route=\/wp\/v2\/posts\/37500\/revisions"}],"predecessor-version":[{"id":37502,"href":"https:\/\/veritasinfo.org\/index.php?rest_route=\/wp\/v2\/posts\/37500\/revisions\/37502"}],"wp:featuredmedia":[{"embeddable":true,"href":"https:\/\/veritasinfo.org\/index.php?rest_route=\/wp\/v2\/media\/37501"}],"wp:attachment":[{"href":"https:\/\/veritasinfo.org\/index.php?rest_route=%2Fwp%2Fv2%2Fmedia&parent=37500"}],"wp:term":[{"taxonomy":"category","embeddable":true,"href":"https:\/\/veritasinfo.org\/index.php?rest_route=%2Fwp%2Fv2%2Fcategories&post=37500"},{"taxonomy":"post_tag","embeddable":true,"href":"https:\/\/veritasinfo.org\/index.php?rest_route=%2Fwp%2Fv2%2Ftags&post=37500"}],"curies":[{"name":"wp","href":"https:\/\/api.w.org\/{rel}","templated":true}]}}