{"id":37462,"date":"2026-03-13T08:19:45","date_gmt":"2026-03-13T07:19:45","guid":{"rendered":"https:\/\/veritasinfo.org\/?p=37462"},"modified":"2026-03-13T08:19:45","modified_gmt":"2026-03-13T07:19:45","slug":"mandati-i-kqz-se-ne-perfundim-disa-parti-ende-pa-propozime","status":"publish","type":"post","link":"https:\/\/veritasinfo.org\/?p=37462","title":{"rendered":"Mandati i KQZ-s\u00eb n\u00eb p\u00ebrfundim, disa parti ende pa propozime"},"content":{"rendered":"<p>Prishtin\u00eb 13 Mars 2026 8:19<\/p>\n<p>Mandati i an\u00ebtar\u00ebve t\u00eb partive politike n\u00eb Komisionin Qendror t\u00eb Zgjedhjeve po shkon drejt p\u00ebrfundimit.<\/p>\n<p>Presidentja ka k\u00ebrkuar nga partit\u00eb q\u00eb t\u00eb d\u00ebrgojn\u00eb propozimet p\u00ebr an\u00ebtar\u00ebt e rinj, me afat deri m\u00eb 15 mars.<\/p>\n<p>Disa subjekte politike ende nuk kan\u00eb publikuar emrat e kandidaturave t\u00eb tyre, nd\u00ebrsa p\u00ebrb\u00ebrja e re e KQZ-s\u00eb pritet t\u00eb zyrtarizohet n\u00eb dit\u00ebt n\u00eb vijim.<\/p>\n<p>An\u00ebtar\u00ebt aktual\u00eb t\u00eb partive politike po p\u00ebrjetojn\u00eb dit\u00ebt e fundit t\u00eb mandatit t\u00eb tyre brenda Komisionit Qendror t\u00eb Zgjedhjeve.<\/p>\n<p>Em\u00ebrimi i tyre duhet t\u00eb ndodh\u00eb jo m\u00eb von\u00eb se 60 dit\u00eb nga dita e certifikimit t\u00eb rezultateve zgjedhore.<\/p>\n<p>Presidentja Vjosa Osmani m\u00eb 9 mars u ka k\u00ebrkuar subjekteve politike propozimet p\u00ebr an\u00ebtar\u00ebt e rinj.<\/p>\n<p>Partit\u00eb kan\u00eb afat deri m\u00eb 15 mars q\u00eb t\u2019i d\u00ebrgojn\u00eb propozimet.<\/p>\n<p>N\u00eb Vet\u00ebvendosje than\u00eb se ende nuk i kan\u00eb d\u00ebrguar emrat e dy an\u00ebtar\u00ebve t\u00eb rinj q\u00eb do t\u2019ia propozojn\u00eb Osmanit p\u00ebr em\u00ebrim.<\/p>\n<p>Sami Kurteshi nuk do t\u00eb propozohet m\u00eb nga partia e tij, duke qen\u00eb se ka konsumuar kufirin e mandateve t\u00eb parapara me Ligjin p\u00ebr Zgjedhjet e P\u00ebrgjithshme.<\/p>\n<p>Ky ligj thot\u00eb se i nj\u00ebjti person mund t\u00eb propozohet dhe em\u00ebrohet nga nj\u00eb subjekt politik deri n\u00eb tri mandate radhazi. Pas mandatit t\u00eb tret\u00eb, ai nuk mund t\u00eb em\u00ebrohet p\u00ebrs\u00ebri.<\/p>\n<p>N\u00eb Partin\u00eb Demokratike nuk kthyen p\u00ebrgjigje gjat\u00eb dit\u00ebs, e as n\u00eb Lidhjen Demokratike. Kurse Aleanca p\u00ebr Ardhm\u00ebrin\u00eb e Kosov\u00ebs tashm\u00eb ka propozuar edhe p\u00ebr nj\u00eb mandat, an\u00ebtarin aktual t\u00eb saj n\u00eb KQZ, Muharrem Nitajn.<\/p>\n<p>Presidentja ka afat prej 7 dit\u00ebsh, pas dor\u00ebzimit t\u00eb emrave, p\u00ebr em\u00ebrimin ose mosem\u00ebrimin e an\u00ebtar\u00ebve t\u00eb propozuar nga subjektet politike t\u00eb p\u00ebrfaq\u00ebsuara n\u00eb Kuvend.<\/p>\n<p>Blerim Burjani, analist  thot\u00eb se \u201cb\u00ebhet verifikimi i kandidaturave nga ana e zyr\u00ebs s\u00eb presidentes dhe aty vler\u00ebsohet kush i plot\u00ebson kriteret kush jo dhe a ka kaluar m\u00eb shum\u00eb mandate se sa q\u00eb e parasheh ligji\u201d.<\/p>\n<p>6 an\u00ebtar\u00eb pritet t\u00eb em\u00ebrohen nga radh\u00ebt e subjekteve politike shqiptare: 2 nga Vet\u00ebvendosje, 2 nga PDK dhe me nga nj\u00eb an\u00ebtar LDK dhe AAK, nd\u00ebrsa kat\u00ebr an\u00ebtar\u00eb t\u00eb tjer\u00eb do t\u00eb em\u00ebrohen nga radh\u00ebt e komuniteteve pakic\u00eb.<\/p>\n","protected":false},"excerpt":{"rendered":"<p>Prishtin\u00eb 13 Mars 2026 8:19 Mandati i an\u00ebtar\u00ebve t\u00eb partive politike n\u00eb Komisionin Qendror t\u00eb Zgjedhjeve po shkon drejt p\u00ebrfundimit. Presidentja ka k\u00ebrkuar nga partit\u00eb<\/p>\n","protected":false},"author":6,"featured_media":37463,"comment_status":"open","ping_status":"open","sticky":false,"template":"","format":"standard","meta":{"footnotes":""},"categories":[8],"tags":[],"class_list":["post-37462","post","type-post","status-publish","format-standard","has-post-thumbnail","hentry","category-blog-sq"],"yoast_head":"<!-- This site is optimized with the Yoast SEO plugin v25.3.1 - https:\/\/yoast.com\/wordpress\/plugins\/seo\/ -->\n<title>Mandati i KQZ-s\u00eb n\u00eb p\u00ebrfundim, disa parti ende pa propozime -<\/title>\n<meta name=\"robots\" content=\"index, follow, max-snippet:-1, max-image-preview:large, max-video-preview:-1\" \/>\n<link rel=\"canonical\" href=\"https:\/\/veritasinfo.org\/?p=37462\" \/>\n<meta property=\"og:locale\" content=\"en_US\" \/>\n<meta property=\"og:type\" content=\"article\" \/>\n<meta property=\"og:title\" content=\"Mandati i KQZ-s\u00eb n\u00eb p\u00ebrfundim, disa parti ende pa propozime -\" \/>\n<meta property=\"og:description\" content=\"Prishtin\u00eb 13 Mars 2026 8:19 Mandati i an\u00ebtar\u00ebve t\u00eb partive politike n\u00eb Komisionin Qendror t\u00eb Zgjedhjeve po shkon drejt p\u00ebrfundimit. Presidentja ka k\u00ebrkuar nga partit\u00eb\" \/>\n<meta property=\"og:url\" content=\"https:\/\/veritasinfo.org\/?p=37462\" \/>\n<meta property=\"article:published_time\" content=\"2026-03-13T07:19:45+00:00\" \/>\n<meta property=\"og:image\" content=\"https:\/\/veritasinfo.org\/wp-content\/uploads\/2026\/03\/KQZ2-1-850x638-1.jpg\" \/>\n\t<meta property=\"og:image:width\" content=\"850\" \/>\n\t<meta property=\"og:image:height\" content=\"638\" \/>\n\t<meta property=\"og:image:type\" content=\"image\/jpeg\" \/>\n<meta name=\"author\" content=\"US5\" \/>\n<meta name=\"twitter:card\" content=\"summary_large_image\" \/>\n<meta name=\"twitter:label1\" content=\"Written by\" \/>\n\t<meta name=\"twitter:data1\" content=\"US5\" \/>\n<script type=\"application\/ld+json\" class=\"yoast-schema-graph\">{\"@context\":\"https:\/\/schema.org\",\"@graph\":[{\"@type\":\"WebPage\",\"@id\":\"https:\/\/veritasinfo.org\/?p=37462\",\"url\":\"https:\/\/veritasinfo.org\/?p=37462\",\"name\":\"Mandati i KQZ-s\u00eb n\u00eb p\u00ebrfundim, disa parti ende pa propozime -\",\"isPartOf\":{\"@id\":\"https:\/\/veritasinfo.org\/#website\"},\"primaryImageOfPage\":{\"@id\":\"https:\/\/veritasinfo.org\/?p=37462#primaryimage\"},\"image\":{\"@id\":\"https:\/\/veritasinfo.org\/?p=37462#primaryimage\"},\"thumbnailUrl\":\"https:\/\/veritasinfo.org\/wp-content\/uploads\/2026\/03\/KQZ2-1-850x638-1.jpg\",\"datePublished\":\"2026-03-13T07:19:45+00:00\",\"author\":{\"@id\":\"https:\/\/veritasinfo.org\/#\/schema\/person\/bc442336e35414d04494ab8fb45db4c6\"},\"breadcrumb\":{\"@id\":\"https:\/\/veritasinfo.org\/?p=37462#breadcrumb\"},\"inLanguage\":\"en-US\",\"potentialAction\":[{\"@type\":\"ReadAction\",\"target\":[\"https:\/\/veritasinfo.org\/?p=37462\"]}]},{\"@type\":\"ImageObject\",\"inLanguage\":\"en-US\",\"@id\":\"https:\/\/veritasinfo.org\/?p=37462#primaryimage\",\"url\":\"https:\/\/veritasinfo.org\/wp-content\/uploads\/2026\/03\/KQZ2-1-850x638-1.jpg\",\"contentUrl\":\"https:\/\/veritasinfo.org\/wp-content\/uploads\/2026\/03\/KQZ2-1-850x638-1.jpg\",\"width\":850,\"height\":638},{\"@type\":\"BreadcrumbList\",\"@id\":\"https:\/\/veritasinfo.org\/?p=37462#breadcrumb\",\"itemListElement\":[{\"@type\":\"ListItem\",\"position\":1,\"name\":\"Home\",\"item\":\"https:\/\/veritasinfo.org\/\"},{\"@type\":\"ListItem\",\"position\":2,\"name\":\"Mandati i KQZ-s\u00eb n\u00eb p\u00ebrfundim, disa parti ende pa propozime\"}]},{\"@type\":\"WebSite\",\"@id\":\"https:\/\/veritasinfo.org\/#website\",\"url\":\"https:\/\/veritasinfo.org\/\",\"name\":\"\",\"description\":\"\",\"potentialAction\":[{\"@type\":\"SearchAction\",\"target\":{\"@type\":\"EntryPoint\",\"urlTemplate\":\"https:\/\/veritasinfo.org\/?s={search_term_string}\"},\"query-input\":{\"@type\":\"PropertyValueSpecification\",\"valueRequired\":true,\"valueName\":\"search_term_string\"}}],\"inLanguage\":\"en-US\"},{\"@type\":\"Person\",\"@id\":\"https:\/\/veritasinfo.org\/#\/schema\/person\/bc442336e35414d04494ab8fb45db4c6\",\"name\":\"US5\",\"image\":{\"@type\":\"ImageObject\",\"inLanguage\":\"en-US\",\"@id\":\"https:\/\/veritasinfo.org\/#\/schema\/person\/image\/\",\"url\":\"https:\/\/secure.gravatar.com\/avatar\/16a61e7272a0c5d001121ebb9e60e925d5816e4ac1e443ed3e640d9a6ae55d0c?s=96&d=mm&r=g\",\"contentUrl\":\"https:\/\/secure.gravatar.com\/avatar\/16a61e7272a0c5d001121ebb9e60e925d5816e4ac1e443ed3e640d9a6ae55d0c?s=96&d=mm&r=g\",\"caption\":\"US5\"},\"url\":\"https:\/\/veritasinfo.org\/?author=6\"}]}<\/script>\n<!-- \/ Yoast SEO plugin. -->","yoast_head_json":{"title":"Mandati i KQZ-s\u00eb n\u00eb p\u00ebrfundim, disa parti ende pa propozime -","robots":{"index":"index","follow":"follow","max-snippet":"max-snippet:-1","max-image-preview":"max-image-preview:large","max-video-preview":"max-video-preview:-1"},"canonical":"https:\/\/veritasinfo.org\/?p=37462","og_locale":"en_US","og_type":"article","og_title":"Mandati i KQZ-s\u00eb n\u00eb p\u00ebrfundim, disa parti ende pa propozime -","og_description":"Prishtin\u00eb 13 Mars 2026 8:19 Mandati i an\u00ebtar\u00ebve t\u00eb partive politike n\u00eb Komisionin Qendror t\u00eb Zgjedhjeve po shkon drejt p\u00ebrfundimit. Presidentja ka k\u00ebrkuar nga partit\u00eb","og_url":"https:\/\/veritasinfo.org\/?p=37462","article_published_time":"2026-03-13T07:19:45+00:00","og_image":[{"width":850,"height":638,"url":"https:\/\/veritasinfo.org\/wp-content\/uploads\/2026\/03\/KQZ2-1-850x638-1.jpg","type":"image\/jpeg"}],"author":"US5","twitter_card":"summary_large_image","twitter_misc":{"Written by":"US5"},"schema":{"@context":"https:\/\/schema.org","@graph":[{"@type":"WebPage","@id":"https:\/\/veritasinfo.org\/?p=37462","url":"https:\/\/veritasinfo.org\/?p=37462","name":"Mandati i KQZ-s\u00eb n\u00eb p\u00ebrfundim, disa parti ende pa propozime -","isPartOf":{"@id":"https:\/\/veritasinfo.org\/#website"},"primaryImageOfPage":{"@id":"https:\/\/veritasinfo.org\/?p=37462#primaryimage"},"image":{"@id":"https:\/\/veritasinfo.org\/?p=37462#primaryimage"},"thumbnailUrl":"https:\/\/veritasinfo.org\/wp-content\/uploads\/2026\/03\/KQZ2-1-850x638-1.jpg","datePublished":"2026-03-13T07:19:45+00:00","author":{"@id":"https:\/\/veritasinfo.org\/#\/schema\/person\/bc442336e35414d04494ab8fb45db4c6"},"breadcrumb":{"@id":"https:\/\/veritasinfo.org\/?p=37462#breadcrumb"},"inLanguage":"en-US","potentialAction":[{"@type":"ReadAction","target":["https:\/\/veritasinfo.org\/?p=37462"]}]},{"@type":"ImageObject","inLanguage":"en-US","@id":"https:\/\/veritasinfo.org\/?p=37462#primaryimage","url":"https:\/\/veritasinfo.org\/wp-content\/uploads\/2026\/03\/KQZ2-1-850x638-1.jpg","contentUrl":"https:\/\/veritasinfo.org\/wp-content\/uploads\/2026\/03\/KQZ2-1-850x638-1.jpg","width":850,"height":638},{"@type":"BreadcrumbList","@id":"https:\/\/veritasinfo.org\/?p=37462#breadcrumb","itemListElement":[{"@type":"ListItem","position":1,"name":"Home","item":"https:\/\/veritasinfo.org\/"},{"@type":"ListItem","position":2,"name":"Mandati i KQZ-s\u00eb n\u00eb p\u00ebrfundim, disa parti ende pa propozime"}]},{"@type":"WebSite","@id":"https:\/\/veritasinfo.org\/#website","url":"https:\/\/veritasinfo.org\/","name":"","description":"","potentialAction":[{"@type":"SearchAction","target":{"@type":"EntryPoint","urlTemplate":"https:\/\/veritasinfo.org\/?s={search_term_string}"},"query-input":{"@type":"PropertyValueSpecification","valueRequired":true,"valueName":"search_term_string"}}],"inLanguage":"en-US"},{"@type":"Person","@id":"https:\/\/veritasinfo.org\/#\/schema\/person\/bc442336e35414d04494ab8fb45db4c6","name":"US5","image":{"@type":"ImageObject","inLanguage":"en-US","@id":"https:\/\/veritasinfo.org\/#\/schema\/person\/image\/","url":"https:\/\/secure.gravatar.com\/avatar\/16a61e7272a0c5d001121ebb9e60e925d5816e4ac1e443ed3e640d9a6ae55d0c?s=96&d=mm&r=g","contentUrl":"https:\/\/secure.gravatar.com\/avatar\/16a61e7272a0c5d001121ebb9e60e925d5816e4ac1e443ed3e640d9a6ae55d0c?s=96&d=mm&r=g","caption":"US5"},"url":"https:\/\/veritasinfo.org\/?author=6"}]}},"featured_image_urls":{"full":["https:\/\/veritasinfo.org\/wp-content\/uploads\/2026\/03\/KQZ2-1-850x638-1.jpg",850,638,false],"thumbnail":["https:\/\/veritasinfo.org\/wp-content\/uploads\/2026\/03\/KQZ2-1-850x638-1-150x150.jpg",150,150,true],"medium":["https:\/\/veritasinfo.org\/wp-content\/uploads\/2026\/03\/KQZ2-1-850x638-1-300x225.jpg",300,225,true],"medium_large":["https:\/\/veritasinfo.org\/wp-content\/uploads\/2026\/03\/KQZ2-1-850x638-1-768x576.jpg",640,480,true],"large":["https:\/\/veritasinfo.org\/wp-content\/uploads\/2026\/03\/KQZ2-1-850x638-1.jpg",640,480,false],"1536x1536":["https:\/\/veritasinfo.org\/wp-content\/uploads\/2026\/03\/KQZ2-1-850x638-1.jpg",850,638,false],"2048x2048":["https:\/\/veritasinfo.org\/wp-content\/uploads\/2026\/03\/KQZ2-1-850x638-1.jpg",850,638,false],"kreeti-slider-full":["https:\/\/veritasinfo.org\/wp-content\/uploads\/2026\/03\/KQZ2-1-850x638-1.jpg",850,638,false],"kreeti-featured":["https:\/\/veritasinfo.org\/wp-content\/uploads\/2026\/03\/KQZ2-1-850x638-1.jpg",850,638,false],"kreeti-medium":["https:\/\/veritasinfo.org\/wp-content\/uploads\/2026\/03\/KQZ2-1-850x638-1.jpg",706,530,false],"kreeti-medium-square":["https:\/\/veritasinfo.org\/wp-content\/uploads\/2026\/03\/KQZ2-1-850x638-1.jpg",350,263,false]},"author_info":{"info":["US5"]},"category_info":"<a href=\"https:\/\/veritasinfo.org\/?cat=8\" rel=\"category\">Zgjedhjet parlamentare 2025<\/a>","tag_info":"Zgjedhjet parlamentare 2025","comment_count":"0","_links":{"self":[{"href":"https:\/\/veritasinfo.org\/index.php?rest_route=\/wp\/v2\/posts\/37462","targetHints":{"allow":["GET"]}}],"collection":[{"href":"https:\/\/veritasinfo.org\/index.php?rest_route=\/wp\/v2\/posts"}],"about":[{"href":"https:\/\/veritasinfo.org\/index.php?rest_route=\/wp\/v2\/types\/post"}],"author":[{"embeddable":true,"href":"https:\/\/veritasinfo.org\/index.php?rest_route=\/wp\/v2\/users\/6"}],"replies":[{"embeddable":true,"href":"https:\/\/veritasinfo.org\/index.php?rest_route=%2Fwp%2Fv2%2Fcomments&post=37462"}],"version-history":[{"count":1,"href":"https:\/\/veritasinfo.org\/index.php?rest_route=\/wp\/v2\/posts\/37462\/revisions"}],"predecessor-version":[{"id":37464,"href":"https:\/\/veritasinfo.org\/index.php?rest_route=\/wp\/v2\/posts\/37462\/revisions\/37464"}],"wp:featuredmedia":[{"embeddable":true,"href":"https:\/\/veritasinfo.org\/index.php?rest_route=\/wp\/v2\/media\/37463"}],"wp:attachment":[{"href":"https:\/\/veritasinfo.org\/index.php?rest_route=%2Fwp%2Fv2%2Fmedia&parent=37462"}],"wp:term":[{"taxonomy":"category","embeddable":true,"href":"https:\/\/veritasinfo.org\/index.php?rest_route=%2Fwp%2Fv2%2Fcategories&post=37462"},{"taxonomy":"post_tag","embeddable":true,"href":"https:\/\/veritasinfo.org\/index.php?rest_route=%2Fwp%2Fv2%2Ftags&post=37462"}],"curies":[{"name":"wp","href":"https:\/\/api.w.org\/{rel}","templated":true}]}}