{"id":37437,"date":"2026-03-13T08:01:31","date_gmt":"2026-03-13T07:01:31","guid":{"rendered":"https:\/\/veritasinfo.org\/?p=37437"},"modified":"2026-03-13T08:04:15","modified_gmt":"2026-03-13T07:04:15","slug":"serbia-blen-raketa-kineze-shkaterruese-kroacia-njofton-nato-n","status":"publish","type":"post","link":"https:\/\/veritasinfo.org\/?p=37437","title":{"rendered":"Serbia blen raketa kineze \u201cshkat\u00ebrruese\u201d, Kroacia njofton NATO-n"},"content":{"rendered":"<p>Prishtin\u00eb 13 Mars 2026 8:00<br \/>\nPresidenti i Serbis\u00eb, Aleksandar Vu\u00e7iq, konfirmoi m\u00eb 12 mars se Serbia ka bler\u00eb raketa balistike supersonike CM-400 nga Kina.<\/p>\n<p>\u201cNe kemi nj\u00eb num\u00ebr t\u00eb konsideruesh\u00ebm raketash dhe do t\u00eb kemi edhe m\u00eb shum\u00eb\u201d, tha Vu\u00e7iq n\u00eb nj\u00eb intervist\u00eb p\u00ebr Radio Televizionin e Serbis\u00eb.<\/p>\n<p>Ai shtoi se Forcat e Armatosura t\u00eb Serbis\u00eb i kan\u00eb integruar tashm\u00eb me sukses raketat kineze n\u00eb avion\u00ebt luftarak\u00eb rus\u00eb MiG-29, t\u00eb cil\u00ebt i zot\u00ebrojn\u00eb.<\/p>\n<p>Deklarata e tij vjen pasi nj\u00eb forum i specializuar ushtarak publikoi s\u00eb voni fotografi q\u00eb tregonin disa avion\u00eb luftarak\u00eb t\u00eb Forcave t\u00eb Armatosura t\u00eb Serbis\u00eb.<\/p>\n<p>Nj\u00eb avion, si\u00e7 u pretendua, ishte i armatosur me nj\u00eb raket\u00eb kineze aj\u00ebr-tok\u00eb me rreze t\u00eb gjat\u00eb veprimi, me shenj\u00ebn CM-400.<\/p>\n<p>Tjetri, sipas raportit, mbante nj\u00eb bomb\u00eb ajrore LS-6, gjithashtu t\u00eb prodhuar n\u00eb Kin\u00eb.<\/p>\n<p>Vu\u00e7iq tha se avion\u00ebt me raketat kineze ishin \u201cfilmuar rast\u00ebsisht\u201d.<\/p>\n<p>Ai nuk iu p\u00ebrgjigj pyetjes s\u00eb gazetarit se sa kushtuan raketat kineze.<\/p>\n<p>\u201cRaketat jan\u00eb tmerr\u00ebsisht t\u00eb shtrenjta. Ne i mor\u00ebm me nj\u00eb zbritje t\u00eb vog\u00ebl\u201d, tha Vu\u00e7iq.<\/p>\n<p>Ai shtoi se rrezja e tyre \u00ebsht\u00eb 200 deri n\u00eb 400 kilometra dhe se ato jan\u00eb raketa me fuqi t\u00eb madhe shkat\u00ebrruese.<\/p>\n<p>Ndaj k\u00ebsaj blerjeje reagoi kryeministri i Kroacis\u00eb, Andrej Pllenkoviq.<\/p>\n<p>Ai tha se vendi i tij \u2013 an\u00ebtar i Bashkimit Evropian dhe i NATO-s \u2013 do t\u00eb flas\u00eb me aleat\u00ebt e tij p\u00ebr k\u00ebt\u00eb \u00e7\u00ebshtje.<\/p>\n<p>\u201cNe do t\u00eb flasim me partner\u00ebt tan\u00eb n\u00eb NATO dhe do t\u2019i paralajm\u00ebrojm\u00eb p\u00ebr arm\u00ebt e tilla, t\u00eb cilat jan\u00eb risi n\u00eb arsenalin e Ushtris\u00eb s\u00eb Serbis\u00eb\u201d, tha Pllenkoviq.<\/p>\n<p>Megjithat\u00eb, ai shtoi se nuk pret q\u00eb nj\u00eb arm\u00eb aq e fuqishme t\u00eb p\u00ebrdoret ndonj\u00ebher\u00eb kund\u00ebr vendeve fqinje, si Kroacia apo ndonj\u00eb shtet tjet\u00ebr.<\/p>\n<p>Serbia, pavar\u00ebsisht paralajm\u00ebrimeve nga Brukseli dhe Uashingtoni, po e zgjeron bashk\u00ebpunimin e saj ushtarak me Kin\u00ebn.<\/p>\n<p>Sipas t\u00eb dh\u00ebnave t\u00eb Institutit Nd\u00ebrkomb\u00ebtar p\u00ebr K\u00ebrkime t\u00eb Paqes (SIPRI) n\u00eb Stokholm, n\u00eb periudh\u00ebn 2020\u20132024, Serbia ka importuar m\u00eb s\u00eb shumti arm\u00eb nga Kina (57%), m\u00eb pas nga Rusia (20%) dhe nga Franca (7.4%).<\/p>\n<p>Duke reaguar ndaj deklarat\u00ebs s\u00eb Pllenkoviqit, Vu\u00e7iq tha se \u201cZagrebi nuk do t\u00eb vendos\u00eb se \u00e7far\u00eb do t\u00eb ket\u00eb Serbia\u201d.<\/p>\n<p>Ai tha se Serbia \u201cpo p\u00ebrgatitet p\u00ebr mund\u00ebsin\u00eb e sulmit nga aleanca q\u00eb po formohet nga Prishtina, Tirana dhe Zagrebi\u201d.<\/p>\n<p>Shtoi se, gjat\u00eb nj\u00eb vizite n\u00eb Indi n\u00eb mes t\u00eb shkurtit, Pllenkoviq e ka siguruar se bashk\u00ebpunimi ushtarak mes Kroacis\u00eb, Shqip\u00ebris\u00eb dhe Kosov\u00ebs nuk \u00ebsht\u00eb i drejtuar kund\u00ebr Serbis\u00eb.<\/p>\n<p>\u201cE d\u00ebgjova dhe kaq. Por, a kam ende nj\u00eb doz\u00eb shqet\u00ebsimi dhe frike? Po, kam\u201d, tha Vu\u00e7iq.<\/p>\n<p>N\u00eb mars t\u00eb vitit 2025, Kroacia, Shqip\u00ebria dhe Kosova n\u00ebnshkruan nj\u00eb Deklarat\u00eb p\u00ebr bashk\u00ebpunim n\u00eb fush\u00ebn e mbrojtjes dhe siguris\u00eb, t\u00eb cil\u00ebn zyrtar\u00ebt serb\u00eb e cil\u00ebsuan si k\u00ebrc\u00ebnim p\u00ebr sigurin\u00eb e Serbis\u00eb<\/p>\n","protected":false},"excerpt":{"rendered":"<p>Prishtin\u00eb 13 Mars 2026 8:00 Presidenti i Serbis\u00eb, Aleksandar Vu\u00e7iq, konfirmoi m\u00eb 12 mars se Serbia ka bler\u00eb raketa balistike supersonike CM-400 nga Kina. \u201cNe<\/p>\n","protected":false},"author":6,"featured_media":37443,"comment_status":"open","ping_status":"open","sticky":false,"template":"","format":"standard","meta":{"footnotes":""},"categories":[60],"tags":[],"class_list":["post-37437","post","type-post","status-publish","format-standard","has-post-thumbnail","hentry","category-shoqerore-sq"],"yoast_head":"<!-- This site is optimized with the Yoast SEO plugin v25.3.1 - https:\/\/yoast.com\/wordpress\/plugins\/seo\/ -->\n<title>Serbia blen raketa kineze \u201cshkat\u00ebrruese\u201d, Kroacia njofton NATO-n -<\/title>\n<meta name=\"robots\" content=\"index, follow, max-snippet:-1, max-image-preview:large, max-video-preview:-1\" \/>\n<link rel=\"canonical\" href=\"https:\/\/veritasinfo.org\/?p=37437\" \/>\n<meta property=\"og:locale\" content=\"en_US\" \/>\n<meta property=\"og:type\" content=\"article\" \/>\n<meta property=\"og:title\" content=\"Serbia blen raketa kineze \u201cshkat\u00ebrruese\u201d, Kroacia njofton NATO-n -\" \/>\n<meta property=\"og:description\" content=\"Prishtin\u00eb 13 Mars 2026 8:00 Presidenti i Serbis\u00eb, Aleksandar Vu\u00e7iq, konfirmoi m\u00eb 12 mars se Serbia ka bler\u00eb raketa balistike supersonike CM-400 nga Kina. \u201cNe\" \/>\n<meta property=\"og:url\" content=\"https:\/\/veritasinfo.org\/?p=37437\" \/>\n<meta property=\"article:published_time\" content=\"2026-03-13T07:01:31+00:00\" \/>\n<meta property=\"article:modified_time\" content=\"2026-03-13T07:04:15+00:00\" \/>\n<meta property=\"og:image\" content=\"https:\/\/veritasinfo.org\/wp-content\/uploads\/2026\/03\/raketa-2.jpg\" \/>\n\t<meta property=\"og:image:width\" content=\"936\" \/>\n\t<meta property=\"og:image:height\" content=\"553\" \/>\n\t<meta property=\"og:image:type\" content=\"image\/jpeg\" \/>\n<meta name=\"author\" content=\"US5\" \/>\n<meta name=\"twitter:card\" content=\"summary_large_image\" \/>\n<meta name=\"twitter:label1\" content=\"Written by\" \/>\n\t<meta name=\"twitter:data1\" content=\"US5\" \/>\n\t<meta name=\"twitter:label2\" content=\"Est. reading time\" \/>\n\t<meta name=\"twitter:data2\" content=\"2 minutes\" \/>\n<script type=\"application\/ld+json\" class=\"yoast-schema-graph\">{\"@context\":\"https:\/\/schema.org\",\"@graph\":[{\"@type\":\"WebPage\",\"@id\":\"https:\/\/veritasinfo.org\/?p=37437\",\"url\":\"https:\/\/veritasinfo.org\/?p=37437\",\"name\":\"Serbia blen raketa kineze \u201cshkat\u00ebrruese\u201d, Kroacia njofton NATO-n -\",\"isPartOf\":{\"@id\":\"https:\/\/veritasinfo.org\/#website\"},\"primaryImageOfPage\":{\"@id\":\"https:\/\/veritasinfo.org\/?p=37437#primaryimage\"},\"image\":{\"@id\":\"https:\/\/veritasinfo.org\/?p=37437#primaryimage\"},\"thumbnailUrl\":\"https:\/\/veritasinfo.org\/wp-content\/uploads\/2026\/03\/raketa-2.jpg\",\"datePublished\":\"2026-03-13T07:01:31+00:00\",\"dateModified\":\"2026-03-13T07:04:15+00:00\",\"author\":{\"@id\":\"https:\/\/veritasinfo.org\/#\/schema\/person\/bc442336e35414d04494ab8fb45db4c6\"},\"breadcrumb\":{\"@id\":\"https:\/\/veritasinfo.org\/?p=37437#breadcrumb\"},\"inLanguage\":\"en-US\",\"potentialAction\":[{\"@type\":\"ReadAction\",\"target\":[\"https:\/\/veritasinfo.org\/?p=37437\"]}]},{\"@type\":\"ImageObject\",\"inLanguage\":\"en-US\",\"@id\":\"https:\/\/veritasinfo.org\/?p=37437#primaryimage\",\"url\":\"https:\/\/veritasinfo.org\/wp-content\/uploads\/2026\/03\/raketa-2.jpg\",\"contentUrl\":\"https:\/\/veritasinfo.org\/wp-content\/uploads\/2026\/03\/raketa-2.jpg\",\"width\":936,\"height\":553},{\"@type\":\"BreadcrumbList\",\"@id\":\"https:\/\/veritasinfo.org\/?p=37437#breadcrumb\",\"itemListElement\":[{\"@type\":\"ListItem\",\"position\":1,\"name\":\"Home\",\"item\":\"https:\/\/veritasinfo.org\/\"},{\"@type\":\"ListItem\",\"position\":2,\"name\":\"Serbia blen raketa kineze \u201cshkat\u00ebrruese\u201d, Kroacia njofton NATO-n\"}]},{\"@type\":\"WebSite\",\"@id\":\"https:\/\/veritasinfo.org\/#website\",\"url\":\"https:\/\/veritasinfo.org\/\",\"name\":\"\",\"description\":\"\",\"potentialAction\":[{\"@type\":\"SearchAction\",\"target\":{\"@type\":\"EntryPoint\",\"urlTemplate\":\"https:\/\/veritasinfo.org\/?s={search_term_string}\"},\"query-input\":{\"@type\":\"PropertyValueSpecification\",\"valueRequired\":true,\"valueName\":\"search_term_string\"}}],\"inLanguage\":\"en-US\"},{\"@type\":\"Person\",\"@id\":\"https:\/\/veritasinfo.org\/#\/schema\/person\/bc442336e35414d04494ab8fb45db4c6\",\"name\":\"US5\",\"image\":{\"@type\":\"ImageObject\",\"inLanguage\":\"en-US\",\"@id\":\"https:\/\/veritasinfo.org\/#\/schema\/person\/image\/\",\"url\":\"https:\/\/secure.gravatar.com\/avatar\/16a61e7272a0c5d001121ebb9e60e925d5816e4ac1e443ed3e640d9a6ae55d0c?s=96&d=mm&r=g\",\"contentUrl\":\"https:\/\/secure.gravatar.com\/avatar\/16a61e7272a0c5d001121ebb9e60e925d5816e4ac1e443ed3e640d9a6ae55d0c?s=96&d=mm&r=g\",\"caption\":\"US5\"},\"url\":\"https:\/\/veritasinfo.org\/?author=6\"}]}<\/script>\n<!-- \/ Yoast SEO plugin. -->","yoast_head_json":{"title":"Serbia blen raketa kineze \u201cshkat\u00ebrruese\u201d, Kroacia njofton NATO-n -","robots":{"index":"index","follow":"follow","max-snippet":"max-snippet:-1","max-image-preview":"max-image-preview:large","max-video-preview":"max-video-preview:-1"},"canonical":"https:\/\/veritasinfo.org\/?p=37437","og_locale":"en_US","og_type":"article","og_title":"Serbia blen raketa kineze \u201cshkat\u00ebrruese\u201d, Kroacia njofton NATO-n -","og_description":"Prishtin\u00eb 13 Mars 2026 8:00 Presidenti i Serbis\u00eb, Aleksandar Vu\u00e7iq, konfirmoi m\u00eb 12 mars se Serbia ka bler\u00eb raketa balistike supersonike CM-400 nga Kina. \u201cNe","og_url":"https:\/\/veritasinfo.org\/?p=37437","article_published_time":"2026-03-13T07:01:31+00:00","article_modified_time":"2026-03-13T07:04:15+00:00","og_image":[{"width":936,"height":553,"url":"https:\/\/veritasinfo.org\/wp-content\/uploads\/2026\/03\/raketa-2.jpg","type":"image\/jpeg"}],"author":"US5","twitter_card":"summary_large_image","twitter_misc":{"Written by":"US5","Est. reading time":"2 minutes"},"schema":{"@context":"https:\/\/schema.org","@graph":[{"@type":"WebPage","@id":"https:\/\/veritasinfo.org\/?p=37437","url":"https:\/\/veritasinfo.org\/?p=37437","name":"Serbia blen raketa kineze \u201cshkat\u00ebrruese\u201d, Kroacia njofton NATO-n -","isPartOf":{"@id":"https:\/\/veritasinfo.org\/#website"},"primaryImageOfPage":{"@id":"https:\/\/veritasinfo.org\/?p=37437#primaryimage"},"image":{"@id":"https:\/\/veritasinfo.org\/?p=37437#primaryimage"},"thumbnailUrl":"https:\/\/veritasinfo.org\/wp-content\/uploads\/2026\/03\/raketa-2.jpg","datePublished":"2026-03-13T07:01:31+00:00","dateModified":"2026-03-13T07:04:15+00:00","author":{"@id":"https:\/\/veritasinfo.org\/#\/schema\/person\/bc442336e35414d04494ab8fb45db4c6"},"breadcrumb":{"@id":"https:\/\/veritasinfo.org\/?p=37437#breadcrumb"},"inLanguage":"en-US","potentialAction":[{"@type":"ReadAction","target":["https:\/\/veritasinfo.org\/?p=37437"]}]},{"@type":"ImageObject","inLanguage":"en-US","@id":"https:\/\/veritasinfo.org\/?p=37437#primaryimage","url":"https:\/\/veritasinfo.org\/wp-content\/uploads\/2026\/03\/raketa-2.jpg","contentUrl":"https:\/\/veritasinfo.org\/wp-content\/uploads\/2026\/03\/raketa-2.jpg","width":936,"height":553},{"@type":"BreadcrumbList","@id":"https:\/\/veritasinfo.org\/?p=37437#breadcrumb","itemListElement":[{"@type":"ListItem","position":1,"name":"Home","item":"https:\/\/veritasinfo.org\/"},{"@type":"ListItem","position":2,"name":"Serbia blen raketa kineze \u201cshkat\u00ebrruese\u201d, Kroacia njofton NATO-n"}]},{"@type":"WebSite","@id":"https:\/\/veritasinfo.org\/#website","url":"https:\/\/veritasinfo.org\/","name":"","description":"","potentialAction":[{"@type":"SearchAction","target":{"@type":"EntryPoint","urlTemplate":"https:\/\/veritasinfo.org\/?s={search_term_string}"},"query-input":{"@type":"PropertyValueSpecification","valueRequired":true,"valueName":"search_term_string"}}],"inLanguage":"en-US"},{"@type":"Person","@id":"https:\/\/veritasinfo.org\/#\/schema\/person\/bc442336e35414d04494ab8fb45db4c6","name":"US5","image":{"@type":"ImageObject","inLanguage":"en-US","@id":"https:\/\/veritasinfo.org\/#\/schema\/person\/image\/","url":"https:\/\/secure.gravatar.com\/avatar\/16a61e7272a0c5d001121ebb9e60e925d5816e4ac1e443ed3e640d9a6ae55d0c?s=96&d=mm&r=g","contentUrl":"https:\/\/secure.gravatar.com\/avatar\/16a61e7272a0c5d001121ebb9e60e925d5816e4ac1e443ed3e640d9a6ae55d0c?s=96&d=mm&r=g","caption":"US5"},"url":"https:\/\/veritasinfo.org\/?author=6"}]}},"featured_image_urls":{"full":["https:\/\/veritasinfo.org\/wp-content\/uploads\/2026\/03\/raketa-2.jpg",936,553,false],"thumbnail":["https:\/\/veritasinfo.org\/wp-content\/uploads\/2026\/03\/raketa-2-150x150.jpg",150,150,true],"medium":["https:\/\/veritasinfo.org\/wp-content\/uploads\/2026\/03\/raketa-2-300x177.jpg",300,177,true],"medium_large":["https:\/\/veritasinfo.org\/wp-content\/uploads\/2026\/03\/raketa-2-768x454.jpg",640,378,true],"large":["https:\/\/veritasinfo.org\/wp-content\/uploads\/2026\/03\/raketa-2.jpg",640,378,false],"1536x1536":["https:\/\/veritasinfo.org\/wp-content\/uploads\/2026\/03\/raketa-2.jpg",936,553,false],"2048x2048":["https:\/\/veritasinfo.org\/wp-content\/uploads\/2026\/03\/raketa-2.jpg",936,553,false],"kreeti-slider-full":["https:\/\/veritasinfo.org\/wp-content\/uploads\/2026\/03\/raketa-2.jpg",936,553,false],"kreeti-featured":["https:\/\/veritasinfo.org\/wp-content\/uploads\/2026\/03\/raketa-2.jpg",936,553,false],"kreeti-medium":["https:\/\/veritasinfo.org\/wp-content\/uploads\/2026\/03\/raketa-2.jpg",720,425,false],"kreeti-medium-square":["https:\/\/veritasinfo.org\/wp-content\/uploads\/2026\/03\/raketa-2.jpg",350,207,false]},"author_info":{"info":["US5"]},"category_info":"<a href=\"https:\/\/veritasinfo.org\/?cat=60\" rel=\"category\">Shoq\u00ebrore<\/a>","tag_info":"Shoq\u00ebrore","comment_count":"0","_links":{"self":[{"href":"https:\/\/veritasinfo.org\/index.php?rest_route=\/wp\/v2\/posts\/37437","targetHints":{"allow":["GET"]}}],"collection":[{"href":"https:\/\/veritasinfo.org\/index.php?rest_route=\/wp\/v2\/posts"}],"about":[{"href":"https:\/\/veritasinfo.org\/index.php?rest_route=\/wp\/v2\/types\/post"}],"author":[{"embeddable":true,"href":"https:\/\/veritasinfo.org\/index.php?rest_route=\/wp\/v2\/users\/6"}],"replies":[{"embeddable":true,"href":"https:\/\/veritasinfo.org\/index.php?rest_route=%2Fwp%2Fv2%2Fcomments&post=37437"}],"version-history":[{"count":1,"href":"https:\/\/veritasinfo.org\/index.php?rest_route=\/wp\/v2\/posts\/37437\/revisions"}],"predecessor-version":[{"id":37439,"href":"https:\/\/veritasinfo.org\/index.php?rest_route=\/wp\/v2\/posts\/37437\/revisions\/37439"}],"wp:featuredmedia":[{"embeddable":true,"href":"https:\/\/veritasinfo.org\/index.php?rest_route=\/wp\/v2\/media\/37443"}],"wp:attachment":[{"href":"https:\/\/veritasinfo.org\/index.php?rest_route=%2Fwp%2Fv2%2Fmedia&parent=37437"}],"wp:term":[{"taxonomy":"category","embeddable":true,"href":"https:\/\/veritasinfo.org\/index.php?rest_route=%2Fwp%2Fv2%2Fcategories&post=37437"},{"taxonomy":"post_tag","embeddable":true,"href":"https:\/\/veritasinfo.org\/index.php?rest_route=%2Fwp%2Fv2%2Ftags&post=37437"}],"curies":[{"name":"wp","href":"https:\/\/api.w.org\/{rel}","templated":true}]}}