{"id":37419,"date":"2026-03-12T21:16:57","date_gmt":"2026-03-12T20:16:57","guid":{"rendered":"https:\/\/veritasinfo.org\/?p=37419"},"modified":"2026-03-12T21:16:57","modified_gmt":"2026-03-12T20:16:57","slug":"nacrt-izvestaja-ep-ostro-kritikuje-srbiju-poziva-na-krivicno-gonjenje-radoica","status":"publish","type":"post","link":"https:\/\/veritasinfo.org\/?p=37419&lang=sr","title":{"rendered":"Nacrt izve\u0161taja EP o\u0161tro kritikuje Srbiju, poziva na krivi\u010dno gonjenje Radoic\u0301a"},"content":{"rendered":"<p>Pri\u0161tina, 12. mart 2026. 21:13<\/p>\n<p>Napredak Srbije ka \u010dlanstvu u Evropskoj uniji je zastao poslednjih godina, navodi se u nacrtu izve\u0161taja Evropskog parlamenta o Srbiji, javlja \u201eN1\u201c.<\/p>\n<p>Glavne zabrinutosti su vezane za \u201estanje demokratije i vladavine prava\u201c.<\/p>\n<p>U nacrtu izve\u0161taja Evropskog parlamenta o Srbiji ocenjuje se da je napredak zemlje ka \u010dlanstvu u Evropskoj uniji prakti\u010dno zaustavljen poslednjih godina.<\/p>\n<p>\u201ePoslednjih godina, napredak Srbije ka \u010dlanstvu u EU je zastao, a zabrinutost je uglavnom usmerena na stanje demokratije i vladavine prava. Postoji niz hitnih pitanja koja treba re\u0161iti, posebno polarizacija i povec\u0301ane politi\u010dke tenzije, potreba za strukturnim reformama u oblasti vladavine prava, borba protiv korupcije i druga pitanja vezana za EU, kao i potreba za postizanjem sveobuhvatnog sporazuma o normalizaciji odnosa sa Kosovom, uz puno uskla\u0111ivanje sa spoljnom politikom EU\u201c, navodi se u nacrtu izve\u0161taja izvestioca za Srbiju u Evropskom parlamentu, Tonina Picule.<\/p>\n<p>U dokumentu se tako\u0111e navodi da Srbija nije postigla zna\u010dajan napredak u ispunjavanju uslova za \u010dlanstvo u mnogim pregovara\u010dkim poglavljima.<\/p>\n<p>U nacrtu izve\u0161taja se tako\u0111e izra\u017eava zabrinutost zbog politi\u010dke situacije u Srbiji, u kontekstu masovnih protesta koji se tamo odr\u017eavaju od novembra 2024. godine.<\/p>\n<p>\u201eOvi protesti odra\u017eavaju duboko ukorenjeno nezadovoljstvo me\u0111u gra\u0111anima i studentima, koji zahtevaju odgovornost i reforme vezane za vladavinu prava.\u201c<\/p>\n<p>Pominje se i teroristi\u010dki napad u Banjskoj, Zve\u010dan, 24. septembra 2023. godine, u kojem je ubijen policijski narednik Afrim Bunjaku. Poziva se na krivi\u010dno gonjenje po\u010dinilaca napada, posebno glavnog teroriste Milana Radoi\u010dic\u0301a.<\/p>\n<p>\u201eO\u010dekujemo da c\u0301e Kosovo i Srbija u potpunosti sara\u0111ivati i preduzeti sve neophodne mere kako bi se po\u010dinioci teroristi\u010dkog napada u Banjskoj 2023. godine brzo izveli pred lice pravde i \u017ealimo \u0161to Srbija jo\u0161 uvek nije krivi\u010dno gonila po\u010dinioce, posebno Milana Radoi\u010dic\u0301a, potpredsednika srpske liste\u201c, navodi se u dokumentu.<\/p>\n","protected":false},"excerpt":{"rendered":"<p>Pri\u0161tina, 12. mart 2026. 21:13 Napredak Srbije ka \u010dlanstvu u Evropskoj uniji je zastao poslednjih godina, navodi se u nacrtu izve\u0161taja Evropskog parlamenta o Srbiji,<\/p>\n","protected":false},"author":7,"featured_media":37420,"comment_status":"open","ping_status":"open","sticky":false,"template":"","format":"standard","meta":{"footnotes":""},"categories":[28],"tags":[],"class_list":["post-37419","post","type-post","status-publish","format-standard","has-post-thumbnail","hentry","category-politika"],"yoast_head":"<!-- This site is optimized with the Yoast SEO plugin v25.3.1 - https:\/\/yoast.com\/wordpress\/plugins\/seo\/ -->\n<title>Nacrt izve\u0161taja EP o\u0161tro kritikuje Srbiju, poziva na krivi\u010dno gonjenje Radoic\u0301a -<\/title>\n<meta name=\"robots\" content=\"index, follow, max-snippet:-1, max-image-preview:large, max-video-preview:-1\" \/>\n<link rel=\"canonical\" href=\"https:\/\/veritasinfo.org\/?p=37419&lang=sr\" \/>\n<meta property=\"og:locale\" content=\"en_US\" \/>\n<meta property=\"og:type\" content=\"article\" \/>\n<meta property=\"og:title\" content=\"Nacrt izve\u0161taja EP o\u0161tro kritikuje Srbiju, poziva na krivi\u010dno gonjenje Radoic\u0301a -\" \/>\n<meta property=\"og:description\" content=\"Pri\u0161tina, 12. mart 2026. 21:13 Napredak Srbije ka \u010dlanstvu u Evropskoj uniji je zastao poslednjih godina, navodi se u nacrtu izve\u0161taja Evropskog parlamenta o Srbiji,\" \/>\n<meta property=\"og:url\" content=\"https:\/\/veritasinfo.org\/?p=37419&amp;lang=sr\" \/>\n<meta property=\"article:published_time\" content=\"2026-03-12T20:16:57+00:00\" \/>\n<meta property=\"og:image\" content=\"https:\/\/veritasinfo.org\/wp-content\/uploads\/2026\/03\/1-54.jpg\" \/>\n\t<meta property=\"og:image:width\" content=\"670\" \/>\n\t<meta property=\"og:image:height\" content=\"427\" \/>\n\t<meta property=\"og:image:type\" content=\"image\/jpeg\" \/>\n<meta name=\"author\" content=\"US6\" \/>\n<meta name=\"twitter:card\" content=\"summary_large_image\" \/>\n<meta name=\"twitter:label1\" content=\"Written by\" \/>\n\t<meta name=\"twitter:data1\" content=\"US6\" \/>\n\t<meta name=\"twitter:label2\" content=\"Est. reading time\" \/>\n\t<meta name=\"twitter:data2\" content=\"2 minutes\" \/>\n<script type=\"application\/ld+json\" class=\"yoast-schema-graph\">{\"@context\":\"https:\/\/schema.org\",\"@graph\":[{\"@type\":\"WebPage\",\"@id\":\"https:\/\/veritasinfo.org\/?p=37419&lang=sr\",\"url\":\"https:\/\/veritasinfo.org\/?p=37419&lang=sr\",\"name\":\"Nacrt izve\u0161taja EP o\u0161tro kritikuje Srbiju, poziva na krivi\u010dno gonjenje Radoic\u0301a -\",\"isPartOf\":{\"@id\":\"https:\/\/veritasinfo.org\/#website\"},\"primaryImageOfPage\":{\"@id\":\"https:\/\/veritasinfo.org\/?p=37419&lang=sr#primaryimage\"},\"image\":{\"@id\":\"https:\/\/veritasinfo.org\/?p=37419&lang=sr#primaryimage\"},\"thumbnailUrl\":\"https:\/\/veritasinfo.org\/wp-content\/uploads\/2026\/03\/1-54.jpg\",\"datePublished\":\"2026-03-12T20:16:57+00:00\",\"author\":{\"@id\":\"https:\/\/veritasinfo.org\/#\/schema\/person\/fe199eede04c3937362892b7444747cc\"},\"breadcrumb\":{\"@id\":\"https:\/\/veritasinfo.org\/?p=37419&lang=sr#breadcrumb\"},\"inLanguage\":\"en-US\",\"potentialAction\":[{\"@type\":\"ReadAction\",\"target\":[\"https:\/\/veritasinfo.org\/?p=37419&lang=sr\"]}]},{\"@type\":\"ImageObject\",\"inLanguage\":\"en-US\",\"@id\":\"https:\/\/veritasinfo.org\/?p=37419&lang=sr#primaryimage\",\"url\":\"https:\/\/veritasinfo.org\/wp-content\/uploads\/2026\/03\/1-54.jpg\",\"contentUrl\":\"https:\/\/veritasinfo.org\/wp-content\/uploads\/2026\/03\/1-54.jpg\",\"width\":670,\"height\":427},{\"@type\":\"BreadcrumbList\",\"@id\":\"https:\/\/veritasinfo.org\/?p=37419&lang=sr#breadcrumb\",\"itemListElement\":[{\"@type\":\"ListItem\",\"position\":1,\"name\":\"Home\",\"item\":\"https:\/\/veritasinfo.org\/\"},{\"@type\":\"ListItem\",\"position\":2,\"name\":\"Nacrt izve\u0161taja EP o\u0161tro kritikuje Srbiju, poziva na krivi\u010dno gonjenje Radoic\u0301a\"}]},{\"@type\":\"WebSite\",\"@id\":\"https:\/\/veritasinfo.org\/#website\",\"url\":\"https:\/\/veritasinfo.org\/\",\"name\":\"\",\"description\":\"\",\"potentialAction\":[{\"@type\":\"SearchAction\",\"target\":{\"@type\":\"EntryPoint\",\"urlTemplate\":\"https:\/\/veritasinfo.org\/?s={search_term_string}\"},\"query-input\":{\"@type\":\"PropertyValueSpecification\",\"valueRequired\":true,\"valueName\":\"search_term_string\"}}],\"inLanguage\":\"en-US\"},{\"@type\":\"Person\",\"@id\":\"https:\/\/veritasinfo.org\/#\/schema\/person\/fe199eede04c3937362892b7444747cc\",\"name\":\"US6\",\"image\":{\"@type\":\"ImageObject\",\"inLanguage\":\"en-US\",\"@id\":\"https:\/\/veritasinfo.org\/#\/schema\/person\/image\/\",\"url\":\"https:\/\/secure.gravatar.com\/avatar\/cb16c3c31c9d23b9b8c705964598220b3014e42ff51eb540ff23cefa3ae8c15f?s=96&d=mm&r=g\",\"contentUrl\":\"https:\/\/secure.gravatar.com\/avatar\/cb16c3c31c9d23b9b8c705964598220b3014e42ff51eb540ff23cefa3ae8c15f?s=96&d=mm&r=g\",\"caption\":\"US6\"},\"url\":\"https:\/\/veritasinfo.org\/?author=7\"}]}<\/script>\n<!-- \/ Yoast SEO plugin. -->","yoast_head_json":{"title":"Nacrt izve\u0161taja EP o\u0161tro kritikuje Srbiju, poziva na krivi\u010dno gonjenje Radoic\u0301a -","robots":{"index":"index","follow":"follow","max-snippet":"max-snippet:-1","max-image-preview":"max-image-preview:large","max-video-preview":"max-video-preview:-1"},"canonical":"https:\/\/veritasinfo.org\/?p=37419&lang=sr","og_locale":"en_US","og_type":"article","og_title":"Nacrt izve\u0161taja EP o\u0161tro kritikuje Srbiju, poziva na krivi\u010dno gonjenje Radoic\u0301a -","og_description":"Pri\u0161tina, 12. mart 2026. 21:13 Napredak Srbije ka \u010dlanstvu u Evropskoj uniji je zastao poslednjih godina, navodi se u nacrtu izve\u0161taja Evropskog parlamenta o Srbiji,","og_url":"https:\/\/veritasinfo.org\/?p=37419&lang=sr","article_published_time":"2026-03-12T20:16:57+00:00","og_image":[{"width":670,"height":427,"url":"https:\/\/veritasinfo.org\/wp-content\/uploads\/2026\/03\/1-54.jpg","type":"image\/jpeg"}],"author":"US6","twitter_card":"summary_large_image","twitter_misc":{"Written by":"US6","Est. reading time":"2 minutes"},"schema":{"@context":"https:\/\/schema.org","@graph":[{"@type":"WebPage","@id":"https:\/\/veritasinfo.org\/?p=37419&lang=sr","url":"https:\/\/veritasinfo.org\/?p=37419&lang=sr","name":"Nacrt izve\u0161taja EP o\u0161tro kritikuje Srbiju, poziva na krivi\u010dno gonjenje Radoic\u0301a -","isPartOf":{"@id":"https:\/\/veritasinfo.org\/#website"},"primaryImageOfPage":{"@id":"https:\/\/veritasinfo.org\/?p=37419&lang=sr#primaryimage"},"image":{"@id":"https:\/\/veritasinfo.org\/?p=37419&lang=sr#primaryimage"},"thumbnailUrl":"https:\/\/veritasinfo.org\/wp-content\/uploads\/2026\/03\/1-54.jpg","datePublished":"2026-03-12T20:16:57+00:00","author":{"@id":"https:\/\/veritasinfo.org\/#\/schema\/person\/fe199eede04c3937362892b7444747cc"},"breadcrumb":{"@id":"https:\/\/veritasinfo.org\/?p=37419&lang=sr#breadcrumb"},"inLanguage":"en-US","potentialAction":[{"@type":"ReadAction","target":["https:\/\/veritasinfo.org\/?p=37419&lang=sr"]}]},{"@type":"ImageObject","inLanguage":"en-US","@id":"https:\/\/veritasinfo.org\/?p=37419&lang=sr#primaryimage","url":"https:\/\/veritasinfo.org\/wp-content\/uploads\/2026\/03\/1-54.jpg","contentUrl":"https:\/\/veritasinfo.org\/wp-content\/uploads\/2026\/03\/1-54.jpg","width":670,"height":427},{"@type":"BreadcrumbList","@id":"https:\/\/veritasinfo.org\/?p=37419&lang=sr#breadcrumb","itemListElement":[{"@type":"ListItem","position":1,"name":"Home","item":"https:\/\/veritasinfo.org\/"},{"@type":"ListItem","position":2,"name":"Nacrt izve\u0161taja EP o\u0161tro kritikuje Srbiju, poziva na krivi\u010dno gonjenje Radoic\u0301a"}]},{"@type":"WebSite","@id":"https:\/\/veritasinfo.org\/#website","url":"https:\/\/veritasinfo.org\/","name":"","description":"","potentialAction":[{"@type":"SearchAction","target":{"@type":"EntryPoint","urlTemplate":"https:\/\/veritasinfo.org\/?s={search_term_string}"},"query-input":{"@type":"PropertyValueSpecification","valueRequired":true,"valueName":"search_term_string"}}],"inLanguage":"en-US"},{"@type":"Person","@id":"https:\/\/veritasinfo.org\/#\/schema\/person\/fe199eede04c3937362892b7444747cc","name":"US6","image":{"@type":"ImageObject","inLanguage":"en-US","@id":"https:\/\/veritasinfo.org\/#\/schema\/person\/image\/","url":"https:\/\/secure.gravatar.com\/avatar\/cb16c3c31c9d23b9b8c705964598220b3014e42ff51eb540ff23cefa3ae8c15f?s=96&d=mm&r=g","contentUrl":"https:\/\/secure.gravatar.com\/avatar\/cb16c3c31c9d23b9b8c705964598220b3014e42ff51eb540ff23cefa3ae8c15f?s=96&d=mm&r=g","caption":"US6"},"url":"https:\/\/veritasinfo.org\/?author=7"}]}},"featured_image_urls":{"full":["https:\/\/veritasinfo.org\/wp-content\/uploads\/2026\/03\/1-54.jpg",670,427,false],"thumbnail":["https:\/\/veritasinfo.org\/wp-content\/uploads\/2026\/03\/1-54-150x150.jpg",150,150,true],"medium":["https:\/\/veritasinfo.org\/wp-content\/uploads\/2026\/03\/1-54-300x191.jpg",300,191,true],"medium_large":["https:\/\/veritasinfo.org\/wp-content\/uploads\/2026\/03\/1-54.jpg",640,408,false],"large":["https:\/\/veritasinfo.org\/wp-content\/uploads\/2026\/03\/1-54.jpg",640,408,false],"1536x1536":["https:\/\/veritasinfo.org\/wp-content\/uploads\/2026\/03\/1-54.jpg",670,427,false],"2048x2048":["https:\/\/veritasinfo.org\/wp-content\/uploads\/2026\/03\/1-54.jpg",670,427,false],"kreeti-slider-full":["https:\/\/veritasinfo.org\/wp-content\/uploads\/2026\/03\/1-54.jpg",670,427,false],"kreeti-featured":["https:\/\/veritasinfo.org\/wp-content\/uploads\/2026\/03\/1-54.jpg",670,427,false],"kreeti-medium":["https:\/\/veritasinfo.org\/wp-content\/uploads\/2026\/03\/1-54.jpg",670,427,false],"kreeti-medium-square":["https:\/\/veritasinfo.org\/wp-content\/uploads\/2026\/03\/1-54.jpg",350,223,false]},"author_info":{"info":["US6"]},"category_info":"<a href=\"https:\/\/veritasinfo.org\/?cat=28&#038;lang=sr\" rel=\"category\">Politika<\/a>","tag_info":"Politika","comment_count":"0","_links":{"self":[{"href":"https:\/\/veritasinfo.org\/index.php?rest_route=\/wp\/v2\/posts\/37419","targetHints":{"allow":["GET"]}}],"collection":[{"href":"https:\/\/veritasinfo.org\/index.php?rest_route=\/wp\/v2\/posts"}],"about":[{"href":"https:\/\/veritasinfo.org\/index.php?rest_route=\/wp\/v2\/types\/post"}],"author":[{"embeddable":true,"href":"https:\/\/veritasinfo.org\/index.php?rest_route=\/wp\/v2\/users\/7"}],"replies":[{"embeddable":true,"href":"https:\/\/veritasinfo.org\/index.php?rest_route=%2Fwp%2Fv2%2Fcomments&post=37419"}],"version-history":[{"count":1,"href":"https:\/\/veritasinfo.org\/index.php?rest_route=\/wp\/v2\/posts\/37419\/revisions"}],"predecessor-version":[{"id":37421,"href":"https:\/\/veritasinfo.org\/index.php?rest_route=\/wp\/v2\/posts\/37419\/revisions\/37421"}],"wp:featuredmedia":[{"embeddable":true,"href":"https:\/\/veritasinfo.org\/index.php?rest_route=\/wp\/v2\/media\/37420"}],"wp:attachment":[{"href":"https:\/\/veritasinfo.org\/index.php?rest_route=%2Fwp%2Fv2%2Fmedia&parent=37419"}],"wp:term":[{"taxonomy":"category","embeddable":true,"href":"https:\/\/veritasinfo.org\/index.php?rest_route=%2Fwp%2Fv2%2Fcategories&post=37419"},{"taxonomy":"post_tag","embeddable":true,"href":"https:\/\/veritasinfo.org\/index.php?rest_route=%2Fwp%2Fv2%2Ftags&post=37419"}],"curies":[{"name":"wp","href":"https:\/\/api.w.org\/{rel}","templated":true}]}}