{"id":3741,"date":"2025-07-14T11:18:55","date_gmt":"2025-07-14T09:18:55","guid":{"rendered":"https:\/\/veritasinfo.org\/?p=3741"},"modified":"2025-07-14T11:18:55","modified_gmt":"2025-07-14T09:18:55","slug":"deputeti-gjerman-godet-serbine-ska-te-drejte-te-mbroje-serbet-ne-kosove-ndersa-shtyp-shqiptaret-ne-presheve","status":"publish","type":"post","link":"https:\/\/veritasinfo.org\/?p=3741","title":{"rendered":"Deputeti gjerman godet Serbin\u00eb: S\u2019ka t\u00eb drejt\u00eb t\u00eb mbroj\u00eb serb\u00ebt n\u00eb Kosov\u00eb, nd\u00ebrsa shtyp shqiptar\u00ebt n\u00eb Preshev\u00eb"},"content":{"rendered":"<p>14 Korrik 2025<\/p>\n<p>Deputeti i SPD-s\u00eb, Adis Ahmetoviq, n\u00eb nj\u00eb intervist\u00eb p\u00ebr DW flet p\u00ebr Srebrenic\u00ebn, Kosov\u00ebn dhe t\u00eb drejtat e shqiptar\u00ebve n\u00eb Serbin\u00eb e Jugut. Ai thekson se Kosova duhet t\u00eb b\u00ebhet an\u00ebtare e K\u00ebshillit t\u00eb Evrop\u00ebs dhe kritikon munges\u00ebn e v\u00ebmendjes ndaj gjendjes s\u00eb shqiptar\u00ebve n\u00eb Preshev\u00eb.<\/p>\n<p>Ahmetoviq, i prekur personalisht nga Lufta e Bosnj\u00ebs, tha se debati n\u00eb Bundestag p\u00ebr Dit\u00ebn Nd\u00ebrkomb\u00ebtare t\u00eb Kujtimit p\u00ebr Srebrenic\u00ebn ishte i domosdosh\u00ebm, duke kujtuar se ende ka aktor\u00eb n\u00eb rajon q\u00eb mohojn\u00eb gjenocidin dhe glorifikojn\u00eb kriminel\u00ebt e luft\u00ebs. Ai thekson se Ballkani Per\u00ebndimor \u00ebsht\u00eb pjes\u00eb e Evrop\u00ebs dhe se stabiliteti n\u00eb rajon k\u00ebrkon v\u00ebmendje t\u00eb p\u00ebrhershme.<\/p>\n<p>Sa i p\u00ebrket Kosov\u00ebs, ai rithekson nevoj\u00ebn p\u00ebr an\u00ebtar\u00ebsim t\u00eb shpejt\u00eb n\u00eb K\u00ebshillin e Evrop\u00ebs. Ai thekson se SPD-ja \u00ebsht\u00eb e p\u00ebrkushtuar p\u00ebr ta \u00e7uar p\u00ebrpara k\u00ebt\u00eb \u00e7\u00ebshtje, pavar\u00ebsisht d\u00ebshtimit n\u00eb legjislatur\u00ebn e kaluar. Gjermania, sipas tij, duhet t\u00eb p\u00ebrdor\u00eb pesh\u00ebn e saj p\u00ebr t\u00eb bindur shtetet an\u00ebtare hezituese.<\/p>\n<p>Ahmetoviq p\u00ebrmend gjithashtu r\u00ebnd\u00ebsin\u00eb e integrimit n\u00eb BE dhe NATO p\u00ebr vendet e Ballkanit Per\u00ebndimor. Ai thekson se pa siguri nuk ka zhvillim dhe se p\u00ebrgjegj\u00ebsia p\u00ebr integrim \u00ebsht\u00eb e p\u00ebrbashk\u00ebt \u2013 si p\u00ebr vendet e rajonit, ashtu edhe p\u00ebr BE-n\u00eb.<\/p>\n<p>N\u00eb lidhje me situat\u00ebn politike n\u00eb Kosov\u00eb, ai shpreh shqet\u00ebsim p\u00ebr bllokimin e Parlamentit dhe k\u00ebrkon rikthimin e stabilitetit institucional, pasi kjo \u00ebsht\u00eb thelb\u00ebsore p\u00ebr proceset integruese.<\/p>\n<p>Ahmetoviq zbulon se k\u00ebt\u00eb jav\u00eb ka pritur n\u00eb Bundestag nj\u00eb delegacion nga Lugina e Preshev\u00ebs dhe thot\u00eb se situata e shqiptar\u00ebve atje ka qen\u00eb e shp\u00ebrfillur. Ai k\u00ebrkon zbatimin e marr\u00ebveshjeve ekzistuese p\u00ebr integrimin e shqiptar\u00ebve n\u00eb administrat\u00eb, polici dhe gjyq\u00ebsor, si parakusht p\u00ebr rrug\u00ebn e Serbis\u00eb drejt BE-s\u00eb.<\/p>\n<p>N\u00eb fund, ai mb\u00ebshtet p\u00ebrfshirjen e \u00e7\u00ebshtjes s\u00eb shqiptar\u00ebve t\u00eb Lugin\u00ebs n\u00eb dialogun Kosov\u00eb\u2013Serbi, duke theksuar se t\u00eb nj\u00ebjtat standarde q\u00eb Serbia k\u00ebrkon p\u00ebr serb\u00ebt n\u00eb Kosov\u00eb, duhet t\u00eb zbatohen edhe p\u00ebr shqiptar\u00ebt n\u00eb Serbi.<\/p>\n","protected":false},"excerpt":{"rendered":"<p>14 Korrik 2025 Deputeti i SPD-s\u00eb, Adis Ahmetoviq, n\u00eb nj\u00eb intervist\u00eb p\u00ebr DW flet p\u00ebr Srebrenic\u00ebn, Kosov\u00ebn dhe t\u00eb drejtat e shqiptar\u00ebve n\u00eb Serbin\u00eb e<\/p>\n","protected":false},"author":1,"featured_media":3742,"comment_status":"open","ping_status":"open","sticky":false,"template":"","format":"standard","meta":{"footnotes":""},"categories":[60],"tags":[],"class_list":["post-3741","post","type-post","status-publish","format-standard","has-post-thumbnail","hentry","category-shoqerore-sq"],"yoast_head":"<!-- This site is optimized with the Yoast SEO plugin v25.3.1 - https:\/\/yoast.com\/wordpress\/plugins\/seo\/ -->\n<title>Deputeti gjerman godet Serbin\u00eb: S\u2019ka t\u00eb drejt\u00eb t\u00eb mbroj\u00eb serb\u00ebt n\u00eb Kosov\u00eb, nd\u00ebrsa shtyp shqiptar\u00ebt n\u00eb Preshev\u00eb -<\/title>\n<meta name=\"robots\" content=\"index, follow, max-snippet:-1, max-image-preview:large, max-video-preview:-1\" \/>\n<link rel=\"canonical\" href=\"https:\/\/veritasinfo.org\/?p=3741\" \/>\n<meta property=\"og:locale\" content=\"en_US\" \/>\n<meta property=\"og:type\" content=\"article\" \/>\n<meta property=\"og:title\" content=\"Deputeti gjerman godet Serbin\u00eb: S\u2019ka t\u00eb drejt\u00eb t\u00eb mbroj\u00eb serb\u00ebt n\u00eb Kosov\u00eb, nd\u00ebrsa shtyp shqiptar\u00ebt n\u00eb Preshev\u00eb -\" \/>\n<meta property=\"og:description\" content=\"14 Korrik 2025 Deputeti i SPD-s\u00eb, Adis Ahmetoviq, n\u00eb nj\u00eb intervist\u00eb p\u00ebr DW flet p\u00ebr Srebrenic\u00ebn, Kosov\u00ebn dhe t\u00eb drejtat e shqiptar\u00ebve n\u00eb Serbin\u00eb e\" \/>\n<meta property=\"og:url\" content=\"https:\/\/veritasinfo.org\/?p=3741\" \/>\n<meta property=\"article:published_time\" content=\"2025-07-14T09:18:55+00:00\" \/>\n<meta property=\"og:image\" content=\"https:\/\/veritasinfo.org\/wp-content\/uploads\/2025\/07\/IMG_1026.png\" \/>\n\t<meta property=\"og:image:width\" content=\"400\" \/>\n\t<meta property=\"og:image:height\" content=\"285\" \/>\n\t<meta property=\"og:image:type\" content=\"image\/png\" \/>\n<meta name=\"author\" content=\"admin\" \/>\n<meta name=\"twitter:card\" content=\"summary_large_image\" \/>\n<meta name=\"twitter:label1\" content=\"Written by\" \/>\n\t<meta name=\"twitter:data1\" content=\"admin\" \/>\n\t<meta name=\"twitter:label2\" content=\"Est. reading time\" \/>\n\t<meta name=\"twitter:data2\" content=\"2 minutes\" \/>\n<script type=\"application\/ld+json\" class=\"yoast-schema-graph\">{\"@context\":\"https:\/\/schema.org\",\"@graph\":[{\"@type\":\"WebPage\",\"@id\":\"https:\/\/veritasinfo.org\/?p=3741\",\"url\":\"https:\/\/veritasinfo.org\/?p=3741\",\"name\":\"Deputeti gjerman godet Serbin\u00eb: S\u2019ka t\u00eb drejt\u00eb t\u00eb mbroj\u00eb serb\u00ebt n\u00eb Kosov\u00eb, nd\u00ebrsa shtyp shqiptar\u00ebt n\u00eb Preshev\u00eb -\",\"isPartOf\":{\"@id\":\"https:\/\/veritasinfo.org\/#website\"},\"primaryImageOfPage\":{\"@id\":\"https:\/\/veritasinfo.org\/?p=3741#primaryimage\"},\"image\":{\"@id\":\"https:\/\/veritasinfo.org\/?p=3741#primaryimage\"},\"thumbnailUrl\":\"https:\/\/veritasinfo.org\/wp-content\/uploads\/2025\/07\/IMG_1026.png\",\"datePublished\":\"2025-07-14T09:18:55+00:00\",\"author\":{\"@id\":\"https:\/\/veritasinfo.org\/#\/schema\/person\/7701f8c088bece422266b100a712374f\"},\"breadcrumb\":{\"@id\":\"https:\/\/veritasinfo.org\/?p=3741#breadcrumb\"},\"inLanguage\":\"en-US\",\"potentialAction\":[{\"@type\":\"ReadAction\",\"target\":[\"https:\/\/veritasinfo.org\/?p=3741\"]}]},{\"@type\":\"ImageObject\",\"inLanguage\":\"en-US\",\"@id\":\"https:\/\/veritasinfo.org\/?p=3741#primaryimage\",\"url\":\"https:\/\/veritasinfo.org\/wp-content\/uploads\/2025\/07\/IMG_1026.png\",\"contentUrl\":\"https:\/\/veritasinfo.org\/wp-content\/uploads\/2025\/07\/IMG_1026.png\",\"width\":400,\"height\":285},{\"@type\":\"BreadcrumbList\",\"@id\":\"https:\/\/veritasinfo.org\/?p=3741#breadcrumb\",\"itemListElement\":[{\"@type\":\"ListItem\",\"position\":1,\"name\":\"Home\",\"item\":\"https:\/\/veritasinfo.org\/\"},{\"@type\":\"ListItem\",\"position\":2,\"name\":\"Deputeti gjerman godet Serbin\u00eb: S\u2019ka t\u00eb drejt\u00eb t\u00eb mbroj\u00eb serb\u00ebt n\u00eb Kosov\u00eb, nd\u00ebrsa shtyp shqiptar\u00ebt n\u00eb Preshev\u00eb\"}]},{\"@type\":\"WebSite\",\"@id\":\"https:\/\/veritasinfo.org\/#website\",\"url\":\"https:\/\/veritasinfo.org\/\",\"name\":\"\",\"description\":\"\",\"potentialAction\":[{\"@type\":\"SearchAction\",\"target\":{\"@type\":\"EntryPoint\",\"urlTemplate\":\"https:\/\/veritasinfo.org\/?s={search_term_string}\"},\"query-input\":{\"@type\":\"PropertyValueSpecification\",\"valueRequired\":true,\"valueName\":\"search_term_string\"}}],\"inLanguage\":\"en-US\"},{\"@type\":\"Person\",\"@id\":\"https:\/\/veritasinfo.org\/#\/schema\/person\/7701f8c088bece422266b100a712374f\",\"name\":\"admin\",\"image\":{\"@type\":\"ImageObject\",\"inLanguage\":\"en-US\",\"@id\":\"https:\/\/veritasinfo.org\/#\/schema\/person\/image\/\",\"url\":\"https:\/\/secure.gravatar.com\/avatar\/ea53aa3bf6c9a12d5fde8ce4deff43fef3885ae33cf60184161a50d6987cfd2f?s=96&d=mm&r=g\",\"contentUrl\":\"https:\/\/secure.gravatar.com\/avatar\/ea53aa3bf6c9a12d5fde8ce4deff43fef3885ae33cf60184161a50d6987cfd2f?s=96&d=mm&r=g\",\"caption\":\"admin\"},\"sameAs\":[\"https:\/\/veritasinfo.org\"],\"url\":\"https:\/\/veritasinfo.org\/?author=1\"}]}<\/script>\n<!-- \/ Yoast SEO plugin. -->","yoast_head_json":{"title":"Deputeti gjerman godet Serbin\u00eb: S\u2019ka t\u00eb drejt\u00eb t\u00eb mbroj\u00eb serb\u00ebt n\u00eb Kosov\u00eb, nd\u00ebrsa shtyp shqiptar\u00ebt n\u00eb Preshev\u00eb -","robots":{"index":"index","follow":"follow","max-snippet":"max-snippet:-1","max-image-preview":"max-image-preview:large","max-video-preview":"max-video-preview:-1"},"canonical":"https:\/\/veritasinfo.org\/?p=3741","og_locale":"en_US","og_type":"article","og_title":"Deputeti gjerman godet Serbin\u00eb: S\u2019ka t\u00eb drejt\u00eb t\u00eb mbroj\u00eb serb\u00ebt n\u00eb Kosov\u00eb, nd\u00ebrsa shtyp shqiptar\u00ebt n\u00eb Preshev\u00eb -","og_description":"14 Korrik 2025 Deputeti i SPD-s\u00eb, Adis Ahmetoviq, n\u00eb nj\u00eb intervist\u00eb p\u00ebr DW flet p\u00ebr Srebrenic\u00ebn, Kosov\u00ebn dhe t\u00eb drejtat e shqiptar\u00ebve n\u00eb Serbin\u00eb e","og_url":"https:\/\/veritasinfo.org\/?p=3741","article_published_time":"2025-07-14T09:18:55+00:00","og_image":[{"width":400,"height":285,"url":"https:\/\/veritasinfo.org\/wp-content\/uploads\/2025\/07\/IMG_1026.png","type":"image\/png"}],"author":"admin","twitter_card":"summary_large_image","twitter_misc":{"Written by":"admin","Est. reading time":"2 minutes"},"schema":{"@context":"https:\/\/schema.org","@graph":[{"@type":"WebPage","@id":"https:\/\/veritasinfo.org\/?p=3741","url":"https:\/\/veritasinfo.org\/?p=3741","name":"Deputeti gjerman godet Serbin\u00eb: S\u2019ka t\u00eb drejt\u00eb t\u00eb mbroj\u00eb serb\u00ebt n\u00eb Kosov\u00eb, nd\u00ebrsa shtyp shqiptar\u00ebt n\u00eb Preshev\u00eb -","isPartOf":{"@id":"https:\/\/veritasinfo.org\/#website"},"primaryImageOfPage":{"@id":"https:\/\/veritasinfo.org\/?p=3741#primaryimage"},"image":{"@id":"https:\/\/veritasinfo.org\/?p=3741#primaryimage"},"thumbnailUrl":"https:\/\/veritasinfo.org\/wp-content\/uploads\/2025\/07\/IMG_1026.png","datePublished":"2025-07-14T09:18:55+00:00","author":{"@id":"https:\/\/veritasinfo.org\/#\/schema\/person\/7701f8c088bece422266b100a712374f"},"breadcrumb":{"@id":"https:\/\/veritasinfo.org\/?p=3741#breadcrumb"},"inLanguage":"en-US","potentialAction":[{"@type":"ReadAction","target":["https:\/\/veritasinfo.org\/?p=3741"]}]},{"@type":"ImageObject","inLanguage":"en-US","@id":"https:\/\/veritasinfo.org\/?p=3741#primaryimage","url":"https:\/\/veritasinfo.org\/wp-content\/uploads\/2025\/07\/IMG_1026.png","contentUrl":"https:\/\/veritasinfo.org\/wp-content\/uploads\/2025\/07\/IMG_1026.png","width":400,"height":285},{"@type":"BreadcrumbList","@id":"https:\/\/veritasinfo.org\/?p=3741#breadcrumb","itemListElement":[{"@type":"ListItem","position":1,"name":"Home","item":"https:\/\/veritasinfo.org\/"},{"@type":"ListItem","position":2,"name":"Deputeti gjerman godet Serbin\u00eb: S\u2019ka t\u00eb drejt\u00eb t\u00eb mbroj\u00eb serb\u00ebt n\u00eb Kosov\u00eb, nd\u00ebrsa shtyp shqiptar\u00ebt n\u00eb Preshev\u00eb"}]},{"@type":"WebSite","@id":"https:\/\/veritasinfo.org\/#website","url":"https:\/\/veritasinfo.org\/","name":"","description":"","potentialAction":[{"@type":"SearchAction","target":{"@type":"EntryPoint","urlTemplate":"https:\/\/veritasinfo.org\/?s={search_term_string}"},"query-input":{"@type":"PropertyValueSpecification","valueRequired":true,"valueName":"search_term_string"}}],"inLanguage":"en-US"},{"@type":"Person","@id":"https:\/\/veritasinfo.org\/#\/schema\/person\/7701f8c088bece422266b100a712374f","name":"admin","image":{"@type":"ImageObject","inLanguage":"en-US","@id":"https:\/\/veritasinfo.org\/#\/schema\/person\/image\/","url":"https:\/\/secure.gravatar.com\/avatar\/ea53aa3bf6c9a12d5fde8ce4deff43fef3885ae33cf60184161a50d6987cfd2f?s=96&d=mm&r=g","contentUrl":"https:\/\/secure.gravatar.com\/avatar\/ea53aa3bf6c9a12d5fde8ce4deff43fef3885ae33cf60184161a50d6987cfd2f?s=96&d=mm&r=g","caption":"admin"},"sameAs":["https:\/\/veritasinfo.org"],"url":"https:\/\/veritasinfo.org\/?author=1"}]}},"featured_image_urls":{"full":["https:\/\/veritasinfo.org\/wp-content\/uploads\/2025\/07\/IMG_1026.png",400,285,false],"thumbnail":["https:\/\/veritasinfo.org\/wp-content\/uploads\/2025\/07\/IMG_1026-150x150.png",150,150,true],"medium":["https:\/\/veritasinfo.org\/wp-content\/uploads\/2025\/07\/IMG_1026-300x214.png",300,214,true],"medium_large":["https:\/\/veritasinfo.org\/wp-content\/uploads\/2025\/07\/IMG_1026.png",400,285,false],"large":["https:\/\/veritasinfo.org\/wp-content\/uploads\/2025\/07\/IMG_1026.png",400,285,false],"1536x1536":["https:\/\/veritasinfo.org\/wp-content\/uploads\/2025\/07\/IMG_1026.png",400,285,false],"2048x2048":["https:\/\/veritasinfo.org\/wp-content\/uploads\/2025\/07\/IMG_1026.png",400,285,false],"kreeti-slider-full":["https:\/\/veritasinfo.org\/wp-content\/uploads\/2025\/07\/IMG_1026.png",400,285,false],"kreeti-featured":["https:\/\/veritasinfo.org\/wp-content\/uploads\/2025\/07\/IMG_1026.png",400,285,false],"kreeti-medium":["https:\/\/veritasinfo.org\/wp-content\/uploads\/2025\/07\/IMG_1026.png",400,285,false],"kreeti-medium-square":["https:\/\/veritasinfo.org\/wp-content\/uploads\/2025\/07\/IMG_1026.png",350,249,false]},"author_info":{"info":["admin"]},"category_info":"<a href=\"https:\/\/veritasinfo.org\/?cat=60\" rel=\"category\">Shoq\u00ebrore<\/a>","tag_info":"Shoq\u00ebrore","comment_count":"0","_links":{"self":[{"href":"https:\/\/veritasinfo.org\/index.php?rest_route=\/wp\/v2\/posts\/3741","targetHints":{"allow":["GET"]}}],"collection":[{"href":"https:\/\/veritasinfo.org\/index.php?rest_route=\/wp\/v2\/posts"}],"about":[{"href":"https:\/\/veritasinfo.org\/index.php?rest_route=\/wp\/v2\/types\/post"}],"author":[{"embeddable":true,"href":"https:\/\/veritasinfo.org\/index.php?rest_route=\/wp\/v2\/users\/1"}],"replies":[{"embeddable":true,"href":"https:\/\/veritasinfo.org\/index.php?rest_route=%2Fwp%2Fv2%2Fcomments&post=3741"}],"version-history":[{"count":1,"href":"https:\/\/veritasinfo.org\/index.php?rest_route=\/wp\/v2\/posts\/3741\/revisions"}],"predecessor-version":[{"id":3743,"href":"https:\/\/veritasinfo.org\/index.php?rest_route=\/wp\/v2\/posts\/3741\/revisions\/3743"}],"wp:featuredmedia":[{"embeddable":true,"href":"https:\/\/veritasinfo.org\/index.php?rest_route=\/wp\/v2\/media\/3742"}],"wp:attachment":[{"href":"https:\/\/veritasinfo.org\/index.php?rest_route=%2Fwp%2Fv2%2Fmedia&parent=3741"}],"wp:term":[{"taxonomy":"category","embeddable":true,"href":"https:\/\/veritasinfo.org\/index.php?rest_route=%2Fwp%2Fv2%2Fcategories&post=3741"},{"taxonomy":"post_tag","embeddable":true,"href":"https:\/\/veritasinfo.org\/index.php?rest_route=%2Fwp%2Fv2%2Ftags&post=3741"}],"curies":[{"name":"wp","href":"https:\/\/api.w.org\/{rel}","templated":true}]}}