{"id":3739,"date":"2025-07-14T10:55:07","date_gmt":"2025-07-14T08:55:07","guid":{"rendered":"https:\/\/veritasinfo.org\/?p=3739"},"modified":"2025-07-14T10:55:07","modified_gmt":"2025-07-14T08:55:07","slug":"nuk-e-kemi-me-luksin-te-jemi-te-ndare","status":"publish","type":"post","link":"https:\/\/veritasinfo.org\/?p=3739","title":{"rendered":"Nuk e kemi m\u00eb luksin t\u00eb jemi t\u00eb ndar\u00eb"},"content":{"rendered":"<p>N\u00eb prag t\u00eb zgjedhjeve lokale t\u00eb caktuara p\u00ebr 12 tetor, ndiej nevoj\u00ebn t\u00eb drejtohem \u2013 jo nga interesat politike, por nga p\u00ebrgjegj\u00ebsia ime si qytetar. Jetojm\u00eb n\u00eb koh\u00eb sfiduese dhe p\u00ebrball\u00eb presioneve t\u00eb vazhdueshme, q\u00eb k\u00ebrkojn\u00eb unitet, jo ndarje.<\/p>\n<p>Pavar\u00ebsisht neglizhenc\u00ebs institucionale, pavar\u00ebsisht padrejt\u00ebsive dhe viteve t\u00eb injorimit, ende besoj se kemi forc\u00ebn t\u00eb bashkohemi \u2013 pa interesa partiake, pa frik\u00eb, pa mendjemadh\u00ebsi.<\/p>\n<p>Prandaj b\u00ebj thirrje p\u00ebr bashkim t\u00eb gjith\u00eb individ\u00ebve, shoqatave, student\u00ebve, bizneseve, intelektual\u00ebve dhe aktor\u00ebve politik\u00eb \u2013 q\u00eb s\u00eb bashku t\u00eb artikulojm\u00eb nj\u00eb q\u00ebndres\u00eb p\u00ebr mbijetes\u00eb dhe nj\u00eb jet\u00eb t\u00eb denj\u00eb p\u00ebr t\u00eb gjith\u00eb ata q\u00eb duan t\u00eb q\u00ebndrojn\u00eb k\u00ebtu.<\/p>\n<p>S\u00eb shpejti planifikohet organizimi i nj\u00eb tubimi t\u00eb gjer\u00eb qytetar, ku do t\u00eb p\u00ebrcaktojm\u00eb hapat e m\u00ebtejsh\u00ebm dhe veprimet konkrete.<\/p>\n<p>Mjaft m\u00eb me heshtje. Na duhet p\u00ebrgjegj\u00ebsi. Na duhet guxim. Na duhet unitet.<\/p>\n<p>Jemi t\u00eb hapur p\u00ebr bised\u00eb, bashk\u00ebpunim dhe marr\u00ebveshje \u2013 me t\u00eb gjith\u00eb ata q\u00eb ndajn\u00eb k\u00ebt\u00eb shqet\u00ebsim dhe vizion.<\/p>\n","protected":false},"excerpt":{"rendered":"<p>N\u00eb prag t\u00eb zgjedhjeve lokale t\u00eb caktuara p\u00ebr 12 tetor, ndiej nevoj\u00ebn t\u00eb drejtohem \u2013 jo nga interesat politike, por nga p\u00ebrgjegj\u00ebsia ime si qytetar.<\/p>\n","protected":false},"author":1,"featured_media":3737,"comment_status":"open","ping_status":"open","sticky":false,"template":"","format":"standard","meta":{"footnotes":""},"categories":[58],"tags":[],"class_list":["post-3739","post","type-post","status-publish","format-standard","has-post-thumbnail","hentry","category-politike-sq"],"yoast_head":"<!-- This site is optimized with the Yoast SEO plugin v25.3.1 - https:\/\/yoast.com\/wordpress\/plugins\/seo\/ -->\n<title>Nuk e kemi m\u00eb luksin t\u00eb jemi t\u00eb ndar\u00eb -<\/title>\n<meta name=\"robots\" content=\"index, follow, max-snippet:-1, max-image-preview:large, max-video-preview:-1\" \/>\n<link rel=\"canonical\" href=\"https:\/\/veritasinfo.org\/?p=3739\" \/>\n<meta property=\"og:locale\" content=\"en_US\" \/>\n<meta property=\"og:type\" content=\"article\" \/>\n<meta property=\"og:title\" content=\"Nuk e kemi m\u00eb luksin t\u00eb jemi t\u00eb ndar\u00eb -\" \/>\n<meta property=\"og:description\" content=\"N\u00eb prag t\u00eb zgjedhjeve lokale t\u00eb caktuara p\u00ebr 12 tetor, ndiej nevoj\u00ebn t\u00eb drejtohem \u2013 jo nga interesat politike, por nga p\u00ebrgjegj\u00ebsia ime si qytetar.\" \/>\n<meta property=\"og:url\" content=\"https:\/\/veritasinfo.org\/?p=3739\" \/>\n<meta property=\"article:published_time\" content=\"2025-07-14T08:55:07+00:00\" \/>\n<meta property=\"og:image\" content=\"https:\/\/veritasinfo.org\/wp-content\/uploads\/2025\/07\/16851068802631_img-23cf5280d01261cafbfe63a2ed266455-v.jpg\" \/>\n\t<meta property=\"og:image:width\" content=\"945\" \/>\n\t<meta property=\"og:image:height\" content=\"600\" \/>\n\t<meta property=\"og:image:type\" content=\"image\/jpeg\" \/>\n<meta name=\"author\" content=\"admin\" \/>\n<meta name=\"twitter:card\" content=\"summary_large_image\" \/>\n<meta name=\"twitter:label1\" content=\"Written by\" \/>\n\t<meta name=\"twitter:data1\" content=\"admin\" \/>\n\t<meta name=\"twitter:label2\" content=\"Est. reading time\" \/>\n\t<meta name=\"twitter:data2\" content=\"1 minute\" \/>\n<script type=\"application\/ld+json\" class=\"yoast-schema-graph\">{\"@context\":\"https:\/\/schema.org\",\"@graph\":[{\"@type\":\"WebPage\",\"@id\":\"https:\/\/veritasinfo.org\/?p=3739\",\"url\":\"https:\/\/veritasinfo.org\/?p=3739\",\"name\":\"Nuk e kemi m\u00eb luksin t\u00eb jemi t\u00eb ndar\u00eb -\",\"isPartOf\":{\"@id\":\"https:\/\/veritasinfo.org\/#website\"},\"primaryImageOfPage\":{\"@id\":\"https:\/\/veritasinfo.org\/?p=3739#primaryimage\"},\"image\":{\"@id\":\"https:\/\/veritasinfo.org\/?p=3739#primaryimage\"},\"thumbnailUrl\":\"https:\/\/veritasinfo.org\/wp-content\/uploads\/2025\/07\/16851068802631_img-23cf5280d01261cafbfe63a2ed266455-v.jpg\",\"datePublished\":\"2025-07-14T08:55:07+00:00\",\"author\":{\"@id\":\"https:\/\/veritasinfo.org\/#\/schema\/person\/7701f8c088bece422266b100a712374f\"},\"breadcrumb\":{\"@id\":\"https:\/\/veritasinfo.org\/?p=3739#breadcrumb\"},\"inLanguage\":\"en-US\",\"potentialAction\":[{\"@type\":\"ReadAction\",\"target\":[\"https:\/\/veritasinfo.org\/?p=3739\"]}]},{\"@type\":\"ImageObject\",\"inLanguage\":\"en-US\",\"@id\":\"https:\/\/veritasinfo.org\/?p=3739#primaryimage\",\"url\":\"https:\/\/veritasinfo.org\/wp-content\/uploads\/2025\/07\/16851068802631_img-23cf5280d01261cafbfe63a2ed266455-v.jpg\",\"contentUrl\":\"https:\/\/veritasinfo.org\/wp-content\/uploads\/2025\/07\/16851068802631_img-23cf5280d01261cafbfe63a2ed266455-v.jpg\",\"width\":945,\"height\":600},{\"@type\":\"BreadcrumbList\",\"@id\":\"https:\/\/veritasinfo.org\/?p=3739#breadcrumb\",\"itemListElement\":[{\"@type\":\"ListItem\",\"position\":1,\"name\":\"Home\",\"item\":\"https:\/\/veritasinfo.org\/\"},{\"@type\":\"ListItem\",\"position\":2,\"name\":\"Nuk e kemi m\u00eb luksin t\u00eb jemi t\u00eb ndar\u00eb\"}]},{\"@type\":\"WebSite\",\"@id\":\"https:\/\/veritasinfo.org\/#website\",\"url\":\"https:\/\/veritasinfo.org\/\",\"name\":\"\",\"description\":\"\",\"potentialAction\":[{\"@type\":\"SearchAction\",\"target\":{\"@type\":\"EntryPoint\",\"urlTemplate\":\"https:\/\/veritasinfo.org\/?s={search_term_string}\"},\"query-input\":{\"@type\":\"PropertyValueSpecification\",\"valueRequired\":true,\"valueName\":\"search_term_string\"}}],\"inLanguage\":\"en-US\"},{\"@type\":\"Person\",\"@id\":\"https:\/\/veritasinfo.org\/#\/schema\/person\/7701f8c088bece422266b100a712374f\",\"name\":\"admin\",\"image\":{\"@type\":\"ImageObject\",\"inLanguage\":\"en-US\",\"@id\":\"https:\/\/veritasinfo.org\/#\/schema\/person\/image\/\",\"url\":\"https:\/\/secure.gravatar.com\/avatar\/ea53aa3bf6c9a12d5fde8ce4deff43fef3885ae33cf60184161a50d6987cfd2f?s=96&d=mm&r=g\",\"contentUrl\":\"https:\/\/secure.gravatar.com\/avatar\/ea53aa3bf6c9a12d5fde8ce4deff43fef3885ae33cf60184161a50d6987cfd2f?s=96&d=mm&r=g\",\"caption\":\"admin\"},\"sameAs\":[\"https:\/\/veritasinfo.org\"],\"url\":\"https:\/\/veritasinfo.org\/?author=1\"}]}<\/script>\n<!-- \/ Yoast SEO plugin. -->","yoast_head_json":{"title":"Nuk e kemi m\u00eb luksin t\u00eb jemi t\u00eb ndar\u00eb -","robots":{"index":"index","follow":"follow","max-snippet":"max-snippet:-1","max-image-preview":"max-image-preview:large","max-video-preview":"max-video-preview:-1"},"canonical":"https:\/\/veritasinfo.org\/?p=3739","og_locale":"en_US","og_type":"article","og_title":"Nuk e kemi m\u00eb luksin t\u00eb jemi t\u00eb ndar\u00eb -","og_description":"N\u00eb prag t\u00eb zgjedhjeve lokale t\u00eb caktuara p\u00ebr 12 tetor, ndiej nevoj\u00ebn t\u00eb drejtohem \u2013 jo nga interesat politike, por nga p\u00ebrgjegj\u00ebsia ime si qytetar.","og_url":"https:\/\/veritasinfo.org\/?p=3739","article_published_time":"2025-07-14T08:55:07+00:00","og_image":[{"width":945,"height":600,"url":"https:\/\/veritasinfo.org\/wp-content\/uploads\/2025\/07\/16851068802631_img-23cf5280d01261cafbfe63a2ed266455-v.jpg","type":"image\/jpeg"}],"author":"admin","twitter_card":"summary_large_image","twitter_misc":{"Written by":"admin","Est. reading time":"1 minute"},"schema":{"@context":"https:\/\/schema.org","@graph":[{"@type":"WebPage","@id":"https:\/\/veritasinfo.org\/?p=3739","url":"https:\/\/veritasinfo.org\/?p=3739","name":"Nuk e kemi m\u00eb luksin t\u00eb jemi t\u00eb ndar\u00eb -","isPartOf":{"@id":"https:\/\/veritasinfo.org\/#website"},"primaryImageOfPage":{"@id":"https:\/\/veritasinfo.org\/?p=3739#primaryimage"},"image":{"@id":"https:\/\/veritasinfo.org\/?p=3739#primaryimage"},"thumbnailUrl":"https:\/\/veritasinfo.org\/wp-content\/uploads\/2025\/07\/16851068802631_img-23cf5280d01261cafbfe63a2ed266455-v.jpg","datePublished":"2025-07-14T08:55:07+00:00","author":{"@id":"https:\/\/veritasinfo.org\/#\/schema\/person\/7701f8c088bece422266b100a712374f"},"breadcrumb":{"@id":"https:\/\/veritasinfo.org\/?p=3739#breadcrumb"},"inLanguage":"en-US","potentialAction":[{"@type":"ReadAction","target":["https:\/\/veritasinfo.org\/?p=3739"]}]},{"@type":"ImageObject","inLanguage":"en-US","@id":"https:\/\/veritasinfo.org\/?p=3739#primaryimage","url":"https:\/\/veritasinfo.org\/wp-content\/uploads\/2025\/07\/16851068802631_img-23cf5280d01261cafbfe63a2ed266455-v.jpg","contentUrl":"https:\/\/veritasinfo.org\/wp-content\/uploads\/2025\/07\/16851068802631_img-23cf5280d01261cafbfe63a2ed266455-v.jpg","width":945,"height":600},{"@type":"BreadcrumbList","@id":"https:\/\/veritasinfo.org\/?p=3739#breadcrumb","itemListElement":[{"@type":"ListItem","position":1,"name":"Home","item":"https:\/\/veritasinfo.org\/"},{"@type":"ListItem","position":2,"name":"Nuk e kemi m\u00eb luksin t\u00eb jemi t\u00eb ndar\u00eb"}]},{"@type":"WebSite","@id":"https:\/\/veritasinfo.org\/#website","url":"https:\/\/veritasinfo.org\/","name":"","description":"","potentialAction":[{"@type":"SearchAction","target":{"@type":"EntryPoint","urlTemplate":"https:\/\/veritasinfo.org\/?s={search_term_string}"},"query-input":{"@type":"PropertyValueSpecification","valueRequired":true,"valueName":"search_term_string"}}],"inLanguage":"en-US"},{"@type":"Person","@id":"https:\/\/veritasinfo.org\/#\/schema\/person\/7701f8c088bece422266b100a712374f","name":"admin","image":{"@type":"ImageObject","inLanguage":"en-US","@id":"https:\/\/veritasinfo.org\/#\/schema\/person\/image\/","url":"https:\/\/secure.gravatar.com\/avatar\/ea53aa3bf6c9a12d5fde8ce4deff43fef3885ae33cf60184161a50d6987cfd2f?s=96&d=mm&r=g","contentUrl":"https:\/\/secure.gravatar.com\/avatar\/ea53aa3bf6c9a12d5fde8ce4deff43fef3885ae33cf60184161a50d6987cfd2f?s=96&d=mm&r=g","caption":"admin"},"sameAs":["https:\/\/veritasinfo.org"],"url":"https:\/\/veritasinfo.org\/?author=1"}]}},"featured_image_urls":{"full":["https:\/\/veritasinfo.org\/wp-content\/uploads\/2025\/07\/16851068802631_img-23cf5280d01261cafbfe63a2ed266455-v.jpg",945,600,false],"thumbnail":["https:\/\/veritasinfo.org\/wp-content\/uploads\/2025\/07\/16851068802631_img-23cf5280d01261cafbfe63a2ed266455-v-150x150.jpg",150,150,true],"medium":["https:\/\/veritasinfo.org\/wp-content\/uploads\/2025\/07\/16851068802631_img-23cf5280d01261cafbfe63a2ed266455-v-300x190.jpg",300,190,true],"medium_large":["https:\/\/veritasinfo.org\/wp-content\/uploads\/2025\/07\/16851068802631_img-23cf5280d01261cafbfe63a2ed266455-v-768x488.jpg",640,407,true],"large":["https:\/\/veritasinfo.org\/wp-content\/uploads\/2025\/07\/16851068802631_img-23cf5280d01261cafbfe63a2ed266455-v.jpg",640,406,false],"1536x1536":["https:\/\/veritasinfo.org\/wp-content\/uploads\/2025\/07\/16851068802631_img-23cf5280d01261cafbfe63a2ed266455-v.jpg",945,600,false],"2048x2048":["https:\/\/veritasinfo.org\/wp-content\/uploads\/2025\/07\/16851068802631_img-23cf5280d01261cafbfe63a2ed266455-v.jpg",945,600,false],"kreeti-slider-full":["https:\/\/veritasinfo.org\/wp-content\/uploads\/2025\/07\/16851068802631_img-23cf5280d01261cafbfe63a2ed266455-v.jpg",945,600,false],"kreeti-featured":["https:\/\/veritasinfo.org\/wp-content\/uploads\/2025\/07\/16851068802631_img-23cf5280d01261cafbfe63a2ed266455-v.jpg",945,600,false],"kreeti-medium":["https:\/\/veritasinfo.org\/wp-content\/uploads\/2025\/07\/16851068802631_img-23cf5280d01261cafbfe63a2ed266455-v.jpg",720,457,false],"kreeti-medium-square":["https:\/\/veritasinfo.org\/wp-content\/uploads\/2025\/07\/16851068802631_img-23cf5280d01261cafbfe63a2ed266455-v.jpg",350,222,false]},"author_info":{"info":["admin"]},"category_info":"<a href=\"https:\/\/veritasinfo.org\/?cat=58\" rel=\"category\">Politik\u00eb<\/a>","tag_info":"Politik\u00eb","comment_count":"0","_links":{"self":[{"href":"https:\/\/veritasinfo.org\/index.php?rest_route=\/wp\/v2\/posts\/3739","targetHints":{"allow":["GET"]}}],"collection":[{"href":"https:\/\/veritasinfo.org\/index.php?rest_route=\/wp\/v2\/posts"}],"about":[{"href":"https:\/\/veritasinfo.org\/index.php?rest_route=\/wp\/v2\/types\/post"}],"author":[{"embeddable":true,"href":"https:\/\/veritasinfo.org\/index.php?rest_route=\/wp\/v2\/users\/1"}],"replies":[{"embeddable":true,"href":"https:\/\/veritasinfo.org\/index.php?rest_route=%2Fwp%2Fv2%2Fcomments&post=3739"}],"version-history":[{"count":1,"href":"https:\/\/veritasinfo.org\/index.php?rest_route=\/wp\/v2\/posts\/3739\/revisions"}],"predecessor-version":[{"id":3740,"href":"https:\/\/veritasinfo.org\/index.php?rest_route=\/wp\/v2\/posts\/3739\/revisions\/3740"}],"wp:featuredmedia":[{"embeddable":true,"href":"https:\/\/veritasinfo.org\/index.php?rest_route=\/wp\/v2\/media\/3737"}],"wp:attachment":[{"href":"https:\/\/veritasinfo.org\/index.php?rest_route=%2Fwp%2Fv2%2Fmedia&parent=3739"}],"wp:term":[{"taxonomy":"category","embeddable":true,"href":"https:\/\/veritasinfo.org\/index.php?rest_route=%2Fwp%2Fv2%2Fcategories&post=3739"},{"taxonomy":"post_tag","embeddable":true,"href":"https:\/\/veritasinfo.org\/index.php?rest_route=%2Fwp%2Fv2%2Ftags&post=3739"}],"curies":[{"name":"wp","href":"https:\/\/api.w.org\/{rel}","templated":true}]}}