{"id":3733,"date":"2025-07-14T08:58:43","date_gmt":"2025-07-14T06:58:43","guid":{"rendered":"https:\/\/veritasinfo.org\/?p=3733"},"modified":"2025-07-14T08:58:43","modified_gmt":"2025-07-14T06:58:43","slug":"orkestar-amadeus-iz-pristine-dobitnik-srebrne-nagrade-u-srcu-muzike-u-becu","status":"publish","type":"post","link":"https:\/\/veritasinfo.org\/?p=3733&lang=sr","title":{"rendered":"Orkestar \u201eAmadeus\u201c iz Pri\u0161tine dobitnik Srebrne nagrade u srcu muzike u Be\u010du"},"content":{"rendered":"<p>Pri\u0161tina, 14. jul 2025<\/p>\n<p>De\u010dji orkestar \u201eAmadeus\u201c iz Pri\u0161tine osvojio je Srebrnu nagradu na 11. izdanju Svetskog festivala orkestara, odr\u017eanom u Be\u010du. Vest je putem dru\u0161tvene mre\u017ee Facebook podelio i vr\u0161ilac du\u017enosti premijera, Albin Kurti.<\/p>\n<p>\u201eSjajna vest iz Be\u010da. De\u010dji orkestar \u2018Amadeus\u2019 nagra\u0111en je Srebrnom nagradom me\u0111u desetinama orkestara iz celog sveta. Njihova interpretacija dela \u2018Mal\u00ebsorja\u2019 kompozitora Lorenca Antonija, u pratnji tradicionalnih kostima sa svih albanskih prostora, visoko je ocenjena od strane presti\u017enog me\u0111unarodnog \u017eirija u izuzetno jakoj konkurenciji,\u201c napisao je Kurti.<\/p>\n<p>Od 10. jula, pod dirigentskom palicom Vehbija \u0160o\u0161olija, orkestar je odr\u017eao koncerte u najpoznatijim salama Be\u010da, uklju\u010duju\u0107i Wiener Konzerthaus, House of Strauss i KulturGarage. Vrhunac nastupa bio je Gala koncert u \u010duvenoj zlatnoj sali Musikvereina, gde su progla\u0161eni pobednici festivala i gde je Kosovo s ponosom stalo na pobedni\u010dki podijum.<\/p>\n<p>\u201eOva nagrada je dokaz posve\u0107enosti i umetni\u010dkog nivoa koje na\u0161a muzi\u010dka omladina dosti\u017ee. Republika Kosovo i Ministarstvo kulture, omladine i sporta duboko su ponosni i posve\u0107eni podr\u0161ci mladim talentima koji, sa stra\u0161\u0107u i disciplinom, ime Kosova di\u017eu sve vi\u0161e. Kada na\u0161a deca iza\u0111u na scenu, velike re\u010di nisu potrebne \u2013 dovoljno je da \u010dujete aplauz,\u201c zaklju\u010dio je Kurti.<\/p>\n<p>&nbsp;<\/p>\n<p><em>\u00a0<\/em><\/p>\n","protected":false},"excerpt":{"rendered":"<p>Pri\u0161tina, 14. jul 2025 De\u010dji orkestar \u201eAmadeus\u201c iz Pri\u0161tine osvojio je Srebrnu nagradu na 11. izdanju Svetskog festivala orkestara, odr\u017eanom u Be\u010du. Vest je putem<\/p>\n","protected":false},"author":1,"featured_media":3720,"comment_status":"open","ping_status":"open","sticky":false,"template":"","format":"standard","meta":{"footnotes":""},"categories":[34],"tags":[],"class_list":["post-3733","post","type-post","status-publish","format-standard","has-post-thumbnail","hentry","category-kultura"],"yoast_head":"<!-- This site is optimized with the Yoast SEO plugin v25.3.1 - https:\/\/yoast.com\/wordpress\/plugins\/seo\/ -->\n<title>Orkestar \u201eAmadeus\u201c iz Pri\u0161tine dobitnik Srebrne nagrade u srcu muzike u Be\u010du -<\/title>\n<meta name=\"robots\" content=\"index, follow, max-snippet:-1, max-image-preview:large, max-video-preview:-1\" \/>\n<link rel=\"canonical\" href=\"https:\/\/veritasinfo.org\/?p=3733&lang=sr\" \/>\n<meta property=\"og:locale\" content=\"en_US\" \/>\n<meta property=\"og:type\" content=\"article\" \/>\n<meta property=\"og:title\" content=\"Orkestar \u201eAmadeus\u201c iz Pri\u0161tine dobitnik Srebrne nagrade u srcu muzike u Be\u010du -\" \/>\n<meta property=\"og:description\" content=\"Pri\u0161tina, 14. jul 2025 De\u010dji orkestar \u201eAmadeus\u201c iz Pri\u0161tine osvojio je Srebrnu nagradu na 11. izdanju Svetskog festivala orkestara, odr\u017eanom u Be\u010du. Vest je putem\" \/>\n<meta property=\"og:url\" content=\"https:\/\/veritasinfo.org\/?p=3733&amp;lang=sr\" \/>\n<meta property=\"article:published_time\" content=\"2025-07-14T06:58:43+00:00\" \/>\n<meta property=\"og:image\" content=\"https:\/\/veritasinfo.org\/wp-content\/uploads\/2025\/07\/IMG_1013.jpeg\" \/>\n\t<meta property=\"og:image:width\" content=\"1032\" \/>\n\t<meta property=\"og:image:height\" content=\"688\" \/>\n\t<meta property=\"og:image:type\" content=\"image\/jpeg\" \/>\n<meta name=\"author\" content=\"admin\" \/>\n<meta name=\"twitter:card\" content=\"summary_large_image\" \/>\n<meta name=\"twitter:label1\" content=\"Written by\" \/>\n\t<meta name=\"twitter:data1\" content=\"admin\" \/>\n\t<meta name=\"twitter:label2\" content=\"Est. reading time\" \/>\n\t<meta name=\"twitter:data2\" content=\"2 minutes\" \/>\n<script type=\"application\/ld+json\" class=\"yoast-schema-graph\">{\"@context\":\"https:\/\/schema.org\",\"@graph\":[{\"@type\":\"WebPage\",\"@id\":\"https:\/\/veritasinfo.org\/?p=3733&lang=sr\",\"url\":\"https:\/\/veritasinfo.org\/?p=3733&lang=sr\",\"name\":\"Orkestar \u201eAmadeus\u201c iz Pri\u0161tine dobitnik Srebrne nagrade u srcu muzike u Be\u010du -\",\"isPartOf\":{\"@id\":\"https:\/\/veritasinfo.org\/#website\"},\"primaryImageOfPage\":{\"@id\":\"https:\/\/veritasinfo.org\/?p=3733&lang=sr#primaryimage\"},\"image\":{\"@id\":\"https:\/\/veritasinfo.org\/?p=3733&lang=sr#primaryimage\"},\"thumbnailUrl\":\"https:\/\/veritasinfo.org\/wp-content\/uploads\/2025\/07\/IMG_1013.jpeg\",\"datePublished\":\"2025-07-14T06:58:43+00:00\",\"author\":{\"@id\":\"https:\/\/veritasinfo.org\/#\/schema\/person\/7701f8c088bece422266b100a712374f\"},\"breadcrumb\":{\"@id\":\"https:\/\/veritasinfo.org\/?p=3733&lang=sr#breadcrumb\"},\"inLanguage\":\"en-US\",\"potentialAction\":[{\"@type\":\"ReadAction\",\"target\":[\"https:\/\/veritasinfo.org\/?p=3733&lang=sr\"]}]},{\"@type\":\"ImageObject\",\"inLanguage\":\"en-US\",\"@id\":\"https:\/\/veritasinfo.org\/?p=3733&lang=sr#primaryimage\",\"url\":\"https:\/\/veritasinfo.org\/wp-content\/uploads\/2025\/07\/IMG_1013.jpeg\",\"contentUrl\":\"https:\/\/veritasinfo.org\/wp-content\/uploads\/2025\/07\/IMG_1013.jpeg\",\"width\":1032,\"height\":688},{\"@type\":\"BreadcrumbList\",\"@id\":\"https:\/\/veritasinfo.org\/?p=3733&lang=sr#breadcrumb\",\"itemListElement\":[{\"@type\":\"ListItem\",\"position\":1,\"name\":\"Home\",\"item\":\"https:\/\/veritasinfo.org\/\"},{\"@type\":\"ListItem\",\"position\":2,\"name\":\"Orkestar \u201eAmadeus\u201c iz Pri\u0161tine dobitnik Srebrne nagrade u srcu muzike u Be\u010du\"}]},{\"@type\":\"WebSite\",\"@id\":\"https:\/\/veritasinfo.org\/#website\",\"url\":\"https:\/\/veritasinfo.org\/\",\"name\":\"\",\"description\":\"\",\"potentialAction\":[{\"@type\":\"SearchAction\",\"target\":{\"@type\":\"EntryPoint\",\"urlTemplate\":\"https:\/\/veritasinfo.org\/?s={search_term_string}\"},\"query-input\":{\"@type\":\"PropertyValueSpecification\",\"valueRequired\":true,\"valueName\":\"search_term_string\"}}],\"inLanguage\":\"en-US\"},{\"@type\":\"Person\",\"@id\":\"https:\/\/veritasinfo.org\/#\/schema\/person\/7701f8c088bece422266b100a712374f\",\"name\":\"admin\",\"image\":{\"@type\":\"ImageObject\",\"inLanguage\":\"en-US\",\"@id\":\"https:\/\/veritasinfo.org\/#\/schema\/person\/image\/\",\"url\":\"https:\/\/secure.gravatar.com\/avatar\/ea53aa3bf6c9a12d5fde8ce4deff43fef3885ae33cf60184161a50d6987cfd2f?s=96&d=mm&r=g\",\"contentUrl\":\"https:\/\/secure.gravatar.com\/avatar\/ea53aa3bf6c9a12d5fde8ce4deff43fef3885ae33cf60184161a50d6987cfd2f?s=96&d=mm&r=g\",\"caption\":\"admin\"},\"sameAs\":[\"https:\/\/veritasinfo.org\"],\"url\":\"https:\/\/veritasinfo.org\/?author=1\"}]}<\/script>\n<!-- \/ Yoast SEO plugin. -->","yoast_head_json":{"title":"Orkestar \u201eAmadeus\u201c iz Pri\u0161tine dobitnik Srebrne nagrade u srcu muzike u Be\u010du -","robots":{"index":"index","follow":"follow","max-snippet":"max-snippet:-1","max-image-preview":"max-image-preview:large","max-video-preview":"max-video-preview:-1"},"canonical":"https:\/\/veritasinfo.org\/?p=3733&lang=sr","og_locale":"en_US","og_type":"article","og_title":"Orkestar \u201eAmadeus\u201c iz Pri\u0161tine dobitnik Srebrne nagrade u srcu muzike u Be\u010du -","og_description":"Pri\u0161tina, 14. jul 2025 De\u010dji orkestar \u201eAmadeus\u201c iz Pri\u0161tine osvojio je Srebrnu nagradu na 11. izdanju Svetskog festivala orkestara, odr\u017eanom u Be\u010du. Vest je putem","og_url":"https:\/\/veritasinfo.org\/?p=3733&lang=sr","article_published_time":"2025-07-14T06:58:43+00:00","og_image":[{"width":1032,"height":688,"url":"https:\/\/veritasinfo.org\/wp-content\/uploads\/2025\/07\/IMG_1013.jpeg","type":"image\/jpeg"}],"author":"admin","twitter_card":"summary_large_image","twitter_misc":{"Written by":"admin","Est. reading time":"2 minutes"},"schema":{"@context":"https:\/\/schema.org","@graph":[{"@type":"WebPage","@id":"https:\/\/veritasinfo.org\/?p=3733&lang=sr","url":"https:\/\/veritasinfo.org\/?p=3733&lang=sr","name":"Orkestar \u201eAmadeus\u201c iz Pri\u0161tine dobitnik Srebrne nagrade u srcu muzike u Be\u010du -","isPartOf":{"@id":"https:\/\/veritasinfo.org\/#website"},"primaryImageOfPage":{"@id":"https:\/\/veritasinfo.org\/?p=3733&lang=sr#primaryimage"},"image":{"@id":"https:\/\/veritasinfo.org\/?p=3733&lang=sr#primaryimage"},"thumbnailUrl":"https:\/\/veritasinfo.org\/wp-content\/uploads\/2025\/07\/IMG_1013.jpeg","datePublished":"2025-07-14T06:58:43+00:00","author":{"@id":"https:\/\/veritasinfo.org\/#\/schema\/person\/7701f8c088bece422266b100a712374f"},"breadcrumb":{"@id":"https:\/\/veritasinfo.org\/?p=3733&lang=sr#breadcrumb"},"inLanguage":"en-US","potentialAction":[{"@type":"ReadAction","target":["https:\/\/veritasinfo.org\/?p=3733&lang=sr"]}]},{"@type":"ImageObject","inLanguage":"en-US","@id":"https:\/\/veritasinfo.org\/?p=3733&lang=sr#primaryimage","url":"https:\/\/veritasinfo.org\/wp-content\/uploads\/2025\/07\/IMG_1013.jpeg","contentUrl":"https:\/\/veritasinfo.org\/wp-content\/uploads\/2025\/07\/IMG_1013.jpeg","width":1032,"height":688},{"@type":"BreadcrumbList","@id":"https:\/\/veritasinfo.org\/?p=3733&lang=sr#breadcrumb","itemListElement":[{"@type":"ListItem","position":1,"name":"Home","item":"https:\/\/veritasinfo.org\/"},{"@type":"ListItem","position":2,"name":"Orkestar \u201eAmadeus\u201c iz Pri\u0161tine dobitnik Srebrne nagrade u srcu muzike u Be\u010du"}]},{"@type":"WebSite","@id":"https:\/\/veritasinfo.org\/#website","url":"https:\/\/veritasinfo.org\/","name":"","description":"","potentialAction":[{"@type":"SearchAction","target":{"@type":"EntryPoint","urlTemplate":"https:\/\/veritasinfo.org\/?s={search_term_string}"},"query-input":{"@type":"PropertyValueSpecification","valueRequired":true,"valueName":"search_term_string"}}],"inLanguage":"en-US"},{"@type":"Person","@id":"https:\/\/veritasinfo.org\/#\/schema\/person\/7701f8c088bece422266b100a712374f","name":"admin","image":{"@type":"ImageObject","inLanguage":"en-US","@id":"https:\/\/veritasinfo.org\/#\/schema\/person\/image\/","url":"https:\/\/secure.gravatar.com\/avatar\/ea53aa3bf6c9a12d5fde8ce4deff43fef3885ae33cf60184161a50d6987cfd2f?s=96&d=mm&r=g","contentUrl":"https:\/\/secure.gravatar.com\/avatar\/ea53aa3bf6c9a12d5fde8ce4deff43fef3885ae33cf60184161a50d6987cfd2f?s=96&d=mm&r=g","caption":"admin"},"sameAs":["https:\/\/veritasinfo.org"],"url":"https:\/\/veritasinfo.org\/?author=1"}]}},"featured_image_urls":{"full":["https:\/\/veritasinfo.org\/wp-content\/uploads\/2025\/07\/IMG_1013.jpeg",1032,688,false],"thumbnail":["https:\/\/veritasinfo.org\/wp-content\/uploads\/2025\/07\/IMG_1013-150x150.jpeg",150,150,true],"medium":["https:\/\/veritasinfo.org\/wp-content\/uploads\/2025\/07\/IMG_1013-300x200.jpeg",300,200,true],"medium_large":["https:\/\/veritasinfo.org\/wp-content\/uploads\/2025\/07\/IMG_1013-768x512.jpeg",640,427,true],"large":["https:\/\/veritasinfo.org\/wp-content\/uploads\/2025\/07\/IMG_1013-1024x683.jpeg",640,427,true],"1536x1536":["https:\/\/veritasinfo.org\/wp-content\/uploads\/2025\/07\/IMG_1013.jpeg",1032,688,false],"2048x2048":["https:\/\/veritasinfo.org\/wp-content\/uploads\/2025\/07\/IMG_1013.jpeg",1032,688,false],"kreeti-slider-full":["https:\/\/veritasinfo.org\/wp-content\/uploads\/2025\/07\/IMG_1013.jpeg",1032,688,false],"kreeti-featured":["https:\/\/veritasinfo.org\/wp-content\/uploads\/2025\/07\/IMG_1013.jpeg",1024,683,false],"kreeti-medium":["https:\/\/veritasinfo.org\/wp-content\/uploads\/2025\/07\/IMG_1013.jpeg",720,480,false],"kreeti-medium-square":["https:\/\/veritasinfo.org\/wp-content\/uploads\/2025\/07\/IMG_1013.jpeg",350,233,false]},"author_info":{"info":["admin"]},"category_info":"<a href=\"https:\/\/veritasinfo.org\/?cat=34&#038;lang=sr\" rel=\"category\">Kultura<\/a>","tag_info":"Kultura","comment_count":"0","_links":{"self":[{"href":"https:\/\/veritasinfo.org\/index.php?rest_route=\/wp\/v2\/posts\/3733","targetHints":{"allow":["GET"]}}],"collection":[{"href":"https:\/\/veritasinfo.org\/index.php?rest_route=\/wp\/v2\/posts"}],"about":[{"href":"https:\/\/veritasinfo.org\/index.php?rest_route=\/wp\/v2\/types\/post"}],"author":[{"embeddable":true,"href":"https:\/\/veritasinfo.org\/index.php?rest_route=\/wp\/v2\/users\/1"}],"replies":[{"embeddable":true,"href":"https:\/\/veritasinfo.org\/index.php?rest_route=%2Fwp%2Fv2%2Fcomments&post=3733"}],"version-history":[{"count":1,"href":"https:\/\/veritasinfo.org\/index.php?rest_route=\/wp\/v2\/posts\/3733\/revisions"}],"predecessor-version":[{"id":3734,"href":"https:\/\/veritasinfo.org\/index.php?rest_route=\/wp\/v2\/posts\/3733\/revisions\/3734"}],"wp:featuredmedia":[{"embeddable":true,"href":"https:\/\/veritasinfo.org\/index.php?rest_route=\/wp\/v2\/media\/3720"}],"wp:attachment":[{"href":"https:\/\/veritasinfo.org\/index.php?rest_route=%2Fwp%2Fv2%2Fmedia&parent=3733"}],"wp:term":[{"taxonomy":"category","embeddable":true,"href":"https:\/\/veritasinfo.org\/index.php?rest_route=%2Fwp%2Fv2%2Fcategories&post=3733"},{"taxonomy":"post_tag","embeddable":true,"href":"https:\/\/veritasinfo.org\/index.php?rest_route=%2Fwp%2Fv2%2Ftags&post=3733"}],"curies":[{"name":"wp","href":"https:\/\/api.w.org\/{rel}","templated":true}]}}