{"id":37326,"date":"2026-03-12T11:59:27","date_gmt":"2026-03-12T10:59:27","guid":{"rendered":"https:\/\/veritasinfo.org\/?p=37326"},"modified":"2026-03-12T11:59:27","modified_gmt":"2026-03-12T10:59:27","slug":"regjimi-i-vuciq-pergatiti-sulmin-me-topin-zanor-ndaj-qytetareve-me-15-mars-diten-kur-qelloi-popullin-pas-shpine","status":"publish","type":"post","link":"https:\/\/veritasinfo.org\/?p=37326","title":{"rendered":"Regjimi i Vu\u00e7iq p\u00ebrgatiti sulmin me topin zanor ndaj qytetar\u00ebve m\u00eb 15 mars \u2013 dit\u00ebn kur q\u00eblloi popullin pas shpine"},"content":{"rendered":"<p>Prishtin\u00eb 12 Mars 2026 11:50<\/p>\n<p>Mediumi investigativ serb, Radar, ka zbuluar se qeveria e Serbis\u00eb p\u00ebrgatiti nj\u00eb plan t\u00eb detajuar dhe ekstrem p\u00ebr p\u00ebrdorimin e forc\u00ebs kund\u00ebr protestuesve paq\u00ebsor\u00eb m\u00eb 15 mars 2025, duke p\u00ebrfshir\u00eb p\u00ebrdorimin e armatimit zanor eksperimental LRAD dhe taktika t\u00eb tjera represive.<\/p>\n<p>Gjat\u00eb gjith\u00eb jav\u00ebs p\u00ebrpara protest\u00ebs, presidenti Aleksandar Vu\u00e7iq zhvilloi takime intensive me krer\u00ebt e policis\u00eb dhe zyrtar\u00eb t\u00eb lart\u00eb, ku shfaqi q\u00ebndrime alarmante. Sipas burimeve t\u00eb Radar, Vu\u00e7iq p\u00ebrs\u00ebriste shpesh shprehjen \u201cdo ket\u00eb gjakderdhje\u201d dhe paralajm\u00ebronte dhun\u00eb ndaj demonstruesve paq\u00ebsor\u00eb.<\/p>\n<p>Ai fyente dhe posht\u00ebronte zyrtar\u00eb t\u00eb lart\u00eb, p\u00ebrfshir\u00eb Ivica Da\u00e7iqin, duke i akuzuar se jan\u00eb t\u00eb dob\u00ebt dhe nuk din\u00eb t\u00eb veprojn\u00eb, dhe duke theksuar se jan\u00eb \u201ct\u00eb mashtruar nga vendimet e t\u00eb tjer\u00ebve\u201d. N\u00eb takime ai kritikonte edhe drejtorin e Agjencis\u00eb p\u00ebr Siguri dhe Informacion, Vladimir Orli\u00e7, dhe ish-nx\u00ebn\u00ebsin e tij Marko Parezanovi\u00e7, duke u th\u00ebn\u00eb se nuk din\u00eb t\u00eb reagojn\u00eb p\u00ebr at\u00eb q\u00eb po ndodhte n\u00eb Serbi, nd\u00ebrkoh\u00eb q\u00eb monitoroheshin ngjarjet n\u00eb Bosnje dhe Mal t\u00eb Zi.<\/p>\n<p>Nj\u00eb nga zyrtar\u00ebt q\u00eb kuptoi qart\u00eb mesazhin ishte koloneli Radoslav Repac, i cili mori urdh\u00ebr t\u00eb p\u00ebrgjithsh\u00ebm p\u00ebr p\u00ebrdorimin e t\u00eb gjitha mjeteve, p\u00ebrfshir\u00eb edhe topin zanor LRAD.<\/p>\n<p>Sipas Radar, Repac pyeti drejtorin e policis\u00eb se si duhet t\u00eb p\u00ebrdoren pajisjet LRAD, dhe iu p\u00ebrgjigj\u00ebn se mund t\u00eb p\u00ebrdoren \u201ct\u00eb gjitha mjetet e lejuara nga ligji\u201d. Pajisja LRAD 450, me rreze veprimi deri n\u00eb 500 metra dhe efekt maksimal deri n\u00eb 1.700 metra, u vendos pran\u00eb nj\u00ebsive t\u00eb xhandarm\u00ebris\u00eb dhe policis\u00eb q\u00eb mbik\u00ebqyrnin Parlamentin. Gjat\u00eb protest\u00ebs, LRAD ndikoi qytetar\u00ebt deri n\u00eb distanca t\u00eb m\u00ebdha, duke shkaktuar shqet\u00ebsime serioze fizike dhe psikologjike.<\/p>\n<p>Nj\u00ebsit\u00eb e policis\u00eb ishin t\u00eb vendosura n\u00eb Dvorski park dhe rreth parlamentit, nd\u00ebrsa koloneli Repac raportonte p\u00ebr sulme me objekte dhe k\u00ebrkonte nd\u00ebrhyrje, e cila u shty nga komandanti i Policis\u00eb p\u00ebr Beograd, Veselin Mili\u00e7, duke treguar tensionin midis urdhrave dhe situat\u00ebs reale.<\/p>\n<p>Radar raporton se gjat\u00eb takimeve, Vu\u00e7iq lavd\u00ebronte zyrtar\u00ebt q\u00eb ishin t\u00eb gatsh\u00ebm t\u00eb vepronin pa kufij, duke i quajtur \u201clegend\u00eb\u201d dhe paralajm\u00ebronte ndryshime dhe pastrime n\u00eb strukturat e policis\u00eb. Eksperti i siguris\u00eb Predrag Petrovi\u00e7 vuri n\u00eb dukje se p\u00ebrdorimi i LRAD-it dhe mjeteve tjera represive ishte i pabazuar dhe provokues, dhe sh\u00ebrbente p\u00ebr t\u00eb demonstruar fuqin\u00eb e qeveris\u00eb ndaj qytetar\u00ebve paq\u00ebsor\u00eb. Radar thekson se pas ngjarjeve t\u00eb 15 marsit nuk ka pasur hetim t\u00eb pavarur n\u00eb Serbi, duke mbetur e paqart\u00eb p\u00ebrgjegj\u00ebsia p\u00ebr p\u00ebrdorimin e forc\u00ebs dhe pengimin e dokumentimit t\u00eb ngjarjeve.<\/p>\n<p>\u201cTakimet intensive dhe urdhrat e dh\u00ebn\u00eb nga Vu\u00e7iq tregojn\u00eb p\u00ebrgatitjen e qeveris\u00eb p\u00ebr nj\u00eb represion sistematik ndaj protestuesve dhe p\u00ebrdorimin e mjeteve jasht\u00eb standardeve ligjore p\u00ebr t\u00eb ruajtur pushtetin\u201d, shkruan mediumi serb.<\/p>\n<p>Radar n\u00ebnvizon se pas ngjarjeve t\u00eb 15 marsit nuk u krye asnj\u00eb hetim i pavarur brenda Serbis\u00eb, p\u00ebrve\u00e7 nj\u00eb hetimi t\u00eb mb\u00ebshtetur nga agjencit\u00eb ruse, duke e l\u00ebn\u00eb t\u00eb paqart\u00eb p\u00ebrgjegj\u00ebsin\u00eb p\u00ebr p\u00ebrdorimin e forc\u00ebs, urdh\u00ebruesit, dhe zyrtar\u00ebt q\u00eb penguan dokumentimin e ngjarjeve.<\/p>\n","protected":false},"excerpt":{"rendered":"<p>Prishtin\u00eb 12 Mars 2026 11:50 Mediumi investigativ serb, Radar, ka zbuluar se qeveria e Serbis\u00eb p\u00ebrgatiti nj\u00eb plan t\u00eb detajuar dhe ekstrem p\u00ebr p\u00ebrdorimin e<\/p>\n","protected":false},"author":6,"featured_media":37327,"comment_status":"open","ping_status":"open","sticky":false,"template":"","format":"standard","meta":{"footnotes":""},"categories":[58],"tags":[],"class_list":["post-37326","post","type-post","status-publish","format-standard","has-post-thumbnail","hentry","category-politike-sq"],"yoast_head":"<!-- This site is optimized with the Yoast SEO plugin v25.3.1 - https:\/\/yoast.com\/wordpress\/plugins\/seo\/ -->\n<title>Regjimi i Vu\u00e7iq p\u00ebrgatiti sulmin me topin zanor ndaj qytetar\u00ebve m\u00eb 15 mars \u2013 dit\u00ebn kur q\u00eblloi popullin pas shpine -<\/title>\n<meta name=\"robots\" content=\"index, follow, max-snippet:-1, max-image-preview:large, max-video-preview:-1\" \/>\n<link rel=\"canonical\" href=\"https:\/\/veritasinfo.org\/?p=37326\" \/>\n<meta property=\"og:locale\" content=\"en_US\" \/>\n<meta property=\"og:type\" content=\"article\" \/>\n<meta property=\"og:title\" content=\"Regjimi i Vu\u00e7iq p\u00ebrgatiti sulmin me topin zanor ndaj qytetar\u00ebve m\u00eb 15 mars \u2013 dit\u00ebn kur q\u00eblloi popullin pas shpine -\" \/>\n<meta property=\"og:description\" content=\"Prishtin\u00eb 12 Mars 2026 11:50 Mediumi investigativ serb, Radar, ka zbuluar se qeveria e Serbis\u00eb p\u00ebrgatiti nj\u00eb plan t\u00eb detajuar dhe ekstrem p\u00ebr p\u00ebrdorimin e\" \/>\n<meta property=\"og:url\" content=\"https:\/\/veritasinfo.org\/?p=37326\" \/>\n<meta property=\"article:published_time\" content=\"2026-03-12T10:59:27+00:00\" \/>\n<meta property=\"og:image\" content=\"https:\/\/veritasinfo.org\/wp-content\/uploads\/2026\/03\/IMG-20260312-WA0003.jpg\" \/>\n\t<meta property=\"og:image:width\" content=\"600\" \/>\n\t<meta property=\"og:image:height\" content=\"360\" \/>\n\t<meta property=\"og:image:type\" content=\"image\/jpeg\" \/>\n<meta name=\"author\" content=\"US5\" \/>\n<meta name=\"twitter:card\" content=\"summary_large_image\" \/>\n<meta name=\"twitter:label1\" content=\"Written by\" \/>\n\t<meta name=\"twitter:data1\" content=\"US5\" \/>\n\t<meta name=\"twitter:label2\" content=\"Est. reading time\" \/>\n\t<meta name=\"twitter:data2\" content=\"3 minutes\" \/>\n<script type=\"application\/ld+json\" class=\"yoast-schema-graph\">{\"@context\":\"https:\/\/schema.org\",\"@graph\":[{\"@type\":\"WebPage\",\"@id\":\"https:\/\/veritasinfo.org\/?p=37326\",\"url\":\"https:\/\/veritasinfo.org\/?p=37326\",\"name\":\"Regjimi i Vu\u00e7iq p\u00ebrgatiti sulmin me topin zanor ndaj qytetar\u00ebve m\u00eb 15 mars \u2013 dit\u00ebn kur q\u00eblloi popullin pas shpine -\",\"isPartOf\":{\"@id\":\"https:\/\/veritasinfo.org\/#website\"},\"primaryImageOfPage\":{\"@id\":\"https:\/\/veritasinfo.org\/?p=37326#primaryimage\"},\"image\":{\"@id\":\"https:\/\/veritasinfo.org\/?p=37326#primaryimage\"},\"thumbnailUrl\":\"https:\/\/veritasinfo.org\/wp-content\/uploads\/2026\/03\/IMG-20260312-WA0003.jpg\",\"datePublished\":\"2026-03-12T10:59:27+00:00\",\"author\":{\"@id\":\"https:\/\/veritasinfo.org\/#\/schema\/person\/bc442336e35414d04494ab8fb45db4c6\"},\"breadcrumb\":{\"@id\":\"https:\/\/veritasinfo.org\/?p=37326#breadcrumb\"},\"inLanguage\":\"en-US\",\"potentialAction\":[{\"@type\":\"ReadAction\",\"target\":[\"https:\/\/veritasinfo.org\/?p=37326\"]}]},{\"@type\":\"ImageObject\",\"inLanguage\":\"en-US\",\"@id\":\"https:\/\/veritasinfo.org\/?p=37326#primaryimage\",\"url\":\"https:\/\/veritasinfo.org\/wp-content\/uploads\/2026\/03\/IMG-20260312-WA0003.jpg\",\"contentUrl\":\"https:\/\/veritasinfo.org\/wp-content\/uploads\/2026\/03\/IMG-20260312-WA0003.jpg\",\"width\":600,\"height\":360},{\"@type\":\"BreadcrumbList\",\"@id\":\"https:\/\/veritasinfo.org\/?p=37326#breadcrumb\",\"itemListElement\":[{\"@type\":\"ListItem\",\"position\":1,\"name\":\"Home\",\"item\":\"https:\/\/veritasinfo.org\/\"},{\"@type\":\"ListItem\",\"position\":2,\"name\":\"Regjimi i Vu\u00e7iq p\u00ebrgatiti sulmin me topin zanor ndaj qytetar\u00ebve m\u00eb 15 mars \u2013 dit\u00ebn kur q\u00eblloi popullin pas shpine\"}]},{\"@type\":\"WebSite\",\"@id\":\"https:\/\/veritasinfo.org\/#website\",\"url\":\"https:\/\/veritasinfo.org\/\",\"name\":\"\",\"description\":\"\",\"potentialAction\":[{\"@type\":\"SearchAction\",\"target\":{\"@type\":\"EntryPoint\",\"urlTemplate\":\"https:\/\/veritasinfo.org\/?s={search_term_string}\"},\"query-input\":{\"@type\":\"PropertyValueSpecification\",\"valueRequired\":true,\"valueName\":\"search_term_string\"}}],\"inLanguage\":\"en-US\"},{\"@type\":\"Person\",\"@id\":\"https:\/\/veritasinfo.org\/#\/schema\/person\/bc442336e35414d04494ab8fb45db4c6\",\"name\":\"US5\",\"image\":{\"@type\":\"ImageObject\",\"inLanguage\":\"en-US\",\"@id\":\"https:\/\/veritasinfo.org\/#\/schema\/person\/image\/\",\"url\":\"https:\/\/secure.gravatar.com\/avatar\/16a61e7272a0c5d001121ebb9e60e925d5816e4ac1e443ed3e640d9a6ae55d0c?s=96&d=mm&r=g\",\"contentUrl\":\"https:\/\/secure.gravatar.com\/avatar\/16a61e7272a0c5d001121ebb9e60e925d5816e4ac1e443ed3e640d9a6ae55d0c?s=96&d=mm&r=g\",\"caption\":\"US5\"},\"url\":\"https:\/\/veritasinfo.org\/?author=6\"}]}<\/script>\n<!-- \/ Yoast SEO plugin. -->","yoast_head_json":{"title":"Regjimi i Vu\u00e7iq p\u00ebrgatiti sulmin me topin zanor ndaj qytetar\u00ebve m\u00eb 15 mars \u2013 dit\u00ebn kur q\u00eblloi popullin pas shpine -","robots":{"index":"index","follow":"follow","max-snippet":"max-snippet:-1","max-image-preview":"max-image-preview:large","max-video-preview":"max-video-preview:-1"},"canonical":"https:\/\/veritasinfo.org\/?p=37326","og_locale":"en_US","og_type":"article","og_title":"Regjimi i Vu\u00e7iq p\u00ebrgatiti sulmin me topin zanor ndaj qytetar\u00ebve m\u00eb 15 mars \u2013 dit\u00ebn kur q\u00eblloi popullin pas shpine -","og_description":"Prishtin\u00eb 12 Mars 2026 11:50 Mediumi investigativ serb, Radar, ka zbuluar se qeveria e Serbis\u00eb p\u00ebrgatiti nj\u00eb plan t\u00eb detajuar dhe ekstrem p\u00ebr p\u00ebrdorimin e","og_url":"https:\/\/veritasinfo.org\/?p=37326","article_published_time":"2026-03-12T10:59:27+00:00","og_image":[{"width":600,"height":360,"url":"https:\/\/veritasinfo.org\/wp-content\/uploads\/2026\/03\/IMG-20260312-WA0003.jpg","type":"image\/jpeg"}],"author":"US5","twitter_card":"summary_large_image","twitter_misc":{"Written by":"US5","Est. reading time":"3 minutes"},"schema":{"@context":"https:\/\/schema.org","@graph":[{"@type":"WebPage","@id":"https:\/\/veritasinfo.org\/?p=37326","url":"https:\/\/veritasinfo.org\/?p=37326","name":"Regjimi i Vu\u00e7iq p\u00ebrgatiti sulmin me topin zanor ndaj qytetar\u00ebve m\u00eb 15 mars \u2013 dit\u00ebn kur q\u00eblloi popullin pas shpine -","isPartOf":{"@id":"https:\/\/veritasinfo.org\/#website"},"primaryImageOfPage":{"@id":"https:\/\/veritasinfo.org\/?p=37326#primaryimage"},"image":{"@id":"https:\/\/veritasinfo.org\/?p=37326#primaryimage"},"thumbnailUrl":"https:\/\/veritasinfo.org\/wp-content\/uploads\/2026\/03\/IMG-20260312-WA0003.jpg","datePublished":"2026-03-12T10:59:27+00:00","author":{"@id":"https:\/\/veritasinfo.org\/#\/schema\/person\/bc442336e35414d04494ab8fb45db4c6"},"breadcrumb":{"@id":"https:\/\/veritasinfo.org\/?p=37326#breadcrumb"},"inLanguage":"en-US","potentialAction":[{"@type":"ReadAction","target":["https:\/\/veritasinfo.org\/?p=37326"]}]},{"@type":"ImageObject","inLanguage":"en-US","@id":"https:\/\/veritasinfo.org\/?p=37326#primaryimage","url":"https:\/\/veritasinfo.org\/wp-content\/uploads\/2026\/03\/IMG-20260312-WA0003.jpg","contentUrl":"https:\/\/veritasinfo.org\/wp-content\/uploads\/2026\/03\/IMG-20260312-WA0003.jpg","width":600,"height":360},{"@type":"BreadcrumbList","@id":"https:\/\/veritasinfo.org\/?p=37326#breadcrumb","itemListElement":[{"@type":"ListItem","position":1,"name":"Home","item":"https:\/\/veritasinfo.org\/"},{"@type":"ListItem","position":2,"name":"Regjimi i Vu\u00e7iq p\u00ebrgatiti sulmin me topin zanor ndaj qytetar\u00ebve m\u00eb 15 mars \u2013 dit\u00ebn kur q\u00eblloi popullin pas shpine"}]},{"@type":"WebSite","@id":"https:\/\/veritasinfo.org\/#website","url":"https:\/\/veritasinfo.org\/","name":"","description":"","potentialAction":[{"@type":"SearchAction","target":{"@type":"EntryPoint","urlTemplate":"https:\/\/veritasinfo.org\/?s={search_term_string}"},"query-input":{"@type":"PropertyValueSpecification","valueRequired":true,"valueName":"search_term_string"}}],"inLanguage":"en-US"},{"@type":"Person","@id":"https:\/\/veritasinfo.org\/#\/schema\/person\/bc442336e35414d04494ab8fb45db4c6","name":"US5","image":{"@type":"ImageObject","inLanguage":"en-US","@id":"https:\/\/veritasinfo.org\/#\/schema\/person\/image\/","url":"https:\/\/secure.gravatar.com\/avatar\/16a61e7272a0c5d001121ebb9e60e925d5816e4ac1e443ed3e640d9a6ae55d0c?s=96&d=mm&r=g","contentUrl":"https:\/\/secure.gravatar.com\/avatar\/16a61e7272a0c5d001121ebb9e60e925d5816e4ac1e443ed3e640d9a6ae55d0c?s=96&d=mm&r=g","caption":"US5"},"url":"https:\/\/veritasinfo.org\/?author=6"}]}},"featured_image_urls":{"full":["https:\/\/veritasinfo.org\/wp-content\/uploads\/2026\/03\/IMG-20260312-WA0003.jpg",600,360,false],"thumbnail":["https:\/\/veritasinfo.org\/wp-content\/uploads\/2026\/03\/IMG-20260312-WA0003-150x150.jpg",150,150,true],"medium":["https:\/\/veritasinfo.org\/wp-content\/uploads\/2026\/03\/IMG-20260312-WA0003-300x180.jpg",300,180,true],"medium_large":["https:\/\/veritasinfo.org\/wp-content\/uploads\/2026\/03\/IMG-20260312-WA0003.jpg",600,360,false],"large":["https:\/\/veritasinfo.org\/wp-content\/uploads\/2026\/03\/IMG-20260312-WA0003.jpg",600,360,false],"1536x1536":["https:\/\/veritasinfo.org\/wp-content\/uploads\/2026\/03\/IMG-20260312-WA0003.jpg",600,360,false],"2048x2048":["https:\/\/veritasinfo.org\/wp-content\/uploads\/2026\/03\/IMG-20260312-WA0003.jpg",600,360,false],"kreeti-slider-full":["https:\/\/veritasinfo.org\/wp-content\/uploads\/2026\/03\/IMG-20260312-WA0003.jpg",600,360,false],"kreeti-featured":["https:\/\/veritasinfo.org\/wp-content\/uploads\/2026\/03\/IMG-20260312-WA0003.jpg",600,360,false],"kreeti-medium":["https:\/\/veritasinfo.org\/wp-content\/uploads\/2026\/03\/IMG-20260312-WA0003.jpg",600,360,false],"kreeti-medium-square":["https:\/\/veritasinfo.org\/wp-content\/uploads\/2026\/03\/IMG-20260312-WA0003.jpg",350,210,false]},"author_info":{"info":["US5"]},"category_info":"<a href=\"https:\/\/veritasinfo.org\/?cat=58\" rel=\"category\">Politik\u00eb<\/a>","tag_info":"Politik\u00eb","comment_count":"0","_links":{"self":[{"href":"https:\/\/veritasinfo.org\/index.php?rest_route=\/wp\/v2\/posts\/37326","targetHints":{"allow":["GET"]}}],"collection":[{"href":"https:\/\/veritasinfo.org\/index.php?rest_route=\/wp\/v2\/posts"}],"about":[{"href":"https:\/\/veritasinfo.org\/index.php?rest_route=\/wp\/v2\/types\/post"}],"author":[{"embeddable":true,"href":"https:\/\/veritasinfo.org\/index.php?rest_route=\/wp\/v2\/users\/6"}],"replies":[{"embeddable":true,"href":"https:\/\/veritasinfo.org\/index.php?rest_route=%2Fwp%2Fv2%2Fcomments&post=37326"}],"version-history":[{"count":3,"href":"https:\/\/veritasinfo.org\/index.php?rest_route=\/wp\/v2\/posts\/37326\/revisions"}],"predecessor-version":[{"id":37330,"href":"https:\/\/veritasinfo.org\/index.php?rest_route=\/wp\/v2\/posts\/37326\/revisions\/37330"}],"wp:featuredmedia":[{"embeddable":true,"href":"https:\/\/veritasinfo.org\/index.php?rest_route=\/wp\/v2\/media\/37327"}],"wp:attachment":[{"href":"https:\/\/veritasinfo.org\/index.php?rest_route=%2Fwp%2Fv2%2Fmedia&parent=37326"}],"wp:term":[{"taxonomy":"category","embeddable":true,"href":"https:\/\/veritasinfo.org\/index.php?rest_route=%2Fwp%2Fv2%2Fcategories&post=37326"},{"taxonomy":"post_tag","embeddable":true,"href":"https:\/\/veritasinfo.org\/index.php?rest_route=%2Fwp%2Fv2%2Ftags&post=37326"}],"curies":[{"name":"wp","href":"https:\/\/api.w.org\/{rel}","templated":true}]}}