{"id":37319,"date":"2026-03-12T11:29:54","date_gmt":"2026-03-12T10:29:54","guid":{"rendered":"https:\/\/veritasinfo.org\/?p=37319"},"modified":"2026-03-12T11:29:54","modified_gmt":"2026-03-12T10:29:54","slug":"gervalla-rend-siguri-e-integritet-ne-te-gjitha-institucionet-korrektuese","status":"publish","type":"post","link":"https:\/\/veritasinfo.org\/?p=37319","title":{"rendered":"G\u00ebrvalla: Rend, siguri e integritet n\u00eb t\u00eb gjitha institucionet korrektuese"},"content":{"rendered":"<p>Prishtin\u00eb 12 Mars 2026 11:29<\/p>\n<p>Ministrja e Drejt\u00ebsis\u00eb, Donika G\u00ebrvalla ka zhvilluar takim me drejtor\u00ebt e institucioneve korrektuese dhe drejtor\u00ebt e departamenteve t\u00eb Drejtoris\u00eb s\u00eb P\u00ebrgjithshme t\u00eb Sh\u00ebrbimit Korrektues t\u00eb Kosov\u00ebs, me t\u00eb cil\u00ebt thot\u00eb se trajtuan \u00e7\u00ebshtjet q\u00eb lidhen me sigurin\u00eb, menaxhimin dhe integritetin e sistemit korrektues.<\/p>\n<p>G\u00ebrvalla thot\u00eb se siguria n\u00eb institucionet korrektuese, parandalimi i kontraband\u00ebs, forcimi i mekanizmave t\u00eb kontrollit dhe zbatimi i plot\u00eb i ligjit jan\u00eb p\u00ebrgjegj\u00ebsi q\u00eb nuk l\u00ebn\u00eb hap\u00ebsir\u00eb p\u00ebr kompromis.<\/p>\n<p>\u201cInstitucionet korrektuese k\u00ebrkojn\u00eb disiplin\u00eb, profesionaliz\u00ebm dhe standarde t\u00eb qarta t\u00eb llogaridh\u00ebnies n\u00eb \u00e7do nivel t\u00eb drejtimit. \u00c7do institucion duhet t\u00eb funksionoj\u00eb me rend t\u00eb plot\u00eb, me kontroll efektiv dhe me p\u00ebrgjegj\u00ebsi t\u00eb qart\u00eb institucionale, sepse \u00e7do dob\u00ebsi n\u00eb k\u00ebt\u00eb sistem d\u00ebmton drejtp\u00ebrdrejt besimin e qytetar\u00ebve n\u00eb drejt\u00ebsi\u201d, thot\u00eb ministrja e Drejt\u00ebsis\u00eb.<\/p>\n<p>G\u00ebrvalla shtoi se sistemi korrektues duhet t\u00eb jet\u00eb i fort\u00eb, i disiplinuar dhe i drejt\u00eb. Kjo, sipas saj, k\u00ebrkon udh\u00ebheqje t\u00eb vendosur, zbatim t\u00eb pakompromis t\u00eb ligjit dhe p\u00ebrkushtim t\u00eb plot\u00eb institucional p\u00ebr t\u00eb garantuar sigurin\u00eb, rendin dhe integritetin e \u00e7do institucioni korrektues n\u00eb vend.<\/p>\n<p>\u201cK\u00ebto standarde nuk jan\u00eb vet\u00ebm pritje institucionale, por p\u00ebrgjegj\u00ebsi q\u00eb do t\u00eb ndiqen me seriozitet dhe v\u00ebmendje t\u00eb vazhdueshme nga af\u00ebr\u201d, ka th\u00ebn\u00eb ministrja G\u00ebrvalla.<\/p>\n","protected":false},"excerpt":{"rendered":"<p>Prishtin\u00eb 12 Mars 2026 11:29 Ministrja e Drejt\u00ebsis\u00eb, Donika G\u00ebrvalla ka zhvilluar takim me drejtor\u00ebt e institucioneve korrektuese dhe drejtor\u00ebt e departamenteve t\u00eb Drejtoris\u00eb s\u00eb<\/p>\n","protected":false},"author":6,"featured_media":37320,"comment_status":"open","ping_status":"open","sticky":false,"template":"","format":"standard","meta":{"footnotes":""},"categories":[60],"tags":[],"class_list":["post-37319","post","type-post","status-publish","format-standard","has-post-thumbnail","hentry","category-shoqerore-sq"],"yoast_head":"<!-- This site is optimized with the Yoast SEO plugin v25.3.1 - https:\/\/yoast.com\/wordpress\/plugins\/seo\/ -->\n<title>G\u00ebrvalla: Rend, siguri e integritet n\u00eb t\u00eb gjitha institucionet korrektuese -<\/title>\n<meta name=\"robots\" content=\"index, follow, max-snippet:-1, max-image-preview:large, max-video-preview:-1\" \/>\n<link rel=\"canonical\" href=\"https:\/\/veritasinfo.org\/?p=37319\" \/>\n<meta property=\"og:locale\" content=\"en_US\" \/>\n<meta property=\"og:type\" content=\"article\" \/>\n<meta property=\"og:title\" content=\"G\u00ebrvalla: Rend, siguri e integritet n\u00eb t\u00eb gjitha institucionet korrektuese -\" \/>\n<meta property=\"og:description\" content=\"Prishtin\u00eb 12 Mars 2026 11:29 Ministrja e Drejt\u00ebsis\u00eb, Donika G\u00ebrvalla ka zhvilluar takim me drejtor\u00ebt e institucioneve korrektuese dhe drejtor\u00ebt e departamenteve t\u00eb Drejtoris\u00eb s\u00eb\" \/>\n<meta property=\"og:url\" content=\"https:\/\/veritasinfo.org\/?p=37319\" \/>\n<meta property=\"article:published_time\" content=\"2026-03-12T10:29:54+00:00\" \/>\n<meta property=\"og:image\" content=\"https:\/\/veritasinfo.org\/wp-content\/uploads\/2026\/03\/719602-nxIzbHCOez.jpg\" \/>\n\t<meta property=\"og:image:width\" content=\"780\" \/>\n\t<meta property=\"og:image:height\" content=\"500\" \/>\n\t<meta property=\"og:image:type\" content=\"image\/jpeg\" \/>\n<meta name=\"author\" content=\"US5\" \/>\n<meta name=\"twitter:card\" content=\"summary_large_image\" \/>\n<meta name=\"twitter:label1\" content=\"Written by\" \/>\n\t<meta name=\"twitter:data1\" content=\"US5\" \/>\n\t<meta name=\"twitter:label2\" content=\"Est. reading time\" \/>\n\t<meta name=\"twitter:data2\" content=\"1 minute\" \/>\n<script type=\"application\/ld+json\" class=\"yoast-schema-graph\">{\"@context\":\"https:\/\/schema.org\",\"@graph\":[{\"@type\":\"WebPage\",\"@id\":\"https:\/\/veritasinfo.org\/?p=37319\",\"url\":\"https:\/\/veritasinfo.org\/?p=37319\",\"name\":\"G\u00ebrvalla: Rend, siguri e integritet n\u00eb t\u00eb gjitha institucionet korrektuese -\",\"isPartOf\":{\"@id\":\"https:\/\/veritasinfo.org\/#website\"},\"primaryImageOfPage\":{\"@id\":\"https:\/\/veritasinfo.org\/?p=37319#primaryimage\"},\"image\":{\"@id\":\"https:\/\/veritasinfo.org\/?p=37319#primaryimage\"},\"thumbnailUrl\":\"https:\/\/veritasinfo.org\/wp-content\/uploads\/2026\/03\/719602-nxIzbHCOez.jpg\",\"datePublished\":\"2026-03-12T10:29:54+00:00\",\"author\":{\"@id\":\"https:\/\/veritasinfo.org\/#\/schema\/person\/bc442336e35414d04494ab8fb45db4c6\"},\"breadcrumb\":{\"@id\":\"https:\/\/veritasinfo.org\/?p=37319#breadcrumb\"},\"inLanguage\":\"en-US\",\"potentialAction\":[{\"@type\":\"ReadAction\",\"target\":[\"https:\/\/veritasinfo.org\/?p=37319\"]}]},{\"@type\":\"ImageObject\",\"inLanguage\":\"en-US\",\"@id\":\"https:\/\/veritasinfo.org\/?p=37319#primaryimage\",\"url\":\"https:\/\/veritasinfo.org\/wp-content\/uploads\/2026\/03\/719602-nxIzbHCOez.jpg\",\"contentUrl\":\"https:\/\/veritasinfo.org\/wp-content\/uploads\/2026\/03\/719602-nxIzbHCOez.jpg\",\"width\":780,\"height\":500},{\"@type\":\"BreadcrumbList\",\"@id\":\"https:\/\/veritasinfo.org\/?p=37319#breadcrumb\",\"itemListElement\":[{\"@type\":\"ListItem\",\"position\":1,\"name\":\"Home\",\"item\":\"https:\/\/veritasinfo.org\/\"},{\"@type\":\"ListItem\",\"position\":2,\"name\":\"G\u00ebrvalla: Rend, siguri e integritet n\u00eb t\u00eb gjitha institucionet korrektuese\"}]},{\"@type\":\"WebSite\",\"@id\":\"https:\/\/veritasinfo.org\/#website\",\"url\":\"https:\/\/veritasinfo.org\/\",\"name\":\"\",\"description\":\"\",\"potentialAction\":[{\"@type\":\"SearchAction\",\"target\":{\"@type\":\"EntryPoint\",\"urlTemplate\":\"https:\/\/veritasinfo.org\/?s={search_term_string}\"},\"query-input\":{\"@type\":\"PropertyValueSpecification\",\"valueRequired\":true,\"valueName\":\"search_term_string\"}}],\"inLanguage\":\"en-US\"},{\"@type\":\"Person\",\"@id\":\"https:\/\/veritasinfo.org\/#\/schema\/person\/bc442336e35414d04494ab8fb45db4c6\",\"name\":\"US5\",\"image\":{\"@type\":\"ImageObject\",\"inLanguage\":\"en-US\",\"@id\":\"https:\/\/veritasinfo.org\/#\/schema\/person\/image\/\",\"url\":\"https:\/\/secure.gravatar.com\/avatar\/16a61e7272a0c5d001121ebb9e60e925d5816e4ac1e443ed3e640d9a6ae55d0c?s=96&d=mm&r=g\",\"contentUrl\":\"https:\/\/secure.gravatar.com\/avatar\/16a61e7272a0c5d001121ebb9e60e925d5816e4ac1e443ed3e640d9a6ae55d0c?s=96&d=mm&r=g\",\"caption\":\"US5\"},\"url\":\"https:\/\/veritasinfo.org\/?author=6\"}]}<\/script>\n<!-- \/ Yoast SEO plugin. -->","yoast_head_json":{"title":"G\u00ebrvalla: Rend, siguri e integritet n\u00eb t\u00eb gjitha institucionet korrektuese -","robots":{"index":"index","follow":"follow","max-snippet":"max-snippet:-1","max-image-preview":"max-image-preview:large","max-video-preview":"max-video-preview:-1"},"canonical":"https:\/\/veritasinfo.org\/?p=37319","og_locale":"en_US","og_type":"article","og_title":"G\u00ebrvalla: Rend, siguri e integritet n\u00eb t\u00eb gjitha institucionet korrektuese -","og_description":"Prishtin\u00eb 12 Mars 2026 11:29 Ministrja e Drejt\u00ebsis\u00eb, Donika G\u00ebrvalla ka zhvilluar takim me drejtor\u00ebt e institucioneve korrektuese dhe drejtor\u00ebt e departamenteve t\u00eb Drejtoris\u00eb s\u00eb","og_url":"https:\/\/veritasinfo.org\/?p=37319","article_published_time":"2026-03-12T10:29:54+00:00","og_image":[{"width":780,"height":500,"url":"https:\/\/veritasinfo.org\/wp-content\/uploads\/2026\/03\/719602-nxIzbHCOez.jpg","type":"image\/jpeg"}],"author":"US5","twitter_card":"summary_large_image","twitter_misc":{"Written by":"US5","Est. reading time":"1 minute"},"schema":{"@context":"https:\/\/schema.org","@graph":[{"@type":"WebPage","@id":"https:\/\/veritasinfo.org\/?p=37319","url":"https:\/\/veritasinfo.org\/?p=37319","name":"G\u00ebrvalla: Rend, siguri e integritet n\u00eb t\u00eb gjitha institucionet korrektuese -","isPartOf":{"@id":"https:\/\/veritasinfo.org\/#website"},"primaryImageOfPage":{"@id":"https:\/\/veritasinfo.org\/?p=37319#primaryimage"},"image":{"@id":"https:\/\/veritasinfo.org\/?p=37319#primaryimage"},"thumbnailUrl":"https:\/\/veritasinfo.org\/wp-content\/uploads\/2026\/03\/719602-nxIzbHCOez.jpg","datePublished":"2026-03-12T10:29:54+00:00","author":{"@id":"https:\/\/veritasinfo.org\/#\/schema\/person\/bc442336e35414d04494ab8fb45db4c6"},"breadcrumb":{"@id":"https:\/\/veritasinfo.org\/?p=37319#breadcrumb"},"inLanguage":"en-US","potentialAction":[{"@type":"ReadAction","target":["https:\/\/veritasinfo.org\/?p=37319"]}]},{"@type":"ImageObject","inLanguage":"en-US","@id":"https:\/\/veritasinfo.org\/?p=37319#primaryimage","url":"https:\/\/veritasinfo.org\/wp-content\/uploads\/2026\/03\/719602-nxIzbHCOez.jpg","contentUrl":"https:\/\/veritasinfo.org\/wp-content\/uploads\/2026\/03\/719602-nxIzbHCOez.jpg","width":780,"height":500},{"@type":"BreadcrumbList","@id":"https:\/\/veritasinfo.org\/?p=37319#breadcrumb","itemListElement":[{"@type":"ListItem","position":1,"name":"Home","item":"https:\/\/veritasinfo.org\/"},{"@type":"ListItem","position":2,"name":"G\u00ebrvalla: Rend, siguri e integritet n\u00eb t\u00eb gjitha institucionet korrektuese"}]},{"@type":"WebSite","@id":"https:\/\/veritasinfo.org\/#website","url":"https:\/\/veritasinfo.org\/","name":"","description":"","potentialAction":[{"@type":"SearchAction","target":{"@type":"EntryPoint","urlTemplate":"https:\/\/veritasinfo.org\/?s={search_term_string}"},"query-input":{"@type":"PropertyValueSpecification","valueRequired":true,"valueName":"search_term_string"}}],"inLanguage":"en-US"},{"@type":"Person","@id":"https:\/\/veritasinfo.org\/#\/schema\/person\/bc442336e35414d04494ab8fb45db4c6","name":"US5","image":{"@type":"ImageObject","inLanguage":"en-US","@id":"https:\/\/veritasinfo.org\/#\/schema\/person\/image\/","url":"https:\/\/secure.gravatar.com\/avatar\/16a61e7272a0c5d001121ebb9e60e925d5816e4ac1e443ed3e640d9a6ae55d0c?s=96&d=mm&r=g","contentUrl":"https:\/\/secure.gravatar.com\/avatar\/16a61e7272a0c5d001121ebb9e60e925d5816e4ac1e443ed3e640d9a6ae55d0c?s=96&d=mm&r=g","caption":"US5"},"url":"https:\/\/veritasinfo.org\/?author=6"}]}},"featured_image_urls":{"full":["https:\/\/veritasinfo.org\/wp-content\/uploads\/2026\/03\/719602-nxIzbHCOez.jpg",780,500,false],"thumbnail":["https:\/\/veritasinfo.org\/wp-content\/uploads\/2026\/03\/719602-nxIzbHCOez-150x150.jpg",150,150,true],"medium":["https:\/\/veritasinfo.org\/wp-content\/uploads\/2026\/03\/719602-nxIzbHCOez-300x192.jpg",300,192,true],"medium_large":["https:\/\/veritasinfo.org\/wp-content\/uploads\/2026\/03\/719602-nxIzbHCOez-768x492.jpg",640,410,true],"large":["https:\/\/veritasinfo.org\/wp-content\/uploads\/2026\/03\/719602-nxIzbHCOez.jpg",640,410,false],"1536x1536":["https:\/\/veritasinfo.org\/wp-content\/uploads\/2026\/03\/719602-nxIzbHCOez.jpg",780,500,false],"2048x2048":["https:\/\/veritasinfo.org\/wp-content\/uploads\/2026\/03\/719602-nxIzbHCOez.jpg",780,500,false],"kreeti-slider-full":["https:\/\/veritasinfo.org\/wp-content\/uploads\/2026\/03\/719602-nxIzbHCOez.jpg",780,500,false],"kreeti-featured":["https:\/\/veritasinfo.org\/wp-content\/uploads\/2026\/03\/719602-nxIzbHCOez.jpg",780,500,false],"kreeti-medium":["https:\/\/veritasinfo.org\/wp-content\/uploads\/2026\/03\/719602-nxIzbHCOez.jpg",720,462,false],"kreeti-medium-square":["https:\/\/veritasinfo.org\/wp-content\/uploads\/2026\/03\/719602-nxIzbHCOez.jpg",350,224,false]},"author_info":{"info":["US5"]},"category_info":"<a href=\"https:\/\/veritasinfo.org\/?cat=60\" rel=\"category\">Shoq\u00ebrore<\/a>","tag_info":"Shoq\u00ebrore","comment_count":"0","_links":{"self":[{"href":"https:\/\/veritasinfo.org\/index.php?rest_route=\/wp\/v2\/posts\/37319","targetHints":{"allow":["GET"]}}],"collection":[{"href":"https:\/\/veritasinfo.org\/index.php?rest_route=\/wp\/v2\/posts"}],"about":[{"href":"https:\/\/veritasinfo.org\/index.php?rest_route=\/wp\/v2\/types\/post"}],"author":[{"embeddable":true,"href":"https:\/\/veritasinfo.org\/index.php?rest_route=\/wp\/v2\/users\/6"}],"replies":[{"embeddable":true,"href":"https:\/\/veritasinfo.org\/index.php?rest_route=%2Fwp%2Fv2%2Fcomments&post=37319"}],"version-history":[{"count":2,"href":"https:\/\/veritasinfo.org\/index.php?rest_route=\/wp\/v2\/posts\/37319\/revisions"}],"predecessor-version":[{"id":37322,"href":"https:\/\/veritasinfo.org\/index.php?rest_route=\/wp\/v2\/posts\/37319\/revisions\/37322"}],"wp:featuredmedia":[{"embeddable":true,"href":"https:\/\/veritasinfo.org\/index.php?rest_route=\/wp\/v2\/media\/37320"}],"wp:attachment":[{"href":"https:\/\/veritasinfo.org\/index.php?rest_route=%2Fwp%2Fv2%2Fmedia&parent=37319"}],"wp:term":[{"taxonomy":"category","embeddable":true,"href":"https:\/\/veritasinfo.org\/index.php?rest_route=%2Fwp%2Fv2%2Fcategories&post=37319"},{"taxonomy":"post_tag","embeddable":true,"href":"https:\/\/veritasinfo.org\/index.php?rest_route=%2Fwp%2Fv2%2Ftags&post=37319"}],"curies":[{"name":"wp","href":"https:\/\/api.w.org\/{rel}","templated":true}]}}