{"id":3728,"date":"2025-07-14T07:57:21","date_gmt":"2025-07-14T05:57:21","guid":{"rendered":"https:\/\/veritasinfo.org\/?p=3728"},"modified":"2025-07-14T07:57:21","modified_gmt":"2025-07-14T05:57:21","slug":"protesta-ne-uzhice-degjojeni-kushtetuten-jo-komanden-mesazh-per-prokuroret-dhe-gjykatat","status":"publish","type":"post","link":"https:\/\/veritasinfo.org\/?p=3728","title":{"rendered":"Protesta n\u00eb Uzhice: \u201cD\u00ebgjojeni Kushtetut\u00ebn, jo komand\u00ebn\u201d- mesazh p\u00ebr prokuror\u00ebt dhe gjykatat"},"content":{"rendered":"<p><strong>Uzhice, 13 korrik 2025<\/strong><\/p>\n<p>U mbajt nj\u00eb bllokad\u00eb n\u00ebnt\u00eb-or\u00ebshe e rrug\u00ebs kryesore pran\u00eb Uzhices si nj\u00eb form\u00eb presioni mbi autoritetet p\u00ebr t\u00eb liruar nj\u00eb grup personash t\u00eb arrestuar p\u00ebr pjes\u00ebmarrje n\u00eb protestat e m\u00ebparshme n\u00eb k\u00ebt\u00eb qytet n\u00eb Serbin\u00eb per\u00ebndimore. Bllokada nuk dha rezultate sepse n\u00ebnt\u00eb t\u00eb arrestuarit, p\u00ebrfshir\u00eb avokat\u00eb dhe student\u00eb, jan\u00eb ende n\u00eb paraburgim nj\u00ebmujor.<\/p>\n<p>Protesta n\u00ebn sloganin &#8220;Serbi, Uzhice po t\u00eb th\u00ebrret&#8221; ishte nj\u00eb vazhdim i demonstratave antiqeveritare disamujore t\u00eb shkaktuara nga r\u00ebnia e tend\u00ebs s\u00eb stacionit hekurudhor n\u00eb Novi Sad m\u00eb 1 n\u00ebntor 2024, kur 16 persona vdiq\u00ebn dhe nj\u00eb person tjet\u00ebr u plagos r\u00ebnd\u00eb. Q\u00eb at\u00ebher\u00eb, protestat kan\u00eb vazhduar n\u00eb t\u00eb gjith\u00eb Serbin\u00eb me k\u00ebrkes\u00ebn p\u00ebr t\u00eb vendosur p\u00ebrgjegj\u00ebsi penale p\u00ebr tragjedin\u00eb n\u00eb Novi Sad, por edhe q\u00eb autoritetet t\u00eb k\u00ebrkojn\u00eb zgjedhje t\u00eb jasht\u00ebzakonshme parlamentare. P\u00ebr momentin, qeveria nuk tregon q\u00ebllim p\u00ebr t&#8217;u pajtuar me k\u00ebrkes\u00ebn p\u00ebr zgjedhje t\u00eb parakohshme.<\/p>\n<p>Gjat\u00eb protest\u00ebs s\u00eb 6 korrikut n\u00eb U\u017eice, nj\u00eb grup m\u00eb i madh njer\u00ebzish arriti t\u00eb thyej\u00eb kordonin e policis\u00eb. Nj\u00eb dit\u00eb m\u00eb von\u00eb, policia ndaloi avokatin Radovan Novakoviq, k\u00ebshilltar i Aksionit Uzhice, me dyshimin p\u00ebr sulm ndaj nj\u00eb zyrtari gjat\u00eb bllokad\u00ebs s\u00eb autostrad\u00ebs.<\/p>\n<p>P\u00ebrve\u00e7 tij, tet\u00eb persona t\u00eb tjer\u00eb u arrestuan jav\u00ebn e kaluar dhe t\u00eb gjith\u00ebve iu urdh\u00ebrua paraburgimi p\u00ebr 30 dit\u00eb.<\/p>\n<p>P\u00ebr momentin, qeveria nuk tregon asnj\u00eb q\u00ebllim p\u00ebr t&#8217;iu bindur k\u00ebrkes\u00ebs p\u00ebr zgjedhje t\u00eb parakohshme.<\/p>\n","protected":false},"excerpt":{"rendered":"<p>Uzhice, 13 korrik 2025 U mbajt nj\u00eb bllokad\u00eb n\u00ebnt\u00eb-or\u00ebshe e rrug\u00ebs kryesore pran\u00eb Uzhices si nj\u00eb form\u00eb presioni mbi autoritetet p\u00ebr t\u00eb liruar nj\u00eb grup<\/p>\n","protected":false},"author":2,"featured_media":3729,"comment_status":"open","ping_status":"open","sticky":false,"template":"","format":"standard","meta":{"footnotes":""},"categories":[72],"tags":[],"class_list":["post-3728","post","type-post","status-publish","format-standard","has-post-thumbnail","hentry","category-bota"],"yoast_head":"<!-- This site is optimized with the Yoast SEO plugin v25.3.1 - https:\/\/yoast.com\/wordpress\/plugins\/seo\/ -->\n<title>Protesta n\u00eb Uzhice: \u201cD\u00ebgjojeni Kushtetut\u00ebn, jo komand\u00ebn\u201d- mesazh p\u00ebr prokuror\u00ebt dhe gjykatat -<\/title>\n<meta name=\"robots\" content=\"index, follow, max-snippet:-1, max-image-preview:large, max-video-preview:-1\" \/>\n<link rel=\"canonical\" href=\"https:\/\/veritasinfo.org\/?p=3728\" \/>\n<meta property=\"og:locale\" content=\"en_US\" \/>\n<meta property=\"og:type\" content=\"article\" \/>\n<meta property=\"og:title\" content=\"Protesta n\u00eb Uzhice: \u201cD\u00ebgjojeni Kushtetut\u00ebn, jo komand\u00ebn\u201d- mesazh p\u00ebr prokuror\u00ebt dhe gjykatat -\" \/>\n<meta property=\"og:description\" content=\"Uzhice, 13 korrik 2025 U mbajt nj\u00eb bllokad\u00eb n\u00ebnt\u00eb-or\u00ebshe e rrug\u00ebs kryesore pran\u00eb Uzhices si nj\u00eb form\u00eb presioni mbi autoritetet p\u00ebr t\u00eb liruar nj\u00eb grup\" \/>\n<meta property=\"og:url\" content=\"https:\/\/veritasinfo.org\/?p=3728\" \/>\n<meta property=\"article:published_time\" content=\"2025-07-14T05:57:21+00:00\" \/>\n<meta property=\"og:image\" content=\"https:\/\/veritasinfo.org\/wp-content\/uploads\/2025\/07\/pritesta-uzhice.webp\" \/>\n\t<meta property=\"og:image:width\" content=\"640\" \/>\n\t<meta property=\"og:image:height\" content=\"481\" \/>\n\t<meta property=\"og:image:type\" content=\"image\/webp\" \/>\n<meta name=\"author\" content=\"US1\" \/>\n<meta name=\"twitter:card\" content=\"summary_large_image\" \/>\n<meta name=\"twitter:label1\" content=\"Written by\" \/>\n\t<meta name=\"twitter:data1\" content=\"US1\" \/>\n\t<meta name=\"twitter:label2\" content=\"Est. reading time\" \/>\n\t<meta name=\"twitter:data2\" content=\"2 minutes\" \/>\n<script type=\"application\/ld+json\" class=\"yoast-schema-graph\">{\"@context\":\"https:\/\/schema.org\",\"@graph\":[{\"@type\":\"WebPage\",\"@id\":\"https:\/\/veritasinfo.org\/?p=3728\",\"url\":\"https:\/\/veritasinfo.org\/?p=3728\",\"name\":\"Protesta n\u00eb Uzhice: \u201cD\u00ebgjojeni Kushtetut\u00ebn, jo komand\u00ebn\u201d- mesazh p\u00ebr prokuror\u00ebt dhe gjykatat -\",\"isPartOf\":{\"@id\":\"https:\/\/veritasinfo.org\/#website\"},\"primaryImageOfPage\":{\"@id\":\"https:\/\/veritasinfo.org\/?p=3728#primaryimage\"},\"image\":{\"@id\":\"https:\/\/veritasinfo.org\/?p=3728#primaryimage\"},\"thumbnailUrl\":\"https:\/\/veritasinfo.org\/wp-content\/uploads\/2025\/07\/pritesta-uzhice.webp\",\"datePublished\":\"2025-07-14T05:57:21+00:00\",\"author\":{\"@id\":\"https:\/\/veritasinfo.org\/#\/schema\/person\/c2b8be262ea994d0995addca692c5e98\"},\"breadcrumb\":{\"@id\":\"https:\/\/veritasinfo.org\/?p=3728#breadcrumb\"},\"inLanguage\":\"en-US\",\"potentialAction\":[{\"@type\":\"ReadAction\",\"target\":[\"https:\/\/veritasinfo.org\/?p=3728\"]}]},{\"@type\":\"ImageObject\",\"inLanguage\":\"en-US\",\"@id\":\"https:\/\/veritasinfo.org\/?p=3728#primaryimage\",\"url\":\"https:\/\/veritasinfo.org\/wp-content\/uploads\/2025\/07\/pritesta-uzhice.webp\",\"contentUrl\":\"https:\/\/veritasinfo.org\/wp-content\/uploads\/2025\/07\/pritesta-uzhice.webp\",\"width\":640,\"height\":481},{\"@type\":\"BreadcrumbList\",\"@id\":\"https:\/\/veritasinfo.org\/?p=3728#breadcrumb\",\"itemListElement\":[{\"@type\":\"ListItem\",\"position\":1,\"name\":\"Home\",\"item\":\"https:\/\/veritasinfo.org\/\"},{\"@type\":\"ListItem\",\"position\":2,\"name\":\"Protesta n\u00eb Uzhice: \u201cD\u00ebgjojeni Kushtetut\u00ebn, jo komand\u00ebn\u201d- mesazh p\u00ebr prokuror\u00ebt dhe gjykatat\"}]},{\"@type\":\"WebSite\",\"@id\":\"https:\/\/veritasinfo.org\/#website\",\"url\":\"https:\/\/veritasinfo.org\/\",\"name\":\"\",\"description\":\"\",\"potentialAction\":[{\"@type\":\"SearchAction\",\"target\":{\"@type\":\"EntryPoint\",\"urlTemplate\":\"https:\/\/veritasinfo.org\/?s={search_term_string}\"},\"query-input\":{\"@type\":\"PropertyValueSpecification\",\"valueRequired\":true,\"valueName\":\"search_term_string\"}}],\"inLanguage\":\"en-US\"},{\"@type\":\"Person\",\"@id\":\"https:\/\/veritasinfo.org\/#\/schema\/person\/c2b8be262ea994d0995addca692c5e98\",\"name\":\"US1\",\"image\":{\"@type\":\"ImageObject\",\"inLanguage\":\"en-US\",\"@id\":\"https:\/\/veritasinfo.org\/#\/schema\/person\/image\/\",\"url\":\"https:\/\/secure.gravatar.com\/avatar\/4e96a59bd256abf9956eb9963ac891a47461ffb364d47b0e9aab113328fdb75b?s=96&d=mm&r=g\",\"contentUrl\":\"https:\/\/secure.gravatar.com\/avatar\/4e96a59bd256abf9956eb9963ac891a47461ffb364d47b0e9aab113328fdb75b?s=96&d=mm&r=g\",\"caption\":\"US1\"},\"url\":\"https:\/\/veritasinfo.org\/?author=2\"}]}<\/script>\n<!-- \/ Yoast SEO plugin. -->","yoast_head_json":{"title":"Protesta n\u00eb Uzhice: \u201cD\u00ebgjojeni Kushtetut\u00ebn, jo komand\u00ebn\u201d- mesazh p\u00ebr prokuror\u00ebt dhe gjykatat -","robots":{"index":"index","follow":"follow","max-snippet":"max-snippet:-1","max-image-preview":"max-image-preview:large","max-video-preview":"max-video-preview:-1"},"canonical":"https:\/\/veritasinfo.org\/?p=3728","og_locale":"en_US","og_type":"article","og_title":"Protesta n\u00eb Uzhice: \u201cD\u00ebgjojeni Kushtetut\u00ebn, jo komand\u00ebn\u201d- mesazh p\u00ebr prokuror\u00ebt dhe gjykatat -","og_description":"Uzhice, 13 korrik 2025 U mbajt nj\u00eb bllokad\u00eb n\u00ebnt\u00eb-or\u00ebshe e rrug\u00ebs kryesore pran\u00eb Uzhices si nj\u00eb form\u00eb presioni mbi autoritetet p\u00ebr t\u00eb liruar nj\u00eb grup","og_url":"https:\/\/veritasinfo.org\/?p=3728","article_published_time":"2025-07-14T05:57:21+00:00","og_image":[{"width":640,"height":481,"url":"https:\/\/veritasinfo.org\/wp-content\/uploads\/2025\/07\/pritesta-uzhice.webp","type":"image\/webp"}],"author":"US1","twitter_card":"summary_large_image","twitter_misc":{"Written by":"US1","Est. reading time":"2 minutes"},"schema":{"@context":"https:\/\/schema.org","@graph":[{"@type":"WebPage","@id":"https:\/\/veritasinfo.org\/?p=3728","url":"https:\/\/veritasinfo.org\/?p=3728","name":"Protesta n\u00eb Uzhice: \u201cD\u00ebgjojeni Kushtetut\u00ebn, jo komand\u00ebn\u201d- mesazh p\u00ebr prokuror\u00ebt dhe gjykatat -","isPartOf":{"@id":"https:\/\/veritasinfo.org\/#website"},"primaryImageOfPage":{"@id":"https:\/\/veritasinfo.org\/?p=3728#primaryimage"},"image":{"@id":"https:\/\/veritasinfo.org\/?p=3728#primaryimage"},"thumbnailUrl":"https:\/\/veritasinfo.org\/wp-content\/uploads\/2025\/07\/pritesta-uzhice.webp","datePublished":"2025-07-14T05:57:21+00:00","author":{"@id":"https:\/\/veritasinfo.org\/#\/schema\/person\/c2b8be262ea994d0995addca692c5e98"},"breadcrumb":{"@id":"https:\/\/veritasinfo.org\/?p=3728#breadcrumb"},"inLanguage":"en-US","potentialAction":[{"@type":"ReadAction","target":["https:\/\/veritasinfo.org\/?p=3728"]}]},{"@type":"ImageObject","inLanguage":"en-US","@id":"https:\/\/veritasinfo.org\/?p=3728#primaryimage","url":"https:\/\/veritasinfo.org\/wp-content\/uploads\/2025\/07\/pritesta-uzhice.webp","contentUrl":"https:\/\/veritasinfo.org\/wp-content\/uploads\/2025\/07\/pritesta-uzhice.webp","width":640,"height":481},{"@type":"BreadcrumbList","@id":"https:\/\/veritasinfo.org\/?p=3728#breadcrumb","itemListElement":[{"@type":"ListItem","position":1,"name":"Home","item":"https:\/\/veritasinfo.org\/"},{"@type":"ListItem","position":2,"name":"Protesta n\u00eb Uzhice: \u201cD\u00ebgjojeni Kushtetut\u00ebn, jo komand\u00ebn\u201d- mesazh p\u00ebr prokuror\u00ebt dhe gjykatat"}]},{"@type":"WebSite","@id":"https:\/\/veritasinfo.org\/#website","url":"https:\/\/veritasinfo.org\/","name":"","description":"","potentialAction":[{"@type":"SearchAction","target":{"@type":"EntryPoint","urlTemplate":"https:\/\/veritasinfo.org\/?s={search_term_string}"},"query-input":{"@type":"PropertyValueSpecification","valueRequired":true,"valueName":"search_term_string"}}],"inLanguage":"en-US"},{"@type":"Person","@id":"https:\/\/veritasinfo.org\/#\/schema\/person\/c2b8be262ea994d0995addca692c5e98","name":"US1","image":{"@type":"ImageObject","inLanguage":"en-US","@id":"https:\/\/veritasinfo.org\/#\/schema\/person\/image\/","url":"https:\/\/secure.gravatar.com\/avatar\/4e96a59bd256abf9956eb9963ac891a47461ffb364d47b0e9aab113328fdb75b?s=96&d=mm&r=g","contentUrl":"https:\/\/secure.gravatar.com\/avatar\/4e96a59bd256abf9956eb9963ac891a47461ffb364d47b0e9aab113328fdb75b?s=96&d=mm&r=g","caption":"US1"},"url":"https:\/\/veritasinfo.org\/?author=2"}]}},"featured_image_urls":{"full":["https:\/\/veritasinfo.org\/wp-content\/uploads\/2025\/07\/pritesta-uzhice.webp",640,481,false],"thumbnail":["https:\/\/veritasinfo.org\/wp-content\/uploads\/2025\/07\/pritesta-uzhice-150x150.webp",150,150,true],"medium":["https:\/\/veritasinfo.org\/wp-content\/uploads\/2025\/07\/pritesta-uzhice-300x225.webp",300,225,true],"medium_large":["https:\/\/veritasinfo.org\/wp-content\/uploads\/2025\/07\/pritesta-uzhice.webp",640,481,false],"large":["https:\/\/veritasinfo.org\/wp-content\/uploads\/2025\/07\/pritesta-uzhice.webp",640,481,false],"1536x1536":["https:\/\/veritasinfo.org\/wp-content\/uploads\/2025\/07\/pritesta-uzhice.webp",640,481,false],"2048x2048":["https:\/\/veritasinfo.org\/wp-content\/uploads\/2025\/07\/pritesta-uzhice.webp",640,481,false],"kreeti-slider-full":["https:\/\/veritasinfo.org\/wp-content\/uploads\/2025\/07\/pritesta-uzhice.webp",640,481,false],"kreeti-featured":["https:\/\/veritasinfo.org\/wp-content\/uploads\/2025\/07\/pritesta-uzhice.webp",640,481,false],"kreeti-medium":["https:\/\/veritasinfo.org\/wp-content\/uploads\/2025\/07\/pritesta-uzhice.webp",640,481,false],"kreeti-medium-square":["https:\/\/veritasinfo.org\/wp-content\/uploads\/2025\/07\/pritesta-uzhice.webp",350,263,false]},"author_info":{"info":["US1"]},"category_info":"<a href=\"https:\/\/veritasinfo.org\/?cat=72\" rel=\"category\">Bota<\/a>","tag_info":"Bota","comment_count":"0","_links":{"self":[{"href":"https:\/\/veritasinfo.org\/index.php?rest_route=\/wp\/v2\/posts\/3728","targetHints":{"allow":["GET"]}}],"collection":[{"href":"https:\/\/veritasinfo.org\/index.php?rest_route=\/wp\/v2\/posts"}],"about":[{"href":"https:\/\/veritasinfo.org\/index.php?rest_route=\/wp\/v2\/types\/post"}],"author":[{"embeddable":true,"href":"https:\/\/veritasinfo.org\/index.php?rest_route=\/wp\/v2\/users\/2"}],"replies":[{"embeddable":true,"href":"https:\/\/veritasinfo.org\/index.php?rest_route=%2Fwp%2Fv2%2Fcomments&post=3728"}],"version-history":[{"count":1,"href":"https:\/\/veritasinfo.org\/index.php?rest_route=\/wp\/v2\/posts\/3728\/revisions"}],"predecessor-version":[{"id":3730,"href":"https:\/\/veritasinfo.org\/index.php?rest_route=\/wp\/v2\/posts\/3728\/revisions\/3730"}],"wp:featuredmedia":[{"embeddable":true,"href":"https:\/\/veritasinfo.org\/index.php?rest_route=\/wp\/v2\/media\/3729"}],"wp:attachment":[{"href":"https:\/\/veritasinfo.org\/index.php?rest_route=%2Fwp%2Fv2%2Fmedia&parent=3728"}],"wp:term":[{"taxonomy":"category","embeddable":true,"href":"https:\/\/veritasinfo.org\/index.php?rest_route=%2Fwp%2Fv2%2Fcategories&post=3728"},{"taxonomy":"post_tag","embeddable":true,"href":"https:\/\/veritasinfo.org\/index.php?rest_route=%2Fwp%2Fv2%2Ftags&post=3728"}],"curies":[{"name":"wp","href":"https:\/\/api.w.org\/{rel}","templated":true}]}}