{"id":37266,"date":"2026-03-12T08:55:11","date_gmt":"2026-03-12T07:55:11","guid":{"rendered":"https:\/\/veritasinfo.org\/?p=37266"},"modified":"2026-03-12T08:55:11","modified_gmt":"2026-03-12T07:55:11","slug":"kos-paralajmeron-serbine-vendet-nen-ndikimin-rus-nuk-mund-te-hyjne-ne-be","status":"publish","type":"post","link":"https:\/\/veritasinfo.org\/?p=37266","title":{"rendered":"Kos paralajm\u00ebron Serbin\u00eb: Vendet n\u00ebn ndikimin rus nuk mund t\u00eb hyjn\u00eb n\u00eb BE"},"content":{"rendered":"<p>Prishtin\u00eb, 12 mars 2026 08:55<\/p>\n<p>Serbia vazhdon t\u00eb refuzoj\u00eb vendosjen e sanksioneve ndaj Rusis\u00eb p\u00ebr luft\u00ebn n\u00eb Ukrain\u00eb dhe p\u00ebr k\u00ebt\u00eb arsye prej koh\u00ebsh po p\u00ebrballet me kritika dhe mesazhe t\u00eb p\u00ebrs\u00ebritura nga Bashkimi Evropian. Nj\u00eb i till\u00eb erdhi edhe s\u00eb fundmi nga komisionerja evropiane p\u00ebr zgjerim, Marta Kos.Duke folur m\u00eb 10 mars n\u00eb Parlamenti Evropian, ajo d\u00ebrgoi nj\u00eb mesazh t\u00eb qart\u00eb p\u00ebr vendet q\u00eb synojn\u00eb an\u00ebtar\u00ebsimin n\u00eb Bashkimi Evropian, duke theksuar se ato duhet t\u00eb jen\u00eb demokraci t\u00eb forta dhe t\u00eb afta t\u2019i rezistojn\u00eb ndikimeve t\u00eb jashtme, p\u00ebrfshir\u00eb ndikimin e Rusis\u00eb.Kos nuk p\u00ebrmendi drejtp\u00ebrdrejt ndonj\u00eb shtet kandidat, por deklarata e saj u interpretua si paralajm\u00ebrim p\u00ebr disa vende q\u00eb shihen si m\u00eb t\u00eb ndjeshme ndaj ndikimeve t\u00eb jashtme. Sipas nj\u00eb zyrtari evropian q\u00eb foli p\u00ebr Radion Evropa e Lir\u00eb, nd\u00ebr vendet q\u00eb shpesh p\u00ebrmenden n\u00eb k\u00ebt\u00eb kontekst jan\u00eb Serbia dhe Gjeorgjia.Serbia mbetet i vetmi vend kandidat nga Ballkani Per\u00ebndimor q\u00eb nga fillimi i pushtimit rus t\u00eb Ukrain\u00ebs nuk \u00ebsht\u00eb p\u00ebrafruar me politik\u00ebn e jashtme t\u00eb BE-s\u00eb dhe nuk ka vendosur sanksione ndaj Rusis\u00eb. Si pasoj\u00eb, procesi i negociatave p\u00ebr an\u00ebtar\u00ebsim \u00ebsht\u00eb ngadal\u00ebsuar ndjesh\u00ebm dhe vendi nuk ka hapur asnj\u00eb kapitull t\u00eb ri negociues q\u00eb nga dhjetori i vitit 2021.Nd\u00ebrkoh\u00eb, z\u00ebdh\u00ebn\u00ebsi i Komisionit Evropian p\u00ebr zgjerim, Guillaume Mercier, theksoi se BE-ja ka qen\u00eb e qart\u00eb me partner\u00ebt e saj, p\u00ebrfshir\u00eb Serbin\u00eb, se marr\u00ebdh\u00ebniet me Rusin\u00eb nuk mund t\u00eb vazhdojn\u00eb si m\u00eb par\u00eb n\u00eb koh\u00ebn kur Rusia po zhvillon agresion ushtarak ndaj Ukrain\u00ebs.<\/p>\n","protected":false},"excerpt":{"rendered":"<p>Prishtin\u00eb, 12 mars 2026 08:55 Serbia vazhdon t\u00eb refuzoj\u00eb vendosjen e sanksioneve ndaj Rusis\u00eb p\u00ebr luft\u00ebn n\u00eb Ukrain\u00eb dhe p\u00ebr k\u00ebt\u00eb arsye prej koh\u00ebsh po<\/p>\n","protected":false},"author":7,"featured_media":37267,"comment_status":"open","ping_status":"open","sticky":false,"template":"","format":"standard","meta":{"footnotes":""},"categories":[58],"tags":[],"class_list":["post-37266","post","type-post","status-publish","format-standard","has-post-thumbnail","hentry","category-politike-sq"],"yoast_head":"<!-- This site is optimized with the Yoast SEO plugin v25.3.1 - https:\/\/yoast.com\/wordpress\/plugins\/seo\/ -->\n<title>Kos paralajm\u00ebron Serbin\u00eb: Vendet n\u00ebn ndikimin rus nuk mund t\u00eb hyjn\u00eb n\u00eb BE -<\/title>\n<meta name=\"robots\" content=\"index, follow, max-snippet:-1, max-image-preview:large, max-video-preview:-1\" \/>\n<link rel=\"canonical\" href=\"https:\/\/veritasinfo.org\/?p=37266\" \/>\n<meta property=\"og:locale\" content=\"en_US\" \/>\n<meta property=\"og:type\" content=\"article\" \/>\n<meta property=\"og:title\" content=\"Kos paralajm\u00ebron Serbin\u00eb: Vendet n\u00ebn ndikimin rus nuk mund t\u00eb hyjn\u00eb n\u00eb BE -\" \/>\n<meta property=\"og:description\" content=\"Prishtin\u00eb, 12 mars 2026 08:55 Serbia vazhdon t\u00eb refuzoj\u00eb vendosjen e sanksioneve ndaj Rusis\u00eb p\u00ebr luft\u00ebn n\u00eb Ukrain\u00eb dhe p\u00ebr k\u00ebt\u00eb arsye prej koh\u00ebsh po\" \/>\n<meta property=\"og:url\" content=\"https:\/\/veritasinfo.org\/?p=37266\" \/>\n<meta property=\"article:published_time\" content=\"2026-03-12T07:55:11+00:00\" \/>\n<meta property=\"og:image\" content=\"https:\/\/veritasinfo.org\/wp-content\/uploads\/2026\/03\/vucic-1.jpg\" \/>\n\t<meta property=\"og:image:width\" content=\"600\" \/>\n\t<meta property=\"og:image:height\" content=\"360\" \/>\n\t<meta property=\"og:image:type\" content=\"image\/jpeg\" \/>\n<meta name=\"author\" content=\"US6\" \/>\n<meta name=\"twitter:card\" content=\"summary_large_image\" \/>\n<meta name=\"twitter:label1\" content=\"Written by\" \/>\n\t<meta name=\"twitter:data1\" content=\"US6\" \/>\n\t<meta name=\"twitter:label2\" content=\"Est. reading time\" \/>\n\t<meta name=\"twitter:data2\" content=\"2 minutes\" \/>\n<script type=\"application\/ld+json\" class=\"yoast-schema-graph\">{\"@context\":\"https:\/\/schema.org\",\"@graph\":[{\"@type\":\"WebPage\",\"@id\":\"https:\/\/veritasinfo.org\/?p=37266\",\"url\":\"https:\/\/veritasinfo.org\/?p=37266\",\"name\":\"Kos paralajm\u00ebron Serbin\u00eb: Vendet n\u00ebn ndikimin rus nuk mund t\u00eb hyjn\u00eb n\u00eb BE -\",\"isPartOf\":{\"@id\":\"https:\/\/veritasinfo.org\/#website\"},\"primaryImageOfPage\":{\"@id\":\"https:\/\/veritasinfo.org\/?p=37266#primaryimage\"},\"image\":{\"@id\":\"https:\/\/veritasinfo.org\/?p=37266#primaryimage\"},\"thumbnailUrl\":\"https:\/\/veritasinfo.org\/wp-content\/uploads\/2026\/03\/vucic-1.jpg\",\"datePublished\":\"2026-03-12T07:55:11+00:00\",\"author\":{\"@id\":\"https:\/\/veritasinfo.org\/#\/schema\/person\/fe199eede04c3937362892b7444747cc\"},\"breadcrumb\":{\"@id\":\"https:\/\/veritasinfo.org\/?p=37266#breadcrumb\"},\"inLanguage\":\"en-US\",\"potentialAction\":[{\"@type\":\"ReadAction\",\"target\":[\"https:\/\/veritasinfo.org\/?p=37266\"]}]},{\"@type\":\"ImageObject\",\"inLanguage\":\"en-US\",\"@id\":\"https:\/\/veritasinfo.org\/?p=37266#primaryimage\",\"url\":\"https:\/\/veritasinfo.org\/wp-content\/uploads\/2026\/03\/vucic-1.jpg\",\"contentUrl\":\"https:\/\/veritasinfo.org\/wp-content\/uploads\/2026\/03\/vucic-1.jpg\",\"width\":600,\"height\":360,\"caption\":\"Serbian President Aleksandar Vucic gestures during a public address, a day after one of the biggest protests in years in Belgrade, Serbia, Sunday, Aug. 11, 2024. Vucic said earlier he had been tipped off by Russian intelligence services that a \\\"mass unrest and a coup\\\" were being prepared in Serbia by unspecified Western powers that wish to oust him from power. (AP Photo\/Darko Vojinovic)\"},{\"@type\":\"BreadcrumbList\",\"@id\":\"https:\/\/veritasinfo.org\/?p=37266#breadcrumb\",\"itemListElement\":[{\"@type\":\"ListItem\",\"position\":1,\"name\":\"Home\",\"item\":\"https:\/\/veritasinfo.org\/\"},{\"@type\":\"ListItem\",\"position\":2,\"name\":\"Kos paralajm\u00ebron Serbin\u00eb: Vendet n\u00ebn ndikimin rus nuk mund t\u00eb hyjn\u00eb n\u00eb BE\"}]},{\"@type\":\"WebSite\",\"@id\":\"https:\/\/veritasinfo.org\/#website\",\"url\":\"https:\/\/veritasinfo.org\/\",\"name\":\"\",\"description\":\"\",\"potentialAction\":[{\"@type\":\"SearchAction\",\"target\":{\"@type\":\"EntryPoint\",\"urlTemplate\":\"https:\/\/veritasinfo.org\/?s={search_term_string}\"},\"query-input\":{\"@type\":\"PropertyValueSpecification\",\"valueRequired\":true,\"valueName\":\"search_term_string\"}}],\"inLanguage\":\"en-US\"},{\"@type\":\"Person\",\"@id\":\"https:\/\/veritasinfo.org\/#\/schema\/person\/fe199eede04c3937362892b7444747cc\",\"name\":\"US6\",\"image\":{\"@type\":\"ImageObject\",\"inLanguage\":\"en-US\",\"@id\":\"https:\/\/veritasinfo.org\/#\/schema\/person\/image\/\",\"url\":\"https:\/\/secure.gravatar.com\/avatar\/cb16c3c31c9d23b9b8c705964598220b3014e42ff51eb540ff23cefa3ae8c15f?s=96&d=mm&r=g\",\"contentUrl\":\"https:\/\/secure.gravatar.com\/avatar\/cb16c3c31c9d23b9b8c705964598220b3014e42ff51eb540ff23cefa3ae8c15f?s=96&d=mm&r=g\",\"caption\":\"US6\"},\"url\":\"https:\/\/veritasinfo.org\/?author=7\"}]}<\/script>\n<!-- \/ Yoast SEO plugin. -->","yoast_head_json":{"title":"Kos paralajm\u00ebron Serbin\u00eb: Vendet n\u00ebn ndikimin rus nuk mund t\u00eb hyjn\u00eb n\u00eb BE -","robots":{"index":"index","follow":"follow","max-snippet":"max-snippet:-1","max-image-preview":"max-image-preview:large","max-video-preview":"max-video-preview:-1"},"canonical":"https:\/\/veritasinfo.org\/?p=37266","og_locale":"en_US","og_type":"article","og_title":"Kos paralajm\u00ebron Serbin\u00eb: Vendet n\u00ebn ndikimin rus nuk mund t\u00eb hyjn\u00eb n\u00eb BE -","og_description":"Prishtin\u00eb, 12 mars 2026 08:55 Serbia vazhdon t\u00eb refuzoj\u00eb vendosjen e sanksioneve ndaj Rusis\u00eb p\u00ebr luft\u00ebn n\u00eb Ukrain\u00eb dhe p\u00ebr k\u00ebt\u00eb arsye prej koh\u00ebsh po","og_url":"https:\/\/veritasinfo.org\/?p=37266","article_published_time":"2026-03-12T07:55:11+00:00","og_image":[{"width":600,"height":360,"url":"https:\/\/veritasinfo.org\/wp-content\/uploads\/2026\/03\/vucic-1.jpg","type":"image\/jpeg"}],"author":"US6","twitter_card":"summary_large_image","twitter_misc":{"Written by":"US6","Est. reading time":"2 minutes"},"schema":{"@context":"https:\/\/schema.org","@graph":[{"@type":"WebPage","@id":"https:\/\/veritasinfo.org\/?p=37266","url":"https:\/\/veritasinfo.org\/?p=37266","name":"Kos paralajm\u00ebron Serbin\u00eb: Vendet n\u00ebn ndikimin rus nuk mund t\u00eb hyjn\u00eb n\u00eb BE -","isPartOf":{"@id":"https:\/\/veritasinfo.org\/#website"},"primaryImageOfPage":{"@id":"https:\/\/veritasinfo.org\/?p=37266#primaryimage"},"image":{"@id":"https:\/\/veritasinfo.org\/?p=37266#primaryimage"},"thumbnailUrl":"https:\/\/veritasinfo.org\/wp-content\/uploads\/2026\/03\/vucic-1.jpg","datePublished":"2026-03-12T07:55:11+00:00","author":{"@id":"https:\/\/veritasinfo.org\/#\/schema\/person\/fe199eede04c3937362892b7444747cc"},"breadcrumb":{"@id":"https:\/\/veritasinfo.org\/?p=37266#breadcrumb"},"inLanguage":"en-US","potentialAction":[{"@type":"ReadAction","target":["https:\/\/veritasinfo.org\/?p=37266"]}]},{"@type":"ImageObject","inLanguage":"en-US","@id":"https:\/\/veritasinfo.org\/?p=37266#primaryimage","url":"https:\/\/veritasinfo.org\/wp-content\/uploads\/2026\/03\/vucic-1.jpg","contentUrl":"https:\/\/veritasinfo.org\/wp-content\/uploads\/2026\/03\/vucic-1.jpg","width":600,"height":360,"caption":"Serbian President Aleksandar Vucic gestures during a public address, a day after one of the biggest protests in years in Belgrade, Serbia, Sunday, Aug. 11, 2024. Vucic said earlier he had been tipped off by Russian intelligence services that a \"mass unrest and a coup\" were being prepared in Serbia by unspecified Western powers that wish to oust him from power. (AP Photo\/Darko Vojinovic)"},{"@type":"BreadcrumbList","@id":"https:\/\/veritasinfo.org\/?p=37266#breadcrumb","itemListElement":[{"@type":"ListItem","position":1,"name":"Home","item":"https:\/\/veritasinfo.org\/"},{"@type":"ListItem","position":2,"name":"Kos paralajm\u00ebron Serbin\u00eb: Vendet n\u00ebn ndikimin rus nuk mund t\u00eb hyjn\u00eb n\u00eb BE"}]},{"@type":"WebSite","@id":"https:\/\/veritasinfo.org\/#website","url":"https:\/\/veritasinfo.org\/","name":"","description":"","potentialAction":[{"@type":"SearchAction","target":{"@type":"EntryPoint","urlTemplate":"https:\/\/veritasinfo.org\/?s={search_term_string}"},"query-input":{"@type":"PropertyValueSpecification","valueRequired":true,"valueName":"search_term_string"}}],"inLanguage":"en-US"},{"@type":"Person","@id":"https:\/\/veritasinfo.org\/#\/schema\/person\/fe199eede04c3937362892b7444747cc","name":"US6","image":{"@type":"ImageObject","inLanguage":"en-US","@id":"https:\/\/veritasinfo.org\/#\/schema\/person\/image\/","url":"https:\/\/secure.gravatar.com\/avatar\/cb16c3c31c9d23b9b8c705964598220b3014e42ff51eb540ff23cefa3ae8c15f?s=96&d=mm&r=g","contentUrl":"https:\/\/secure.gravatar.com\/avatar\/cb16c3c31c9d23b9b8c705964598220b3014e42ff51eb540ff23cefa3ae8c15f?s=96&d=mm&r=g","caption":"US6"},"url":"https:\/\/veritasinfo.org\/?author=7"}]}},"featured_image_urls":{"full":["https:\/\/veritasinfo.org\/wp-content\/uploads\/2026\/03\/vucic-1.jpg",600,360,false],"thumbnail":["https:\/\/veritasinfo.org\/wp-content\/uploads\/2026\/03\/vucic-1-150x150.jpg",150,150,true],"medium":["https:\/\/veritasinfo.org\/wp-content\/uploads\/2026\/03\/vucic-1-300x180.jpg",300,180,true],"medium_large":["https:\/\/veritasinfo.org\/wp-content\/uploads\/2026\/03\/vucic-1.jpg",600,360,false],"large":["https:\/\/veritasinfo.org\/wp-content\/uploads\/2026\/03\/vucic-1.jpg",600,360,false],"1536x1536":["https:\/\/veritasinfo.org\/wp-content\/uploads\/2026\/03\/vucic-1.jpg",600,360,false],"2048x2048":["https:\/\/veritasinfo.org\/wp-content\/uploads\/2026\/03\/vucic-1.jpg",600,360,false],"kreeti-slider-full":["https:\/\/veritasinfo.org\/wp-content\/uploads\/2026\/03\/vucic-1.jpg",600,360,false],"kreeti-featured":["https:\/\/veritasinfo.org\/wp-content\/uploads\/2026\/03\/vucic-1.jpg",600,360,false],"kreeti-medium":["https:\/\/veritasinfo.org\/wp-content\/uploads\/2026\/03\/vucic-1.jpg",600,360,false],"kreeti-medium-square":["https:\/\/veritasinfo.org\/wp-content\/uploads\/2026\/03\/vucic-1.jpg",350,210,false]},"author_info":{"info":["US6"]},"category_info":"<a href=\"https:\/\/veritasinfo.org\/?cat=58\" rel=\"category\">Politik\u00eb<\/a>","tag_info":"Politik\u00eb","comment_count":"0","_links":{"self":[{"href":"https:\/\/veritasinfo.org\/index.php?rest_route=\/wp\/v2\/posts\/37266","targetHints":{"allow":["GET"]}}],"collection":[{"href":"https:\/\/veritasinfo.org\/index.php?rest_route=\/wp\/v2\/posts"}],"about":[{"href":"https:\/\/veritasinfo.org\/index.php?rest_route=\/wp\/v2\/types\/post"}],"author":[{"embeddable":true,"href":"https:\/\/veritasinfo.org\/index.php?rest_route=\/wp\/v2\/users\/7"}],"replies":[{"embeddable":true,"href":"https:\/\/veritasinfo.org\/index.php?rest_route=%2Fwp%2Fv2%2Fcomments&post=37266"}],"version-history":[{"count":1,"href":"https:\/\/veritasinfo.org\/index.php?rest_route=\/wp\/v2\/posts\/37266\/revisions"}],"predecessor-version":[{"id":37268,"href":"https:\/\/veritasinfo.org\/index.php?rest_route=\/wp\/v2\/posts\/37266\/revisions\/37268"}],"wp:featuredmedia":[{"embeddable":true,"href":"https:\/\/veritasinfo.org\/index.php?rest_route=\/wp\/v2\/media\/37267"}],"wp:attachment":[{"href":"https:\/\/veritasinfo.org\/index.php?rest_route=%2Fwp%2Fv2%2Fmedia&parent=37266"}],"wp:term":[{"taxonomy":"category","embeddable":true,"href":"https:\/\/veritasinfo.org\/index.php?rest_route=%2Fwp%2Fv2%2Fcategories&post=37266"},{"taxonomy":"post_tag","embeddable":true,"href":"https:\/\/veritasinfo.org\/index.php?rest_route=%2Fwp%2Fv2%2Ftags&post=37266"}],"curies":[{"name":"wp","href":"https:\/\/api.w.org\/{rel}","templated":true}]}}