{"id":37228,"date":"2026-03-12T08:09:46","date_gmt":"2026-03-12T07:09:46","guid":{"rendered":"https:\/\/veritasinfo.org\/?p=37228"},"modified":"2026-03-12T08:09:46","modified_gmt":"2026-03-12T07:09:46","slug":"gjykata-kushtetuese-ne-maqedoni-slejon-shqipen-ne-mesazhet-per-gjoba-ne-trafik","status":"publish","type":"post","link":"https:\/\/veritasinfo.org\/?p=37228","title":{"rendered":"Gjykata Kushtetuese n\u00eb Maqedoni s\u2019lejon shqipen n\u00eb mesazhet p\u00ebr gjoba n\u00eb trafik"},"content":{"rendered":"<p>Prishtin\u00eb 12 Mars 2026 8:09<\/p>\n<p>Gjykata Kushtetuese e Maqedonis\u00eb s\u00eb Veriut ka marr\u00eb vendim q\u00eb t\u2019i hedhin posht\u00eb t\u00eb gjitha nismat p\u00ebr kontestimin e sistemit \u201cSafe City\u201d. Kjo do t\u00eb thot\u00eb se sistemi mbetet n\u00eb fuqi.<\/p>\n<p>N\u00eb Kushtetuese u ngrit\u00ebn kat\u00ebr nisma q\u00eb kontestojn\u00eb ligjshm\u00ebrin\u00eb e sistemit n\u00eb fjal\u00eb, nj\u00eb nga Aleanca p\u00ebr Shqiptar\u00ebt-Taravari, nj\u00eb tjet\u00ebr nga Aleanca p\u00ebr Shqiptar\u00ebt-Sela dhe nj\u00eb nism\u00eb tjet\u00ebr nga Ylli Pa\u00e7uku, si student i Fakultetit Juridik, q\u00eb mb\u00ebshtetej nga BDI, raporton tv21.<\/p>\n<p>Gjykata Kushtetuese e vendit i refuzoi iniciativat e deputet\u00ebve Ziadin Sela, si dhe at\u00eb t\u00eb Arben Taravarit, t\u00eb cilat kishin t\u00eb b\u00ebnin me Ligjin p\u00ebr kund\u00ebrvajtje n\u00eb komunikacion, i njohur si \u201cSafe City\u201d.<\/p>\n<p>N\u00eb iniciativat thuhej se zgjidhjet e reja p\u00ebr evidentimin elektronik t\u00eb kund\u00ebrvajtjeve n\u00eb komunikacion krijojn\u00eb pabarazi, pasi sistemi zbatohet vet\u00ebm n\u00eb Shkup, Tetov\u00eb dhe Kumanov\u00eb, si dhe se mesazhet q\u00eb pranohen n\u00eb rast t\u00eb kund\u00ebrvajtjeve n\u00eb komunikacion duhet t\u00eb jen\u00eb edhe n\u00eb gjuh\u00ebn shqipe.<\/p>\n<p>Gjykat\u00ebsi Naser Ajdari tha se duhet t\u00eb shqyrtohet kushtetutshm\u00ebria dhe t\u2019i rekomandohet Kuvendit q\u00eb t\u00eb b\u00ebj\u00eb ndryshimet e nevojshme n\u00eb Ligjin p\u00ebr kund\u00ebrvajtje.<\/p>\n<p>Me q\u00ebndrim t\u00eb kund\u00ebrt ishte gjyqtarja raportuese Ana Pavllovska-Daneva, e cila tha se n\u00eb vet\u00eb ligjin \u00ebsht\u00eb e p\u00ebrcaktuar mir\u00eb n\u00eb cilat raste zbatohet Ligji p\u00ebr p\u00ebrdorimin e gjuh\u00ebve dhe se nuk ka nevoj\u00eb t\u00eb hapet procedur\u00eb p\u00ebr shqyrtimin e kushtetutshm\u00ebris\u00eb, nd\u00ebrsa me q\u00ebndrim t\u00eb ngjash\u00ebm ishte edhe kryetari i Gjykat\u00ebs Kushtetuese, Darko Kostadinovski.<\/p>\n<p>Ndaj k\u00ebtij vendimi ka reaguar Bashkimi Demokratik p\u00ebr Integrim, duke k\u00ebrkuar dor\u00ebheqjen e menj\u00ebhershme t\u00eb kryetarit t\u00eb Gjykata Kushtetuese e Maqedonis\u00eb s\u00eb Veriut, Darko Kostadinovski.<\/p>\n<p>Nga BDI vler\u00ebsojn\u00eb se deklaratat e fundit t\u00eb Kostadinovskit lidhur me projektin \u201cSafe City\u201d, sipas t\u00eb cilave porosit\u00eb SMS duhet t\u00eb d\u00ebrgohen vet\u00ebm n\u00eb gjuh\u00ebn maqedonase, p\u00ebrb\u00ebjn\u00eb diskriminim t\u00eb hapur dhe shkelje t\u00eb frym\u00ebs s\u00eb Kushtetut\u00ebs.<\/p>\n<p>Sipas k\u00ebsaj partie, me q\u00ebndrimet e tij dhe me vendimet e marra gjat\u00eb dy viteve t\u00eb fundit, Gjykata Kushtetuese \u00ebsht\u00eb shnd\u00ebrruar n\u00eb nj\u00eb mjet politik q\u00eb, sipas tyre, synon t\u00eb minoj\u00eb arritjet q\u00eb burojn\u00eb nga Marr\u00ebveshja e Ohrit.<\/p>\n<p>\u201cDeklaratat p\u00ebr \u2018Safe City\u2019, sipas t\u00eb cilave porosit\u00eb SMS duhet t\u00eb d\u00ebrgohen vet\u00ebm n\u00eb maqedonisht, nd\u00ebrkoh\u00eb q\u00eb mund t\u00eb d\u00ebrgohen edhe n\u00eb anglisht por jo n\u00eb shqip, p\u00ebrb\u00ebjn\u00eb nj\u00eb akt t\u00eb hapur diskriminimi dhe nj\u00eb shkelje t\u00eb r\u00ebnd\u00eb t\u00eb Kushtetut\u00ebs\u201d, thuhet n\u00eb reagimin e BDI-s\u00eb.<\/p>\n<p>Nga kjo parti theksojn\u00eb gjithashtu se gjat\u00eb vendimmarrjeve n\u00eb Gjykat\u00ebn Kushtetuese, dy gjyqtar\u00ebt shqiptar\u00eb dhe nj\u00eb gjyqtar turk jan\u00eb mbivotuar, duke shtuar se kjo rikthen praktika q\u00eb, sipas tyre, kujtojn\u00eb periudh\u00ebn e viteve t\u00eb n\u00ebnt\u00ebdhjeta.<\/p>\n<p>BDI k\u00ebrkon dor\u00ebheqjen e menj\u00ebhershme t\u00eb Kostadinovskit dhe t\u00eb \u00e7do gjyqtari q\u00eb, sipas tyre, ka mb\u00ebshtetur q\u00ebndrime diskriminuese gjat\u00eb dy viteve t\u00eb fundit. N\u00eb t\u00eb kund\u00ebrt\u00ebn, partia paralajm\u00ebron se ai do t\u00eb mbaj\u00eb p\u00ebrgjegj\u00ebsi p\u00ebr pasojat q\u00eb mund t\u00eb ndikojn\u00eb n\u00eb marr\u00ebdh\u00ebniet nd\u00ebretnike n\u00eb vend.<\/p>\n<p>N\u00eb reagim, BDI ka akuzuar edhe koalicionin VLEN, duke e cil\u00ebsuar si bashk\u00ebp\u00ebrgjegj\u00ebs p\u00ebr veprimet e Gjykat\u00ebs Kushtetuese dhe duke th\u00ebn\u00eb se p\u00ebr k\u00ebt\u00eb \u00e7\u00ebshtje nuk ka reaguar.<\/p>\n","protected":false},"excerpt":{"rendered":"<p>Prishtin\u00eb 12 Mars 2026 8:09 Gjykata Kushtetuese e Maqedonis\u00eb s\u00eb Veriut ka marr\u00eb vendim q\u00eb t\u2019i hedhin posht\u00eb t\u00eb gjitha nismat p\u00ebr kontestimin e sistemit<\/p>\n","protected":false},"author":6,"featured_media":37229,"comment_status":"open","ping_status":"open","sticky":false,"template":"","format":"standard","meta":{"footnotes":""},"categories":[60],"tags":[],"class_list":["post-37228","post","type-post","status-publish","format-standard","has-post-thumbnail","hentry","category-shoqerore-sq"],"yoast_head":"<!-- This site is optimized with the Yoast SEO plugin v25.3.1 - https:\/\/yoast.com\/wordpress\/plugins\/seo\/ -->\n<title>Gjykata Kushtetuese n\u00eb Maqedoni s\u2019lejon shqipen n\u00eb mesazhet p\u00ebr gjoba n\u00eb trafik -<\/title>\n<meta name=\"robots\" content=\"index, follow, max-snippet:-1, max-image-preview:large, max-video-preview:-1\" \/>\n<link rel=\"canonical\" href=\"https:\/\/veritasinfo.org\/?p=37228\" \/>\n<meta property=\"og:locale\" content=\"en_US\" \/>\n<meta property=\"og:type\" content=\"article\" \/>\n<meta property=\"og:title\" content=\"Gjykata Kushtetuese n\u00eb Maqedoni s\u2019lejon shqipen n\u00eb mesazhet p\u00ebr gjoba n\u00eb trafik -\" \/>\n<meta property=\"og:description\" content=\"Prishtin\u00eb 12 Mars 2026 8:09 Gjykata Kushtetuese e Maqedonis\u00eb s\u00eb Veriut ka marr\u00eb vendim q\u00eb t\u2019i hedhin posht\u00eb t\u00eb gjitha nismat p\u00ebr kontestimin e sistemit\" \/>\n<meta property=\"og:url\" content=\"https:\/\/veritasinfo.org\/?p=37228\" \/>\n<meta property=\"article:published_time\" content=\"2026-03-12T07:09:46+00:00\" \/>\n<meta property=\"og:image\" content=\"https:\/\/veritasinfo.org\/wp-content\/uploads\/2026\/03\/gjykata-kushtetuese-maqedoni.jpg\" \/>\n\t<meta property=\"og:image:width\" content=\"736\" \/>\n\t<meta property=\"og:image:height\" content=\"411\" \/>\n\t<meta property=\"og:image:type\" content=\"image\/jpeg\" \/>\n<meta name=\"author\" content=\"US5\" \/>\n<meta name=\"twitter:card\" content=\"summary_large_image\" \/>\n<meta name=\"twitter:label1\" content=\"Written by\" \/>\n\t<meta name=\"twitter:data1\" content=\"US5\" \/>\n<script type=\"application\/ld+json\" class=\"yoast-schema-graph\">{\"@context\":\"https:\/\/schema.org\",\"@graph\":[{\"@type\":\"WebPage\",\"@id\":\"https:\/\/veritasinfo.org\/?p=37228\",\"url\":\"https:\/\/veritasinfo.org\/?p=37228\",\"name\":\"Gjykata Kushtetuese n\u00eb Maqedoni s\u2019lejon shqipen n\u00eb mesazhet p\u00ebr gjoba n\u00eb trafik -\",\"isPartOf\":{\"@id\":\"https:\/\/veritasinfo.org\/#website\"},\"primaryImageOfPage\":{\"@id\":\"https:\/\/veritasinfo.org\/?p=37228#primaryimage\"},\"image\":{\"@id\":\"https:\/\/veritasinfo.org\/?p=37228#primaryimage\"},\"thumbnailUrl\":\"https:\/\/veritasinfo.org\/wp-content\/uploads\/2026\/03\/gjykata-kushtetuese-maqedoni.jpg\",\"datePublished\":\"2026-03-12T07:09:46+00:00\",\"author\":{\"@id\":\"https:\/\/veritasinfo.org\/#\/schema\/person\/bc442336e35414d04494ab8fb45db4c6\"},\"breadcrumb\":{\"@id\":\"https:\/\/veritasinfo.org\/?p=37228#breadcrumb\"},\"inLanguage\":\"en-US\",\"potentialAction\":[{\"@type\":\"ReadAction\",\"target\":[\"https:\/\/veritasinfo.org\/?p=37228\"]}]},{\"@type\":\"ImageObject\",\"inLanguage\":\"en-US\",\"@id\":\"https:\/\/veritasinfo.org\/?p=37228#primaryimage\",\"url\":\"https:\/\/veritasinfo.org\/wp-content\/uploads\/2026\/03\/gjykata-kushtetuese-maqedoni.jpg\",\"contentUrl\":\"https:\/\/veritasinfo.org\/wp-content\/uploads\/2026\/03\/gjykata-kushtetuese-maqedoni.jpg\",\"width\":736,\"height\":411},{\"@type\":\"BreadcrumbList\",\"@id\":\"https:\/\/veritasinfo.org\/?p=37228#breadcrumb\",\"itemListElement\":[{\"@type\":\"ListItem\",\"position\":1,\"name\":\"Home\",\"item\":\"https:\/\/veritasinfo.org\/\"},{\"@type\":\"ListItem\",\"position\":2,\"name\":\"Gjykata Kushtetuese n\u00eb Maqedoni s\u2019lejon shqipen n\u00eb mesazhet p\u00ebr gjoba n\u00eb trafik\"}]},{\"@type\":\"WebSite\",\"@id\":\"https:\/\/veritasinfo.org\/#website\",\"url\":\"https:\/\/veritasinfo.org\/\",\"name\":\"\",\"description\":\"\",\"potentialAction\":[{\"@type\":\"SearchAction\",\"target\":{\"@type\":\"EntryPoint\",\"urlTemplate\":\"https:\/\/veritasinfo.org\/?s={search_term_string}\"},\"query-input\":{\"@type\":\"PropertyValueSpecification\",\"valueRequired\":true,\"valueName\":\"search_term_string\"}}],\"inLanguage\":\"en-US\"},{\"@type\":\"Person\",\"@id\":\"https:\/\/veritasinfo.org\/#\/schema\/person\/bc442336e35414d04494ab8fb45db4c6\",\"name\":\"US5\",\"image\":{\"@type\":\"ImageObject\",\"inLanguage\":\"en-US\",\"@id\":\"https:\/\/veritasinfo.org\/#\/schema\/person\/image\/\",\"url\":\"https:\/\/secure.gravatar.com\/avatar\/16a61e7272a0c5d001121ebb9e60e925d5816e4ac1e443ed3e640d9a6ae55d0c?s=96&d=mm&r=g\",\"contentUrl\":\"https:\/\/secure.gravatar.com\/avatar\/16a61e7272a0c5d001121ebb9e60e925d5816e4ac1e443ed3e640d9a6ae55d0c?s=96&d=mm&r=g\",\"caption\":\"US5\"},\"url\":\"https:\/\/veritasinfo.org\/?author=6\"}]}<\/script>\n<!-- \/ Yoast SEO plugin. -->","yoast_head_json":{"title":"Gjykata Kushtetuese n\u00eb Maqedoni s\u2019lejon shqipen n\u00eb mesazhet p\u00ebr gjoba n\u00eb trafik -","robots":{"index":"index","follow":"follow","max-snippet":"max-snippet:-1","max-image-preview":"max-image-preview:large","max-video-preview":"max-video-preview:-1"},"canonical":"https:\/\/veritasinfo.org\/?p=37228","og_locale":"en_US","og_type":"article","og_title":"Gjykata Kushtetuese n\u00eb Maqedoni s\u2019lejon shqipen n\u00eb mesazhet p\u00ebr gjoba n\u00eb trafik -","og_description":"Prishtin\u00eb 12 Mars 2026 8:09 Gjykata Kushtetuese e Maqedonis\u00eb s\u00eb Veriut ka marr\u00eb vendim q\u00eb t\u2019i hedhin posht\u00eb t\u00eb gjitha nismat p\u00ebr kontestimin e sistemit","og_url":"https:\/\/veritasinfo.org\/?p=37228","article_published_time":"2026-03-12T07:09:46+00:00","og_image":[{"width":736,"height":411,"url":"https:\/\/veritasinfo.org\/wp-content\/uploads\/2026\/03\/gjykata-kushtetuese-maqedoni.jpg","type":"image\/jpeg"}],"author":"US5","twitter_card":"summary_large_image","twitter_misc":{"Written by":"US5"},"schema":{"@context":"https:\/\/schema.org","@graph":[{"@type":"WebPage","@id":"https:\/\/veritasinfo.org\/?p=37228","url":"https:\/\/veritasinfo.org\/?p=37228","name":"Gjykata Kushtetuese n\u00eb Maqedoni s\u2019lejon shqipen n\u00eb mesazhet p\u00ebr gjoba n\u00eb trafik -","isPartOf":{"@id":"https:\/\/veritasinfo.org\/#website"},"primaryImageOfPage":{"@id":"https:\/\/veritasinfo.org\/?p=37228#primaryimage"},"image":{"@id":"https:\/\/veritasinfo.org\/?p=37228#primaryimage"},"thumbnailUrl":"https:\/\/veritasinfo.org\/wp-content\/uploads\/2026\/03\/gjykata-kushtetuese-maqedoni.jpg","datePublished":"2026-03-12T07:09:46+00:00","author":{"@id":"https:\/\/veritasinfo.org\/#\/schema\/person\/bc442336e35414d04494ab8fb45db4c6"},"breadcrumb":{"@id":"https:\/\/veritasinfo.org\/?p=37228#breadcrumb"},"inLanguage":"en-US","potentialAction":[{"@type":"ReadAction","target":["https:\/\/veritasinfo.org\/?p=37228"]}]},{"@type":"ImageObject","inLanguage":"en-US","@id":"https:\/\/veritasinfo.org\/?p=37228#primaryimage","url":"https:\/\/veritasinfo.org\/wp-content\/uploads\/2026\/03\/gjykata-kushtetuese-maqedoni.jpg","contentUrl":"https:\/\/veritasinfo.org\/wp-content\/uploads\/2026\/03\/gjykata-kushtetuese-maqedoni.jpg","width":736,"height":411},{"@type":"BreadcrumbList","@id":"https:\/\/veritasinfo.org\/?p=37228#breadcrumb","itemListElement":[{"@type":"ListItem","position":1,"name":"Home","item":"https:\/\/veritasinfo.org\/"},{"@type":"ListItem","position":2,"name":"Gjykata Kushtetuese n\u00eb Maqedoni s\u2019lejon shqipen n\u00eb mesazhet p\u00ebr gjoba n\u00eb trafik"}]},{"@type":"WebSite","@id":"https:\/\/veritasinfo.org\/#website","url":"https:\/\/veritasinfo.org\/","name":"","description":"","potentialAction":[{"@type":"SearchAction","target":{"@type":"EntryPoint","urlTemplate":"https:\/\/veritasinfo.org\/?s={search_term_string}"},"query-input":{"@type":"PropertyValueSpecification","valueRequired":true,"valueName":"search_term_string"}}],"inLanguage":"en-US"},{"@type":"Person","@id":"https:\/\/veritasinfo.org\/#\/schema\/person\/bc442336e35414d04494ab8fb45db4c6","name":"US5","image":{"@type":"ImageObject","inLanguage":"en-US","@id":"https:\/\/veritasinfo.org\/#\/schema\/person\/image\/","url":"https:\/\/secure.gravatar.com\/avatar\/16a61e7272a0c5d001121ebb9e60e925d5816e4ac1e443ed3e640d9a6ae55d0c?s=96&d=mm&r=g","contentUrl":"https:\/\/secure.gravatar.com\/avatar\/16a61e7272a0c5d001121ebb9e60e925d5816e4ac1e443ed3e640d9a6ae55d0c?s=96&d=mm&r=g","caption":"US5"},"url":"https:\/\/veritasinfo.org\/?author=6"}]}},"featured_image_urls":{"full":["https:\/\/veritasinfo.org\/wp-content\/uploads\/2026\/03\/gjykata-kushtetuese-maqedoni.jpg",736,411,false],"thumbnail":["https:\/\/veritasinfo.org\/wp-content\/uploads\/2026\/03\/gjykata-kushtetuese-maqedoni-150x150.jpg",150,150,true],"medium":["https:\/\/veritasinfo.org\/wp-content\/uploads\/2026\/03\/gjykata-kushtetuese-maqedoni-300x168.jpg",300,168,true],"medium_large":["https:\/\/veritasinfo.org\/wp-content\/uploads\/2026\/03\/gjykata-kushtetuese-maqedoni.jpg",640,357,false],"large":["https:\/\/veritasinfo.org\/wp-content\/uploads\/2026\/03\/gjykata-kushtetuese-maqedoni.jpg",640,357,false],"1536x1536":["https:\/\/veritasinfo.org\/wp-content\/uploads\/2026\/03\/gjykata-kushtetuese-maqedoni.jpg",736,411,false],"2048x2048":["https:\/\/veritasinfo.org\/wp-content\/uploads\/2026\/03\/gjykata-kushtetuese-maqedoni.jpg",736,411,false],"kreeti-slider-full":["https:\/\/veritasinfo.org\/wp-content\/uploads\/2026\/03\/gjykata-kushtetuese-maqedoni.jpg",736,411,false],"kreeti-featured":["https:\/\/veritasinfo.org\/wp-content\/uploads\/2026\/03\/gjykata-kushtetuese-maqedoni.jpg",736,411,false],"kreeti-medium":["https:\/\/veritasinfo.org\/wp-content\/uploads\/2026\/03\/gjykata-kushtetuese-maqedoni.jpg",720,402,false],"kreeti-medium-square":["https:\/\/veritasinfo.org\/wp-content\/uploads\/2026\/03\/gjykata-kushtetuese-maqedoni.jpg",350,195,false]},"author_info":{"info":["US5"]},"category_info":"<a href=\"https:\/\/veritasinfo.org\/?cat=60\" rel=\"category\">Shoq\u00ebrore<\/a>","tag_info":"Shoq\u00ebrore","comment_count":"0","_links":{"self":[{"href":"https:\/\/veritasinfo.org\/index.php?rest_route=\/wp\/v2\/posts\/37228","targetHints":{"allow":["GET"]}}],"collection":[{"href":"https:\/\/veritasinfo.org\/index.php?rest_route=\/wp\/v2\/posts"}],"about":[{"href":"https:\/\/veritasinfo.org\/index.php?rest_route=\/wp\/v2\/types\/post"}],"author":[{"embeddable":true,"href":"https:\/\/veritasinfo.org\/index.php?rest_route=\/wp\/v2\/users\/6"}],"replies":[{"embeddable":true,"href":"https:\/\/veritasinfo.org\/index.php?rest_route=%2Fwp%2Fv2%2Fcomments&post=37228"}],"version-history":[{"count":1,"href":"https:\/\/veritasinfo.org\/index.php?rest_route=\/wp\/v2\/posts\/37228\/revisions"}],"predecessor-version":[{"id":37230,"href":"https:\/\/veritasinfo.org\/index.php?rest_route=\/wp\/v2\/posts\/37228\/revisions\/37230"}],"wp:featuredmedia":[{"embeddable":true,"href":"https:\/\/veritasinfo.org\/index.php?rest_route=\/wp\/v2\/media\/37229"}],"wp:attachment":[{"href":"https:\/\/veritasinfo.org\/index.php?rest_route=%2Fwp%2Fv2%2Fmedia&parent=37228"}],"wp:term":[{"taxonomy":"category","embeddable":true,"href":"https:\/\/veritasinfo.org\/index.php?rest_route=%2Fwp%2Fv2%2Fcategories&post=37228"},{"taxonomy":"post_tag","embeddable":true,"href":"https:\/\/veritasinfo.org\/index.php?rest_route=%2Fwp%2Fv2%2Ftags&post=37228"}],"curies":[{"name":"wp","href":"https:\/\/api.w.org\/{rel}","templated":true}]}}