{"id":372,"date":"2025-06-12T06:08:20","date_gmt":"2025-06-12T06:08:20","guid":{"rendered":"https:\/\/veritasinfo.org\/?p=372"},"modified":"2025-06-12T06:08:20","modified_gmt":"2025-06-12T06:08:20","slug":"lokalni-izbori-na-kosovu-hoce-li-postojati-alternativa-srpskoj-listi","status":"publish","type":"post","link":"https:\/\/veritasinfo.org\/?p=372&lang=sr","title":{"rendered":"Lokalni Izbori na Kosovu: Hoc\u0301e li postojati alternativa Srpskoj listi?"},"content":{"rendered":"<p><strong>Severna Mitrovica. 12 Jun 2025<\/strong><\/p>\n<p>Marinkovic\u0301, iz Centra za dru\u0161tvenu afirmaciju, ka\u017ee da se politika bojkota Srpske liste pokazala \u201edestruktivnom za interese srpske zajednice\u201c, nazivajuc\u0301i je \u201eneoprostivom \u0161tetom\u201c.<\/p>\n<p>Prema njegovoj proceni, sada\u0161nje lokalne vlasti u veri, predvo\u0111ene albanskim liderima, nanele su mnogo \u0161tete ljudima u zajednici i interesima naroda.<\/p>\n<p>On ka\u017ee da c\u0301e njihov odlazak biti \u201eveliko olak\u0161anje\u201c.<\/p>\n<p>\u201eKo to smatra, odre\u0111uje politi\u010dku klimu u ovom trenutku\u201c, ka\u017ee Marinkovic\u0301.<\/p>\n<p>\u010cak se i za Milic\u0301evic\u0301a, iz organizacije Aktiv, ka\u017ee da je u poslednje tri godine bojkotovao kosovske institucije, koje je pokrenula Srpska lista, \u0161to je izazvalo niz problema i potpunu promenu dru\u0161tveno-politi\u010dke situacije.<\/p>\n<p>\u201ePolitika bojkota nije bila samo uspe\u0161na, vec\u0301 je bila i razarajuc\u0301a za \u010detiri op\u0161tine na severu Kosova\u201c, prema re\u010dima Mili\u010devic\u0301a.<\/p>\n<p>Hoc\u0301e li postojati alternativa Srpskoj listi?<\/p>\n<p>Mili\u010devic\u0301 \u017eeli da Srpska lista aktivnije u\u010destvuje na predstojec\u0301im lokalnim izborima, dok Marinkovic\u0301 \u017eeli da politi\u010dki pluralizam donese i na lokalni nivo.<\/p>\n<p>Marinkovic\u0301 je pohvalio razli\u010dite politi\u010dke subjekte koji predstavljaju srpsku zajednicu dok ne uspeju da u\u0111u u lokalnu skup\u0161tinu, ali, prema njegovim re\u010dima, malo je verovatno da c\u0301e osvojiti vlast jer je \u201euticaj Srpske liste i dalje veliki\u201c, zbog podr\u0161ke Beograda.<\/p>\n<p>\u201eSve dok se nije desilo ono \u0161to se desilo na parlamentarnim izborima: ljudi c\u0301e glasati za Srpsku listu u vec\u0301ini, zbog vrlina ili odgovornosti njene politike, ali, jednostavno, misle da glasaju da bi o\u010duvali vezu sa Srbijom. To je svojevrsni paradoks, jer nijedna politi\u010dka grupa, ma koliko mala, nije nanela vec\u0301u \u0161tetu, niti uni\u0161tila institucionalnu vezu Srba sa Kosovom i Srbijom, \u010dak ni Srpska lista i njeni &#8216;branioci&#8217;.\u201c \u201ePolitika SNS-a [Srpske napredne stranke]\u201c, ka\u017ee Marinkovic\u0301.<\/p>\n<p>\u201eMoc\u0301 manipulacije medijima i narodom je toliko velika, jer je za otpor ovom pritisku potrebna samo politi\u010dka svest i intelektualni potencijal, kao i ekonomski problemi, koje, na\u017ealost, vec\u0301ina Srba na Kosovu van Beograda nema\u201c, rekao je on.<\/p>\n<p>Mili\u010devic\u0301 o\u010dekuje da c\u0301e, u tom periodu i dalje, biti bezbednosnih i politi\u010dkih ve\u0161tina.<\/p>\n<p>A ka\u017ee se da je potrebno dobro se provesti, da bi se sve moglo.<\/p>\n<p>\u201eOvo se odnosi na politi\u010dke opcije koje c\u0301e dobiti zamah u narednim nedeljama. Nismo svedoci straha od zabrinutosti prethodnog izbornog ciklusa. U tekuc\u0301em izbornom ciklusu nema mesta za puste \u017eelje. Mora se stvoriti povoljna klima za u\u010de\u0161c\u0301e bira\u010dkog tela \u2013 bez obzira da li su to aktivne politi\u010dke opcije ili bira\u010dko telo\u201c, ka\u017ee Milic\u0301evic\u0301.<\/p>\n<p>Posmatra\u010di Misije Evropske unije na Kosovu zabele\u017eili su nekoliko inovacija srpske liste \u201ekoje su monopolizovale politi\u010dki \u017eivot me\u0111u kosovskim Srbima\u201c i zabele\u017eili su nekoliko inovacija i pritisaka na bira\u010de od strane kandidata i aktivista srpske liste.<\/p>\n","protected":false},"excerpt":{"rendered":"<p>Severna Mitrovica. 12 Jun 2025 Marinkovic\u0301, iz Centra za dru\u0161tvenu afirmaciju, ka\u017ee da se politika bojkota Srpske liste pokazala \u201edestruktivnom za interese srpske zajednice\u201c, nazivajuc\u0301i<\/p>\n","protected":false},"author":2,"featured_media":373,"comment_status":"open","ping_status":"open","sticky":false,"template":"","format":"standard","meta":{"footnotes":""},"categories":[28],"tags":[],"class_list":["post-372","post","type-post","status-publish","format-standard","has-post-thumbnail","hentry","category-politika"],"yoast_head":"<!-- This site is optimized with the Yoast SEO plugin v25.3.1 - https:\/\/yoast.com\/wordpress\/plugins\/seo\/ -->\n<title>Lokalni Izbori na Kosovu: Hoc\u0301e li postojati alternativa Srpskoj listi? -<\/title>\n<meta name=\"robots\" content=\"index, follow, max-snippet:-1, max-image-preview:large, max-video-preview:-1\" \/>\n<link rel=\"canonical\" href=\"https:\/\/veritasinfo.org\/?p=372&lang=sr\" \/>\n<meta property=\"og:locale\" content=\"en_US\" \/>\n<meta property=\"og:type\" content=\"article\" \/>\n<meta property=\"og:title\" content=\"Lokalni Izbori na Kosovu: Hoc\u0301e li postojati alternativa Srpskoj listi? -\" \/>\n<meta property=\"og:description\" content=\"Severna Mitrovica. 12 Jun 2025 Marinkovic\u0301, iz Centra za dru\u0161tvenu afirmaciju, ka\u017ee da se politika bojkota Srpske liste pokazala \u201edestruktivnom za interese srpske zajednice\u201c, nazivajuc\u0301i\" \/>\n<meta property=\"og:url\" content=\"https:\/\/veritasinfo.org\/?p=372&amp;lang=sr\" \/>\n<meta property=\"article:published_time\" content=\"2025-06-12T06:08:20+00:00\" \/>\n<meta property=\"og:image\" content=\"https:\/\/veritasinfo.org\/wp-content\/uploads\/2025\/06\/zgjedhjet-ne-veri.jpg\" \/>\n\t<meta property=\"og:image:width\" content=\"780\" \/>\n\t<meta property=\"og:image:height\" content=\"439\" \/>\n\t<meta property=\"og:image:type\" content=\"image\/jpeg\" \/>\n<meta name=\"author\" content=\"US1\" \/>\n<meta name=\"twitter:card\" content=\"summary_large_image\" \/>\n<meta name=\"twitter:label1\" content=\"Written by\" \/>\n\t<meta name=\"twitter:data1\" content=\"US1\" \/>\n\t<meta name=\"twitter:label2\" content=\"Est. reading time\" \/>\n\t<meta name=\"twitter:data2\" content=\"3 minutes\" \/>\n<script type=\"application\/ld+json\" class=\"yoast-schema-graph\">{\"@context\":\"https:\/\/schema.org\",\"@graph\":[{\"@type\":\"WebPage\",\"@id\":\"https:\/\/veritasinfo.org\/?p=372&lang=sr\",\"url\":\"https:\/\/veritasinfo.org\/?p=372&lang=sr\",\"name\":\"Lokalni Izbori na Kosovu: Hoc\u0301e li postojati alternativa Srpskoj listi? -\",\"isPartOf\":{\"@id\":\"https:\/\/veritasinfo.org\/#website\"},\"primaryImageOfPage\":{\"@id\":\"https:\/\/veritasinfo.org\/?p=372&lang=sr#primaryimage\"},\"image\":{\"@id\":\"https:\/\/veritasinfo.org\/?p=372&lang=sr#primaryimage\"},\"thumbnailUrl\":\"https:\/\/veritasinfo.org\/wp-content\/uploads\/2025\/06\/zgjedhjet-ne-veri.jpg\",\"datePublished\":\"2025-06-12T06:08:20+00:00\",\"author\":{\"@id\":\"https:\/\/veritasinfo.org\/#\/schema\/person\/c2b8be262ea994d0995addca692c5e98\"},\"breadcrumb\":{\"@id\":\"https:\/\/veritasinfo.org\/?p=372&lang=sr#breadcrumb\"},\"inLanguage\":\"en-US\",\"potentialAction\":[{\"@type\":\"ReadAction\",\"target\":[\"https:\/\/veritasinfo.org\/?p=372&lang=sr\"]}]},{\"@type\":\"ImageObject\",\"inLanguage\":\"en-US\",\"@id\":\"https:\/\/veritasinfo.org\/?p=372&lang=sr#primaryimage\",\"url\":\"https:\/\/veritasinfo.org\/wp-content\/uploads\/2025\/06\/zgjedhjet-ne-veri.jpg\",\"contentUrl\":\"https:\/\/veritasinfo.org\/wp-content\/uploads\/2025\/06\/zgjedhjet-ne-veri.jpg\",\"width\":780,\"height\":439},{\"@type\":\"BreadcrumbList\",\"@id\":\"https:\/\/veritasinfo.org\/?p=372&lang=sr#breadcrumb\",\"itemListElement\":[{\"@type\":\"ListItem\",\"position\":1,\"name\":\"Home\",\"item\":\"https:\/\/veritasinfo.org\/\"},{\"@type\":\"ListItem\",\"position\":2,\"name\":\"Lokalni Izbori na Kosovu: Hoc\u0301e li postojati alternativa Srpskoj listi?\"}]},{\"@type\":\"WebSite\",\"@id\":\"https:\/\/veritasinfo.org\/#website\",\"url\":\"https:\/\/veritasinfo.org\/\",\"name\":\"\",\"description\":\"\",\"potentialAction\":[{\"@type\":\"SearchAction\",\"target\":{\"@type\":\"EntryPoint\",\"urlTemplate\":\"https:\/\/veritasinfo.org\/?s={search_term_string}\"},\"query-input\":{\"@type\":\"PropertyValueSpecification\",\"valueRequired\":true,\"valueName\":\"search_term_string\"}}],\"inLanguage\":\"en-US\"},{\"@type\":\"Person\",\"@id\":\"https:\/\/veritasinfo.org\/#\/schema\/person\/c2b8be262ea994d0995addca692c5e98\",\"name\":\"US1\",\"image\":{\"@type\":\"ImageObject\",\"inLanguage\":\"en-US\",\"@id\":\"https:\/\/veritasinfo.org\/#\/schema\/person\/image\/\",\"url\":\"https:\/\/secure.gravatar.com\/avatar\/4e96a59bd256abf9956eb9963ac891a47461ffb364d47b0e9aab113328fdb75b?s=96&d=mm&r=g\",\"contentUrl\":\"https:\/\/secure.gravatar.com\/avatar\/4e96a59bd256abf9956eb9963ac891a47461ffb364d47b0e9aab113328fdb75b?s=96&d=mm&r=g\",\"caption\":\"US1\"},\"url\":\"https:\/\/veritasinfo.org\/?author=2\"}]}<\/script>\n<!-- \/ Yoast SEO plugin. -->","yoast_head_json":{"title":"Lokalni Izbori na Kosovu: Hoc\u0301e li postojati alternativa Srpskoj listi? -","robots":{"index":"index","follow":"follow","max-snippet":"max-snippet:-1","max-image-preview":"max-image-preview:large","max-video-preview":"max-video-preview:-1"},"canonical":"https:\/\/veritasinfo.org\/?p=372&lang=sr","og_locale":"en_US","og_type":"article","og_title":"Lokalni Izbori na Kosovu: Hoc\u0301e li postojati alternativa Srpskoj listi? -","og_description":"Severna Mitrovica. 12 Jun 2025 Marinkovic\u0301, iz Centra za dru\u0161tvenu afirmaciju, ka\u017ee da se politika bojkota Srpske liste pokazala \u201edestruktivnom za interese srpske zajednice\u201c, nazivajuc\u0301i","og_url":"https:\/\/veritasinfo.org\/?p=372&lang=sr","article_published_time":"2025-06-12T06:08:20+00:00","og_image":[{"width":780,"height":439,"url":"https:\/\/veritasinfo.org\/wp-content\/uploads\/2025\/06\/zgjedhjet-ne-veri.jpg","type":"image\/jpeg"}],"author":"US1","twitter_card":"summary_large_image","twitter_misc":{"Written by":"US1","Est. reading time":"3 minutes"},"schema":{"@context":"https:\/\/schema.org","@graph":[{"@type":"WebPage","@id":"https:\/\/veritasinfo.org\/?p=372&lang=sr","url":"https:\/\/veritasinfo.org\/?p=372&lang=sr","name":"Lokalni Izbori na Kosovu: Hoc\u0301e li postojati alternativa Srpskoj listi? -","isPartOf":{"@id":"https:\/\/veritasinfo.org\/#website"},"primaryImageOfPage":{"@id":"https:\/\/veritasinfo.org\/?p=372&lang=sr#primaryimage"},"image":{"@id":"https:\/\/veritasinfo.org\/?p=372&lang=sr#primaryimage"},"thumbnailUrl":"https:\/\/veritasinfo.org\/wp-content\/uploads\/2025\/06\/zgjedhjet-ne-veri.jpg","datePublished":"2025-06-12T06:08:20+00:00","author":{"@id":"https:\/\/veritasinfo.org\/#\/schema\/person\/c2b8be262ea994d0995addca692c5e98"},"breadcrumb":{"@id":"https:\/\/veritasinfo.org\/?p=372&lang=sr#breadcrumb"},"inLanguage":"en-US","potentialAction":[{"@type":"ReadAction","target":["https:\/\/veritasinfo.org\/?p=372&lang=sr"]}]},{"@type":"ImageObject","inLanguage":"en-US","@id":"https:\/\/veritasinfo.org\/?p=372&lang=sr#primaryimage","url":"https:\/\/veritasinfo.org\/wp-content\/uploads\/2025\/06\/zgjedhjet-ne-veri.jpg","contentUrl":"https:\/\/veritasinfo.org\/wp-content\/uploads\/2025\/06\/zgjedhjet-ne-veri.jpg","width":780,"height":439},{"@type":"BreadcrumbList","@id":"https:\/\/veritasinfo.org\/?p=372&lang=sr#breadcrumb","itemListElement":[{"@type":"ListItem","position":1,"name":"Home","item":"https:\/\/veritasinfo.org\/"},{"@type":"ListItem","position":2,"name":"Lokalni Izbori na Kosovu: Hoc\u0301e li postojati alternativa Srpskoj listi?"}]},{"@type":"WebSite","@id":"https:\/\/veritasinfo.org\/#website","url":"https:\/\/veritasinfo.org\/","name":"","description":"","potentialAction":[{"@type":"SearchAction","target":{"@type":"EntryPoint","urlTemplate":"https:\/\/veritasinfo.org\/?s={search_term_string}"},"query-input":{"@type":"PropertyValueSpecification","valueRequired":true,"valueName":"search_term_string"}}],"inLanguage":"en-US"},{"@type":"Person","@id":"https:\/\/veritasinfo.org\/#\/schema\/person\/c2b8be262ea994d0995addca692c5e98","name":"US1","image":{"@type":"ImageObject","inLanguage":"en-US","@id":"https:\/\/veritasinfo.org\/#\/schema\/person\/image\/","url":"https:\/\/secure.gravatar.com\/avatar\/4e96a59bd256abf9956eb9963ac891a47461ffb364d47b0e9aab113328fdb75b?s=96&d=mm&r=g","contentUrl":"https:\/\/secure.gravatar.com\/avatar\/4e96a59bd256abf9956eb9963ac891a47461ffb364d47b0e9aab113328fdb75b?s=96&d=mm&r=g","caption":"US1"},"url":"https:\/\/veritasinfo.org\/?author=2"}]}},"featured_image_urls":{"full":["https:\/\/veritasinfo.org\/wp-content\/uploads\/2025\/06\/zgjedhjet-ne-veri.jpg",780,439,false],"thumbnail":["https:\/\/veritasinfo.org\/wp-content\/uploads\/2025\/06\/zgjedhjet-ne-veri-150x150.jpg",150,150,true],"medium":["https:\/\/veritasinfo.org\/wp-content\/uploads\/2025\/06\/zgjedhjet-ne-veri-300x169.jpg",300,169,true],"medium_large":["https:\/\/veritasinfo.org\/wp-content\/uploads\/2025\/06\/zgjedhjet-ne-veri-768x432.jpg",640,360,true],"large":["https:\/\/veritasinfo.org\/wp-content\/uploads\/2025\/06\/zgjedhjet-ne-veri.jpg",640,360,false],"1536x1536":["https:\/\/veritasinfo.org\/wp-content\/uploads\/2025\/06\/zgjedhjet-ne-veri.jpg",780,439,false],"2048x2048":["https:\/\/veritasinfo.org\/wp-content\/uploads\/2025\/06\/zgjedhjet-ne-veri.jpg",780,439,false],"kreeti-slider-full":["https:\/\/veritasinfo.org\/wp-content\/uploads\/2025\/06\/zgjedhjet-ne-veri.jpg",780,439,false],"kreeti-featured":["https:\/\/veritasinfo.org\/wp-content\/uploads\/2025\/06\/zgjedhjet-ne-veri.jpg",780,439,false],"kreeti-medium":["https:\/\/veritasinfo.org\/wp-content\/uploads\/2025\/06\/zgjedhjet-ne-veri.jpg",720,405,false],"kreeti-medium-square":["https:\/\/veritasinfo.org\/wp-content\/uploads\/2025\/06\/zgjedhjet-ne-veri.jpg",350,197,false]},"author_info":{"info":["US1"]},"category_info":"<a href=\"https:\/\/veritasinfo.org\/?cat=28&#038;lang=sr\" rel=\"category\">Politika<\/a>","tag_info":"Politika","comment_count":"0","_links":{"self":[{"href":"https:\/\/veritasinfo.org\/index.php?rest_route=\/wp\/v2\/posts\/372","targetHints":{"allow":["GET"]}}],"collection":[{"href":"https:\/\/veritasinfo.org\/index.php?rest_route=\/wp\/v2\/posts"}],"about":[{"href":"https:\/\/veritasinfo.org\/index.php?rest_route=\/wp\/v2\/types\/post"}],"author":[{"embeddable":true,"href":"https:\/\/veritasinfo.org\/index.php?rest_route=\/wp\/v2\/users\/2"}],"replies":[{"embeddable":true,"href":"https:\/\/veritasinfo.org\/index.php?rest_route=%2Fwp%2Fv2%2Fcomments&post=372"}],"version-history":[{"count":1,"href":"https:\/\/veritasinfo.org\/index.php?rest_route=\/wp\/v2\/posts\/372\/revisions"}],"predecessor-version":[{"id":374,"href":"https:\/\/veritasinfo.org\/index.php?rest_route=\/wp\/v2\/posts\/372\/revisions\/374"}],"wp:featuredmedia":[{"embeddable":true,"href":"https:\/\/veritasinfo.org\/index.php?rest_route=\/wp\/v2\/media\/373"}],"wp:attachment":[{"href":"https:\/\/veritasinfo.org\/index.php?rest_route=%2Fwp%2Fv2%2Fmedia&parent=372"}],"wp:term":[{"taxonomy":"category","embeddable":true,"href":"https:\/\/veritasinfo.org\/index.php?rest_route=%2Fwp%2Fv2%2Fcategories&post=372"},{"taxonomy":"post_tag","embeddable":true,"href":"https:\/\/veritasinfo.org\/index.php?rest_route=%2Fwp%2Fv2%2Ftags&post=372"}],"curies":[{"name":"wp","href":"https:\/\/api.w.org\/{rel}","templated":true}]}}