{"id":37180,"date":"2026-03-11T16:58:18","date_gmt":"2026-03-11T15:58:18","guid":{"rendered":"https:\/\/veritasinfo.org\/?p=37180"},"modified":"2026-03-11T16:58:42","modified_gmt":"2026-03-11T15:58:42","slug":"kurti-demonstracije-1981-godine-medju-kljucnim-dogadjajima-u-istoriji-kosova","status":"publish","type":"post","link":"https:\/\/veritasinfo.org\/?p=37180&lang=sr","title":{"rendered":"Kurti: Demonstracije 1981. godine me\u0111u klju\u010dnim doga\u0111ajima u istoriji Kosova"},"content":{"rendered":"<p>Pri\u0161tina, 11. mart 2026. 16:54<\/p>\n<p>Premijer Aljbin Kurti podsetio je na demonstracije od 11. marta 1981. godine, gde su pre 45 godina, kako Kurti ka\u017ee, studenti Univerziteta u Pri\u0161tini ustali u masovnim demonstracijama, koje c\u0301e otvoriti novi period za Albance pod Jugoslavijom.<\/p>\n<p>\u201eDo\u0161lo je kao \u0161iroka organizacija koju su pokrenuli studenti, koji su nedelju dana ranije, 4. marta, bili protiv lo\u0161ih uslova u univerzitetskoj menzi, ali da je njihov protest do\u0161ao do nivoa politi\u010dke artikulacije\u201c, napisao je Kurti na Fejsbuku.<\/p>\n<p>Kurti ka\u017ee da je, kao i danas, i sreda bila 11. mart, pre 45 godina, kada su hiljade ljudi iz celog Kosova odazvale pozivu studenata Univerziteta u Pri\u0161tini na protest. Me\u0111u njima, ka\u017ee Kurti, organizatori i artikulatori zahteva bili su uglavnom aktivisti podzemnih politi\u010dkih organizacija.<\/p>\n<p>\u201eNjihovi zahtevi su bili sa\u017eeti iza slogana &#8216;Kosovska Republika&#8217;, tako\u0111e skrac\u0301eno napisanog kao &#8216;KR&#8217;, \u0161to je bio zahtev Albanaca unutar Jugoslavije za Kosovo kao sedmu republiku unutar Federacije. Demonstracije 11. marta pratile su demonstracije \u0161irom zemlje 26. marta, kao i 1. i 2. aprila 1981. godine, koje su toj sezoni dale epitet Prolec\u0301e &#8217;81, kao sezona politi\u010dkog ustanka i nacionalnog bu\u0111enja Albanaca pod Jugoslavijom\u201c, napisao je Kurti, podsec\u0301ajuc\u0301i na ovaj datum.<\/p>\n<p>Premijer ka\u017ee da su demonstracije Albanaca 1981. godine me\u0111u klju\u010dnim doga\u0111ajima u politi\u010dkoj istoriji Kosova.<\/p>\n<p>\u201eOni su bili organizacija gra\u0111anskog negodovanja i pobune Albanaca kao naroda koji je pod Jugoslavijom bio ugnjetavan i politi\u010dki nedovoljno zastupljen, etni\u010dki diskriminisan i ekonomski eksploatisan\u201c, napisao je \u0161ef izvr\u0161ne vlasti.<\/p>\n<p>Sec\u0301ajuc\u0301i se tog dana, Kurti ka\u017ee da su demonstracije 1981. godine nasilno ugu\u0161ene od strane jugoslovenske policije, nakon \u010dega su usledile hiljade hap\u0161enja, proizvoljnih pritvaranja, politi\u010dkih su\u0111enja i presuda koje su rezultirale hiljadama zatvorenika i vi\u0161egodi\u0161njim zatvorskim kaznama.<\/p>\n<p>\u201eAli demonstracije prolec\u0301a 1981. godine odvele su politi\u010dko organizovanje Albanaca u Jugoslaviji u novom pravcu, kulminirajuc\u0301i oru\u017eanim otporom Oslobodila\u010dke vojske Kosova, gde su mnogi od onih koji su bili organizovani 1981. godine tako\u0111e bili koorganizatori. Danas, na 45. godi\u0161njicu demonstracija 1981. godine, sec\u0301ajuc\u0301i se tih istorijskih doga\u0111aja i razvoja, sa zahvalno\u0161c\u0301u se sec\u0301amo svih pojedinaca i grupa koji su dali \u017eivot tom politi\u010dkom razvoju istorijskim doga\u0111ajima i svih generacija koje su se pridru\u017eile demonstracijama 1981. godine\u201c, napisao je Kurti.<\/p>\n","protected":false},"excerpt":{"rendered":"<p>Pri\u0161tina, 11. mart 2026. 16:54 Premijer Aljbin Kurti podsetio je na demonstracije od 11. marta 1981. godine, gde su pre 45 godina, kako Kurti ka\u017ee,<\/p>\n","protected":false},"author":7,"featured_media":37182,"comment_status":"open","ping_status":"open","sticky":false,"template":"","format":"standard","meta":{"footnotes":""},"categories":[30],"tags":[],"class_list":["post-37180","post","type-post","status-publish","format-standard","has-post-thumbnail","hentry","category-drustvo"],"yoast_head":"<!-- This site is optimized with the Yoast SEO plugin v25.3.1 - https:\/\/yoast.com\/wordpress\/plugins\/seo\/ -->\n<title>Kurti: Demonstracije 1981. godine me\u0111u klju\u010dnim doga\u0111ajima u istoriji Kosova -<\/title>\n<meta name=\"robots\" content=\"index, follow, max-snippet:-1, max-image-preview:large, max-video-preview:-1\" \/>\n<link rel=\"canonical\" href=\"https:\/\/veritasinfo.org\/?p=37180&lang=sr\" \/>\n<meta property=\"og:locale\" content=\"en_US\" \/>\n<meta property=\"og:type\" content=\"article\" \/>\n<meta property=\"og:title\" content=\"Kurti: Demonstracije 1981. godine me\u0111u klju\u010dnim doga\u0111ajima u istoriji Kosova -\" \/>\n<meta property=\"og:description\" content=\"Pri\u0161tina, 11. mart 2026. 16:54 Premijer Aljbin Kurti podsetio je na demonstracije od 11. marta 1981. godine, gde su pre 45 godina, kako Kurti ka\u017ee,\" \/>\n<meta property=\"og:url\" content=\"https:\/\/veritasinfo.org\/?p=37180&amp;lang=sr\" \/>\n<meta property=\"article:published_time\" content=\"2026-03-11T15:58:18+00:00\" \/>\n<meta property=\"article:modified_time\" content=\"2026-03-11T15:58:42+00:00\" \/>\n<meta property=\"og:image\" content=\"https:\/\/veritasinfo.org\/wp-content\/uploads\/2026\/03\/719539-Jw07m96Q56-1.jpg\" \/>\n\t<meta property=\"og:image:width\" content=\"780\" \/>\n\t<meta property=\"og:image:height\" content=\"500\" \/>\n\t<meta property=\"og:image:type\" content=\"image\/jpeg\" \/>\n<meta name=\"author\" content=\"US6\" \/>\n<meta name=\"twitter:card\" content=\"summary_large_image\" \/>\n<meta name=\"twitter:label1\" content=\"Written by\" \/>\n\t<meta name=\"twitter:data1\" content=\"US6\" \/>\n\t<meta name=\"twitter:label2\" content=\"Est. reading time\" \/>\n\t<meta name=\"twitter:data2\" content=\"2 minutes\" \/>\n<script type=\"application\/ld+json\" class=\"yoast-schema-graph\">{\"@context\":\"https:\/\/schema.org\",\"@graph\":[{\"@type\":\"WebPage\",\"@id\":\"https:\/\/veritasinfo.org\/?p=37180&lang=sr\",\"url\":\"https:\/\/veritasinfo.org\/?p=37180&lang=sr\",\"name\":\"Kurti: Demonstracije 1981. godine me\u0111u klju\u010dnim doga\u0111ajima u istoriji Kosova -\",\"isPartOf\":{\"@id\":\"https:\/\/veritasinfo.org\/#website\"},\"primaryImageOfPage\":{\"@id\":\"https:\/\/veritasinfo.org\/?p=37180&lang=sr#primaryimage\"},\"image\":{\"@id\":\"https:\/\/veritasinfo.org\/?p=37180&lang=sr#primaryimage\"},\"thumbnailUrl\":\"https:\/\/veritasinfo.org\/wp-content\/uploads\/2026\/03\/719539-Jw07m96Q56-1.jpg\",\"datePublished\":\"2026-03-11T15:58:18+00:00\",\"dateModified\":\"2026-03-11T15:58:42+00:00\",\"author\":{\"@id\":\"https:\/\/veritasinfo.org\/#\/schema\/person\/fe199eede04c3937362892b7444747cc\"},\"breadcrumb\":{\"@id\":\"https:\/\/veritasinfo.org\/?p=37180&lang=sr#breadcrumb\"},\"inLanguage\":\"en-US\",\"potentialAction\":[{\"@type\":\"ReadAction\",\"target\":[\"https:\/\/veritasinfo.org\/?p=37180&lang=sr\"]}]},{\"@type\":\"ImageObject\",\"inLanguage\":\"en-US\",\"@id\":\"https:\/\/veritasinfo.org\/?p=37180&lang=sr#primaryimage\",\"url\":\"https:\/\/veritasinfo.org\/wp-content\/uploads\/2026\/03\/719539-Jw07m96Q56-1.jpg\",\"contentUrl\":\"https:\/\/veritasinfo.org\/wp-content\/uploads\/2026\/03\/719539-Jw07m96Q56-1.jpg\",\"width\":780,\"height\":500},{\"@type\":\"BreadcrumbList\",\"@id\":\"https:\/\/veritasinfo.org\/?p=37180&lang=sr#breadcrumb\",\"itemListElement\":[{\"@type\":\"ListItem\",\"position\":1,\"name\":\"Home\",\"item\":\"https:\/\/veritasinfo.org\/\"},{\"@type\":\"ListItem\",\"position\":2,\"name\":\"Kurti: Demonstracije 1981. godine me\u0111u klju\u010dnim doga\u0111ajima u istoriji Kosova\"}]},{\"@type\":\"WebSite\",\"@id\":\"https:\/\/veritasinfo.org\/#website\",\"url\":\"https:\/\/veritasinfo.org\/\",\"name\":\"\",\"description\":\"\",\"potentialAction\":[{\"@type\":\"SearchAction\",\"target\":{\"@type\":\"EntryPoint\",\"urlTemplate\":\"https:\/\/veritasinfo.org\/?s={search_term_string}\"},\"query-input\":{\"@type\":\"PropertyValueSpecification\",\"valueRequired\":true,\"valueName\":\"search_term_string\"}}],\"inLanguage\":\"en-US\"},{\"@type\":\"Person\",\"@id\":\"https:\/\/veritasinfo.org\/#\/schema\/person\/fe199eede04c3937362892b7444747cc\",\"name\":\"US6\",\"image\":{\"@type\":\"ImageObject\",\"inLanguage\":\"en-US\",\"@id\":\"https:\/\/veritasinfo.org\/#\/schema\/person\/image\/\",\"url\":\"https:\/\/secure.gravatar.com\/avatar\/cb16c3c31c9d23b9b8c705964598220b3014e42ff51eb540ff23cefa3ae8c15f?s=96&d=mm&r=g\",\"contentUrl\":\"https:\/\/secure.gravatar.com\/avatar\/cb16c3c31c9d23b9b8c705964598220b3014e42ff51eb540ff23cefa3ae8c15f?s=96&d=mm&r=g\",\"caption\":\"US6\"},\"url\":\"https:\/\/veritasinfo.org\/?author=7\"}]}<\/script>\n<!-- \/ Yoast SEO plugin. -->","yoast_head_json":{"title":"Kurti: Demonstracije 1981. godine me\u0111u klju\u010dnim doga\u0111ajima u istoriji Kosova -","robots":{"index":"index","follow":"follow","max-snippet":"max-snippet:-1","max-image-preview":"max-image-preview:large","max-video-preview":"max-video-preview:-1"},"canonical":"https:\/\/veritasinfo.org\/?p=37180&lang=sr","og_locale":"en_US","og_type":"article","og_title":"Kurti: Demonstracije 1981. godine me\u0111u klju\u010dnim doga\u0111ajima u istoriji Kosova -","og_description":"Pri\u0161tina, 11. mart 2026. 16:54 Premijer Aljbin Kurti podsetio je na demonstracije od 11. marta 1981. godine, gde su pre 45 godina, kako Kurti ka\u017ee,","og_url":"https:\/\/veritasinfo.org\/?p=37180&lang=sr","article_published_time":"2026-03-11T15:58:18+00:00","article_modified_time":"2026-03-11T15:58:42+00:00","og_image":[{"width":780,"height":500,"url":"https:\/\/veritasinfo.org\/wp-content\/uploads\/2026\/03\/719539-Jw07m96Q56-1.jpg","type":"image\/jpeg"}],"author":"US6","twitter_card":"summary_large_image","twitter_misc":{"Written by":"US6","Est. reading time":"2 minutes"},"schema":{"@context":"https:\/\/schema.org","@graph":[{"@type":"WebPage","@id":"https:\/\/veritasinfo.org\/?p=37180&lang=sr","url":"https:\/\/veritasinfo.org\/?p=37180&lang=sr","name":"Kurti: Demonstracije 1981. godine me\u0111u klju\u010dnim doga\u0111ajima u istoriji Kosova -","isPartOf":{"@id":"https:\/\/veritasinfo.org\/#website"},"primaryImageOfPage":{"@id":"https:\/\/veritasinfo.org\/?p=37180&lang=sr#primaryimage"},"image":{"@id":"https:\/\/veritasinfo.org\/?p=37180&lang=sr#primaryimage"},"thumbnailUrl":"https:\/\/veritasinfo.org\/wp-content\/uploads\/2026\/03\/719539-Jw07m96Q56-1.jpg","datePublished":"2026-03-11T15:58:18+00:00","dateModified":"2026-03-11T15:58:42+00:00","author":{"@id":"https:\/\/veritasinfo.org\/#\/schema\/person\/fe199eede04c3937362892b7444747cc"},"breadcrumb":{"@id":"https:\/\/veritasinfo.org\/?p=37180&lang=sr#breadcrumb"},"inLanguage":"en-US","potentialAction":[{"@type":"ReadAction","target":["https:\/\/veritasinfo.org\/?p=37180&lang=sr"]}]},{"@type":"ImageObject","inLanguage":"en-US","@id":"https:\/\/veritasinfo.org\/?p=37180&lang=sr#primaryimage","url":"https:\/\/veritasinfo.org\/wp-content\/uploads\/2026\/03\/719539-Jw07m96Q56-1.jpg","contentUrl":"https:\/\/veritasinfo.org\/wp-content\/uploads\/2026\/03\/719539-Jw07m96Q56-1.jpg","width":780,"height":500},{"@type":"BreadcrumbList","@id":"https:\/\/veritasinfo.org\/?p=37180&lang=sr#breadcrumb","itemListElement":[{"@type":"ListItem","position":1,"name":"Home","item":"https:\/\/veritasinfo.org\/"},{"@type":"ListItem","position":2,"name":"Kurti: Demonstracije 1981. godine me\u0111u klju\u010dnim doga\u0111ajima u istoriji Kosova"}]},{"@type":"WebSite","@id":"https:\/\/veritasinfo.org\/#website","url":"https:\/\/veritasinfo.org\/","name":"","description":"","potentialAction":[{"@type":"SearchAction","target":{"@type":"EntryPoint","urlTemplate":"https:\/\/veritasinfo.org\/?s={search_term_string}"},"query-input":{"@type":"PropertyValueSpecification","valueRequired":true,"valueName":"search_term_string"}}],"inLanguage":"en-US"},{"@type":"Person","@id":"https:\/\/veritasinfo.org\/#\/schema\/person\/fe199eede04c3937362892b7444747cc","name":"US6","image":{"@type":"ImageObject","inLanguage":"en-US","@id":"https:\/\/veritasinfo.org\/#\/schema\/person\/image\/","url":"https:\/\/secure.gravatar.com\/avatar\/cb16c3c31c9d23b9b8c705964598220b3014e42ff51eb540ff23cefa3ae8c15f?s=96&d=mm&r=g","contentUrl":"https:\/\/secure.gravatar.com\/avatar\/cb16c3c31c9d23b9b8c705964598220b3014e42ff51eb540ff23cefa3ae8c15f?s=96&d=mm&r=g","caption":"US6"},"url":"https:\/\/veritasinfo.org\/?author=7"}]}},"featured_image_urls":{"full":["https:\/\/veritasinfo.org\/wp-content\/uploads\/2026\/03\/719539-Jw07m96Q56-1.jpg",780,500,false],"thumbnail":["https:\/\/veritasinfo.org\/wp-content\/uploads\/2026\/03\/719539-Jw07m96Q56-1-150x150.jpg",150,150,true],"medium":["https:\/\/veritasinfo.org\/wp-content\/uploads\/2026\/03\/719539-Jw07m96Q56-1-300x192.jpg",300,192,true],"medium_large":["https:\/\/veritasinfo.org\/wp-content\/uploads\/2026\/03\/719539-Jw07m96Q56-1-768x492.jpg",640,410,true],"large":["https:\/\/veritasinfo.org\/wp-content\/uploads\/2026\/03\/719539-Jw07m96Q56-1.jpg",640,410,false],"1536x1536":["https:\/\/veritasinfo.org\/wp-content\/uploads\/2026\/03\/719539-Jw07m96Q56-1.jpg",780,500,false],"2048x2048":["https:\/\/veritasinfo.org\/wp-content\/uploads\/2026\/03\/719539-Jw07m96Q56-1.jpg",780,500,false],"kreeti-slider-full":["https:\/\/veritasinfo.org\/wp-content\/uploads\/2026\/03\/719539-Jw07m96Q56-1.jpg",780,500,false],"kreeti-featured":["https:\/\/veritasinfo.org\/wp-content\/uploads\/2026\/03\/719539-Jw07m96Q56-1.jpg",780,500,false],"kreeti-medium":["https:\/\/veritasinfo.org\/wp-content\/uploads\/2026\/03\/719539-Jw07m96Q56-1.jpg",720,462,false],"kreeti-medium-square":["https:\/\/veritasinfo.org\/wp-content\/uploads\/2026\/03\/719539-Jw07m96Q56-1.jpg",350,224,false]},"author_info":{"info":["US6"]},"category_info":"<a href=\"https:\/\/veritasinfo.org\/?cat=30&#038;lang=sr\" rel=\"category\">Dru\u0161tvo<\/a>","tag_info":"Dru\u0161tvo","comment_count":"0","_links":{"self":[{"href":"https:\/\/veritasinfo.org\/index.php?rest_route=\/wp\/v2\/posts\/37180","targetHints":{"allow":["GET"]}}],"collection":[{"href":"https:\/\/veritasinfo.org\/index.php?rest_route=\/wp\/v2\/posts"}],"about":[{"href":"https:\/\/veritasinfo.org\/index.php?rest_route=\/wp\/v2\/types\/post"}],"author":[{"embeddable":true,"href":"https:\/\/veritasinfo.org\/index.php?rest_route=\/wp\/v2\/users\/7"}],"replies":[{"embeddable":true,"href":"https:\/\/veritasinfo.org\/index.php?rest_route=%2Fwp%2Fv2%2Fcomments&post=37180"}],"version-history":[{"count":1,"href":"https:\/\/veritasinfo.org\/index.php?rest_route=\/wp\/v2\/posts\/37180\/revisions"}],"predecessor-version":[{"id":37181,"href":"https:\/\/veritasinfo.org\/index.php?rest_route=\/wp\/v2\/posts\/37180\/revisions\/37181"}],"wp:featuredmedia":[{"embeddable":true,"href":"https:\/\/veritasinfo.org\/index.php?rest_route=\/wp\/v2\/media\/37182"}],"wp:attachment":[{"href":"https:\/\/veritasinfo.org\/index.php?rest_route=%2Fwp%2Fv2%2Fmedia&parent=37180"}],"wp:term":[{"taxonomy":"category","embeddable":true,"href":"https:\/\/veritasinfo.org\/index.php?rest_route=%2Fwp%2Fv2%2Fcategories&post=37180"},{"taxonomy":"post_tag","embeddable":true,"href":"https:\/\/veritasinfo.org\/index.php?rest_route=%2Fwp%2Fv2%2Ftags&post=37180"}],"curies":[{"name":"wp","href":"https:\/\/api.w.org\/{rel}","templated":true}]}}