{"id":37110,"date":"2026-03-11T12:36:08","date_gmt":"2026-03-11T11:36:08","guid":{"rendered":"https:\/\/veritasinfo.org\/?p=37110"},"modified":"2026-03-11T12:36:08","modified_gmt":"2026-03-11T11:36:08","slug":"novo-ime-i-vazni-povratci-na-kosovo","status":"publish","type":"post","link":"https:\/\/veritasinfo.org\/?p=37110&lang=sr","title":{"rendered":"Novo ime i va\u017eni povratci na Kosovo"},"content":{"rendered":"<p>Pri\u0161tina, 11. mart 2026. 12:32<\/p>\n<p>Novo ime je pozvano na Kosovo, dok su va\u017eni igra\u010di povratili u reprezentaciju uo\u010di rukometnih utakmica sa Bosnom i Hercegovinom.<\/p>\n<p>Utakmice sledec\u0301e nedelje pripadaju drugoj fazi kvalifikacija za Svetsko prvenstvo 2027. godine.<\/p>\n<p>Podr\u017eite KOHEN. Sa\u010duvajte istinu.<\/p>\n<p>Profesionalno novinarstvo je u javnom interesu. Va\u0161a podr\u0161ka mu poma\u017ee da ostane nezavisno i kredibilno. Doprinesite i vi. 1 evro \u010dini razliku.<\/p>\n<p>Selektor Kosova, \u0160ve\u0111anin Jesper Estlund, objavio je u sredu opse\u017ean spisak za dve va\u017ene utakmice sa Bosnom i Hercegovinom.<\/p>\n<p>Novo ime za Kosovo je golman Besa Famge, Olt Kaba\u0161i. U me\u0111uvremenu, vratili su se kapiten Valon Dedaj i vicekapiten Kastriot Jupa. Nisu bili u timu u prethodnim utakmicama. Igra\u010di poput \u0160abana Zogaja, Olsija Mulaja, Arbiosa Mu\u0161kolaja, Suada Pajazitija, Jona Muc\u0301olija i Muhameta Durmi\u0161ija tako\u0111e su se vratili.<\/p>\n<p>Prva utakmica sa Bosnom i Hercegovinom odigrac\u0301e se 19. marta u Tuzli. U me\u0111uvremenu, revan\u0161 je 22. marta u Pri\u0161tini.<\/p>\n<p>Na op\u0161irnom spisku Ostlunda nalazi se 21 rukometa\u0161.<\/p>\n<p>\u010cetiri igra\u010da su iz aktuelnog \u0161ampiona Kosova, Orahovca. Samo je golman Kaba\u0161i pozvan iz Superlige. Ostali grade karijeru van Kosova, ali na ne\u0161to vi\u0161em nivou. \u0160vajcarski drugoliga\u0161, Fortitudo Gosau, tako\u0111e ima \u010detiri igra\u010da na Kosovu.<\/p>\n<p>U prvom kolu kvalifikacija, Kosovo je eliminisalo Veliku Britaniju pobediv\u0161i je u dve utakmice na jesen. U me\u0111uvremenu, ako pro\u0111e Bosnu i Hercegovinu, Kosovo c\u0301e igrati protiv Farskih Ostrva u trec\u0301em i poslednjem kolu kvalifikacija.<\/p>\n<p>Ali utakmice sa Bosancima se smatraju veoma izazovnim za Kosovo. Bosna i Hercegovina je pobedila u poslednje \u010detiri utakmice.<\/p>\n<p>Kosovska lista<\/p>\n<p>Olt Kaba\u0161i (Besa Famgas), Kastriot Jupa (Kotbus \u2013 Nema\u010dka), Florim Hod\u017ea (Anzing \u2013 Nema\u010dka), \u0160aban Zogaj (Kroppskultur \u2013 \u0160vedska), Olsi Mulaj (Istres \u2013 Francuska), Valon Dedaj (Fortitudo Gosau \u2013 \u0160vajcarska), Arbios Mu\u0161kolaj (Rahoveziu Berlin \u2013 Rahoveziju, Nema\u010dka), (Vadensvil\/Horgen \u2013 \u0160vajcarska), Drilon Tahirukaj (Fortitudo Gosau), Ljulzim \u0160abani (Rahoveci), Haris Beri\u0161a (Fortitudo Gosau), Bujar Ramosaj (Fortitudo Gosau), Jon Mukoli (Rahoveci), Leonard Gegajden (Lugi-Samet \u2013 Sevedorf) Egzon \u0106juka (Rahoveci), Matej Thaki (Vara\u017edin \u2013 Hrvatska), Liridon Zena (Zamet \u2013 Hrvatska), Armend Alaj (Ajzenah \u2013 Nema\u010dka), Drenit Tahirukaj (\u0160enoa \u017deneva \u2013 \u0160vajcarska)<\/p>\n","protected":false},"excerpt":{"rendered":"<p>Pri\u0161tina, 11. mart 2026. 12:32 Novo ime je pozvano na Kosovo, dok su va\u017eni igra\u010di povratili u reprezentaciju uo\u010di rukometnih utakmica sa Bosnom i Hercegovinom.<\/p>\n","protected":false},"author":6,"featured_media":37111,"comment_status":"open","ping_status":"open","sticky":false,"template":"","format":"standard","meta":{"footnotes":""},"categories":[36],"tags":[],"class_list":["post-37110","post","type-post","status-publish","format-standard","has-post-thumbnail","hentry","category-sport-sr"],"yoast_head":"<!-- This site is optimized with the Yoast SEO plugin v25.3.1 - https:\/\/yoast.com\/wordpress\/plugins\/seo\/ -->\n<title>Novo ime i va\u017eni povratci na Kosovo -<\/title>\n<meta name=\"robots\" content=\"index, follow, max-snippet:-1, max-image-preview:large, max-video-preview:-1\" \/>\n<link rel=\"canonical\" href=\"https:\/\/veritasinfo.org\/?p=37110&lang=sr\" \/>\n<meta property=\"og:locale\" content=\"en_US\" \/>\n<meta property=\"og:type\" content=\"article\" \/>\n<meta property=\"og:title\" content=\"Novo ime i va\u017eni povratci na Kosovo -\" \/>\n<meta property=\"og:description\" content=\"Pri\u0161tina, 11. mart 2026. 12:32 Novo ime je pozvano na Kosovo, dok su va\u017eni igra\u010di povratili u reprezentaciju uo\u010di rukometnih utakmica sa Bosnom i Hercegovinom.\" \/>\n<meta property=\"og:url\" content=\"https:\/\/veritasinfo.org\/?p=37110&amp;lang=sr\" \/>\n<meta property=\"article:published_time\" content=\"2026-03-11T11:36:08+00:00\" \/>\n<meta property=\"og:image\" content=\"https:\/\/veritasinfo.org\/wp-content\/uploads\/2026\/03\/a82a8dc3-45fb-4cd2-9c1b-5eec2d6dd43d-1.webp\" \/>\n\t<meta property=\"og:image:width\" content=\"1360\" \/>\n\t<meta property=\"og:image:height\" content=\"870\" \/>\n\t<meta property=\"og:image:type\" content=\"image\/webp\" \/>\n<meta name=\"author\" content=\"US5\" \/>\n<meta name=\"twitter:card\" content=\"summary_large_image\" \/>\n<meta name=\"twitter:label1\" content=\"Written by\" \/>\n\t<meta name=\"twitter:data1\" content=\"US5\" \/>\n\t<meta name=\"twitter:label2\" content=\"Est. reading time\" \/>\n\t<meta name=\"twitter:data2\" content=\"1 minute\" \/>\n<script type=\"application\/ld+json\" class=\"yoast-schema-graph\">{\"@context\":\"https:\/\/schema.org\",\"@graph\":[{\"@type\":\"WebPage\",\"@id\":\"https:\/\/veritasinfo.org\/?p=37110&lang=sr\",\"url\":\"https:\/\/veritasinfo.org\/?p=37110&lang=sr\",\"name\":\"Novo ime i va\u017eni povratci na Kosovo -\",\"isPartOf\":{\"@id\":\"https:\/\/veritasinfo.org\/#website\"},\"primaryImageOfPage\":{\"@id\":\"https:\/\/veritasinfo.org\/?p=37110&lang=sr#primaryimage\"},\"image\":{\"@id\":\"https:\/\/veritasinfo.org\/?p=37110&lang=sr#primaryimage\"},\"thumbnailUrl\":\"https:\/\/veritasinfo.org\/wp-content\/uploads\/2026\/03\/a82a8dc3-45fb-4cd2-9c1b-5eec2d6dd43d-1.webp\",\"datePublished\":\"2026-03-11T11:36:08+00:00\",\"author\":{\"@id\":\"https:\/\/veritasinfo.org\/#\/schema\/person\/bc442336e35414d04494ab8fb45db4c6\"},\"breadcrumb\":{\"@id\":\"https:\/\/veritasinfo.org\/?p=37110&lang=sr#breadcrumb\"},\"inLanguage\":\"en-US\",\"potentialAction\":[{\"@type\":\"ReadAction\",\"target\":[\"https:\/\/veritasinfo.org\/?p=37110&lang=sr\"]}]},{\"@type\":\"ImageObject\",\"inLanguage\":\"en-US\",\"@id\":\"https:\/\/veritasinfo.org\/?p=37110&lang=sr#primaryimage\",\"url\":\"https:\/\/veritasinfo.org\/wp-content\/uploads\/2026\/03\/a82a8dc3-45fb-4cd2-9c1b-5eec2d6dd43d-1.webp\",\"contentUrl\":\"https:\/\/veritasinfo.org\/wp-content\/uploads\/2026\/03\/a82a8dc3-45fb-4cd2-9c1b-5eec2d6dd43d-1.webp\",\"width\":1360,\"height\":870},{\"@type\":\"BreadcrumbList\",\"@id\":\"https:\/\/veritasinfo.org\/?p=37110&lang=sr#breadcrumb\",\"itemListElement\":[{\"@type\":\"ListItem\",\"position\":1,\"name\":\"Home\",\"item\":\"https:\/\/veritasinfo.org\/\"},{\"@type\":\"ListItem\",\"position\":2,\"name\":\"Novo ime i va\u017eni povratci na Kosovo\"}]},{\"@type\":\"WebSite\",\"@id\":\"https:\/\/veritasinfo.org\/#website\",\"url\":\"https:\/\/veritasinfo.org\/\",\"name\":\"\",\"description\":\"\",\"potentialAction\":[{\"@type\":\"SearchAction\",\"target\":{\"@type\":\"EntryPoint\",\"urlTemplate\":\"https:\/\/veritasinfo.org\/?s={search_term_string}\"},\"query-input\":{\"@type\":\"PropertyValueSpecification\",\"valueRequired\":true,\"valueName\":\"search_term_string\"}}],\"inLanguage\":\"en-US\"},{\"@type\":\"Person\",\"@id\":\"https:\/\/veritasinfo.org\/#\/schema\/person\/bc442336e35414d04494ab8fb45db4c6\",\"name\":\"US5\",\"image\":{\"@type\":\"ImageObject\",\"inLanguage\":\"en-US\",\"@id\":\"https:\/\/veritasinfo.org\/#\/schema\/person\/image\/\",\"url\":\"https:\/\/secure.gravatar.com\/avatar\/16a61e7272a0c5d001121ebb9e60e925d5816e4ac1e443ed3e640d9a6ae55d0c?s=96&d=mm&r=g\",\"contentUrl\":\"https:\/\/secure.gravatar.com\/avatar\/16a61e7272a0c5d001121ebb9e60e925d5816e4ac1e443ed3e640d9a6ae55d0c?s=96&d=mm&r=g\",\"caption\":\"US5\"},\"url\":\"https:\/\/veritasinfo.org\/?author=6\"}]}<\/script>\n<!-- \/ Yoast SEO plugin. -->","yoast_head_json":{"title":"Novo ime i va\u017eni povratci na Kosovo -","robots":{"index":"index","follow":"follow","max-snippet":"max-snippet:-1","max-image-preview":"max-image-preview:large","max-video-preview":"max-video-preview:-1"},"canonical":"https:\/\/veritasinfo.org\/?p=37110&lang=sr","og_locale":"en_US","og_type":"article","og_title":"Novo ime i va\u017eni povratci na Kosovo -","og_description":"Pri\u0161tina, 11. mart 2026. 12:32 Novo ime je pozvano na Kosovo, dok su va\u017eni igra\u010di povratili u reprezentaciju uo\u010di rukometnih utakmica sa Bosnom i Hercegovinom.","og_url":"https:\/\/veritasinfo.org\/?p=37110&lang=sr","article_published_time":"2026-03-11T11:36:08+00:00","og_image":[{"width":1360,"height":870,"url":"https:\/\/veritasinfo.org\/wp-content\/uploads\/2026\/03\/a82a8dc3-45fb-4cd2-9c1b-5eec2d6dd43d-1.webp","type":"image\/webp"}],"author":"US5","twitter_card":"summary_large_image","twitter_misc":{"Written by":"US5","Est. reading time":"1 minute"},"schema":{"@context":"https:\/\/schema.org","@graph":[{"@type":"WebPage","@id":"https:\/\/veritasinfo.org\/?p=37110&lang=sr","url":"https:\/\/veritasinfo.org\/?p=37110&lang=sr","name":"Novo ime i va\u017eni povratci na Kosovo -","isPartOf":{"@id":"https:\/\/veritasinfo.org\/#website"},"primaryImageOfPage":{"@id":"https:\/\/veritasinfo.org\/?p=37110&lang=sr#primaryimage"},"image":{"@id":"https:\/\/veritasinfo.org\/?p=37110&lang=sr#primaryimage"},"thumbnailUrl":"https:\/\/veritasinfo.org\/wp-content\/uploads\/2026\/03\/a82a8dc3-45fb-4cd2-9c1b-5eec2d6dd43d-1.webp","datePublished":"2026-03-11T11:36:08+00:00","author":{"@id":"https:\/\/veritasinfo.org\/#\/schema\/person\/bc442336e35414d04494ab8fb45db4c6"},"breadcrumb":{"@id":"https:\/\/veritasinfo.org\/?p=37110&lang=sr#breadcrumb"},"inLanguage":"en-US","potentialAction":[{"@type":"ReadAction","target":["https:\/\/veritasinfo.org\/?p=37110&lang=sr"]}]},{"@type":"ImageObject","inLanguage":"en-US","@id":"https:\/\/veritasinfo.org\/?p=37110&lang=sr#primaryimage","url":"https:\/\/veritasinfo.org\/wp-content\/uploads\/2026\/03\/a82a8dc3-45fb-4cd2-9c1b-5eec2d6dd43d-1.webp","contentUrl":"https:\/\/veritasinfo.org\/wp-content\/uploads\/2026\/03\/a82a8dc3-45fb-4cd2-9c1b-5eec2d6dd43d-1.webp","width":1360,"height":870},{"@type":"BreadcrumbList","@id":"https:\/\/veritasinfo.org\/?p=37110&lang=sr#breadcrumb","itemListElement":[{"@type":"ListItem","position":1,"name":"Home","item":"https:\/\/veritasinfo.org\/"},{"@type":"ListItem","position":2,"name":"Novo ime i va\u017eni povratci na Kosovo"}]},{"@type":"WebSite","@id":"https:\/\/veritasinfo.org\/#website","url":"https:\/\/veritasinfo.org\/","name":"","description":"","potentialAction":[{"@type":"SearchAction","target":{"@type":"EntryPoint","urlTemplate":"https:\/\/veritasinfo.org\/?s={search_term_string}"},"query-input":{"@type":"PropertyValueSpecification","valueRequired":true,"valueName":"search_term_string"}}],"inLanguage":"en-US"},{"@type":"Person","@id":"https:\/\/veritasinfo.org\/#\/schema\/person\/bc442336e35414d04494ab8fb45db4c6","name":"US5","image":{"@type":"ImageObject","inLanguage":"en-US","@id":"https:\/\/veritasinfo.org\/#\/schema\/person\/image\/","url":"https:\/\/secure.gravatar.com\/avatar\/16a61e7272a0c5d001121ebb9e60e925d5816e4ac1e443ed3e640d9a6ae55d0c?s=96&d=mm&r=g","contentUrl":"https:\/\/secure.gravatar.com\/avatar\/16a61e7272a0c5d001121ebb9e60e925d5816e4ac1e443ed3e640d9a6ae55d0c?s=96&d=mm&r=g","caption":"US5"},"url":"https:\/\/veritasinfo.org\/?author=6"}]}},"featured_image_urls":{"full":["https:\/\/veritasinfo.org\/wp-content\/uploads\/2026\/03\/a82a8dc3-45fb-4cd2-9c1b-5eec2d6dd43d-1.webp",1360,870,false],"thumbnail":["https:\/\/veritasinfo.org\/wp-content\/uploads\/2026\/03\/a82a8dc3-45fb-4cd2-9c1b-5eec2d6dd43d-1-150x150.webp",150,150,true],"medium":["https:\/\/veritasinfo.org\/wp-content\/uploads\/2026\/03\/a82a8dc3-45fb-4cd2-9c1b-5eec2d6dd43d-1-300x192.webp",300,192,true],"medium_large":["https:\/\/veritasinfo.org\/wp-content\/uploads\/2026\/03\/a82a8dc3-45fb-4cd2-9c1b-5eec2d6dd43d-1-768x491.webp",640,409,true],"large":["https:\/\/veritasinfo.org\/wp-content\/uploads\/2026\/03\/a82a8dc3-45fb-4cd2-9c1b-5eec2d6dd43d-1-1024x655.webp",640,409,true],"1536x1536":["https:\/\/veritasinfo.org\/wp-content\/uploads\/2026\/03\/a82a8dc3-45fb-4cd2-9c1b-5eec2d6dd43d-1.webp",1360,870,false],"2048x2048":["https:\/\/veritasinfo.org\/wp-content\/uploads\/2026\/03\/a82a8dc3-45fb-4cd2-9c1b-5eec2d6dd43d-1.webp",1360,870,false],"kreeti-slider-full":["https:\/\/veritasinfo.org\/wp-content\/uploads\/2026\/03\/a82a8dc3-45fb-4cd2-9c1b-5eec2d6dd43d-1.webp",1126,720,false],"kreeti-featured":["https:\/\/veritasinfo.org\/wp-content\/uploads\/2026\/03\/a82a8dc3-45fb-4cd2-9c1b-5eec2d6dd43d-1.webp",1024,655,false],"kreeti-medium":["https:\/\/veritasinfo.org\/wp-content\/uploads\/2026\/03\/a82a8dc3-45fb-4cd2-9c1b-5eec2d6dd43d-1.webp",720,461,false],"kreeti-medium-square":["https:\/\/veritasinfo.org\/wp-content\/uploads\/2026\/03\/a82a8dc3-45fb-4cd2-9c1b-5eec2d6dd43d-1.webp",350,224,false]},"author_info":{"info":["US5"]},"category_info":"<a href=\"https:\/\/veritasinfo.org\/?cat=36&#038;lang=sr\" rel=\"category\">Sport<\/a>","tag_info":"Sport","comment_count":"0","_links":{"self":[{"href":"https:\/\/veritasinfo.org\/index.php?rest_route=\/wp\/v2\/posts\/37110","targetHints":{"allow":["GET"]}}],"collection":[{"href":"https:\/\/veritasinfo.org\/index.php?rest_route=\/wp\/v2\/posts"}],"about":[{"href":"https:\/\/veritasinfo.org\/index.php?rest_route=\/wp\/v2\/types\/post"}],"author":[{"embeddable":true,"href":"https:\/\/veritasinfo.org\/index.php?rest_route=\/wp\/v2\/users\/6"}],"replies":[{"embeddable":true,"href":"https:\/\/veritasinfo.org\/index.php?rest_route=%2Fwp%2Fv2%2Fcomments&post=37110"}],"version-history":[{"count":1,"href":"https:\/\/veritasinfo.org\/index.php?rest_route=\/wp\/v2\/posts\/37110\/revisions"}],"predecessor-version":[{"id":37112,"href":"https:\/\/veritasinfo.org\/index.php?rest_route=\/wp\/v2\/posts\/37110\/revisions\/37112"}],"wp:featuredmedia":[{"embeddable":true,"href":"https:\/\/veritasinfo.org\/index.php?rest_route=\/wp\/v2\/media\/37111"}],"wp:attachment":[{"href":"https:\/\/veritasinfo.org\/index.php?rest_route=%2Fwp%2Fv2%2Fmedia&parent=37110"}],"wp:term":[{"taxonomy":"category","embeddable":true,"href":"https:\/\/veritasinfo.org\/index.php?rest_route=%2Fwp%2Fv2%2Fcategories&post=37110"},{"taxonomy":"post_tag","embeddable":true,"href":"https:\/\/veritasinfo.org\/index.php?rest_route=%2Fwp%2Fv2%2Ftags&post=37110"}],"curies":[{"name":"wp","href":"https:\/\/api.w.org\/{rel}","templated":true}]}}