{"id":37105,"date":"2026-03-11T12:32:41","date_gmt":"2026-03-11T11:32:41","guid":{"rendered":"https:\/\/veritasinfo.org\/?p=37105"},"modified":"2026-03-11T12:32:41","modified_gmt":"2026-03-11T11:32:41","slug":"nje-emer-i-ri-dhe-kthime-te-rendesishme-te-kosova","status":"publish","type":"post","link":"https:\/\/veritasinfo.org\/?p=37105","title":{"rendered":"Nj\u00eb em\u00ebr i ri dhe kthime t\u00eb r\u00ebnd\u00ebsishme te Kosova"},"content":{"rendered":"<p>Prishtin\u00eb 11 Mars 2026 12:32<\/p>\n<p>Nj\u00eb em\u00ebr i ri \u00ebsht\u00eb ftuar te Kosova, nd\u00ebrsa kthime t\u00eb r\u00ebnd\u00ebsishme jan\u00eb b\u00ebr\u00eb n\u00eb p\u00ebrfaq\u00ebsuese n\u00eb prag t\u00eb ndeshjeve t\u00eb hendbollit me Bosnj\u00eb-Hercegovin\u00ebn.<\/p>\n<p>Ndeshjet e jav\u00ebs s\u00eb ardhshme i takojn\u00eb faz\u00ebs s\u00eb dyt\u00eb kualifikuese p\u00ebr Kup\u00ebn e Bot\u00ebs 2027.<\/p>\n<p>Mb\u00ebshtete KOH\u00cbN. Ruaje t\u00eb v\u00ebrtet\u00ebn.<br \/>\nGazetaria profesionale \u00ebsht\u00eb interes publik. Mb\u00ebshtetja juaj ndihmon q\u00eb ajo t\u00eb mbetet e pavarur dhe e besueshme. Kontribuoni edhe ju. 1 euro e b\u00ebn dallimin.<\/p>\n<p>P\u00ebrzgjedh\u00ebsi i Kosov\u00ebs, suedezi Jesper Ostlund, t\u00eb m\u00ebrkur\u00ebn ka shpallur list\u00ebn e gjer\u00eb p\u00ebr dy ndeshjet e r\u00ebnd\u00ebsishme me Bosnj\u00eb-Hercegovin\u00ebn.<\/p>\n<p>Em\u00ebr i ri te Kosova \u00ebsht\u00eb portieri i Besa Famgas, Olt Kabashi. Nd\u00ebrkoh\u00eb jan\u00eb kthyer kapiteni Valon Dedaj dhe z\u00ebvend\u00ebs-kapiteni Kastriot Jupa. Ata nuk ishin n\u00eb ekip n\u00eb ndeshjet e kaluar. Jan\u00eb rikthyer edhe lojtar\u00eb si Shaban Zogaj, Olsi Mulaj, Arbios Mushkolaj, Suad Pajaziti, Jon Muqolli e Muhamet Durmishi.<\/p>\n<p>Ndeshja e par\u00eb me Bosnj\u00eb-Hercegovin\u00ebn zhvillohet m\u00eb 19 mars n\u00eb Tuzla. Nd\u00ebrkoh\u00eb ndeshja e kthimit \u00ebsht\u00eb m\u00eb 22 mars n\u00eb Prishtin\u00eb.<\/p>\n<p>N\u00eb list\u00ebn e gjer\u00eb t\u00eb Ostlundit jan\u00eb 21 hendbollist\u00eb.<\/p>\n<p>Kat\u00ebr lojtar\u00eb jan\u00eb t\u00eb kampionit n\u00eb fuqi t\u00eb Kosov\u00ebs, Rahovecit. Prej Superlig\u00ebs \u00ebsht\u00eb ftuar vet\u00ebm edhe portieri Kabashi. T\u00eb tjer\u00ebt b\u00ebjn\u00eb karrier\u00eb jasht\u00eb Kosov\u00ebs, por pak n\u00eb nivel t\u00eb lart\u00eb. Kat\u00ebr lojtar\u00eb te Kosova i ka edhe skuadra zvicerane e kategoris\u00eb s\u00eb dyt\u00eb, Fortitudo Gossau.<\/p>\n<p>N\u00eb raundin e par\u00eb kualifikues, Kosova e eliminoi Britanin\u00eb e Madhe duke e mposhtur n\u00eb dy ndeshje n\u00eb vjesht\u00eb. Nd\u00ebrkoh\u00eb, n\u00ebse e kalon Bosnj\u00eb-Hercegovin\u00ebn, Kosova n\u00eb raundin e tret\u00eb dhe t\u00eb fundit kualifikues luan me Ishujt Faroe.<\/p>\n<p>Por ndeshjet me boshnjak\u00ebt vler\u00ebsohen shum\u00eb sfiduese p\u00ebr Kosov\u00ebn. Kat\u00ebr p\u00ebrballjet e kaluara i ka fituar Bosnj\u00eb-Hercegovina.<\/p>\n<p>Lista e Kosov\u00ebs<\/p>\n<p>Olt Kabashi (Besa Famgas), Kastriot Jupa (Cottbus \u2013 Gjermani), Florim Hoxha (Anzing \u2013 Gjermani), Shaban Zogaj (Kroppskultur \u2013 Suedi), Olsi Mulaj (Istres \u2013 Franc\u00eb), Valon Dedaj (Fortitudo Gossau \u2013 Zvic\u00ebr), Arbios Mushkolaj (Rahoveci), Suad Pajaziti (OSF Berlin \u2013 Gjermani), Luigj Quni (Wadenswil\/Horgen \u2013 Zvic\u00ebr), Drilon Tahirukaj (Fortitudo Gossau), Lulzim Shabani (Rahoveci), Haris Berisha (Fortitudo Gossau), Bujar Ramosaj (Fortitudo Gossau), Jon Muqolli (Rahoveci), Leonard Gegaj (Lugi \u2013 Suedi), Muhamet Durmishi (Saargold Lisdorf \u2013 Gjermani), Egzon Gjuka (Rahoveci), Matej Thaqi (Varazhdin \u2013 Kroaci), Liridon Zena (Zamet \u2013 Kroaci), Armend Alaj (Eisenach \u2013 Gjermani), Drenit Tahirukaj (Chenois Geneve \u2013 Zvic\u00ebr)<\/p>\n","protected":false},"excerpt":{"rendered":"<p>Prishtin\u00eb 11 Mars 2026 12:32 Nj\u00eb em\u00ebr i ri \u00ebsht\u00eb ftuar te Kosova, nd\u00ebrsa kthime t\u00eb r\u00ebnd\u00ebsishme jan\u00eb b\u00ebr\u00eb n\u00eb p\u00ebrfaq\u00ebsuese n\u00eb prag t\u00eb ndeshjeve<\/p>\n","protected":false},"author":6,"featured_media":37106,"comment_status":"open","ping_status":"open","sticky":false,"template":"","format":"standard","meta":{"footnotes":""},"categories":[5],"tags":[],"class_list":["post-37105","post","type-post","status-publish","format-standard","has-post-thumbnail","hentry","category-sport-sq"],"yoast_head":"<!-- This site is optimized with the Yoast SEO plugin v25.3.1 - https:\/\/yoast.com\/wordpress\/plugins\/seo\/ -->\n<title>Nj\u00eb em\u00ebr i ri dhe kthime t\u00eb r\u00ebnd\u00ebsishme te Kosova -<\/title>\n<meta name=\"robots\" content=\"index, follow, max-snippet:-1, max-image-preview:large, max-video-preview:-1\" \/>\n<link rel=\"canonical\" href=\"https:\/\/veritasinfo.org\/?p=37105\" \/>\n<meta property=\"og:locale\" content=\"en_US\" \/>\n<meta property=\"og:type\" content=\"article\" \/>\n<meta property=\"og:title\" content=\"Nj\u00eb em\u00ebr i ri dhe kthime t\u00eb r\u00ebnd\u00ebsishme te Kosova -\" \/>\n<meta property=\"og:description\" content=\"Prishtin\u00eb 11 Mars 2026 12:32 Nj\u00eb em\u00ebr i ri \u00ebsht\u00eb ftuar te Kosova, nd\u00ebrsa kthime t\u00eb r\u00ebnd\u00ebsishme jan\u00eb b\u00ebr\u00eb n\u00eb p\u00ebrfaq\u00ebsuese n\u00eb prag t\u00eb ndeshjeve\" \/>\n<meta property=\"og:url\" content=\"https:\/\/veritasinfo.org\/?p=37105\" \/>\n<meta property=\"article:published_time\" content=\"2026-03-11T11:32:41+00:00\" \/>\n<meta property=\"og:image\" content=\"https:\/\/veritasinfo.org\/wp-content\/uploads\/2026\/03\/a82a8dc3-45fb-4cd2-9c1b-5eec2d6dd43d.webp\" \/>\n\t<meta property=\"og:image:width\" content=\"1360\" \/>\n\t<meta property=\"og:image:height\" content=\"870\" \/>\n\t<meta property=\"og:image:type\" content=\"image\/webp\" \/>\n<meta name=\"author\" content=\"US5\" \/>\n<meta name=\"twitter:card\" content=\"summary_large_image\" \/>\n<meta name=\"twitter:label1\" content=\"Written by\" \/>\n\t<meta name=\"twitter:data1\" content=\"US5\" \/>\n\t<meta name=\"twitter:label2\" content=\"Est. reading time\" \/>\n\t<meta name=\"twitter:data2\" content=\"2 minutes\" \/>\n<script type=\"application\/ld+json\" class=\"yoast-schema-graph\">{\"@context\":\"https:\/\/schema.org\",\"@graph\":[{\"@type\":\"WebPage\",\"@id\":\"https:\/\/veritasinfo.org\/?p=37105\",\"url\":\"https:\/\/veritasinfo.org\/?p=37105\",\"name\":\"Nj\u00eb em\u00ebr i ri dhe kthime t\u00eb r\u00ebnd\u00ebsishme te Kosova -\",\"isPartOf\":{\"@id\":\"https:\/\/veritasinfo.org\/#website\"},\"primaryImageOfPage\":{\"@id\":\"https:\/\/veritasinfo.org\/?p=37105#primaryimage\"},\"image\":{\"@id\":\"https:\/\/veritasinfo.org\/?p=37105#primaryimage\"},\"thumbnailUrl\":\"https:\/\/veritasinfo.org\/wp-content\/uploads\/2026\/03\/a82a8dc3-45fb-4cd2-9c1b-5eec2d6dd43d.webp\",\"datePublished\":\"2026-03-11T11:32:41+00:00\",\"author\":{\"@id\":\"https:\/\/veritasinfo.org\/#\/schema\/person\/bc442336e35414d04494ab8fb45db4c6\"},\"breadcrumb\":{\"@id\":\"https:\/\/veritasinfo.org\/?p=37105#breadcrumb\"},\"inLanguage\":\"en-US\",\"potentialAction\":[{\"@type\":\"ReadAction\",\"target\":[\"https:\/\/veritasinfo.org\/?p=37105\"]}]},{\"@type\":\"ImageObject\",\"inLanguage\":\"en-US\",\"@id\":\"https:\/\/veritasinfo.org\/?p=37105#primaryimage\",\"url\":\"https:\/\/veritasinfo.org\/wp-content\/uploads\/2026\/03\/a82a8dc3-45fb-4cd2-9c1b-5eec2d6dd43d.webp\",\"contentUrl\":\"https:\/\/veritasinfo.org\/wp-content\/uploads\/2026\/03\/a82a8dc3-45fb-4cd2-9c1b-5eec2d6dd43d.webp\",\"width\":1360,\"height\":870},{\"@type\":\"BreadcrumbList\",\"@id\":\"https:\/\/veritasinfo.org\/?p=37105#breadcrumb\",\"itemListElement\":[{\"@type\":\"ListItem\",\"position\":1,\"name\":\"Home\",\"item\":\"https:\/\/veritasinfo.org\/\"},{\"@type\":\"ListItem\",\"position\":2,\"name\":\"Nj\u00eb em\u00ebr i ri dhe kthime t\u00eb r\u00ebnd\u00ebsishme te Kosova\"}]},{\"@type\":\"WebSite\",\"@id\":\"https:\/\/veritasinfo.org\/#website\",\"url\":\"https:\/\/veritasinfo.org\/\",\"name\":\"\",\"description\":\"\",\"potentialAction\":[{\"@type\":\"SearchAction\",\"target\":{\"@type\":\"EntryPoint\",\"urlTemplate\":\"https:\/\/veritasinfo.org\/?s={search_term_string}\"},\"query-input\":{\"@type\":\"PropertyValueSpecification\",\"valueRequired\":true,\"valueName\":\"search_term_string\"}}],\"inLanguage\":\"en-US\"},{\"@type\":\"Person\",\"@id\":\"https:\/\/veritasinfo.org\/#\/schema\/person\/bc442336e35414d04494ab8fb45db4c6\",\"name\":\"US5\",\"image\":{\"@type\":\"ImageObject\",\"inLanguage\":\"en-US\",\"@id\":\"https:\/\/veritasinfo.org\/#\/schema\/person\/image\/\",\"url\":\"https:\/\/secure.gravatar.com\/avatar\/16a61e7272a0c5d001121ebb9e60e925d5816e4ac1e443ed3e640d9a6ae55d0c?s=96&d=mm&r=g\",\"contentUrl\":\"https:\/\/secure.gravatar.com\/avatar\/16a61e7272a0c5d001121ebb9e60e925d5816e4ac1e443ed3e640d9a6ae55d0c?s=96&d=mm&r=g\",\"caption\":\"US5\"},\"url\":\"https:\/\/veritasinfo.org\/?author=6\"}]}<\/script>\n<!-- \/ Yoast SEO plugin. -->","yoast_head_json":{"title":"Nj\u00eb em\u00ebr i ri dhe kthime t\u00eb r\u00ebnd\u00ebsishme te Kosova -","robots":{"index":"index","follow":"follow","max-snippet":"max-snippet:-1","max-image-preview":"max-image-preview:large","max-video-preview":"max-video-preview:-1"},"canonical":"https:\/\/veritasinfo.org\/?p=37105","og_locale":"en_US","og_type":"article","og_title":"Nj\u00eb em\u00ebr i ri dhe kthime t\u00eb r\u00ebnd\u00ebsishme te Kosova -","og_description":"Prishtin\u00eb 11 Mars 2026 12:32 Nj\u00eb em\u00ebr i ri \u00ebsht\u00eb ftuar te Kosova, nd\u00ebrsa kthime t\u00eb r\u00ebnd\u00ebsishme jan\u00eb b\u00ebr\u00eb n\u00eb p\u00ebrfaq\u00ebsuese n\u00eb prag t\u00eb ndeshjeve","og_url":"https:\/\/veritasinfo.org\/?p=37105","article_published_time":"2026-03-11T11:32:41+00:00","og_image":[{"width":1360,"height":870,"url":"https:\/\/veritasinfo.org\/wp-content\/uploads\/2026\/03\/a82a8dc3-45fb-4cd2-9c1b-5eec2d6dd43d.webp","type":"image\/webp"}],"author":"US5","twitter_card":"summary_large_image","twitter_misc":{"Written by":"US5","Est. reading time":"2 minutes"},"schema":{"@context":"https:\/\/schema.org","@graph":[{"@type":"WebPage","@id":"https:\/\/veritasinfo.org\/?p=37105","url":"https:\/\/veritasinfo.org\/?p=37105","name":"Nj\u00eb em\u00ebr i ri dhe kthime t\u00eb r\u00ebnd\u00ebsishme te Kosova -","isPartOf":{"@id":"https:\/\/veritasinfo.org\/#website"},"primaryImageOfPage":{"@id":"https:\/\/veritasinfo.org\/?p=37105#primaryimage"},"image":{"@id":"https:\/\/veritasinfo.org\/?p=37105#primaryimage"},"thumbnailUrl":"https:\/\/veritasinfo.org\/wp-content\/uploads\/2026\/03\/a82a8dc3-45fb-4cd2-9c1b-5eec2d6dd43d.webp","datePublished":"2026-03-11T11:32:41+00:00","author":{"@id":"https:\/\/veritasinfo.org\/#\/schema\/person\/bc442336e35414d04494ab8fb45db4c6"},"breadcrumb":{"@id":"https:\/\/veritasinfo.org\/?p=37105#breadcrumb"},"inLanguage":"en-US","potentialAction":[{"@type":"ReadAction","target":["https:\/\/veritasinfo.org\/?p=37105"]}]},{"@type":"ImageObject","inLanguage":"en-US","@id":"https:\/\/veritasinfo.org\/?p=37105#primaryimage","url":"https:\/\/veritasinfo.org\/wp-content\/uploads\/2026\/03\/a82a8dc3-45fb-4cd2-9c1b-5eec2d6dd43d.webp","contentUrl":"https:\/\/veritasinfo.org\/wp-content\/uploads\/2026\/03\/a82a8dc3-45fb-4cd2-9c1b-5eec2d6dd43d.webp","width":1360,"height":870},{"@type":"BreadcrumbList","@id":"https:\/\/veritasinfo.org\/?p=37105#breadcrumb","itemListElement":[{"@type":"ListItem","position":1,"name":"Home","item":"https:\/\/veritasinfo.org\/"},{"@type":"ListItem","position":2,"name":"Nj\u00eb em\u00ebr i ri dhe kthime t\u00eb r\u00ebnd\u00ebsishme te Kosova"}]},{"@type":"WebSite","@id":"https:\/\/veritasinfo.org\/#website","url":"https:\/\/veritasinfo.org\/","name":"","description":"","potentialAction":[{"@type":"SearchAction","target":{"@type":"EntryPoint","urlTemplate":"https:\/\/veritasinfo.org\/?s={search_term_string}"},"query-input":{"@type":"PropertyValueSpecification","valueRequired":true,"valueName":"search_term_string"}}],"inLanguage":"en-US"},{"@type":"Person","@id":"https:\/\/veritasinfo.org\/#\/schema\/person\/bc442336e35414d04494ab8fb45db4c6","name":"US5","image":{"@type":"ImageObject","inLanguage":"en-US","@id":"https:\/\/veritasinfo.org\/#\/schema\/person\/image\/","url":"https:\/\/secure.gravatar.com\/avatar\/16a61e7272a0c5d001121ebb9e60e925d5816e4ac1e443ed3e640d9a6ae55d0c?s=96&d=mm&r=g","contentUrl":"https:\/\/secure.gravatar.com\/avatar\/16a61e7272a0c5d001121ebb9e60e925d5816e4ac1e443ed3e640d9a6ae55d0c?s=96&d=mm&r=g","caption":"US5"},"url":"https:\/\/veritasinfo.org\/?author=6"}]}},"featured_image_urls":{"full":["https:\/\/veritasinfo.org\/wp-content\/uploads\/2026\/03\/a82a8dc3-45fb-4cd2-9c1b-5eec2d6dd43d.webp",1360,870,false],"thumbnail":["https:\/\/veritasinfo.org\/wp-content\/uploads\/2026\/03\/a82a8dc3-45fb-4cd2-9c1b-5eec2d6dd43d-150x150.webp",150,150,true],"medium":["https:\/\/veritasinfo.org\/wp-content\/uploads\/2026\/03\/a82a8dc3-45fb-4cd2-9c1b-5eec2d6dd43d-300x192.webp",300,192,true],"medium_large":["https:\/\/veritasinfo.org\/wp-content\/uploads\/2026\/03\/a82a8dc3-45fb-4cd2-9c1b-5eec2d6dd43d-768x491.webp",640,409,true],"large":["https:\/\/veritasinfo.org\/wp-content\/uploads\/2026\/03\/a82a8dc3-45fb-4cd2-9c1b-5eec2d6dd43d-1024x655.webp",640,409,true],"1536x1536":["https:\/\/veritasinfo.org\/wp-content\/uploads\/2026\/03\/a82a8dc3-45fb-4cd2-9c1b-5eec2d6dd43d.webp",1360,870,false],"2048x2048":["https:\/\/veritasinfo.org\/wp-content\/uploads\/2026\/03\/a82a8dc3-45fb-4cd2-9c1b-5eec2d6dd43d.webp",1360,870,false],"kreeti-slider-full":["https:\/\/veritasinfo.org\/wp-content\/uploads\/2026\/03\/a82a8dc3-45fb-4cd2-9c1b-5eec2d6dd43d.webp",1126,720,false],"kreeti-featured":["https:\/\/veritasinfo.org\/wp-content\/uploads\/2026\/03\/a82a8dc3-45fb-4cd2-9c1b-5eec2d6dd43d.webp",1024,655,false],"kreeti-medium":["https:\/\/veritasinfo.org\/wp-content\/uploads\/2026\/03\/a82a8dc3-45fb-4cd2-9c1b-5eec2d6dd43d.webp",720,461,false],"kreeti-medium-square":["https:\/\/veritasinfo.org\/wp-content\/uploads\/2026\/03\/a82a8dc3-45fb-4cd2-9c1b-5eec2d6dd43d.webp",350,224,false]},"author_info":{"info":["US5"]},"category_info":"<a href=\"https:\/\/veritasinfo.org\/?cat=5\" rel=\"category\">Sport<\/a>","tag_info":"Sport","comment_count":"0","_links":{"self":[{"href":"https:\/\/veritasinfo.org\/index.php?rest_route=\/wp\/v2\/posts\/37105","targetHints":{"allow":["GET"]}}],"collection":[{"href":"https:\/\/veritasinfo.org\/index.php?rest_route=\/wp\/v2\/posts"}],"about":[{"href":"https:\/\/veritasinfo.org\/index.php?rest_route=\/wp\/v2\/types\/post"}],"author":[{"embeddable":true,"href":"https:\/\/veritasinfo.org\/index.php?rest_route=\/wp\/v2\/users\/6"}],"replies":[{"embeddable":true,"href":"https:\/\/veritasinfo.org\/index.php?rest_route=%2Fwp%2Fv2%2Fcomments&post=37105"}],"version-history":[{"count":2,"href":"https:\/\/veritasinfo.org\/index.php?rest_route=\/wp\/v2\/posts\/37105\/revisions"}],"predecessor-version":[{"id":37108,"href":"https:\/\/veritasinfo.org\/index.php?rest_route=\/wp\/v2\/posts\/37105\/revisions\/37108"}],"wp:featuredmedia":[{"embeddable":true,"href":"https:\/\/veritasinfo.org\/index.php?rest_route=\/wp\/v2\/media\/37106"}],"wp:attachment":[{"href":"https:\/\/veritasinfo.org\/index.php?rest_route=%2Fwp%2Fv2%2Fmedia&parent=37105"}],"wp:term":[{"taxonomy":"category","embeddable":true,"href":"https:\/\/veritasinfo.org\/index.php?rest_route=%2Fwp%2Fv2%2Fcategories&post=37105"},{"taxonomy":"post_tag","embeddable":true,"href":"https:\/\/veritasinfo.org\/index.php?rest_route=%2Fwp%2Fv2%2Ftags&post=37105"}],"curies":[{"name":"wp","href":"https:\/\/api.w.org\/{rel}","templated":true}]}}