{"id":37073,"date":"2026-03-11T10:59:31","date_gmt":"2026-03-11T09:59:31","guid":{"rendered":"https:\/\/veritasinfo.org\/?p=37073"},"modified":"2026-03-11T10:59:31","modified_gmt":"2026-03-11T09:59:31","slug":"liga-e-kampioneve-sont-ne-rtk-duel-i-zjarrt-real-madrid-manchester-city","status":"publish","type":"post","link":"https:\/\/veritasinfo.org\/?p=37073","title":{"rendered":"Liga e Kampioneve: Sont n\u00eb RTK duel i zjarrt, Real Madrid- Manchester City"},"content":{"rendered":"<p>Prishtin\u00eb 11 Mars 2026 10:58<\/p>\n<p>Ndeshjet e para t\u00eb faz\u00ebs s\u00eb 1\/8-s s\u00eb finales t\u00eb gar\u00ebs m\u00eb prestigjioze p\u00ebr klube n\u00eb bot\u00eb, UEFA Champions League, do t\u00eb vazhdojn\u00eb sonte n\u00eb kat\u00ebr stadiume t\u00eb ndryshme evropiane. P\u00ebrballje e madhe mes Real Madrid dhe Manchester City, do t\u00eb zhvillohet n\u00eb Santiago Bernab\u00e9u n\u00eb or\u00ebn 21:00 dhe do t\u00eb transmetohet n\u00eb Radio Televizioni i Kosov\u00ebs (RTK).<\/p>\n<p>Takimi i par\u00eb i mbr\u00ebmjes do t\u00eb zhvillohet mes Bayer Leverkusen dhe Arsenal. Skuadra gjermane do ta pres\u00eb ekipin londinez n\u00eb BayArena, duke synuar nj\u00eb rezultat pozitiv para ndeshjes s\u00eb kthimit n\u00eb Lond\u00ebr.<\/p>\n<p>Arsenali, i drejtuar nga trajneri Mikel Arteta, po kalon nj\u00eb sezon shum\u00eb t\u00eb mir\u00eb dhe konsiderohet nj\u00eb nga ekipet m\u00eb konkurruese n\u00eb Evrop\u00eb k\u00ebt\u00eb edicion. Kjo ndeshje \u00ebsht\u00eb planifikuar t\u00eb filloj\u00eb nga ora 18:45.<\/p>\n<p>Nd\u00ebrkoh\u00eb, tri p\u00ebrballje t\u00eb tjera shum\u00eb interesante do t\u00eb zhvillohen duke filluar nga ora 21:00.<\/p>\n<p>P\u00ebrballja e madhe e mbr\u00ebmjes \u00ebsht\u00eb ajo mes Real Madrid dhe Manchester City, n\u00eb Santiago Bernab\u00e9u Stadium. K\u00ebta dy gjigant\u00eb t\u00eb futbollit evropian jan\u00eb p\u00ebrballur shpesh n\u00eb vitet e fundit n\u00eb UEFA Champions League dhe pritet nj\u00eb tjet\u00ebr duel i fort\u00eb mes tyre n\u00eb luft\u00eb p\u00ebr nj\u00eb vend n\u00eb \u00e7erekfinale.<\/p>\n<p>Nj\u00eb nga ndeshjet m\u00eb t\u00ebrheq\u00ebse t\u00eb mbr\u00ebmjes do t\u00eb jet\u00eb edhe ajo mes Paris Saint-Germain dhe Chelsea n\u00eb Parc des Princes.<\/p>\n<p>Kampioni francez hyn n\u00eb k\u00ebt\u00eb p\u00ebrballje me statusin e favoritit, duke qen\u00eb n\u00eb form\u00eb shum\u00eb t\u00eb mir\u00eb n\u00eb kampionatin vendas, nd\u00ebrsa skuadra londineze synon t\u00eb marr\u00eb nj\u00eb rezultat pozitiv n\u00eb udh\u00ebtim p\u00ebr t\u00eb mbajtur gjall\u00eb shpresat p\u00ebr kualifikim para ndeshjes s\u00eb kthimit n\u00eb Stamford Bridge.<\/p>\n<p>Nd\u00ebrkoh\u00eb, kampioni norvegjez Bod\u00f8\/Glimt do ta pres\u00eb Sportingun n\u00eb stadiumin Aspmyra Stadion, n\u00eb nj\u00eb p\u00ebrballje ku t\u00eb dy skuadrat synojn\u00eb t\u00eb b\u00ebjn\u00eb hapin e par\u00eb drejt kualifikimit n\u00eb faz\u00ebn tjet\u00ebr t\u00eb kompeticionit.<\/p>\n<p>Ndeshjet e kthimit t\u00eb k\u00ebsaj faze do t\u00eb zhvillohen m\u00eb 17 dhe 18 mars, ku do t\u00eb vendosen ekipet q\u00eb do t\u00eb sigurojn\u00eb nj\u00eb vend n\u00eb \u00e7erekfinalet e k\u00ebtij kompeticioni.<\/p>\n","protected":false},"excerpt":{"rendered":"<p>Prishtin\u00eb 11 Mars 2026 10:58 Ndeshjet e para t\u00eb faz\u00ebs s\u00eb 1\/8-s s\u00eb finales t\u00eb gar\u00ebs m\u00eb prestigjioze p\u00ebr klube n\u00eb bot\u00eb, UEFA Champions League,<\/p>\n","protected":false},"author":6,"featured_media":37074,"comment_status":"open","ping_status":"open","sticky":false,"template":"","format":"standard","meta":{"footnotes":""},"categories":[5],"tags":[],"class_list":["post-37073","post","type-post","status-publish","format-standard","has-post-thumbnail","hentry","category-sport-sq"],"yoast_head":"<!-- This site is optimized with the Yoast SEO plugin v25.3.1 - https:\/\/yoast.com\/wordpress\/plugins\/seo\/ -->\n<title>Liga e Kampioneve: Sont n\u00eb RTK duel i zjarrt, Real Madrid- Manchester City -<\/title>\n<meta name=\"robots\" content=\"index, follow, max-snippet:-1, max-image-preview:large, max-video-preview:-1\" \/>\n<link rel=\"canonical\" href=\"https:\/\/veritasinfo.org\/?p=37073\" \/>\n<meta property=\"og:locale\" content=\"en_US\" \/>\n<meta property=\"og:type\" content=\"article\" \/>\n<meta property=\"og:title\" content=\"Liga e Kampioneve: Sont n\u00eb RTK duel i zjarrt, Real Madrid- Manchester City -\" \/>\n<meta property=\"og:description\" content=\"Prishtin\u00eb 11 Mars 2026 10:58 Ndeshjet e para t\u00eb faz\u00ebs s\u00eb 1\/8-s s\u00eb finales t\u00eb gar\u00ebs m\u00eb prestigjioze p\u00ebr klube n\u00eb bot\u00eb, UEFA Champions League,\" \/>\n<meta property=\"og:url\" content=\"https:\/\/veritasinfo.org\/?p=37073\" \/>\n<meta property=\"article:published_time\" content=\"2026-03-11T09:59:31+00:00\" \/>\n<meta property=\"og:image\" content=\"https:\/\/veritasinfo.org\/wp-content\/uploads\/2026\/03\/719498-83IQTTYT90.jpg\" \/>\n\t<meta property=\"og:image:width\" content=\"780\" \/>\n\t<meta property=\"og:image:height\" content=\"500\" \/>\n\t<meta property=\"og:image:type\" content=\"image\/jpeg\" \/>\n<meta name=\"author\" content=\"US5\" \/>\n<meta name=\"twitter:card\" content=\"summary_large_image\" \/>\n<meta name=\"twitter:label1\" content=\"Written by\" \/>\n\t<meta name=\"twitter:data1\" content=\"US5\" \/>\n\t<meta name=\"twitter:label2\" content=\"Est. reading time\" \/>\n\t<meta name=\"twitter:data2\" content=\"2 minutes\" \/>\n<script type=\"application\/ld+json\" class=\"yoast-schema-graph\">{\"@context\":\"https:\/\/schema.org\",\"@graph\":[{\"@type\":\"WebPage\",\"@id\":\"https:\/\/veritasinfo.org\/?p=37073\",\"url\":\"https:\/\/veritasinfo.org\/?p=37073\",\"name\":\"Liga e Kampioneve: Sont n\u00eb RTK duel i zjarrt, Real Madrid- Manchester City -\",\"isPartOf\":{\"@id\":\"https:\/\/veritasinfo.org\/#website\"},\"primaryImageOfPage\":{\"@id\":\"https:\/\/veritasinfo.org\/?p=37073#primaryimage\"},\"image\":{\"@id\":\"https:\/\/veritasinfo.org\/?p=37073#primaryimage\"},\"thumbnailUrl\":\"https:\/\/veritasinfo.org\/wp-content\/uploads\/2026\/03\/719498-83IQTTYT90.jpg\",\"datePublished\":\"2026-03-11T09:59:31+00:00\",\"author\":{\"@id\":\"https:\/\/veritasinfo.org\/#\/schema\/person\/bc442336e35414d04494ab8fb45db4c6\"},\"breadcrumb\":{\"@id\":\"https:\/\/veritasinfo.org\/?p=37073#breadcrumb\"},\"inLanguage\":\"en-US\",\"potentialAction\":[{\"@type\":\"ReadAction\",\"target\":[\"https:\/\/veritasinfo.org\/?p=37073\"]}]},{\"@type\":\"ImageObject\",\"inLanguage\":\"en-US\",\"@id\":\"https:\/\/veritasinfo.org\/?p=37073#primaryimage\",\"url\":\"https:\/\/veritasinfo.org\/wp-content\/uploads\/2026\/03\/719498-83IQTTYT90.jpg\",\"contentUrl\":\"https:\/\/veritasinfo.org\/wp-content\/uploads\/2026\/03\/719498-83IQTTYT90.jpg\",\"width\":780,\"height\":500},{\"@type\":\"BreadcrumbList\",\"@id\":\"https:\/\/veritasinfo.org\/?p=37073#breadcrumb\",\"itemListElement\":[{\"@type\":\"ListItem\",\"position\":1,\"name\":\"Home\",\"item\":\"https:\/\/veritasinfo.org\/\"},{\"@type\":\"ListItem\",\"position\":2,\"name\":\"Liga e Kampioneve: Sont n\u00eb RTK duel i zjarrt, Real Madrid- Manchester City\"}]},{\"@type\":\"WebSite\",\"@id\":\"https:\/\/veritasinfo.org\/#website\",\"url\":\"https:\/\/veritasinfo.org\/\",\"name\":\"\",\"description\":\"\",\"potentialAction\":[{\"@type\":\"SearchAction\",\"target\":{\"@type\":\"EntryPoint\",\"urlTemplate\":\"https:\/\/veritasinfo.org\/?s={search_term_string}\"},\"query-input\":{\"@type\":\"PropertyValueSpecification\",\"valueRequired\":true,\"valueName\":\"search_term_string\"}}],\"inLanguage\":\"en-US\"},{\"@type\":\"Person\",\"@id\":\"https:\/\/veritasinfo.org\/#\/schema\/person\/bc442336e35414d04494ab8fb45db4c6\",\"name\":\"US5\",\"image\":{\"@type\":\"ImageObject\",\"inLanguage\":\"en-US\",\"@id\":\"https:\/\/veritasinfo.org\/#\/schema\/person\/image\/\",\"url\":\"https:\/\/secure.gravatar.com\/avatar\/16a61e7272a0c5d001121ebb9e60e925d5816e4ac1e443ed3e640d9a6ae55d0c?s=96&d=mm&r=g\",\"contentUrl\":\"https:\/\/secure.gravatar.com\/avatar\/16a61e7272a0c5d001121ebb9e60e925d5816e4ac1e443ed3e640d9a6ae55d0c?s=96&d=mm&r=g\",\"caption\":\"US5\"},\"url\":\"https:\/\/veritasinfo.org\/?author=6\"}]}<\/script>\n<!-- \/ Yoast SEO plugin. -->","yoast_head_json":{"title":"Liga e Kampioneve: Sont n\u00eb RTK duel i zjarrt, Real Madrid- Manchester City -","robots":{"index":"index","follow":"follow","max-snippet":"max-snippet:-1","max-image-preview":"max-image-preview:large","max-video-preview":"max-video-preview:-1"},"canonical":"https:\/\/veritasinfo.org\/?p=37073","og_locale":"en_US","og_type":"article","og_title":"Liga e Kampioneve: Sont n\u00eb RTK duel i zjarrt, Real Madrid- Manchester City -","og_description":"Prishtin\u00eb 11 Mars 2026 10:58 Ndeshjet e para t\u00eb faz\u00ebs s\u00eb 1\/8-s s\u00eb finales t\u00eb gar\u00ebs m\u00eb prestigjioze p\u00ebr klube n\u00eb bot\u00eb, UEFA Champions League,","og_url":"https:\/\/veritasinfo.org\/?p=37073","article_published_time":"2026-03-11T09:59:31+00:00","og_image":[{"width":780,"height":500,"url":"https:\/\/veritasinfo.org\/wp-content\/uploads\/2026\/03\/719498-83IQTTYT90.jpg","type":"image\/jpeg"}],"author":"US5","twitter_card":"summary_large_image","twitter_misc":{"Written by":"US5","Est. reading time":"2 minutes"},"schema":{"@context":"https:\/\/schema.org","@graph":[{"@type":"WebPage","@id":"https:\/\/veritasinfo.org\/?p=37073","url":"https:\/\/veritasinfo.org\/?p=37073","name":"Liga e Kampioneve: Sont n\u00eb RTK duel i zjarrt, Real Madrid- Manchester City -","isPartOf":{"@id":"https:\/\/veritasinfo.org\/#website"},"primaryImageOfPage":{"@id":"https:\/\/veritasinfo.org\/?p=37073#primaryimage"},"image":{"@id":"https:\/\/veritasinfo.org\/?p=37073#primaryimage"},"thumbnailUrl":"https:\/\/veritasinfo.org\/wp-content\/uploads\/2026\/03\/719498-83IQTTYT90.jpg","datePublished":"2026-03-11T09:59:31+00:00","author":{"@id":"https:\/\/veritasinfo.org\/#\/schema\/person\/bc442336e35414d04494ab8fb45db4c6"},"breadcrumb":{"@id":"https:\/\/veritasinfo.org\/?p=37073#breadcrumb"},"inLanguage":"en-US","potentialAction":[{"@type":"ReadAction","target":["https:\/\/veritasinfo.org\/?p=37073"]}]},{"@type":"ImageObject","inLanguage":"en-US","@id":"https:\/\/veritasinfo.org\/?p=37073#primaryimage","url":"https:\/\/veritasinfo.org\/wp-content\/uploads\/2026\/03\/719498-83IQTTYT90.jpg","contentUrl":"https:\/\/veritasinfo.org\/wp-content\/uploads\/2026\/03\/719498-83IQTTYT90.jpg","width":780,"height":500},{"@type":"BreadcrumbList","@id":"https:\/\/veritasinfo.org\/?p=37073#breadcrumb","itemListElement":[{"@type":"ListItem","position":1,"name":"Home","item":"https:\/\/veritasinfo.org\/"},{"@type":"ListItem","position":2,"name":"Liga e Kampioneve: Sont n\u00eb RTK duel i zjarrt, Real Madrid- Manchester City"}]},{"@type":"WebSite","@id":"https:\/\/veritasinfo.org\/#website","url":"https:\/\/veritasinfo.org\/","name":"","description":"","potentialAction":[{"@type":"SearchAction","target":{"@type":"EntryPoint","urlTemplate":"https:\/\/veritasinfo.org\/?s={search_term_string}"},"query-input":{"@type":"PropertyValueSpecification","valueRequired":true,"valueName":"search_term_string"}}],"inLanguage":"en-US"},{"@type":"Person","@id":"https:\/\/veritasinfo.org\/#\/schema\/person\/bc442336e35414d04494ab8fb45db4c6","name":"US5","image":{"@type":"ImageObject","inLanguage":"en-US","@id":"https:\/\/veritasinfo.org\/#\/schema\/person\/image\/","url":"https:\/\/secure.gravatar.com\/avatar\/16a61e7272a0c5d001121ebb9e60e925d5816e4ac1e443ed3e640d9a6ae55d0c?s=96&d=mm&r=g","contentUrl":"https:\/\/secure.gravatar.com\/avatar\/16a61e7272a0c5d001121ebb9e60e925d5816e4ac1e443ed3e640d9a6ae55d0c?s=96&d=mm&r=g","caption":"US5"},"url":"https:\/\/veritasinfo.org\/?author=6"}]}},"featured_image_urls":{"full":["https:\/\/veritasinfo.org\/wp-content\/uploads\/2026\/03\/719498-83IQTTYT90.jpg",780,500,false],"thumbnail":["https:\/\/veritasinfo.org\/wp-content\/uploads\/2026\/03\/719498-83IQTTYT90-150x150.jpg",150,150,true],"medium":["https:\/\/veritasinfo.org\/wp-content\/uploads\/2026\/03\/719498-83IQTTYT90-300x192.jpg",300,192,true],"medium_large":["https:\/\/veritasinfo.org\/wp-content\/uploads\/2026\/03\/719498-83IQTTYT90-768x492.jpg",640,410,true],"large":["https:\/\/veritasinfo.org\/wp-content\/uploads\/2026\/03\/719498-83IQTTYT90.jpg",640,410,false],"1536x1536":["https:\/\/veritasinfo.org\/wp-content\/uploads\/2026\/03\/719498-83IQTTYT90.jpg",780,500,false],"2048x2048":["https:\/\/veritasinfo.org\/wp-content\/uploads\/2026\/03\/719498-83IQTTYT90.jpg",780,500,false],"kreeti-slider-full":["https:\/\/veritasinfo.org\/wp-content\/uploads\/2026\/03\/719498-83IQTTYT90.jpg",780,500,false],"kreeti-featured":["https:\/\/veritasinfo.org\/wp-content\/uploads\/2026\/03\/719498-83IQTTYT90.jpg",780,500,false],"kreeti-medium":["https:\/\/veritasinfo.org\/wp-content\/uploads\/2026\/03\/719498-83IQTTYT90.jpg",720,462,false],"kreeti-medium-square":["https:\/\/veritasinfo.org\/wp-content\/uploads\/2026\/03\/719498-83IQTTYT90.jpg",350,224,false]},"author_info":{"info":["US5"]},"category_info":"<a href=\"https:\/\/veritasinfo.org\/?cat=5\" rel=\"category\">Sport<\/a>","tag_info":"Sport","comment_count":"0","_links":{"self":[{"href":"https:\/\/veritasinfo.org\/index.php?rest_route=\/wp\/v2\/posts\/37073","targetHints":{"allow":["GET"]}}],"collection":[{"href":"https:\/\/veritasinfo.org\/index.php?rest_route=\/wp\/v2\/posts"}],"about":[{"href":"https:\/\/veritasinfo.org\/index.php?rest_route=\/wp\/v2\/types\/post"}],"author":[{"embeddable":true,"href":"https:\/\/veritasinfo.org\/index.php?rest_route=\/wp\/v2\/users\/6"}],"replies":[{"embeddable":true,"href":"https:\/\/veritasinfo.org\/index.php?rest_route=%2Fwp%2Fv2%2Fcomments&post=37073"}],"version-history":[{"count":2,"href":"https:\/\/veritasinfo.org\/index.php?rest_route=\/wp\/v2\/posts\/37073\/revisions"}],"predecessor-version":[{"id":37076,"href":"https:\/\/veritasinfo.org\/index.php?rest_route=\/wp\/v2\/posts\/37073\/revisions\/37076"}],"wp:featuredmedia":[{"embeddable":true,"href":"https:\/\/veritasinfo.org\/index.php?rest_route=\/wp\/v2\/media\/37074"}],"wp:attachment":[{"href":"https:\/\/veritasinfo.org\/index.php?rest_route=%2Fwp%2Fv2%2Fmedia&parent=37073"}],"wp:term":[{"taxonomy":"category","embeddable":true,"href":"https:\/\/veritasinfo.org\/index.php?rest_route=%2Fwp%2Fv2%2Fcategories&post=37073"},{"taxonomy":"post_tag","embeddable":true,"href":"https:\/\/veritasinfo.org\/index.php?rest_route=%2Fwp%2Fv2%2Ftags&post=37073"}],"curies":[{"name":"wp","href":"https:\/\/api.w.org\/{rel}","templated":true}]}}