{"id":37061,"date":"2026-03-11T10:10:01","date_gmt":"2026-03-11T09:10:01","guid":{"rendered":"https:\/\/veritasinfo.org\/?p=37061"},"modified":"2026-03-11T10:10:01","modified_gmt":"2026-03-11T09:10:01","slug":"pacolli-ne-londer-takohet-me-pierce-diskutohet-forcimi-i-bashkepunimit","status":"publish","type":"post","link":"https:\/\/veritasinfo.org\/?p=37061","title":{"rendered":"Pacolli n\u00eb Lond\u00ebr takohet me Pierce, diskutohet forcimi i bashk\u00ebpunimit"},"content":{"rendered":"<p>Prishtin\u00eb 11 Mars 2026 10:09<\/p>\n<p>Ministrja e Mjedisit dhe Planifikimit Hap\u00ebsinor, Fitore Pacolli zhvilloi takim n\u00eb Lond\u00ebr me t\u00eb D\u00ebrguar\u00ebn Speciale t\u00eb Mbret\u00ebris\u00eb s\u00eb Bashkuar p\u00ebr Ballkanin Per\u00ebndimor, Dame Karen Pierce.<\/p>\n<p>N\u00eb k\u00ebt\u00eb takim, e shoq\u00ebruar nga Ambasadori i Kosov\u00ebs n\u00eb Lond\u00ebr, Ilir Kapiti, sipas njoftimit t\u00eb ministris\u00eb, u diskutua p\u00ebr forcimin e marr\u00ebdh\u00ebnieve bilaterale dhe bashk\u00ebpunimin e ngusht\u00eb mes dy vendeve.<\/p>\n<p>\u201cGjat\u00eb k\u00ebtij takimi, ministrja Pacolli prezantoi prioritetet e Ministris\u00eb s\u00eb Mjedisit dhe Planifikimit Hap\u00ebsinor, duke vler\u00ebsuar lart ndihm\u00ebn dhe ekspertiz\u00ebn e \u00e7muar britanike q\u00eb po mb\u00ebshtet reformat drejt zhvillimit t\u00eb Kosov\u00ebs. U theksua ve\u00e7an\u00ebrisht r\u00ebnd\u00ebsia e planifikimit hap\u00ebsinor si nj\u00eb mjet ky\u00e7 p\u00ebr t\u00eb garantuar gjith\u00ebp\u00ebrfshirje dhe barazi p\u00ebr t\u00eb gjith\u00eb qytetar\u00ebt pa dallim\u201d, njofton ministria.<\/p>\n<p>Po ashtu ministrja Pacolli shprehu mir\u00ebnjohje p\u00ebr pritjen e ngroht\u00eb t\u00eb Dame Karen Pierce dhe p\u00ebr gatishm\u00ebrin\u00eb e saj t\u00eb vazhdueshme p\u00ebr t\u00eb q\u00ebndruar krah Kosov\u00ebs n\u00eb adresimin e sfidave t\u00eb p\u00ebrbashk\u00ebta.<\/p>\n","protected":false},"excerpt":{"rendered":"<p>Prishtin\u00eb 11 Mars 2026 10:09 Ministrja e Mjedisit dhe Planifikimit Hap\u00ebsinor, Fitore Pacolli zhvilloi takim n\u00eb Lond\u00ebr me t\u00eb D\u00ebrguar\u00ebn Speciale t\u00eb Mbret\u00ebris\u00eb s\u00eb Bashkuar<\/p>\n","protected":false},"author":6,"featured_media":37062,"comment_status":"open","ping_status":"open","sticky":false,"template":"","format":"standard","meta":{"footnotes":""},"categories":[60],"tags":[],"class_list":["post-37061","post","type-post","status-publish","format-standard","has-post-thumbnail","hentry","category-shoqerore-sq"],"yoast_head":"<!-- This site is optimized with the Yoast SEO plugin v25.3.1 - https:\/\/yoast.com\/wordpress\/plugins\/seo\/ -->\n<title>Pacolli n\u00eb Lond\u00ebr takohet me Pierce, diskutohet forcimi i bashk\u00ebpunimit -<\/title>\n<meta name=\"robots\" content=\"index, follow, max-snippet:-1, max-image-preview:large, max-video-preview:-1\" \/>\n<link rel=\"canonical\" href=\"https:\/\/veritasinfo.org\/?p=37061\" \/>\n<meta property=\"og:locale\" content=\"en_US\" \/>\n<meta property=\"og:type\" content=\"article\" \/>\n<meta property=\"og:title\" content=\"Pacolli n\u00eb Lond\u00ebr takohet me Pierce, diskutohet forcimi i bashk\u00ebpunimit -\" \/>\n<meta property=\"og:description\" content=\"Prishtin\u00eb 11 Mars 2026 10:09 Ministrja e Mjedisit dhe Planifikimit Hap\u00ebsinor, Fitore Pacolli zhvilloi takim n\u00eb Lond\u00ebr me t\u00eb D\u00ebrguar\u00ebn Speciale t\u00eb Mbret\u00ebris\u00eb s\u00eb Bashkuar\" \/>\n<meta property=\"og:url\" content=\"https:\/\/veritasinfo.org\/?p=37061\" \/>\n<meta property=\"article:published_time\" content=\"2026-03-11T09:10:01+00:00\" \/>\n<meta property=\"og:image\" content=\"https:\/\/veritasinfo.org\/wp-content\/uploads\/2026\/03\/719500-nf1ef8aVVT.jpg\" \/>\n\t<meta property=\"og:image:width\" content=\"780\" \/>\n\t<meta property=\"og:image:height\" content=\"500\" \/>\n\t<meta property=\"og:image:type\" content=\"image\/jpeg\" \/>\n<meta name=\"author\" content=\"US5\" \/>\n<meta name=\"twitter:card\" content=\"summary_large_image\" \/>\n<meta name=\"twitter:label1\" content=\"Written by\" \/>\n\t<meta name=\"twitter:data1\" content=\"US5\" \/>\n\t<meta name=\"twitter:label2\" content=\"Est. reading time\" \/>\n\t<meta name=\"twitter:data2\" content=\"1 minute\" \/>\n<script type=\"application\/ld+json\" class=\"yoast-schema-graph\">{\"@context\":\"https:\/\/schema.org\",\"@graph\":[{\"@type\":\"WebPage\",\"@id\":\"https:\/\/veritasinfo.org\/?p=37061\",\"url\":\"https:\/\/veritasinfo.org\/?p=37061\",\"name\":\"Pacolli n\u00eb Lond\u00ebr takohet me Pierce, diskutohet forcimi i bashk\u00ebpunimit -\",\"isPartOf\":{\"@id\":\"https:\/\/veritasinfo.org\/#website\"},\"primaryImageOfPage\":{\"@id\":\"https:\/\/veritasinfo.org\/?p=37061#primaryimage\"},\"image\":{\"@id\":\"https:\/\/veritasinfo.org\/?p=37061#primaryimage\"},\"thumbnailUrl\":\"https:\/\/veritasinfo.org\/wp-content\/uploads\/2026\/03\/719500-nf1ef8aVVT.jpg\",\"datePublished\":\"2026-03-11T09:10:01+00:00\",\"author\":{\"@id\":\"https:\/\/veritasinfo.org\/#\/schema\/person\/bc442336e35414d04494ab8fb45db4c6\"},\"breadcrumb\":{\"@id\":\"https:\/\/veritasinfo.org\/?p=37061#breadcrumb\"},\"inLanguage\":\"en-US\",\"potentialAction\":[{\"@type\":\"ReadAction\",\"target\":[\"https:\/\/veritasinfo.org\/?p=37061\"]}]},{\"@type\":\"ImageObject\",\"inLanguage\":\"en-US\",\"@id\":\"https:\/\/veritasinfo.org\/?p=37061#primaryimage\",\"url\":\"https:\/\/veritasinfo.org\/wp-content\/uploads\/2026\/03\/719500-nf1ef8aVVT.jpg\",\"contentUrl\":\"https:\/\/veritasinfo.org\/wp-content\/uploads\/2026\/03\/719500-nf1ef8aVVT.jpg\",\"width\":780,\"height\":500},{\"@type\":\"BreadcrumbList\",\"@id\":\"https:\/\/veritasinfo.org\/?p=37061#breadcrumb\",\"itemListElement\":[{\"@type\":\"ListItem\",\"position\":1,\"name\":\"Home\",\"item\":\"https:\/\/veritasinfo.org\/\"},{\"@type\":\"ListItem\",\"position\":2,\"name\":\"Pacolli n\u00eb Lond\u00ebr takohet me Pierce, diskutohet forcimi i bashk\u00ebpunimit\"}]},{\"@type\":\"WebSite\",\"@id\":\"https:\/\/veritasinfo.org\/#website\",\"url\":\"https:\/\/veritasinfo.org\/\",\"name\":\"\",\"description\":\"\",\"potentialAction\":[{\"@type\":\"SearchAction\",\"target\":{\"@type\":\"EntryPoint\",\"urlTemplate\":\"https:\/\/veritasinfo.org\/?s={search_term_string}\"},\"query-input\":{\"@type\":\"PropertyValueSpecification\",\"valueRequired\":true,\"valueName\":\"search_term_string\"}}],\"inLanguage\":\"en-US\"},{\"@type\":\"Person\",\"@id\":\"https:\/\/veritasinfo.org\/#\/schema\/person\/bc442336e35414d04494ab8fb45db4c6\",\"name\":\"US5\",\"image\":{\"@type\":\"ImageObject\",\"inLanguage\":\"en-US\",\"@id\":\"https:\/\/veritasinfo.org\/#\/schema\/person\/image\/\",\"url\":\"https:\/\/secure.gravatar.com\/avatar\/16a61e7272a0c5d001121ebb9e60e925d5816e4ac1e443ed3e640d9a6ae55d0c?s=96&d=mm&r=g\",\"contentUrl\":\"https:\/\/secure.gravatar.com\/avatar\/16a61e7272a0c5d001121ebb9e60e925d5816e4ac1e443ed3e640d9a6ae55d0c?s=96&d=mm&r=g\",\"caption\":\"US5\"},\"url\":\"https:\/\/veritasinfo.org\/?author=6\"}]}<\/script>\n<!-- \/ Yoast SEO plugin. -->","yoast_head_json":{"title":"Pacolli n\u00eb Lond\u00ebr takohet me Pierce, diskutohet forcimi i bashk\u00ebpunimit -","robots":{"index":"index","follow":"follow","max-snippet":"max-snippet:-1","max-image-preview":"max-image-preview:large","max-video-preview":"max-video-preview:-1"},"canonical":"https:\/\/veritasinfo.org\/?p=37061","og_locale":"en_US","og_type":"article","og_title":"Pacolli n\u00eb Lond\u00ebr takohet me Pierce, diskutohet forcimi i bashk\u00ebpunimit -","og_description":"Prishtin\u00eb 11 Mars 2026 10:09 Ministrja e Mjedisit dhe Planifikimit Hap\u00ebsinor, Fitore Pacolli zhvilloi takim n\u00eb Lond\u00ebr me t\u00eb D\u00ebrguar\u00ebn Speciale t\u00eb Mbret\u00ebris\u00eb s\u00eb Bashkuar","og_url":"https:\/\/veritasinfo.org\/?p=37061","article_published_time":"2026-03-11T09:10:01+00:00","og_image":[{"width":780,"height":500,"url":"https:\/\/veritasinfo.org\/wp-content\/uploads\/2026\/03\/719500-nf1ef8aVVT.jpg","type":"image\/jpeg"}],"author":"US5","twitter_card":"summary_large_image","twitter_misc":{"Written by":"US5","Est. reading time":"1 minute"},"schema":{"@context":"https:\/\/schema.org","@graph":[{"@type":"WebPage","@id":"https:\/\/veritasinfo.org\/?p=37061","url":"https:\/\/veritasinfo.org\/?p=37061","name":"Pacolli n\u00eb Lond\u00ebr takohet me Pierce, diskutohet forcimi i bashk\u00ebpunimit -","isPartOf":{"@id":"https:\/\/veritasinfo.org\/#website"},"primaryImageOfPage":{"@id":"https:\/\/veritasinfo.org\/?p=37061#primaryimage"},"image":{"@id":"https:\/\/veritasinfo.org\/?p=37061#primaryimage"},"thumbnailUrl":"https:\/\/veritasinfo.org\/wp-content\/uploads\/2026\/03\/719500-nf1ef8aVVT.jpg","datePublished":"2026-03-11T09:10:01+00:00","author":{"@id":"https:\/\/veritasinfo.org\/#\/schema\/person\/bc442336e35414d04494ab8fb45db4c6"},"breadcrumb":{"@id":"https:\/\/veritasinfo.org\/?p=37061#breadcrumb"},"inLanguage":"en-US","potentialAction":[{"@type":"ReadAction","target":["https:\/\/veritasinfo.org\/?p=37061"]}]},{"@type":"ImageObject","inLanguage":"en-US","@id":"https:\/\/veritasinfo.org\/?p=37061#primaryimage","url":"https:\/\/veritasinfo.org\/wp-content\/uploads\/2026\/03\/719500-nf1ef8aVVT.jpg","contentUrl":"https:\/\/veritasinfo.org\/wp-content\/uploads\/2026\/03\/719500-nf1ef8aVVT.jpg","width":780,"height":500},{"@type":"BreadcrumbList","@id":"https:\/\/veritasinfo.org\/?p=37061#breadcrumb","itemListElement":[{"@type":"ListItem","position":1,"name":"Home","item":"https:\/\/veritasinfo.org\/"},{"@type":"ListItem","position":2,"name":"Pacolli n\u00eb Lond\u00ebr takohet me Pierce, diskutohet forcimi i bashk\u00ebpunimit"}]},{"@type":"WebSite","@id":"https:\/\/veritasinfo.org\/#website","url":"https:\/\/veritasinfo.org\/","name":"","description":"","potentialAction":[{"@type":"SearchAction","target":{"@type":"EntryPoint","urlTemplate":"https:\/\/veritasinfo.org\/?s={search_term_string}"},"query-input":{"@type":"PropertyValueSpecification","valueRequired":true,"valueName":"search_term_string"}}],"inLanguage":"en-US"},{"@type":"Person","@id":"https:\/\/veritasinfo.org\/#\/schema\/person\/bc442336e35414d04494ab8fb45db4c6","name":"US5","image":{"@type":"ImageObject","inLanguage":"en-US","@id":"https:\/\/veritasinfo.org\/#\/schema\/person\/image\/","url":"https:\/\/secure.gravatar.com\/avatar\/16a61e7272a0c5d001121ebb9e60e925d5816e4ac1e443ed3e640d9a6ae55d0c?s=96&d=mm&r=g","contentUrl":"https:\/\/secure.gravatar.com\/avatar\/16a61e7272a0c5d001121ebb9e60e925d5816e4ac1e443ed3e640d9a6ae55d0c?s=96&d=mm&r=g","caption":"US5"},"url":"https:\/\/veritasinfo.org\/?author=6"}]}},"featured_image_urls":{"full":["https:\/\/veritasinfo.org\/wp-content\/uploads\/2026\/03\/719500-nf1ef8aVVT.jpg",780,500,false],"thumbnail":["https:\/\/veritasinfo.org\/wp-content\/uploads\/2026\/03\/719500-nf1ef8aVVT-150x150.jpg",150,150,true],"medium":["https:\/\/veritasinfo.org\/wp-content\/uploads\/2026\/03\/719500-nf1ef8aVVT-300x192.jpg",300,192,true],"medium_large":["https:\/\/veritasinfo.org\/wp-content\/uploads\/2026\/03\/719500-nf1ef8aVVT-768x492.jpg",640,410,true],"large":["https:\/\/veritasinfo.org\/wp-content\/uploads\/2026\/03\/719500-nf1ef8aVVT.jpg",640,410,false],"1536x1536":["https:\/\/veritasinfo.org\/wp-content\/uploads\/2026\/03\/719500-nf1ef8aVVT.jpg",780,500,false],"2048x2048":["https:\/\/veritasinfo.org\/wp-content\/uploads\/2026\/03\/719500-nf1ef8aVVT.jpg",780,500,false],"kreeti-slider-full":["https:\/\/veritasinfo.org\/wp-content\/uploads\/2026\/03\/719500-nf1ef8aVVT.jpg",780,500,false],"kreeti-featured":["https:\/\/veritasinfo.org\/wp-content\/uploads\/2026\/03\/719500-nf1ef8aVVT.jpg",780,500,false],"kreeti-medium":["https:\/\/veritasinfo.org\/wp-content\/uploads\/2026\/03\/719500-nf1ef8aVVT.jpg",720,462,false],"kreeti-medium-square":["https:\/\/veritasinfo.org\/wp-content\/uploads\/2026\/03\/719500-nf1ef8aVVT.jpg",350,224,false]},"author_info":{"info":["US5"]},"category_info":"<a href=\"https:\/\/veritasinfo.org\/?cat=60\" rel=\"category\">Shoq\u00ebrore<\/a>","tag_info":"Shoq\u00ebrore","comment_count":"0","_links":{"self":[{"href":"https:\/\/veritasinfo.org\/index.php?rest_route=\/wp\/v2\/posts\/37061","targetHints":{"allow":["GET"]}}],"collection":[{"href":"https:\/\/veritasinfo.org\/index.php?rest_route=\/wp\/v2\/posts"}],"about":[{"href":"https:\/\/veritasinfo.org\/index.php?rest_route=\/wp\/v2\/types\/post"}],"author":[{"embeddable":true,"href":"https:\/\/veritasinfo.org\/index.php?rest_route=\/wp\/v2\/users\/6"}],"replies":[{"embeddable":true,"href":"https:\/\/veritasinfo.org\/index.php?rest_route=%2Fwp%2Fv2%2Fcomments&post=37061"}],"version-history":[{"count":2,"href":"https:\/\/veritasinfo.org\/index.php?rest_route=\/wp\/v2\/posts\/37061\/revisions"}],"predecessor-version":[{"id":37064,"href":"https:\/\/veritasinfo.org\/index.php?rest_route=\/wp\/v2\/posts\/37061\/revisions\/37064"}],"wp:featuredmedia":[{"embeddable":true,"href":"https:\/\/veritasinfo.org\/index.php?rest_route=\/wp\/v2\/media\/37062"}],"wp:attachment":[{"href":"https:\/\/veritasinfo.org\/index.php?rest_route=%2Fwp%2Fv2%2Fmedia&parent=37061"}],"wp:term":[{"taxonomy":"category","embeddable":true,"href":"https:\/\/veritasinfo.org\/index.php?rest_route=%2Fwp%2Fv2%2Fcategories&post=37061"},{"taxonomy":"post_tag","embeddable":true,"href":"https:\/\/veritasinfo.org\/index.php?rest_route=%2Fwp%2Fv2%2Ftags&post=37061"}],"curies":[{"name":"wp","href":"https:\/\/api.w.org\/{rel}","templated":true}]}}