{"id":37044,"date":"2026-03-11T08:35:51","date_gmt":"2026-03-11T07:35:51","guid":{"rendered":"https:\/\/veritasinfo.org\/?p=37044"},"modified":"2026-03-11T08:37:54","modified_gmt":"2026-03-11T07:37:54","slug":"rreth-2-milione-euro-deme-nga-vershimet-e-janarit-ne-drenas","status":"publish","type":"post","link":"https:\/\/veritasinfo.org\/?p=37044","title":{"rendered":"Rreth 2 milion\u00eb  euro d\u00ebme nga v\u00ebrshimet e janarit n\u00eb Drenas"},"content":{"rendered":"<p>Drenas, 11 mars 2026 08:29<\/p>\n<p>Komisioni Komunal p\u00ebr vler\u00ebsimin e d\u00ebmeve nga fatkeq\u00ebsit\u00eb natyrore n\u00eb Komun\u00ebn e Drenasit ka dor\u00ebzuar raportin p\u00ebrfundimtar lidhur me d\u00ebmet e shkaktuara nga v\u00ebrshimet e muajit janar t\u00eb k\u00ebtij viti.<\/p>\n<p>Z\u00ebdh\u00ebn\u00ebsi i Komun\u00ebs s\u00eb Drenasit, Bekim Dobra, ka th\u00ebn\u00eb p\u00ebr Veritasinfo se pas nj\u00eb pune t\u00eb gjat\u00eb dhe vler\u00ebsimit n\u00eb terren, raporti p\u00ebrfundimtar dhe dosja e plot\u00eb jan\u00eb dor\u00ebzuar pran\u00eb Komisionit Qeveritar n\u00eb Agjencin\u00eb p\u00ebr Menaxhimin e Emergjencave (AME).<\/p>\n<p>\u201cPas nj\u00eb pune t\u00eb gjat\u00eb dhe t\u00eb p\u00ebrkushtuar, sot Komisioni Komunal p\u00ebr vler\u00ebsimin e d\u00ebmeve nga fatkeq\u00ebsit\u00eb natyrore dhe fatkeq\u00ebsit\u00eb e tjera ka dor\u00ebzuar raportin p\u00ebrfundimtar dhe dosjen e plot\u00eb pran\u00eb Komisionit Qeveritar n\u00eb Agjencin\u00eb p\u00ebr Menaxhimin e Emergjencave\u201d, \u00ebsht\u00eb shprehur Dobra.<\/p>\n<p>Sipas tij d\u00ebmet e shkaktuara nga v\u00ebrshimet kapin vler\u00ebn mbi 1.5 milion\u00eb euro n\u00eb ekonomi familjare, bujq\u00ebsi dhe biznese, nd\u00ebrsa n\u00eb infrastruktur\u00ebn publike \u2013 p\u00ebrfshir\u00eb rrug\u00ebt, urat dhe l\u00ebshesat \u2013 d\u00ebmet vler\u00ebsohen rreth 400 mij\u00eb euro.<\/p>\n<p>Me dor\u00ebzimin e k\u00ebtij raporti p\u00ebrmbyllet procesi i vler\u00ebsimit n\u00eb nivel komunal, nd\u00ebrsa procedura tashm\u00eb kalon n\u00eb nivel qeveritar, ku pritet t\u00eb vazhdoj\u00eb shqyrtimi dhe procedimi p\u00ebr kompensimin financiar t\u00eb qytetar\u00ebve q\u00eb p\u00ebsuan d\u00ebme nga v\u00ebrshimet.<\/p>\n<p>Komuna e Drenasit ka fal\u00ebnderuar an\u00ebtar\u00ebt e Komisionit Komunal p\u00ebr pun\u00ebn profesionale dhe angazhimin gjat\u00eb gjith\u00eb procesit t\u00eb vler\u00ebsimit, si dhe qytetar\u00ebt p\u00ebr bashk\u00ebpunimin dhe mir\u00ebkuptimin e treguar gjat\u00eb k\u00ebsaj periudhe.<\/p>\n","protected":false},"excerpt":{"rendered":"<p>Drenas, 11 mars 2026 08:29 Komisioni Komunal p\u00ebr vler\u00ebsimin e d\u00ebmeve nga fatkeq\u00ebsit\u00eb natyrore n\u00eb Komun\u00ebn e Drenasit ka dor\u00ebzuar raportin p\u00ebrfundimtar lidhur me d\u00ebmet<\/p>\n","protected":false},"author":6,"featured_media":37045,"comment_status":"open","ping_status":"open","sticky":false,"template":"","format":"standard","meta":{"footnotes":""},"categories":[52],"tags":[],"class_list":["post-37044","post","type-post","status-publish","format-standard","has-post-thumbnail","hentry","category-komunat-sq"],"yoast_head":"<!-- This site is optimized with the Yoast SEO plugin v25.3.1 - https:\/\/yoast.com\/wordpress\/plugins\/seo\/ -->\n<title>Rreth 2 milion\u00eb euro d\u00ebme nga v\u00ebrshimet e janarit n\u00eb Drenas -<\/title>\n<meta name=\"robots\" content=\"index, follow, max-snippet:-1, max-image-preview:large, max-video-preview:-1\" \/>\n<link rel=\"canonical\" href=\"https:\/\/veritasinfo.org\/?p=37044\" \/>\n<meta property=\"og:locale\" content=\"en_US\" \/>\n<meta property=\"og:type\" content=\"article\" \/>\n<meta property=\"og:title\" content=\"Rreth 2 milion\u00eb euro d\u00ebme nga v\u00ebrshimet e janarit n\u00eb Drenas -\" \/>\n<meta property=\"og:description\" content=\"Drenas, 11 mars 2026 08:29 Komisioni Komunal p\u00ebr vler\u00ebsimin e d\u00ebmeve nga fatkeq\u00ebsit\u00eb natyrore n\u00eb Komun\u00ebn e Drenasit ka dor\u00ebzuar raportin p\u00ebrfundimtar lidhur me d\u00ebmet\" \/>\n<meta property=\"og:url\" content=\"https:\/\/veritasinfo.org\/?p=37044\" \/>\n<meta property=\"article:published_time\" content=\"2026-03-11T07:35:51+00:00\" \/>\n<meta property=\"article:modified_time\" content=\"2026-03-11T07:37:54+00:00\" \/>\n<meta property=\"og:image\" content=\"https:\/\/veritasinfo.org\/wp-content\/uploads\/2026\/03\/IMG-20260311-WA0001-1.jpg\" \/>\n\t<meta property=\"og:image:width\" content=\"1536\" \/>\n\t<meta property=\"og:image:height\" content=\"1428\" \/>\n\t<meta property=\"og:image:type\" content=\"image\/jpeg\" \/>\n<meta name=\"author\" content=\"US5\" \/>\n<meta name=\"twitter:card\" content=\"summary_large_image\" \/>\n<meta name=\"twitter:label1\" content=\"Written by\" \/>\n\t<meta name=\"twitter:data1\" content=\"US5\" \/>\n\t<meta name=\"twitter:label2\" content=\"Est. reading time\" \/>\n\t<meta name=\"twitter:data2\" content=\"2 minutes\" \/>\n<script type=\"application\/ld+json\" class=\"yoast-schema-graph\">{\"@context\":\"https:\/\/schema.org\",\"@graph\":[{\"@type\":\"WebPage\",\"@id\":\"https:\/\/veritasinfo.org\/?p=37044\",\"url\":\"https:\/\/veritasinfo.org\/?p=37044\",\"name\":\"Rreth 2 milion\u00eb euro d\u00ebme nga v\u00ebrshimet e janarit n\u00eb Drenas -\",\"isPartOf\":{\"@id\":\"https:\/\/veritasinfo.org\/#website\"},\"primaryImageOfPage\":{\"@id\":\"https:\/\/veritasinfo.org\/?p=37044#primaryimage\"},\"image\":{\"@id\":\"https:\/\/veritasinfo.org\/?p=37044#primaryimage\"},\"thumbnailUrl\":\"https:\/\/veritasinfo.org\/wp-content\/uploads\/2026\/03\/IMG-20260311-WA0001-1.jpg\",\"datePublished\":\"2026-03-11T07:35:51+00:00\",\"dateModified\":\"2026-03-11T07:37:54+00:00\",\"author\":{\"@id\":\"https:\/\/veritasinfo.org\/#\/schema\/person\/bc442336e35414d04494ab8fb45db4c6\"},\"breadcrumb\":{\"@id\":\"https:\/\/veritasinfo.org\/?p=37044#breadcrumb\"},\"inLanguage\":\"en-US\",\"potentialAction\":[{\"@type\":\"ReadAction\",\"target\":[\"https:\/\/veritasinfo.org\/?p=37044\"]}]},{\"@type\":\"ImageObject\",\"inLanguage\":\"en-US\",\"@id\":\"https:\/\/veritasinfo.org\/?p=37044#primaryimage\",\"url\":\"https:\/\/veritasinfo.org\/wp-content\/uploads\/2026\/03\/IMG-20260311-WA0001-1.jpg\",\"contentUrl\":\"https:\/\/veritasinfo.org\/wp-content\/uploads\/2026\/03\/IMG-20260311-WA0001-1.jpg\",\"width\":1536,\"height\":1428},{\"@type\":\"BreadcrumbList\",\"@id\":\"https:\/\/veritasinfo.org\/?p=37044#breadcrumb\",\"itemListElement\":[{\"@type\":\"ListItem\",\"position\":1,\"name\":\"Home\",\"item\":\"https:\/\/veritasinfo.org\/\"},{\"@type\":\"ListItem\",\"position\":2,\"name\":\"Rreth 2 milion\u00eb euro d\u00ebme nga v\u00ebrshimet e janarit n\u00eb Drenas\"}]},{\"@type\":\"WebSite\",\"@id\":\"https:\/\/veritasinfo.org\/#website\",\"url\":\"https:\/\/veritasinfo.org\/\",\"name\":\"\",\"description\":\"\",\"potentialAction\":[{\"@type\":\"SearchAction\",\"target\":{\"@type\":\"EntryPoint\",\"urlTemplate\":\"https:\/\/veritasinfo.org\/?s={search_term_string}\"},\"query-input\":{\"@type\":\"PropertyValueSpecification\",\"valueRequired\":true,\"valueName\":\"search_term_string\"}}],\"inLanguage\":\"en-US\"},{\"@type\":\"Person\",\"@id\":\"https:\/\/veritasinfo.org\/#\/schema\/person\/bc442336e35414d04494ab8fb45db4c6\",\"name\":\"US5\",\"image\":{\"@type\":\"ImageObject\",\"inLanguage\":\"en-US\",\"@id\":\"https:\/\/veritasinfo.org\/#\/schema\/person\/image\/\",\"url\":\"https:\/\/secure.gravatar.com\/avatar\/16a61e7272a0c5d001121ebb9e60e925d5816e4ac1e443ed3e640d9a6ae55d0c?s=96&d=mm&r=g\",\"contentUrl\":\"https:\/\/secure.gravatar.com\/avatar\/16a61e7272a0c5d001121ebb9e60e925d5816e4ac1e443ed3e640d9a6ae55d0c?s=96&d=mm&r=g\",\"caption\":\"US5\"},\"url\":\"https:\/\/veritasinfo.org\/?author=6\"}]}<\/script>\n<!-- \/ Yoast SEO plugin. -->","yoast_head_json":{"title":"Rreth 2 milion\u00eb euro d\u00ebme nga v\u00ebrshimet e janarit n\u00eb Drenas -","robots":{"index":"index","follow":"follow","max-snippet":"max-snippet:-1","max-image-preview":"max-image-preview:large","max-video-preview":"max-video-preview:-1"},"canonical":"https:\/\/veritasinfo.org\/?p=37044","og_locale":"en_US","og_type":"article","og_title":"Rreth 2 milion\u00eb euro d\u00ebme nga v\u00ebrshimet e janarit n\u00eb Drenas -","og_description":"Drenas, 11 mars 2026 08:29 Komisioni Komunal p\u00ebr vler\u00ebsimin e d\u00ebmeve nga fatkeq\u00ebsit\u00eb natyrore n\u00eb Komun\u00ebn e Drenasit ka dor\u00ebzuar raportin p\u00ebrfundimtar lidhur me d\u00ebmet","og_url":"https:\/\/veritasinfo.org\/?p=37044","article_published_time":"2026-03-11T07:35:51+00:00","article_modified_time":"2026-03-11T07:37:54+00:00","og_image":[{"width":1536,"height":1428,"url":"https:\/\/veritasinfo.org\/wp-content\/uploads\/2026\/03\/IMG-20260311-WA0001-1.jpg","type":"image\/jpeg"}],"author":"US5","twitter_card":"summary_large_image","twitter_misc":{"Written by":"US5","Est. reading time":"2 minutes"},"schema":{"@context":"https:\/\/schema.org","@graph":[{"@type":"WebPage","@id":"https:\/\/veritasinfo.org\/?p=37044","url":"https:\/\/veritasinfo.org\/?p=37044","name":"Rreth 2 milion\u00eb euro d\u00ebme nga v\u00ebrshimet e janarit n\u00eb Drenas -","isPartOf":{"@id":"https:\/\/veritasinfo.org\/#website"},"primaryImageOfPage":{"@id":"https:\/\/veritasinfo.org\/?p=37044#primaryimage"},"image":{"@id":"https:\/\/veritasinfo.org\/?p=37044#primaryimage"},"thumbnailUrl":"https:\/\/veritasinfo.org\/wp-content\/uploads\/2026\/03\/IMG-20260311-WA0001-1.jpg","datePublished":"2026-03-11T07:35:51+00:00","dateModified":"2026-03-11T07:37:54+00:00","author":{"@id":"https:\/\/veritasinfo.org\/#\/schema\/person\/bc442336e35414d04494ab8fb45db4c6"},"breadcrumb":{"@id":"https:\/\/veritasinfo.org\/?p=37044#breadcrumb"},"inLanguage":"en-US","potentialAction":[{"@type":"ReadAction","target":["https:\/\/veritasinfo.org\/?p=37044"]}]},{"@type":"ImageObject","inLanguage":"en-US","@id":"https:\/\/veritasinfo.org\/?p=37044#primaryimage","url":"https:\/\/veritasinfo.org\/wp-content\/uploads\/2026\/03\/IMG-20260311-WA0001-1.jpg","contentUrl":"https:\/\/veritasinfo.org\/wp-content\/uploads\/2026\/03\/IMG-20260311-WA0001-1.jpg","width":1536,"height":1428},{"@type":"BreadcrumbList","@id":"https:\/\/veritasinfo.org\/?p=37044#breadcrumb","itemListElement":[{"@type":"ListItem","position":1,"name":"Home","item":"https:\/\/veritasinfo.org\/"},{"@type":"ListItem","position":2,"name":"Rreth 2 milion\u00eb euro d\u00ebme nga v\u00ebrshimet e janarit n\u00eb Drenas"}]},{"@type":"WebSite","@id":"https:\/\/veritasinfo.org\/#website","url":"https:\/\/veritasinfo.org\/","name":"","description":"","potentialAction":[{"@type":"SearchAction","target":{"@type":"EntryPoint","urlTemplate":"https:\/\/veritasinfo.org\/?s={search_term_string}"},"query-input":{"@type":"PropertyValueSpecification","valueRequired":true,"valueName":"search_term_string"}}],"inLanguage":"en-US"},{"@type":"Person","@id":"https:\/\/veritasinfo.org\/#\/schema\/person\/bc442336e35414d04494ab8fb45db4c6","name":"US5","image":{"@type":"ImageObject","inLanguage":"en-US","@id":"https:\/\/veritasinfo.org\/#\/schema\/person\/image\/","url":"https:\/\/secure.gravatar.com\/avatar\/16a61e7272a0c5d001121ebb9e60e925d5816e4ac1e443ed3e640d9a6ae55d0c?s=96&d=mm&r=g","contentUrl":"https:\/\/secure.gravatar.com\/avatar\/16a61e7272a0c5d001121ebb9e60e925d5816e4ac1e443ed3e640d9a6ae55d0c?s=96&d=mm&r=g","caption":"US5"},"url":"https:\/\/veritasinfo.org\/?author=6"}]}},"featured_image_urls":{"full":["https:\/\/veritasinfo.org\/wp-content\/uploads\/2026\/03\/IMG-20260311-WA0001-1.jpg",1536,1428,false],"thumbnail":["https:\/\/veritasinfo.org\/wp-content\/uploads\/2026\/03\/IMG-20260311-WA0001-1-150x150.jpg",150,150,true],"medium":["https:\/\/veritasinfo.org\/wp-content\/uploads\/2026\/03\/IMG-20260311-WA0001-1-300x279.jpg",300,279,true],"medium_large":["https:\/\/veritasinfo.org\/wp-content\/uploads\/2026\/03\/IMG-20260311-WA0001-1-768x714.jpg",640,595,true],"large":["https:\/\/veritasinfo.org\/wp-content\/uploads\/2026\/03\/IMG-20260311-WA0001-1-1024x952.jpg",640,595,true],"1536x1536":["https:\/\/veritasinfo.org\/wp-content\/uploads\/2026\/03\/IMG-20260311-WA0001-1.jpg",1536,1428,false],"2048x2048":["https:\/\/veritasinfo.org\/wp-content\/uploads\/2026\/03\/IMG-20260311-WA0001-1.jpg",1536,1428,false],"kreeti-slider-full":["https:\/\/veritasinfo.org\/wp-content\/uploads\/2026\/03\/IMG-20260311-WA0001-1.jpg",774,720,false],"kreeti-featured":["https:\/\/veritasinfo.org\/wp-content\/uploads\/2026\/03\/IMG-20260311-WA0001-1.jpg",1024,952,false],"kreeti-medium":["https:\/\/veritasinfo.org\/wp-content\/uploads\/2026\/03\/IMG-20260311-WA0001-1.jpg",570,530,false],"kreeti-medium-square":["https:\/\/veritasinfo.org\/wp-content\/uploads\/2026\/03\/IMG-20260311-WA0001-1.jpg",350,325,false]},"author_info":{"info":["US5"]},"category_info":"<a href=\"https:\/\/veritasinfo.org\/?cat=52\" rel=\"category\">Komunat<\/a>","tag_info":"Komunat","comment_count":"0","_links":{"self":[{"href":"https:\/\/veritasinfo.org\/index.php?rest_route=\/wp\/v2\/posts\/37044","targetHints":{"allow":["GET"]}}],"collection":[{"href":"https:\/\/veritasinfo.org\/index.php?rest_route=\/wp\/v2\/posts"}],"about":[{"href":"https:\/\/veritasinfo.org\/index.php?rest_route=\/wp\/v2\/types\/post"}],"author":[{"embeddable":true,"href":"https:\/\/veritasinfo.org\/index.php?rest_route=\/wp\/v2\/users\/6"}],"replies":[{"embeddable":true,"href":"https:\/\/veritasinfo.org\/index.php?rest_route=%2Fwp%2Fv2%2Fcomments&post=37044"}],"version-history":[{"count":1,"href":"https:\/\/veritasinfo.org\/index.php?rest_route=\/wp\/v2\/posts\/37044\/revisions"}],"predecessor-version":[{"id":37046,"href":"https:\/\/veritasinfo.org\/index.php?rest_route=\/wp\/v2\/posts\/37044\/revisions\/37046"}],"wp:featuredmedia":[{"embeddable":true,"href":"https:\/\/veritasinfo.org\/index.php?rest_route=\/wp\/v2\/media\/37045"}],"wp:attachment":[{"href":"https:\/\/veritasinfo.org\/index.php?rest_route=%2Fwp%2Fv2%2Fmedia&parent=37044"}],"wp:term":[{"taxonomy":"category","embeddable":true,"href":"https:\/\/veritasinfo.org\/index.php?rest_route=%2Fwp%2Fv2%2Fcategories&post=37044"},{"taxonomy":"post_tag","embeddable":true,"href":"https:\/\/veritasinfo.org\/index.php?rest_route=%2Fwp%2Fv2%2Ftags&post=37044"}],"curies":[{"name":"wp","href":"https:\/\/api.w.org\/{rel}","templated":true}]}}