{"id":37000,"date":"2026-03-10T21:45:04","date_gmt":"2026-03-10T20:45:04","guid":{"rendered":"https:\/\/veritasinfo.org\/?p=37000"},"modified":"2026-03-10T21:45:04","modified_gmt":"2026-03-10T20:45:04","slug":"strategjia-serbia-2030-shperfaq-pretendimet-territoriale-ndaj-kosoves","status":"publish","type":"post","link":"https:\/\/veritasinfo.org\/?p=37000","title":{"rendered":"Strategjia \u2018Serbia 2030\u2019 shp\u00ebrfaq pretendimet territoriale ndaj Kosov\u00ebs"},"content":{"rendered":"<p>Prishtin\u00eb, 10 mars 2026 21:44<\/p>\n<p>Strategjia \u2018Serbia 2030\u2019, e prezantuar nga presidenti serb Aleksand\u00ebr Vu\u00e7iq, shp\u00ebrfaq haptazi oreksin territorial, p\u00ebrfshir\u00eb edhe Kosov\u00ebn si pjes\u00eb e hart\u00ebs politike dhe ushtarake t\u00eb Serbis\u00eb.<\/p>\n<p>Vizioni politik dhe strategjik i paraqitur n\u00eb k\u00ebt\u00eb dokument, mb\u00ebshtetet n\u00eb Kushtetut\u00ebn serbe, e cila p\u00ebrcakton se Kosova \u00ebsht\u00eb nj\u00eb krahin\u00eb autonome brenda Serbis\u00eb.<\/p>\n<p>Ndaj, deklaratat e Vu\u00e7iqit, jan\u00eb retorik\u00eb e njohur k\u00ebrc\u00ebnuese, q\u00eb vijn\u00eb n\u00eb vazhdim\u00ebsi nga politikan\u00ebt serb\u00eb, duke konfirmuar synimin hegjemonist t\u00eb Serbis\u00eb ndaj Kosov\u00ebs.<\/p>\n<p>\u201cNe kemi kapacitete t\u00eb bollshme t\u00eb siguris\u00eb vendore, por edhe prezenc\u00eb nd\u00ebrkomb\u00ebtare k\u00ebtu dhe gjithandej. Po ashtu edhe zotimet e SHBA-s\u00eb nga presidenti Trump q\u00eb nuk do t\u00eb ket\u00eb ndryshim t\u00eb kufijve, b\u00ebjn\u00eb q\u00eb k\u00ebto rreziqe dhe apetitet t\u00eb s\u00ebmura t\u00eb Serbis\u00eb dhe lidershipit t\u00eb saj mos t\u00eb jen\u00eb t\u00eb q\u00ebndrueshme&#8221;, tha Nuredin Ibishi, njoh\u00ebs i \u00e7\u00ebshtjeve t\u00eb siguris\u00eb.<\/p>\n<p>Nga k\u00ebndv\u00ebshtrimi i njoh\u00ebsve t\u00eb siguris\u00eb, Serbia mbetet i vetmi vend n\u00eb Ballkan q\u00eb edhe m\u00eb tej vazhdon t\u00eb ket\u00eb pretendime territorial ndaj nj\u00eb vendi fqinj.<\/p>\n<p>&#8220;Mos harroni q\u00eb m\u00eb 24 shtator 2023 \u00ebsht\u00eb sulmuar Republika e Kosov\u00ebs. N\u00eb 2024 n\u00eb n\u00ebntor \u00ebsht\u00eb sulmuar arteria e Republik\u00ebs s\u00eb Kosov\u00ebs &#8211; uji. Serbia gjithmon\u00eb shfryt\u00ebzon situata. Ai \u00ebsht\u00eb shtet armiq\u00ebsor i Republik\u00ebs s\u00eb Kosov\u00ebs sepse po sillet si i till\u00eb. Serbia ka mbetur vendi i vet\u00ebm n\u00eb Ballkan q\u00eb ka pretendime territoriale kurse askush prej fqinj\u00ebve nuk ka pretendime ndaj saj&#8221;, tha Arben Dashevci, njoh\u00ebs i \u00e7\u00ebshtjeve t\u00eb siguris\u00eb.<\/p>\n<p>Qasja e Seris\u00eb ndaj Kosov\u00ebs vazhdon t\u00eb jet\u00eb sfiduese p\u00ebr stabilitetin rajonal, v\u00ebn\u00eb n\u00eb pah njoh\u00ebs t\u00eb siguris\u00eb, duke n\u00ebnvizuar se retorika politike e udh\u00ebheqjes n\u00eb Beograd n\u00eb vazhdim\u00ebsi kontribuon n\u00eb rritjen e tensioneve dhe n\u00eb krijimin e nj\u00eb klime pasigurie n\u00eb rajon.<\/p>\n","protected":false},"excerpt":{"rendered":"<p>Prishtin\u00eb, 10 mars 2026 21:44 Strategjia \u2018Serbia 2030\u2019, e prezantuar nga presidenti serb Aleksand\u00ebr Vu\u00e7iq, shp\u00ebrfaq haptazi oreksin territorial, p\u00ebrfshir\u00eb edhe Kosov\u00ebn si pjes\u00eb e<\/p>\n","protected":false},"author":7,"featured_media":37001,"comment_status":"open","ping_status":"open","sticky":false,"template":"","format":"standard","meta":{"footnotes":""},"categories":[58],"tags":[],"class_list":["post-37000","post","type-post","status-publish","format-standard","has-post-thumbnail","hentry","category-politike-sq"],"yoast_head":"<!-- This site is optimized with the Yoast SEO plugin v25.3.1 - https:\/\/yoast.com\/wordpress\/plugins\/seo\/ -->\n<title>Strategjia \u2018Serbia 2030\u2019 shp\u00ebrfaq pretendimet territoriale ndaj Kosov\u00ebs -<\/title>\n<meta name=\"robots\" content=\"index, follow, max-snippet:-1, max-image-preview:large, max-video-preview:-1\" \/>\n<link rel=\"canonical\" href=\"https:\/\/veritasinfo.org\/?p=37000\" \/>\n<meta property=\"og:locale\" content=\"en_US\" \/>\n<meta property=\"og:type\" content=\"article\" \/>\n<meta property=\"og:title\" content=\"Strategjia \u2018Serbia 2030\u2019 shp\u00ebrfaq pretendimet territoriale ndaj Kosov\u00ebs -\" \/>\n<meta property=\"og:description\" content=\"Prishtin\u00eb, 10 mars 2026 21:44 Strategjia \u2018Serbia 2030\u2019, e prezantuar nga presidenti serb Aleksand\u00ebr Vu\u00e7iq, shp\u00ebrfaq haptazi oreksin territorial, p\u00ebrfshir\u00eb edhe Kosov\u00ebn si pjes\u00eb e\" \/>\n<meta property=\"og:url\" content=\"https:\/\/veritasinfo.org\/?p=37000\" \/>\n<meta property=\"article:published_time\" content=\"2026-03-10T20:45:04+00:00\" \/>\n<meta property=\"og:image\" content=\"https:\/\/veritasinfo.org\/wp-content\/uploads\/2026\/03\/1-46.jpg\" \/>\n\t<meta property=\"og:image:width\" content=\"780\" \/>\n\t<meta property=\"og:image:height\" content=\"500\" \/>\n\t<meta property=\"og:image:type\" content=\"image\/jpeg\" \/>\n<meta name=\"author\" content=\"US6\" \/>\n<meta name=\"twitter:card\" content=\"summary_large_image\" \/>\n<meta name=\"twitter:label1\" content=\"Written by\" \/>\n\t<meta name=\"twitter:data1\" content=\"US6\" \/>\n\t<meta name=\"twitter:label2\" content=\"Est. reading time\" \/>\n\t<meta name=\"twitter:data2\" content=\"2 minutes\" \/>\n<script type=\"application\/ld+json\" class=\"yoast-schema-graph\">{\"@context\":\"https:\/\/schema.org\",\"@graph\":[{\"@type\":\"WebPage\",\"@id\":\"https:\/\/veritasinfo.org\/?p=37000\",\"url\":\"https:\/\/veritasinfo.org\/?p=37000\",\"name\":\"Strategjia \u2018Serbia 2030\u2019 shp\u00ebrfaq pretendimet territoriale ndaj Kosov\u00ebs -\",\"isPartOf\":{\"@id\":\"https:\/\/veritasinfo.org\/#website\"},\"primaryImageOfPage\":{\"@id\":\"https:\/\/veritasinfo.org\/?p=37000#primaryimage\"},\"image\":{\"@id\":\"https:\/\/veritasinfo.org\/?p=37000#primaryimage\"},\"thumbnailUrl\":\"https:\/\/veritasinfo.org\/wp-content\/uploads\/2026\/03\/1-46.jpg\",\"datePublished\":\"2026-03-10T20:45:04+00:00\",\"author\":{\"@id\":\"https:\/\/veritasinfo.org\/#\/schema\/person\/fe199eede04c3937362892b7444747cc\"},\"breadcrumb\":{\"@id\":\"https:\/\/veritasinfo.org\/?p=37000#breadcrumb\"},\"inLanguage\":\"en-US\",\"potentialAction\":[{\"@type\":\"ReadAction\",\"target\":[\"https:\/\/veritasinfo.org\/?p=37000\"]}]},{\"@type\":\"ImageObject\",\"inLanguage\":\"en-US\",\"@id\":\"https:\/\/veritasinfo.org\/?p=37000#primaryimage\",\"url\":\"https:\/\/veritasinfo.org\/wp-content\/uploads\/2026\/03\/1-46.jpg\",\"contentUrl\":\"https:\/\/veritasinfo.org\/wp-content\/uploads\/2026\/03\/1-46.jpg\",\"width\":780,\"height\":500},{\"@type\":\"BreadcrumbList\",\"@id\":\"https:\/\/veritasinfo.org\/?p=37000#breadcrumb\",\"itemListElement\":[{\"@type\":\"ListItem\",\"position\":1,\"name\":\"Home\",\"item\":\"https:\/\/veritasinfo.org\/\"},{\"@type\":\"ListItem\",\"position\":2,\"name\":\"Strategjia \u2018Serbia 2030\u2019 shp\u00ebrfaq pretendimet territoriale ndaj Kosov\u00ebs\"}]},{\"@type\":\"WebSite\",\"@id\":\"https:\/\/veritasinfo.org\/#website\",\"url\":\"https:\/\/veritasinfo.org\/\",\"name\":\"\",\"description\":\"\",\"potentialAction\":[{\"@type\":\"SearchAction\",\"target\":{\"@type\":\"EntryPoint\",\"urlTemplate\":\"https:\/\/veritasinfo.org\/?s={search_term_string}\"},\"query-input\":{\"@type\":\"PropertyValueSpecification\",\"valueRequired\":true,\"valueName\":\"search_term_string\"}}],\"inLanguage\":\"en-US\"},{\"@type\":\"Person\",\"@id\":\"https:\/\/veritasinfo.org\/#\/schema\/person\/fe199eede04c3937362892b7444747cc\",\"name\":\"US6\",\"image\":{\"@type\":\"ImageObject\",\"inLanguage\":\"en-US\",\"@id\":\"https:\/\/veritasinfo.org\/#\/schema\/person\/image\/\",\"url\":\"https:\/\/secure.gravatar.com\/avatar\/cb16c3c31c9d23b9b8c705964598220b3014e42ff51eb540ff23cefa3ae8c15f?s=96&d=mm&r=g\",\"contentUrl\":\"https:\/\/secure.gravatar.com\/avatar\/cb16c3c31c9d23b9b8c705964598220b3014e42ff51eb540ff23cefa3ae8c15f?s=96&d=mm&r=g\",\"caption\":\"US6\"},\"url\":\"https:\/\/veritasinfo.org\/?author=7\"}]}<\/script>\n<!-- \/ Yoast SEO plugin. -->","yoast_head_json":{"title":"Strategjia \u2018Serbia 2030\u2019 shp\u00ebrfaq pretendimet territoriale ndaj Kosov\u00ebs -","robots":{"index":"index","follow":"follow","max-snippet":"max-snippet:-1","max-image-preview":"max-image-preview:large","max-video-preview":"max-video-preview:-1"},"canonical":"https:\/\/veritasinfo.org\/?p=37000","og_locale":"en_US","og_type":"article","og_title":"Strategjia \u2018Serbia 2030\u2019 shp\u00ebrfaq pretendimet territoriale ndaj Kosov\u00ebs -","og_description":"Prishtin\u00eb, 10 mars 2026 21:44 Strategjia \u2018Serbia 2030\u2019, e prezantuar nga presidenti serb Aleksand\u00ebr Vu\u00e7iq, shp\u00ebrfaq haptazi oreksin territorial, p\u00ebrfshir\u00eb edhe Kosov\u00ebn si pjes\u00eb e","og_url":"https:\/\/veritasinfo.org\/?p=37000","article_published_time":"2026-03-10T20:45:04+00:00","og_image":[{"width":780,"height":500,"url":"https:\/\/veritasinfo.org\/wp-content\/uploads\/2026\/03\/1-46.jpg","type":"image\/jpeg"}],"author":"US6","twitter_card":"summary_large_image","twitter_misc":{"Written by":"US6","Est. reading time":"2 minutes"},"schema":{"@context":"https:\/\/schema.org","@graph":[{"@type":"WebPage","@id":"https:\/\/veritasinfo.org\/?p=37000","url":"https:\/\/veritasinfo.org\/?p=37000","name":"Strategjia \u2018Serbia 2030\u2019 shp\u00ebrfaq pretendimet territoriale ndaj Kosov\u00ebs -","isPartOf":{"@id":"https:\/\/veritasinfo.org\/#website"},"primaryImageOfPage":{"@id":"https:\/\/veritasinfo.org\/?p=37000#primaryimage"},"image":{"@id":"https:\/\/veritasinfo.org\/?p=37000#primaryimage"},"thumbnailUrl":"https:\/\/veritasinfo.org\/wp-content\/uploads\/2026\/03\/1-46.jpg","datePublished":"2026-03-10T20:45:04+00:00","author":{"@id":"https:\/\/veritasinfo.org\/#\/schema\/person\/fe199eede04c3937362892b7444747cc"},"breadcrumb":{"@id":"https:\/\/veritasinfo.org\/?p=37000#breadcrumb"},"inLanguage":"en-US","potentialAction":[{"@type":"ReadAction","target":["https:\/\/veritasinfo.org\/?p=37000"]}]},{"@type":"ImageObject","inLanguage":"en-US","@id":"https:\/\/veritasinfo.org\/?p=37000#primaryimage","url":"https:\/\/veritasinfo.org\/wp-content\/uploads\/2026\/03\/1-46.jpg","contentUrl":"https:\/\/veritasinfo.org\/wp-content\/uploads\/2026\/03\/1-46.jpg","width":780,"height":500},{"@type":"BreadcrumbList","@id":"https:\/\/veritasinfo.org\/?p=37000#breadcrumb","itemListElement":[{"@type":"ListItem","position":1,"name":"Home","item":"https:\/\/veritasinfo.org\/"},{"@type":"ListItem","position":2,"name":"Strategjia \u2018Serbia 2030\u2019 shp\u00ebrfaq pretendimet territoriale ndaj Kosov\u00ebs"}]},{"@type":"WebSite","@id":"https:\/\/veritasinfo.org\/#website","url":"https:\/\/veritasinfo.org\/","name":"","description":"","potentialAction":[{"@type":"SearchAction","target":{"@type":"EntryPoint","urlTemplate":"https:\/\/veritasinfo.org\/?s={search_term_string}"},"query-input":{"@type":"PropertyValueSpecification","valueRequired":true,"valueName":"search_term_string"}}],"inLanguage":"en-US"},{"@type":"Person","@id":"https:\/\/veritasinfo.org\/#\/schema\/person\/fe199eede04c3937362892b7444747cc","name":"US6","image":{"@type":"ImageObject","inLanguage":"en-US","@id":"https:\/\/veritasinfo.org\/#\/schema\/person\/image\/","url":"https:\/\/secure.gravatar.com\/avatar\/cb16c3c31c9d23b9b8c705964598220b3014e42ff51eb540ff23cefa3ae8c15f?s=96&d=mm&r=g","contentUrl":"https:\/\/secure.gravatar.com\/avatar\/cb16c3c31c9d23b9b8c705964598220b3014e42ff51eb540ff23cefa3ae8c15f?s=96&d=mm&r=g","caption":"US6"},"url":"https:\/\/veritasinfo.org\/?author=7"}]}},"featured_image_urls":{"full":["https:\/\/veritasinfo.org\/wp-content\/uploads\/2026\/03\/1-46.jpg",780,500,false],"thumbnail":["https:\/\/veritasinfo.org\/wp-content\/uploads\/2026\/03\/1-46-150x150.jpg",150,150,true],"medium":["https:\/\/veritasinfo.org\/wp-content\/uploads\/2026\/03\/1-46-300x192.jpg",300,192,true],"medium_large":["https:\/\/veritasinfo.org\/wp-content\/uploads\/2026\/03\/1-46-768x492.jpg",640,410,true],"large":["https:\/\/veritasinfo.org\/wp-content\/uploads\/2026\/03\/1-46.jpg",640,410,false],"1536x1536":["https:\/\/veritasinfo.org\/wp-content\/uploads\/2026\/03\/1-46.jpg",780,500,false],"2048x2048":["https:\/\/veritasinfo.org\/wp-content\/uploads\/2026\/03\/1-46.jpg",780,500,false],"kreeti-slider-full":["https:\/\/veritasinfo.org\/wp-content\/uploads\/2026\/03\/1-46.jpg",780,500,false],"kreeti-featured":["https:\/\/veritasinfo.org\/wp-content\/uploads\/2026\/03\/1-46.jpg",780,500,false],"kreeti-medium":["https:\/\/veritasinfo.org\/wp-content\/uploads\/2026\/03\/1-46.jpg",720,462,false],"kreeti-medium-square":["https:\/\/veritasinfo.org\/wp-content\/uploads\/2026\/03\/1-46.jpg",350,224,false]},"author_info":{"info":["US6"]},"category_info":"<a href=\"https:\/\/veritasinfo.org\/?cat=58\" rel=\"category\">Politik\u00eb<\/a>","tag_info":"Politik\u00eb","comment_count":"0","_links":{"self":[{"href":"https:\/\/veritasinfo.org\/index.php?rest_route=\/wp\/v2\/posts\/37000","targetHints":{"allow":["GET"]}}],"collection":[{"href":"https:\/\/veritasinfo.org\/index.php?rest_route=\/wp\/v2\/posts"}],"about":[{"href":"https:\/\/veritasinfo.org\/index.php?rest_route=\/wp\/v2\/types\/post"}],"author":[{"embeddable":true,"href":"https:\/\/veritasinfo.org\/index.php?rest_route=\/wp\/v2\/users\/7"}],"replies":[{"embeddable":true,"href":"https:\/\/veritasinfo.org\/index.php?rest_route=%2Fwp%2Fv2%2Fcomments&post=37000"}],"version-history":[{"count":1,"href":"https:\/\/veritasinfo.org\/index.php?rest_route=\/wp\/v2\/posts\/37000\/revisions"}],"predecessor-version":[{"id":37002,"href":"https:\/\/veritasinfo.org\/index.php?rest_route=\/wp\/v2\/posts\/37000\/revisions\/37002"}],"wp:featuredmedia":[{"embeddable":true,"href":"https:\/\/veritasinfo.org\/index.php?rest_route=\/wp\/v2\/media\/37001"}],"wp:attachment":[{"href":"https:\/\/veritasinfo.org\/index.php?rest_route=%2Fwp%2Fv2%2Fmedia&parent=37000"}],"wp:term":[{"taxonomy":"category","embeddable":true,"href":"https:\/\/veritasinfo.org\/index.php?rest_route=%2Fwp%2Fv2%2Fcategories&post=37000"},{"taxonomy":"post_tag","embeddable":true,"href":"https:\/\/veritasinfo.org\/index.php?rest_route=%2Fwp%2Fv2%2Ftags&post=37000"}],"curies":[{"name":"wp","href":"https:\/\/api.w.org\/{rel}","templated":true}]}}