{"id":36926,"date":"2026-03-10T12:11:00","date_gmt":"2026-03-10T11:11:00","guid":{"rendered":"https:\/\/veritasinfo.org\/?p=36926"},"modified":"2026-03-10T12:19:12","modified_gmt":"2026-03-10T11:19:12","slug":"fakulteti-ne-mitrovice-te-veriut-ne-prag-te-skadimit-te-afatit-per-lirimin-e-prones","status":"publish","type":"post","link":"https:\/\/veritasinfo.org\/?p=36926","title":{"rendered":"Fakulteti n\u00eb Mitrovic\u00eb t\u00eb Veriut n\u00eb prag t\u00eb skadimit t\u00eb afatit p\u00ebr lirimin e pron\u00ebs"},"content":{"rendered":"<p>Mitrovic\u00eb, 10 mars 2026 12:07<\/p>\n<p>K\u00ebt\u00eb jav\u00eb, skadon afati 30-ditor q\u00eb Universiteti i Prishtin\u00ebs i dha Fakultetit t\u00eb Shkencave Teknike n\u00eb Mitrovic\u00eb t\u00eb Veriut p\u00ebr t\u2019u larguar nga hap\u00ebsirat q\u00eb shfryt\u00ebzon \u2013 n\u00eb t\u00eb kund\u00ebrt\u00ebn, duhet t\u00eb filloj\u00eb me pagesat e qiras\u00eb.<\/p>\n<p>Fakulteti i Shkencave Teknike n\u00eb Mitrovic\u00eb t\u00eb Veriut funksionon n\u00eb kuad\u00ebr t\u00eb universitetit q\u00eb vepron brenda sistemit t\u00eb Serbis\u00eb.<\/p>\n<p>Rektori i Universitetit t\u00eb Prishtin\u00ebs, Arben Hajrullahu, i tha Radios Evropa e Lir\u00eb se k\u00ebrkesa p\u00ebr lirimin e pron\u00ebs s\u00eb uzurpuar, \u00ebsht\u00eb b\u00ebr\u00eb duke u bazuar n\u00eb ligjet dhe procedurat n\u00eb fuqi t\u00eb Kosov\u00ebs.<\/p>\n<p>\u201cUniversiteti i Prishtin\u00ebs \u00ebsht\u00eb i p\u00ebrkushtuar q\u00eb t\u2019i shfryt\u00ebzoj\u00eb t\u00eb gjitha nd\u00ebrtesat dhe hap\u00ebsirat e tij, p\u00ebr t\u00eb cilat ka nevoj\u00eb t\u00eb madhe, pa vonesa t\u00eb m\u00ebtejshme\u201d, tha Hajrullahu.<\/p>\n<p>\u201cUniversiteti i Prishtin\u00ebs \u00ebsht\u00eb i p\u00ebrkushtuar q\u00eb t\u2019i shfryt\u00ebzoj\u00eb t\u00eb gjitha nd\u00ebrtesat dhe hap\u00ebsirat e tij, p\u00ebr t\u00eb cilat ka nevoj\u00eb t\u00eb madhe, pa vonesa t\u00eb m\u00ebtejshme\u201d, tha Hajrullahu.<\/p>\n<p>N\u00eb p\u00ebrgjigjen me shkrim p\u00ebr REL-in, ai d\u00ebrgoi edhe nj\u00eb k\u00ebrkes\u00eb zyrtare, n\u00eb t\u00eb cil\u00ebn thuhet se Fakulteti i Shkencave Teknike n\u00eb Mitrovic\u00eb t\u00eb Veriut \u00ebsht\u00eb duke shfryt\u00ebzuar pron\u00ebn pa ndonj\u00eb kontrat\u00eb t\u00eb formalizuar me Universitetin e Prishtin\u00ebs, nd\u00ebrsa ky i fundit \u00ebsht\u00eb duke i ofruar ta liroj\u00eb vullnetarisht pron\u00ebn, ose ta rregulloj\u00eb marr\u00ebdh\u00ebnien ligjore p\u00ebr p\u00ebrdorim.<\/p>\n<p>Hajrullahu nuk dha p\u00ebrgjigje n\u00eb pyetjet n\u00ebse \u00ebsht\u00eb arritur ndonj\u00eb marr\u00ebveshje dhe n\u00ebse po zhvillohen negociata n\u00eb lidhje me integrimin e universitetit serb, apo bashkimin e mundsh\u00ebm t\u00eb dy universiteteve q\u00eb veprojn\u00eb n\u00eb sisteme t\u00eb ndryshme.<\/p>\n<p>Universiteti i Mitrovic\u00ebs s\u00eb Veriut nuk iu p\u00ebrgjigj pyetjes s\u00eb Radios Evropa e Lir\u00eb p\u00ebr k\u00ebt\u00eb \u00e7\u00ebshtje.<\/p>\n<p>M\u00eb her\u00ebt, rektori i k\u00ebtij universiteti, Nebojsha Arsiq, tha p\u00ebr portalin Kossev se Fakulteti i Shkencave Teknike nuk funksionon n\u00eb sistemin ligjor t\u00eb Kosov\u00ebs dhe se ai nuk ka mund\u00ebsi t\u2019i p\u00ebrgjigjet k\u00ebsaj k\u00ebrkese n\u00eb m\u00ebnyr\u00eb institucionale, por se \u00ebsht\u00eb \u201cduke pritur udh\u00ebzime\u201d n\u00eb lidhje me hapat e m\u00ebtejsh\u00ebm.<\/p>\n<p>P\u00ebrndryeshe, \u00e7\u00ebshtja e integrimit t\u00eb sh\u00ebndet\u00ebsis\u00eb dhe arsimit serb n\u00eb Kosov\u00eb u ngrit n\u00eb shtator t\u00eb vitit t\u00eb kaluar, kur kryeministri Albin Kurti tha se sistemi i dyfisht\u00eb nuk \u00ebsht\u00eb i q\u00ebndruesh\u00ebm dhe se \u201cinkorporimi dhe bashkimi i tij jan\u00eb t\u00eb nevojsh\u00ebm\u201d.<\/p>\n<p>At\u00ebkoh\u00eb, ai tha se p\u00ebr k\u00ebt\u00eb integrim do t\u00eb punohet s\u00eb bashku me p\u00ebrfaq\u00ebsuesit politik\u00eb t\u00eb komunitetit serb, por edhe me bashk\u00ebsin\u00eb nd\u00ebrkomb\u00ebtare \u2013 gj\u00eb t\u00eb cil\u00ebn ua transmetoi edhe ambasador\u00ebve t\u00eb vendeve t\u00eb Quint-it (SHBA-s\u00eb, Franc\u00ebs, Britanis\u00eb s\u00eb Madhe, Gjermanis\u00eb dhe Italis\u00eb).<\/p>\n","protected":false},"excerpt":{"rendered":"<p>Mitrovic\u00eb, 10 mars 2026 12:07 K\u00ebt\u00eb jav\u00eb, skadon afati 30-ditor q\u00eb Universiteti i Prishtin\u00ebs i dha Fakultetit t\u00eb Shkencave Teknike n\u00eb Mitrovic\u00eb t\u00eb Veriut p\u00ebr<\/p>\n","protected":false},"author":7,"featured_media":36934,"comment_status":"open","ping_status":"open","sticky":false,"template":"","format":"standard","meta":{"footnotes":""},"categories":[60],"tags":[],"class_list":["post-36926","post","type-post","status-publish","format-standard","has-post-thumbnail","hentry","category-shoqerore-sq"],"yoast_head":"<!-- This site is optimized with the Yoast SEO plugin v25.3.1 - https:\/\/yoast.com\/wordpress\/plugins\/seo\/ -->\n<title>Fakulteti n\u00eb Mitrovic\u00eb t\u00eb Veriut n\u00eb prag t\u00eb skadimit t\u00eb afatit p\u00ebr lirimin e pron\u00ebs -<\/title>\n<meta name=\"robots\" content=\"index, follow, max-snippet:-1, max-image-preview:large, max-video-preview:-1\" \/>\n<link rel=\"canonical\" href=\"https:\/\/veritasinfo.org\/?p=36926\" \/>\n<meta property=\"og:locale\" content=\"en_US\" \/>\n<meta property=\"og:type\" content=\"article\" \/>\n<meta property=\"og:title\" content=\"Fakulteti n\u00eb Mitrovic\u00eb t\u00eb Veriut n\u00eb prag t\u00eb skadimit t\u00eb afatit p\u00ebr lirimin e pron\u00ebs -\" \/>\n<meta property=\"og:description\" content=\"Mitrovic\u00eb, 10 mars 2026 12:07 K\u00ebt\u00eb jav\u00eb, skadon afati 30-ditor q\u00eb Universiteti i Prishtin\u00ebs i dha Fakultetit t\u00eb Shkencave Teknike n\u00eb Mitrovic\u00eb t\u00eb Veriut p\u00ebr\" \/>\n<meta property=\"og:url\" content=\"https:\/\/veritasinfo.org\/?p=36926\" \/>\n<meta property=\"article:published_time\" content=\"2026-03-10T11:11:00+00:00\" \/>\n<meta property=\"article:modified_time\" content=\"2026-03-10T11:19:12+00:00\" \/>\n<meta property=\"og:image\" content=\"https:\/\/veritasinfo.org\/wp-content\/uploads\/2026\/03\/images-3-2.jpeg\" \/>\n\t<meta property=\"og:image:width\" content=\"644\" \/>\n\t<meta property=\"og:image:height\" content=\"310\" \/>\n\t<meta property=\"og:image:type\" content=\"image\/jpeg\" \/>\n<meta name=\"author\" content=\"US6\" \/>\n<meta name=\"twitter:card\" content=\"summary_large_image\" \/>\n<meta name=\"twitter:label1\" content=\"Written by\" \/>\n\t<meta name=\"twitter:data1\" content=\"US6\" \/>\n\t<meta name=\"twitter:label2\" content=\"Est. reading time\" \/>\n\t<meta name=\"twitter:data2\" content=\"2 minutes\" \/>\n<script type=\"application\/ld+json\" class=\"yoast-schema-graph\">{\"@context\":\"https:\/\/schema.org\",\"@graph\":[{\"@type\":\"WebPage\",\"@id\":\"https:\/\/veritasinfo.org\/?p=36926\",\"url\":\"https:\/\/veritasinfo.org\/?p=36926\",\"name\":\"Fakulteti n\u00eb Mitrovic\u00eb t\u00eb Veriut n\u00eb prag t\u00eb skadimit t\u00eb afatit p\u00ebr lirimin e pron\u00ebs -\",\"isPartOf\":{\"@id\":\"https:\/\/veritasinfo.org\/#website\"},\"primaryImageOfPage\":{\"@id\":\"https:\/\/veritasinfo.org\/?p=36926#primaryimage\"},\"image\":{\"@id\":\"https:\/\/veritasinfo.org\/?p=36926#primaryimage\"},\"thumbnailUrl\":\"https:\/\/veritasinfo.org\/wp-content\/uploads\/2026\/03\/images-3-2.jpeg\",\"datePublished\":\"2026-03-10T11:11:00+00:00\",\"dateModified\":\"2026-03-10T11:19:12+00:00\",\"author\":{\"@id\":\"https:\/\/veritasinfo.org\/#\/schema\/person\/fe199eede04c3937362892b7444747cc\"},\"breadcrumb\":{\"@id\":\"https:\/\/veritasinfo.org\/?p=36926#breadcrumb\"},\"inLanguage\":\"en-US\",\"potentialAction\":[{\"@type\":\"ReadAction\",\"target\":[\"https:\/\/veritasinfo.org\/?p=36926\"]}]},{\"@type\":\"ImageObject\",\"inLanguage\":\"en-US\",\"@id\":\"https:\/\/veritasinfo.org\/?p=36926#primaryimage\",\"url\":\"https:\/\/veritasinfo.org\/wp-content\/uploads\/2026\/03\/images-3-2.jpeg\",\"contentUrl\":\"https:\/\/veritasinfo.org\/wp-content\/uploads\/2026\/03\/images-3-2.jpeg\",\"width\":644,\"height\":310},{\"@type\":\"BreadcrumbList\",\"@id\":\"https:\/\/veritasinfo.org\/?p=36926#breadcrumb\",\"itemListElement\":[{\"@type\":\"ListItem\",\"position\":1,\"name\":\"Home\",\"item\":\"https:\/\/veritasinfo.org\/\"},{\"@type\":\"ListItem\",\"position\":2,\"name\":\"Fakulteti n\u00eb Mitrovic\u00eb t\u00eb Veriut n\u00eb prag t\u00eb skadimit t\u00eb afatit p\u00ebr lirimin e pron\u00ebs\"}]},{\"@type\":\"WebSite\",\"@id\":\"https:\/\/veritasinfo.org\/#website\",\"url\":\"https:\/\/veritasinfo.org\/\",\"name\":\"\",\"description\":\"\",\"potentialAction\":[{\"@type\":\"SearchAction\",\"target\":{\"@type\":\"EntryPoint\",\"urlTemplate\":\"https:\/\/veritasinfo.org\/?s={search_term_string}\"},\"query-input\":{\"@type\":\"PropertyValueSpecification\",\"valueRequired\":true,\"valueName\":\"search_term_string\"}}],\"inLanguage\":\"en-US\"},{\"@type\":\"Person\",\"@id\":\"https:\/\/veritasinfo.org\/#\/schema\/person\/fe199eede04c3937362892b7444747cc\",\"name\":\"US6\",\"image\":{\"@type\":\"ImageObject\",\"inLanguage\":\"en-US\",\"@id\":\"https:\/\/veritasinfo.org\/#\/schema\/person\/image\/\",\"url\":\"https:\/\/secure.gravatar.com\/avatar\/cb16c3c31c9d23b9b8c705964598220b3014e42ff51eb540ff23cefa3ae8c15f?s=96&d=mm&r=g\",\"contentUrl\":\"https:\/\/secure.gravatar.com\/avatar\/cb16c3c31c9d23b9b8c705964598220b3014e42ff51eb540ff23cefa3ae8c15f?s=96&d=mm&r=g\",\"caption\":\"US6\"},\"url\":\"https:\/\/veritasinfo.org\/?author=7\"}]}<\/script>\n<!-- \/ Yoast SEO plugin. -->","yoast_head_json":{"title":"Fakulteti n\u00eb Mitrovic\u00eb t\u00eb Veriut n\u00eb prag t\u00eb skadimit t\u00eb afatit p\u00ebr lirimin e pron\u00ebs -","robots":{"index":"index","follow":"follow","max-snippet":"max-snippet:-1","max-image-preview":"max-image-preview:large","max-video-preview":"max-video-preview:-1"},"canonical":"https:\/\/veritasinfo.org\/?p=36926","og_locale":"en_US","og_type":"article","og_title":"Fakulteti n\u00eb Mitrovic\u00eb t\u00eb Veriut n\u00eb prag t\u00eb skadimit t\u00eb afatit p\u00ebr lirimin e pron\u00ebs -","og_description":"Mitrovic\u00eb, 10 mars 2026 12:07 K\u00ebt\u00eb jav\u00eb, skadon afati 30-ditor q\u00eb Universiteti i Prishtin\u00ebs i dha Fakultetit t\u00eb Shkencave Teknike n\u00eb Mitrovic\u00eb t\u00eb Veriut p\u00ebr","og_url":"https:\/\/veritasinfo.org\/?p=36926","article_published_time":"2026-03-10T11:11:00+00:00","article_modified_time":"2026-03-10T11:19:12+00:00","og_image":[{"width":644,"height":310,"url":"https:\/\/veritasinfo.org\/wp-content\/uploads\/2026\/03\/images-3-2.jpeg","type":"image\/jpeg"}],"author":"US6","twitter_card":"summary_large_image","twitter_misc":{"Written by":"US6","Est. reading time":"2 minutes"},"schema":{"@context":"https:\/\/schema.org","@graph":[{"@type":"WebPage","@id":"https:\/\/veritasinfo.org\/?p=36926","url":"https:\/\/veritasinfo.org\/?p=36926","name":"Fakulteti n\u00eb Mitrovic\u00eb t\u00eb Veriut n\u00eb prag t\u00eb skadimit t\u00eb afatit p\u00ebr lirimin e pron\u00ebs -","isPartOf":{"@id":"https:\/\/veritasinfo.org\/#website"},"primaryImageOfPage":{"@id":"https:\/\/veritasinfo.org\/?p=36926#primaryimage"},"image":{"@id":"https:\/\/veritasinfo.org\/?p=36926#primaryimage"},"thumbnailUrl":"https:\/\/veritasinfo.org\/wp-content\/uploads\/2026\/03\/images-3-2.jpeg","datePublished":"2026-03-10T11:11:00+00:00","dateModified":"2026-03-10T11:19:12+00:00","author":{"@id":"https:\/\/veritasinfo.org\/#\/schema\/person\/fe199eede04c3937362892b7444747cc"},"breadcrumb":{"@id":"https:\/\/veritasinfo.org\/?p=36926#breadcrumb"},"inLanguage":"en-US","potentialAction":[{"@type":"ReadAction","target":["https:\/\/veritasinfo.org\/?p=36926"]}]},{"@type":"ImageObject","inLanguage":"en-US","@id":"https:\/\/veritasinfo.org\/?p=36926#primaryimage","url":"https:\/\/veritasinfo.org\/wp-content\/uploads\/2026\/03\/images-3-2.jpeg","contentUrl":"https:\/\/veritasinfo.org\/wp-content\/uploads\/2026\/03\/images-3-2.jpeg","width":644,"height":310},{"@type":"BreadcrumbList","@id":"https:\/\/veritasinfo.org\/?p=36926#breadcrumb","itemListElement":[{"@type":"ListItem","position":1,"name":"Home","item":"https:\/\/veritasinfo.org\/"},{"@type":"ListItem","position":2,"name":"Fakulteti n\u00eb Mitrovic\u00eb t\u00eb Veriut n\u00eb prag t\u00eb skadimit t\u00eb afatit p\u00ebr lirimin e pron\u00ebs"}]},{"@type":"WebSite","@id":"https:\/\/veritasinfo.org\/#website","url":"https:\/\/veritasinfo.org\/","name":"","description":"","potentialAction":[{"@type":"SearchAction","target":{"@type":"EntryPoint","urlTemplate":"https:\/\/veritasinfo.org\/?s={search_term_string}"},"query-input":{"@type":"PropertyValueSpecification","valueRequired":true,"valueName":"search_term_string"}}],"inLanguage":"en-US"},{"@type":"Person","@id":"https:\/\/veritasinfo.org\/#\/schema\/person\/fe199eede04c3937362892b7444747cc","name":"US6","image":{"@type":"ImageObject","inLanguage":"en-US","@id":"https:\/\/veritasinfo.org\/#\/schema\/person\/image\/","url":"https:\/\/secure.gravatar.com\/avatar\/cb16c3c31c9d23b9b8c705964598220b3014e42ff51eb540ff23cefa3ae8c15f?s=96&d=mm&r=g","contentUrl":"https:\/\/secure.gravatar.com\/avatar\/cb16c3c31c9d23b9b8c705964598220b3014e42ff51eb540ff23cefa3ae8c15f?s=96&d=mm&r=g","caption":"US6"},"url":"https:\/\/veritasinfo.org\/?author=7"}]}},"featured_image_urls":{"full":["https:\/\/veritasinfo.org\/wp-content\/uploads\/2026\/03\/images-3-2.jpeg",644,310,false],"thumbnail":["https:\/\/veritasinfo.org\/wp-content\/uploads\/2026\/03\/images-3-2-150x150.jpeg",150,150,true],"medium":["https:\/\/veritasinfo.org\/wp-content\/uploads\/2026\/03\/images-3-2-300x144.jpeg",300,144,true],"medium_large":["https:\/\/veritasinfo.org\/wp-content\/uploads\/2026\/03\/images-3-2.jpeg",640,308,false],"large":["https:\/\/veritasinfo.org\/wp-content\/uploads\/2026\/03\/images-3-2.jpeg",640,308,false],"1536x1536":["https:\/\/veritasinfo.org\/wp-content\/uploads\/2026\/03\/images-3-2.jpeg",644,310,false],"2048x2048":["https:\/\/veritasinfo.org\/wp-content\/uploads\/2026\/03\/images-3-2.jpeg",644,310,false],"kreeti-slider-full":["https:\/\/veritasinfo.org\/wp-content\/uploads\/2026\/03\/images-3-2.jpeg",644,310,false],"kreeti-featured":["https:\/\/veritasinfo.org\/wp-content\/uploads\/2026\/03\/images-3-2.jpeg",644,310,false],"kreeti-medium":["https:\/\/veritasinfo.org\/wp-content\/uploads\/2026\/03\/images-3-2.jpeg",644,310,false],"kreeti-medium-square":["https:\/\/veritasinfo.org\/wp-content\/uploads\/2026\/03\/images-3-2.jpeg",350,168,false]},"author_info":{"info":["US6"]},"category_info":"<a href=\"https:\/\/veritasinfo.org\/?cat=60\" rel=\"category\">Shoq\u00ebrore<\/a>","tag_info":"Shoq\u00ebrore","comment_count":"0","_links":{"self":[{"href":"https:\/\/veritasinfo.org\/index.php?rest_route=\/wp\/v2\/posts\/36926","targetHints":{"allow":["GET"]}}],"collection":[{"href":"https:\/\/veritasinfo.org\/index.php?rest_route=\/wp\/v2\/posts"}],"about":[{"href":"https:\/\/veritasinfo.org\/index.php?rest_route=\/wp\/v2\/types\/post"}],"author":[{"embeddable":true,"href":"https:\/\/veritasinfo.org\/index.php?rest_route=\/wp\/v2\/users\/7"}],"replies":[{"embeddable":true,"href":"https:\/\/veritasinfo.org\/index.php?rest_route=%2Fwp%2Fv2%2Fcomments&post=36926"}],"version-history":[{"count":1,"href":"https:\/\/veritasinfo.org\/index.php?rest_route=\/wp\/v2\/posts\/36926\/revisions"}],"predecessor-version":[{"id":36930,"href":"https:\/\/veritasinfo.org\/index.php?rest_route=\/wp\/v2\/posts\/36926\/revisions\/36930"}],"wp:featuredmedia":[{"embeddable":true,"href":"https:\/\/veritasinfo.org\/index.php?rest_route=\/wp\/v2\/media\/36934"}],"wp:attachment":[{"href":"https:\/\/veritasinfo.org\/index.php?rest_route=%2Fwp%2Fv2%2Fmedia&parent=36926"}],"wp:term":[{"taxonomy":"category","embeddable":true,"href":"https:\/\/veritasinfo.org\/index.php?rest_route=%2Fwp%2Fv2%2Fcategories&post=36926"},{"taxonomy":"post_tag","embeddable":true,"href":"https:\/\/veritasinfo.org\/index.php?rest_route=%2Fwp%2Fv2%2Ftags&post=36926"}],"curies":[{"name":"wp","href":"https:\/\/api.w.org\/{rel}","templated":true}]}}