{"id":36919,"date":"2026-03-10T11:47:14","date_gmt":"2026-03-10T10:47:14","guid":{"rendered":"https:\/\/veritasinfo.org\/?p=36919"},"modified":"2026-03-10T11:47:37","modified_gmt":"2026-03-10T10:47:37","slug":"36919","status":"publish","type":"post","link":"https:\/\/veritasinfo.org\/?p=36919","title":{"rendered":"Maqedonci: Objektivi yn\u00eb \u00ebsht\u00eb an\u00ebtar\u00ebsimi n\u00eb NATO"},"content":{"rendered":"<p>Prishtin\u00eb 10 Mars 2026 11:46<\/p>\n<p>Ministri i Mbrojtjes, Ejup Maqedonci ka th\u00ebn\u00eb se objektivi i Kosov\u00ebs \u00ebsht\u00eb an\u00ebtar\u00ebsimi n\u00eb NATO, q\u00eb FSK t\u00eb jap kontribut p\u00ebr paqen dhe stabilitetin.<\/p>\n<p>Ai k\u00ebshtu \u00ebsht\u00eb shprehur n\u00eb takimin q\u00eb ka zhvilluar me Blanca Hereza U.D- Shefen e operacioneve aktuale, Divizioni p\u00ebr Operacione i Shtabit t\u00eb P\u00ebrgjithsh\u00ebm t\u00eb NATO-s.<\/p>\n<p>\u201cN\u00ebnvizova q\u00eb vazhdojm\u00eb me p\u00ebrkushtim t\u00eb koordinohemi e t\u00eb bashk\u00ebpunojm\u00eb ngusht\u00eb me KFOR dhe Ekipin K\u00ebshillues dhe Nd\u00ebrlidh\u00ebs t\u00eb NATO-s (NALT), nd\u00ebrsa ritheksova se objektivi yn\u00eb \u00ebsht\u00eb an\u00ebtar\u00ebsimi n\u00eb NATO, n\u00eb m\u00ebnyr\u00eb q\u00eb vendi yn\u00eb dhe FSK t\u00eb vazhdoj edhe m\u00eb fuqish\u00ebm t\u00eb jap kontribut n\u00eb ruajtjen e stabilitetit dhe paqes, e p\u00ebr k\u00ebt\u00eb po angazhohemi \u00e7do dit\u00eb\u201d, ka shkruar Maqedonci.<\/p>\n","protected":false},"excerpt":{"rendered":"<p>Prishtin\u00eb 10 Mars 2026 11:46 Ministri i Mbrojtjes, Ejup Maqedonci ka th\u00ebn\u00eb se objektivi i Kosov\u00ebs \u00ebsht\u00eb an\u00ebtar\u00ebsimi n\u00eb NATO, q\u00eb FSK t\u00eb jap kontribut<\/p>\n","protected":false},"author":6,"featured_media":36920,"comment_status":"open","ping_status":"open","sticky":false,"template":"","format":"standard","meta":{"footnotes":""},"categories":[109],"tags":[],"class_list":["post-36919","post","type-post","status-publish","format-standard","has-post-thumbnail","hentry","category-siguri"],"yoast_head":"<!-- This site is optimized with the Yoast SEO plugin v25.3.1 - https:\/\/yoast.com\/wordpress\/plugins\/seo\/ -->\n<title>Maqedonci: Objektivi yn\u00eb \u00ebsht\u00eb an\u00ebtar\u00ebsimi n\u00eb NATO -<\/title>\n<meta name=\"robots\" content=\"index, follow, max-snippet:-1, max-image-preview:large, max-video-preview:-1\" \/>\n<link rel=\"canonical\" href=\"https:\/\/veritasinfo.org\/?p=36919\" \/>\n<meta property=\"og:locale\" content=\"en_US\" \/>\n<meta property=\"og:type\" content=\"article\" \/>\n<meta property=\"og:title\" content=\"Maqedonci: Objektivi yn\u00eb \u00ebsht\u00eb an\u00ebtar\u00ebsimi n\u00eb NATO -\" \/>\n<meta property=\"og:description\" content=\"Prishtin\u00eb 10 Mars 2026 11:46 Ministri i Mbrojtjes, Ejup Maqedonci ka th\u00ebn\u00eb se objektivi i Kosov\u00ebs \u00ebsht\u00eb an\u00ebtar\u00ebsimi n\u00eb NATO, q\u00eb FSK t\u00eb jap kontribut\" \/>\n<meta property=\"og:url\" content=\"https:\/\/veritasinfo.org\/?p=36919\" \/>\n<meta property=\"article:published_time\" content=\"2026-03-10T10:47:14+00:00\" \/>\n<meta property=\"article:modified_time\" content=\"2026-03-10T10:47:37+00:00\" \/>\n<meta property=\"og:image\" content=\"https:\/\/veritasinfo.org\/wp-content\/uploads\/2026\/03\/ejup-maqedonci-e1727280690354-780x439-1.jpg\" \/>\n\t<meta property=\"og:image:width\" content=\"780\" \/>\n\t<meta property=\"og:image:height\" content=\"439\" \/>\n\t<meta property=\"og:image:type\" content=\"image\/jpeg\" \/>\n<meta name=\"author\" content=\"US5\" \/>\n<meta name=\"twitter:card\" content=\"summary_large_image\" \/>\n<meta name=\"twitter:label1\" content=\"Written by\" \/>\n\t<meta name=\"twitter:data1\" content=\"US5\" \/>\n\t<meta name=\"twitter:label2\" content=\"Est. reading time\" \/>\n\t<meta name=\"twitter:data2\" content=\"1 minute\" \/>\n<script type=\"application\/ld+json\" class=\"yoast-schema-graph\">{\"@context\":\"https:\/\/schema.org\",\"@graph\":[{\"@type\":\"WebPage\",\"@id\":\"https:\/\/veritasinfo.org\/?p=36919\",\"url\":\"https:\/\/veritasinfo.org\/?p=36919\",\"name\":\"Maqedonci: Objektivi yn\u00eb \u00ebsht\u00eb an\u00ebtar\u00ebsimi n\u00eb NATO -\",\"isPartOf\":{\"@id\":\"https:\/\/veritasinfo.org\/#website\"},\"primaryImageOfPage\":{\"@id\":\"https:\/\/veritasinfo.org\/?p=36919#primaryimage\"},\"image\":{\"@id\":\"https:\/\/veritasinfo.org\/?p=36919#primaryimage\"},\"thumbnailUrl\":\"https:\/\/veritasinfo.org\/wp-content\/uploads\/2026\/03\/ejup-maqedonci-e1727280690354-780x439-1.jpg\",\"datePublished\":\"2026-03-10T10:47:14+00:00\",\"dateModified\":\"2026-03-10T10:47:37+00:00\",\"author\":{\"@id\":\"https:\/\/veritasinfo.org\/#\/schema\/person\/bc442336e35414d04494ab8fb45db4c6\"},\"breadcrumb\":{\"@id\":\"https:\/\/veritasinfo.org\/?p=36919#breadcrumb\"},\"inLanguage\":\"en-US\",\"potentialAction\":[{\"@type\":\"ReadAction\",\"target\":[\"https:\/\/veritasinfo.org\/?p=36919\"]}]},{\"@type\":\"ImageObject\",\"inLanguage\":\"en-US\",\"@id\":\"https:\/\/veritasinfo.org\/?p=36919#primaryimage\",\"url\":\"https:\/\/veritasinfo.org\/wp-content\/uploads\/2026\/03\/ejup-maqedonci-e1727280690354-780x439-1.jpg\",\"contentUrl\":\"https:\/\/veritasinfo.org\/wp-content\/uploads\/2026\/03\/ejup-maqedonci-e1727280690354-780x439-1.jpg\",\"width\":780,\"height\":439},{\"@type\":\"BreadcrumbList\",\"@id\":\"https:\/\/veritasinfo.org\/?p=36919#breadcrumb\",\"itemListElement\":[{\"@type\":\"ListItem\",\"position\":1,\"name\":\"Home\",\"item\":\"https:\/\/veritasinfo.org\/\"},{\"@type\":\"ListItem\",\"position\":2,\"name\":\"Maqedonci: Objektivi yn\u00eb \u00ebsht\u00eb an\u00ebtar\u00ebsimi n\u00eb NATO\"}]},{\"@type\":\"WebSite\",\"@id\":\"https:\/\/veritasinfo.org\/#website\",\"url\":\"https:\/\/veritasinfo.org\/\",\"name\":\"\",\"description\":\"\",\"potentialAction\":[{\"@type\":\"SearchAction\",\"target\":{\"@type\":\"EntryPoint\",\"urlTemplate\":\"https:\/\/veritasinfo.org\/?s={search_term_string}\"},\"query-input\":{\"@type\":\"PropertyValueSpecification\",\"valueRequired\":true,\"valueName\":\"search_term_string\"}}],\"inLanguage\":\"en-US\"},{\"@type\":\"Person\",\"@id\":\"https:\/\/veritasinfo.org\/#\/schema\/person\/bc442336e35414d04494ab8fb45db4c6\",\"name\":\"US5\",\"image\":{\"@type\":\"ImageObject\",\"inLanguage\":\"en-US\",\"@id\":\"https:\/\/veritasinfo.org\/#\/schema\/person\/image\/\",\"url\":\"https:\/\/secure.gravatar.com\/avatar\/16a61e7272a0c5d001121ebb9e60e925d5816e4ac1e443ed3e640d9a6ae55d0c?s=96&d=mm&r=g\",\"contentUrl\":\"https:\/\/secure.gravatar.com\/avatar\/16a61e7272a0c5d001121ebb9e60e925d5816e4ac1e443ed3e640d9a6ae55d0c?s=96&d=mm&r=g\",\"caption\":\"US5\"},\"url\":\"https:\/\/veritasinfo.org\/?author=6\"}]}<\/script>\n<!-- \/ Yoast SEO plugin. -->","yoast_head_json":{"title":"Maqedonci: Objektivi yn\u00eb \u00ebsht\u00eb an\u00ebtar\u00ebsimi n\u00eb NATO -","robots":{"index":"index","follow":"follow","max-snippet":"max-snippet:-1","max-image-preview":"max-image-preview:large","max-video-preview":"max-video-preview:-1"},"canonical":"https:\/\/veritasinfo.org\/?p=36919","og_locale":"en_US","og_type":"article","og_title":"Maqedonci: Objektivi yn\u00eb \u00ebsht\u00eb an\u00ebtar\u00ebsimi n\u00eb NATO -","og_description":"Prishtin\u00eb 10 Mars 2026 11:46 Ministri i Mbrojtjes, Ejup Maqedonci ka th\u00ebn\u00eb se objektivi i Kosov\u00ebs \u00ebsht\u00eb an\u00ebtar\u00ebsimi n\u00eb NATO, q\u00eb FSK t\u00eb jap kontribut","og_url":"https:\/\/veritasinfo.org\/?p=36919","article_published_time":"2026-03-10T10:47:14+00:00","article_modified_time":"2026-03-10T10:47:37+00:00","og_image":[{"width":780,"height":439,"url":"https:\/\/veritasinfo.org\/wp-content\/uploads\/2026\/03\/ejup-maqedonci-e1727280690354-780x439-1.jpg","type":"image\/jpeg"}],"author":"US5","twitter_card":"summary_large_image","twitter_misc":{"Written by":"US5","Est. reading time":"1 minute"},"schema":{"@context":"https:\/\/schema.org","@graph":[{"@type":"WebPage","@id":"https:\/\/veritasinfo.org\/?p=36919","url":"https:\/\/veritasinfo.org\/?p=36919","name":"Maqedonci: Objektivi yn\u00eb \u00ebsht\u00eb an\u00ebtar\u00ebsimi n\u00eb NATO -","isPartOf":{"@id":"https:\/\/veritasinfo.org\/#website"},"primaryImageOfPage":{"@id":"https:\/\/veritasinfo.org\/?p=36919#primaryimage"},"image":{"@id":"https:\/\/veritasinfo.org\/?p=36919#primaryimage"},"thumbnailUrl":"https:\/\/veritasinfo.org\/wp-content\/uploads\/2026\/03\/ejup-maqedonci-e1727280690354-780x439-1.jpg","datePublished":"2026-03-10T10:47:14+00:00","dateModified":"2026-03-10T10:47:37+00:00","author":{"@id":"https:\/\/veritasinfo.org\/#\/schema\/person\/bc442336e35414d04494ab8fb45db4c6"},"breadcrumb":{"@id":"https:\/\/veritasinfo.org\/?p=36919#breadcrumb"},"inLanguage":"en-US","potentialAction":[{"@type":"ReadAction","target":["https:\/\/veritasinfo.org\/?p=36919"]}]},{"@type":"ImageObject","inLanguage":"en-US","@id":"https:\/\/veritasinfo.org\/?p=36919#primaryimage","url":"https:\/\/veritasinfo.org\/wp-content\/uploads\/2026\/03\/ejup-maqedonci-e1727280690354-780x439-1.jpg","contentUrl":"https:\/\/veritasinfo.org\/wp-content\/uploads\/2026\/03\/ejup-maqedonci-e1727280690354-780x439-1.jpg","width":780,"height":439},{"@type":"BreadcrumbList","@id":"https:\/\/veritasinfo.org\/?p=36919#breadcrumb","itemListElement":[{"@type":"ListItem","position":1,"name":"Home","item":"https:\/\/veritasinfo.org\/"},{"@type":"ListItem","position":2,"name":"Maqedonci: Objektivi yn\u00eb \u00ebsht\u00eb an\u00ebtar\u00ebsimi n\u00eb NATO"}]},{"@type":"WebSite","@id":"https:\/\/veritasinfo.org\/#website","url":"https:\/\/veritasinfo.org\/","name":"","description":"","potentialAction":[{"@type":"SearchAction","target":{"@type":"EntryPoint","urlTemplate":"https:\/\/veritasinfo.org\/?s={search_term_string}"},"query-input":{"@type":"PropertyValueSpecification","valueRequired":true,"valueName":"search_term_string"}}],"inLanguage":"en-US"},{"@type":"Person","@id":"https:\/\/veritasinfo.org\/#\/schema\/person\/bc442336e35414d04494ab8fb45db4c6","name":"US5","image":{"@type":"ImageObject","inLanguage":"en-US","@id":"https:\/\/veritasinfo.org\/#\/schema\/person\/image\/","url":"https:\/\/secure.gravatar.com\/avatar\/16a61e7272a0c5d001121ebb9e60e925d5816e4ac1e443ed3e640d9a6ae55d0c?s=96&d=mm&r=g","contentUrl":"https:\/\/secure.gravatar.com\/avatar\/16a61e7272a0c5d001121ebb9e60e925d5816e4ac1e443ed3e640d9a6ae55d0c?s=96&d=mm&r=g","caption":"US5"},"url":"https:\/\/veritasinfo.org\/?author=6"}]}},"featured_image_urls":{"full":["https:\/\/veritasinfo.org\/wp-content\/uploads\/2026\/03\/ejup-maqedonci-e1727280690354-780x439-1.jpg",780,439,false],"thumbnail":["https:\/\/veritasinfo.org\/wp-content\/uploads\/2026\/03\/ejup-maqedonci-e1727280690354-780x439-1-150x150.jpg",150,150,true],"medium":["https:\/\/veritasinfo.org\/wp-content\/uploads\/2026\/03\/ejup-maqedonci-e1727280690354-780x439-1-300x169.jpg",300,169,true],"medium_large":["https:\/\/veritasinfo.org\/wp-content\/uploads\/2026\/03\/ejup-maqedonci-e1727280690354-780x439-1-768x432.jpg",640,360,true],"large":["https:\/\/veritasinfo.org\/wp-content\/uploads\/2026\/03\/ejup-maqedonci-e1727280690354-780x439-1.jpg",640,360,false],"1536x1536":["https:\/\/veritasinfo.org\/wp-content\/uploads\/2026\/03\/ejup-maqedonci-e1727280690354-780x439-1.jpg",780,439,false],"2048x2048":["https:\/\/veritasinfo.org\/wp-content\/uploads\/2026\/03\/ejup-maqedonci-e1727280690354-780x439-1.jpg",780,439,false],"kreeti-slider-full":["https:\/\/veritasinfo.org\/wp-content\/uploads\/2026\/03\/ejup-maqedonci-e1727280690354-780x439-1.jpg",780,439,false],"kreeti-featured":["https:\/\/veritasinfo.org\/wp-content\/uploads\/2026\/03\/ejup-maqedonci-e1727280690354-780x439-1.jpg",780,439,false],"kreeti-medium":["https:\/\/veritasinfo.org\/wp-content\/uploads\/2026\/03\/ejup-maqedonci-e1727280690354-780x439-1.jpg",720,405,false],"kreeti-medium-square":["https:\/\/veritasinfo.org\/wp-content\/uploads\/2026\/03\/ejup-maqedonci-e1727280690354-780x439-1.jpg",350,197,false]},"author_info":{"info":["US5"]},"category_info":"<a href=\"https:\/\/veritasinfo.org\/?cat=109\" rel=\"category\">Siguri<\/a>","tag_info":"Siguri","comment_count":"0","_links":{"self":[{"href":"https:\/\/veritasinfo.org\/index.php?rest_route=\/wp\/v2\/posts\/36919","targetHints":{"allow":["GET"]}}],"collection":[{"href":"https:\/\/veritasinfo.org\/index.php?rest_route=\/wp\/v2\/posts"}],"about":[{"href":"https:\/\/veritasinfo.org\/index.php?rest_route=\/wp\/v2\/types\/post"}],"author":[{"embeddable":true,"href":"https:\/\/veritasinfo.org\/index.php?rest_route=\/wp\/v2\/users\/6"}],"replies":[{"embeddable":true,"href":"https:\/\/veritasinfo.org\/index.php?rest_route=%2Fwp%2Fv2%2Fcomments&post=36919"}],"version-history":[{"count":2,"href":"https:\/\/veritasinfo.org\/index.php?rest_route=\/wp\/v2\/posts\/36919\/revisions"}],"predecessor-version":[{"id":36922,"href":"https:\/\/veritasinfo.org\/index.php?rest_route=\/wp\/v2\/posts\/36919\/revisions\/36922"}],"wp:featuredmedia":[{"embeddable":true,"href":"https:\/\/veritasinfo.org\/index.php?rest_route=\/wp\/v2\/media\/36920"}],"wp:attachment":[{"href":"https:\/\/veritasinfo.org\/index.php?rest_route=%2Fwp%2Fv2%2Fmedia&parent=36919"}],"wp:term":[{"taxonomy":"category","embeddable":true,"href":"https:\/\/veritasinfo.org\/index.php?rest_route=%2Fwp%2Fv2%2Fcategories&post=36919"},{"taxonomy":"post_tag","embeddable":true,"href":"https:\/\/veritasinfo.org\/index.php?rest_route=%2Fwp%2Fv2%2Ftags&post=36919"}],"curies":[{"name":"wp","href":"https:\/\/api.w.org\/{rel}","templated":true}]}}