{"id":36896,"date":"2026-03-10T11:18:44","date_gmt":"2026-03-10T10:18:44","guid":{"rendered":"https:\/\/veritasinfo.org\/?p=36896"},"modified":"2026-03-10T11:18:44","modified_gmt":"2026-03-10T10:18:44","slug":"svecla-takon-zyrtarin-e-komisionit-evropian-ne-forumin-e-salzburgut-diskutohet-per-forcimin-e-sigurise-dhe-luften-kunder-krimit","status":"publish","type":"post","link":"https:\/\/veritasinfo.org\/?p=36896","title":{"rendered":"Sve\u00e7la takon zyrtarin e Komisionit Evropian n\u00eb Forumin e Salzburgut, diskutohet p\u00ebr forcimin e siguris\u00eb dhe luft\u00ebn kund\u00ebr krimit"},"content":{"rendered":"<p>Prishtin\u00eb 10 Mars 2026 11:70<\/p>\n<p>Ministri i Pun\u00ebve t\u00eb Brendshme, Xhelal Sve\u00e7la, po merr pjes\u00eb n\u00eb takimin e Forumi t\u00eb Salzburgut ku po diskutohet p\u00ebr bashk\u00ebpunimin rajonal n\u00eb fush\u00ebn e menaxhimit t\u00eb migracionit dhe siguris\u00eb kufitare.<\/p>\n<p>Sipas njoftmit Sve\u00e7la mir\u00ebpriti lansimin e Sistemit t\u00eb Hyrje\/Daljes (Entry\/Exit System \u2013 EES), duke e cil\u00ebsuar nj\u00eb hap t\u00eb r\u00ebnd\u00ebsish\u00ebm drejt modernizimit dhe digjitalizimit t\u00eb kufijve t\u00eb jasht\u00ebm t\u00eb zon\u00ebs Schengen.<\/p>\n<p>Ai theksoi se Kosova \u00ebsht\u00eb e interesuar t\u00eb p\u00ebrfitoj\u00eb nga sisteme t\u00eb tilla p\u00ebr t\u00eb rritur sigurin\u00eb kufitare dhe p\u00ebr t\u00eb p\u00ebrmir\u00ebsuar menaxhimin e migracionit.<\/p>\n<p>\u2018\u2019Ministri theksoi gjithashtu r\u00ebnd\u00ebsin\u00eb e informimit t\u00eb qytetar\u00ebve t\u00eb Kosov\u00ebs p\u00ebr rregullat e udh\u00ebtimit dhe q\u00ebndrimit n\u00eb zon\u00ebn Schengen, por dhe rregullat n\u00eb Kosov\u00eb q\u00eb jan\u00eb n\u00eb p\u00ebrputhje me direktivat e BE-s\u00eb, p\u00ebrmes fushatave informuese dhe platformave online t\u00eb dedikuara.N\u00eb kuad\u00ebr t\u00eb diskutimit p\u00ebr bashk\u00ebpunimin me Frontex n\u00eb Ballkanin Per\u00ebndimor, ministri Sve\u00e7la vler\u00ebsoi bashk\u00ebpunimin nd\u00ebrmjet Ministris\u00eb s\u00eb Pun\u00ebve t\u00eb Brendshme dhe Frontex, duke theksuar angazhimin e p\u00ebrbashk\u00ebt me Policin\u00eb e Kosov\u00ebs n\u00eb disa pika kufitare dhe n\u00eb Aeroportin Nd\u00ebrkomb\u00ebtar t\u00eb Prishtin\u00ebs\u2019\u2019 thuhet n\u00eb njoftim.<\/p>\n<p>Sve\u00e7la ritheksoi p\u00ebrkushtimin e Kosov\u00ebs p\u00ebr t\u00eb thelluar bashk\u00ebpunimin me partner\u00ebt evropian\u00eb ai dhe avancimin e bashk\u00ebpunimin me EUROPOL-in  p\u00ebr t\u00eb kontribuar si partner i besuesh\u00ebm n\u00eb sigurin\u00eb rajonale dhe m\u00eb gjer\u00eb.<\/p>\n","protected":false},"excerpt":{"rendered":"<p>Prishtin\u00eb 10 Mars 2026 11:70 Ministri i Pun\u00ebve t\u00eb Brendshme, Xhelal Sve\u00e7la, po merr pjes\u00eb n\u00eb takimin e Forumi t\u00eb Salzburgut ku po diskutohet p\u00ebr<\/p>\n","protected":false},"author":6,"featured_media":36898,"comment_status":"open","ping_status":"open","sticky":false,"template":"","format":"standard","meta":{"footnotes":""},"categories":[60],"tags":[],"class_list":["post-36896","post","type-post","status-publish","format-standard","has-post-thumbnail","hentry","category-shoqerore-sq"],"yoast_head":"<!-- This site is optimized with the Yoast SEO plugin v25.3.1 - https:\/\/yoast.com\/wordpress\/plugins\/seo\/ -->\n<title>Sve\u00e7la takon zyrtarin e Komisionit Evropian n\u00eb Forumin e Salzburgut, diskutohet p\u00ebr forcimin e siguris\u00eb dhe luft\u00ebn kund\u00ebr krimit -<\/title>\n<meta name=\"robots\" content=\"index, follow, max-snippet:-1, max-image-preview:large, max-video-preview:-1\" \/>\n<link rel=\"canonical\" href=\"https:\/\/veritasinfo.org\/?p=36896\" \/>\n<meta property=\"og:locale\" content=\"en_US\" \/>\n<meta property=\"og:type\" content=\"article\" \/>\n<meta property=\"og:title\" content=\"Sve\u00e7la takon zyrtarin e Komisionit Evropian n\u00eb Forumin e Salzburgut, diskutohet p\u00ebr forcimin e siguris\u00eb dhe luft\u00ebn kund\u00ebr krimit -\" \/>\n<meta property=\"og:description\" content=\"Prishtin\u00eb 10 Mars 2026 11:70 Ministri i Pun\u00ebve t\u00eb Brendshme, Xhelal Sve\u00e7la, po merr pjes\u00eb n\u00eb takimin e Forumi t\u00eb Salzburgut ku po diskutohet p\u00ebr\" \/>\n<meta property=\"og:url\" content=\"https:\/\/veritasinfo.org\/?p=36896\" \/>\n<meta property=\"article:published_time\" content=\"2026-03-10T10:18:44+00:00\" \/>\n<meta property=\"og:image\" content=\"https:\/\/veritasinfo.org\/wp-content\/uploads\/2026\/03\/1-1-1536x1152-1.jpg\" \/>\n\t<meta property=\"og:image:width\" content=\"1536\" \/>\n\t<meta property=\"og:image:height\" content=\"1152\" \/>\n\t<meta property=\"og:image:type\" content=\"image\/jpeg\" \/>\n<meta name=\"author\" content=\"US5\" \/>\n<meta name=\"twitter:card\" content=\"summary_large_image\" \/>\n<meta name=\"twitter:label1\" content=\"Written by\" \/>\n\t<meta name=\"twitter:data1\" content=\"US5\" \/>\n\t<meta name=\"twitter:label2\" content=\"Est. reading time\" \/>\n\t<meta name=\"twitter:data2\" content=\"1 minute\" \/>\n<script type=\"application\/ld+json\" class=\"yoast-schema-graph\">{\"@context\":\"https:\/\/schema.org\",\"@graph\":[{\"@type\":\"WebPage\",\"@id\":\"https:\/\/veritasinfo.org\/?p=36896\",\"url\":\"https:\/\/veritasinfo.org\/?p=36896\",\"name\":\"Sve\u00e7la takon zyrtarin e Komisionit Evropian n\u00eb Forumin e Salzburgut, diskutohet p\u00ebr forcimin e siguris\u00eb dhe luft\u00ebn kund\u00ebr krimit -\",\"isPartOf\":{\"@id\":\"https:\/\/veritasinfo.org\/#website\"},\"primaryImageOfPage\":{\"@id\":\"https:\/\/veritasinfo.org\/?p=36896#primaryimage\"},\"image\":{\"@id\":\"https:\/\/veritasinfo.org\/?p=36896#primaryimage\"},\"thumbnailUrl\":\"https:\/\/veritasinfo.org\/wp-content\/uploads\/2026\/03\/1-1-1536x1152-1.jpg\",\"datePublished\":\"2026-03-10T10:18:44+00:00\",\"author\":{\"@id\":\"https:\/\/veritasinfo.org\/#\/schema\/person\/bc442336e35414d04494ab8fb45db4c6\"},\"breadcrumb\":{\"@id\":\"https:\/\/veritasinfo.org\/?p=36896#breadcrumb\"},\"inLanguage\":\"en-US\",\"potentialAction\":[{\"@type\":\"ReadAction\",\"target\":[\"https:\/\/veritasinfo.org\/?p=36896\"]}]},{\"@type\":\"ImageObject\",\"inLanguage\":\"en-US\",\"@id\":\"https:\/\/veritasinfo.org\/?p=36896#primaryimage\",\"url\":\"https:\/\/veritasinfo.org\/wp-content\/uploads\/2026\/03\/1-1-1536x1152-1.jpg\",\"contentUrl\":\"https:\/\/veritasinfo.org\/wp-content\/uploads\/2026\/03\/1-1-1536x1152-1.jpg\",\"width\":1536,\"height\":1152},{\"@type\":\"BreadcrumbList\",\"@id\":\"https:\/\/veritasinfo.org\/?p=36896#breadcrumb\",\"itemListElement\":[{\"@type\":\"ListItem\",\"position\":1,\"name\":\"Home\",\"item\":\"https:\/\/veritasinfo.org\/\"},{\"@type\":\"ListItem\",\"position\":2,\"name\":\"Sve\u00e7la takon zyrtarin e Komisionit Evropian n\u00eb Forumin e Salzburgut, diskutohet p\u00ebr forcimin e siguris\u00eb dhe luft\u00ebn kund\u00ebr krimit\"}]},{\"@type\":\"WebSite\",\"@id\":\"https:\/\/veritasinfo.org\/#website\",\"url\":\"https:\/\/veritasinfo.org\/\",\"name\":\"\",\"description\":\"\",\"potentialAction\":[{\"@type\":\"SearchAction\",\"target\":{\"@type\":\"EntryPoint\",\"urlTemplate\":\"https:\/\/veritasinfo.org\/?s={search_term_string}\"},\"query-input\":{\"@type\":\"PropertyValueSpecification\",\"valueRequired\":true,\"valueName\":\"search_term_string\"}}],\"inLanguage\":\"en-US\"},{\"@type\":\"Person\",\"@id\":\"https:\/\/veritasinfo.org\/#\/schema\/person\/bc442336e35414d04494ab8fb45db4c6\",\"name\":\"US5\",\"image\":{\"@type\":\"ImageObject\",\"inLanguage\":\"en-US\",\"@id\":\"https:\/\/veritasinfo.org\/#\/schema\/person\/image\/\",\"url\":\"https:\/\/secure.gravatar.com\/avatar\/16a61e7272a0c5d001121ebb9e60e925d5816e4ac1e443ed3e640d9a6ae55d0c?s=96&d=mm&r=g\",\"contentUrl\":\"https:\/\/secure.gravatar.com\/avatar\/16a61e7272a0c5d001121ebb9e60e925d5816e4ac1e443ed3e640d9a6ae55d0c?s=96&d=mm&r=g\",\"caption\":\"US5\"},\"url\":\"https:\/\/veritasinfo.org\/?author=6\"}]}<\/script>\n<!-- \/ Yoast SEO plugin. -->","yoast_head_json":{"title":"Sve\u00e7la takon zyrtarin e Komisionit Evropian n\u00eb Forumin e Salzburgut, diskutohet p\u00ebr forcimin e siguris\u00eb dhe luft\u00ebn kund\u00ebr krimit -","robots":{"index":"index","follow":"follow","max-snippet":"max-snippet:-1","max-image-preview":"max-image-preview:large","max-video-preview":"max-video-preview:-1"},"canonical":"https:\/\/veritasinfo.org\/?p=36896","og_locale":"en_US","og_type":"article","og_title":"Sve\u00e7la takon zyrtarin e Komisionit Evropian n\u00eb Forumin e Salzburgut, diskutohet p\u00ebr forcimin e siguris\u00eb dhe luft\u00ebn kund\u00ebr krimit -","og_description":"Prishtin\u00eb 10 Mars 2026 11:70 Ministri i Pun\u00ebve t\u00eb Brendshme, Xhelal Sve\u00e7la, po merr pjes\u00eb n\u00eb takimin e Forumi t\u00eb Salzburgut ku po diskutohet p\u00ebr","og_url":"https:\/\/veritasinfo.org\/?p=36896","article_published_time":"2026-03-10T10:18:44+00:00","og_image":[{"width":1536,"height":1152,"url":"https:\/\/veritasinfo.org\/wp-content\/uploads\/2026\/03\/1-1-1536x1152-1.jpg","type":"image\/jpeg"}],"author":"US5","twitter_card":"summary_large_image","twitter_misc":{"Written by":"US5","Est. reading time":"1 minute"},"schema":{"@context":"https:\/\/schema.org","@graph":[{"@type":"WebPage","@id":"https:\/\/veritasinfo.org\/?p=36896","url":"https:\/\/veritasinfo.org\/?p=36896","name":"Sve\u00e7la takon zyrtarin e Komisionit Evropian n\u00eb Forumin e Salzburgut, diskutohet p\u00ebr forcimin e siguris\u00eb dhe luft\u00ebn kund\u00ebr krimit -","isPartOf":{"@id":"https:\/\/veritasinfo.org\/#website"},"primaryImageOfPage":{"@id":"https:\/\/veritasinfo.org\/?p=36896#primaryimage"},"image":{"@id":"https:\/\/veritasinfo.org\/?p=36896#primaryimage"},"thumbnailUrl":"https:\/\/veritasinfo.org\/wp-content\/uploads\/2026\/03\/1-1-1536x1152-1.jpg","datePublished":"2026-03-10T10:18:44+00:00","author":{"@id":"https:\/\/veritasinfo.org\/#\/schema\/person\/bc442336e35414d04494ab8fb45db4c6"},"breadcrumb":{"@id":"https:\/\/veritasinfo.org\/?p=36896#breadcrumb"},"inLanguage":"en-US","potentialAction":[{"@type":"ReadAction","target":["https:\/\/veritasinfo.org\/?p=36896"]}]},{"@type":"ImageObject","inLanguage":"en-US","@id":"https:\/\/veritasinfo.org\/?p=36896#primaryimage","url":"https:\/\/veritasinfo.org\/wp-content\/uploads\/2026\/03\/1-1-1536x1152-1.jpg","contentUrl":"https:\/\/veritasinfo.org\/wp-content\/uploads\/2026\/03\/1-1-1536x1152-1.jpg","width":1536,"height":1152},{"@type":"BreadcrumbList","@id":"https:\/\/veritasinfo.org\/?p=36896#breadcrumb","itemListElement":[{"@type":"ListItem","position":1,"name":"Home","item":"https:\/\/veritasinfo.org\/"},{"@type":"ListItem","position":2,"name":"Sve\u00e7la takon zyrtarin e Komisionit Evropian n\u00eb Forumin e Salzburgut, diskutohet p\u00ebr forcimin e siguris\u00eb dhe luft\u00ebn kund\u00ebr krimit"}]},{"@type":"WebSite","@id":"https:\/\/veritasinfo.org\/#website","url":"https:\/\/veritasinfo.org\/","name":"","description":"","potentialAction":[{"@type":"SearchAction","target":{"@type":"EntryPoint","urlTemplate":"https:\/\/veritasinfo.org\/?s={search_term_string}"},"query-input":{"@type":"PropertyValueSpecification","valueRequired":true,"valueName":"search_term_string"}}],"inLanguage":"en-US"},{"@type":"Person","@id":"https:\/\/veritasinfo.org\/#\/schema\/person\/bc442336e35414d04494ab8fb45db4c6","name":"US5","image":{"@type":"ImageObject","inLanguage":"en-US","@id":"https:\/\/veritasinfo.org\/#\/schema\/person\/image\/","url":"https:\/\/secure.gravatar.com\/avatar\/16a61e7272a0c5d001121ebb9e60e925d5816e4ac1e443ed3e640d9a6ae55d0c?s=96&d=mm&r=g","contentUrl":"https:\/\/secure.gravatar.com\/avatar\/16a61e7272a0c5d001121ebb9e60e925d5816e4ac1e443ed3e640d9a6ae55d0c?s=96&d=mm&r=g","caption":"US5"},"url":"https:\/\/veritasinfo.org\/?author=6"}]}},"featured_image_urls":{"full":["https:\/\/veritasinfo.org\/wp-content\/uploads\/2026\/03\/1-1-1536x1152-1.jpg",1536,1152,false],"thumbnail":["https:\/\/veritasinfo.org\/wp-content\/uploads\/2026\/03\/1-1-1536x1152-1-150x150.jpg",150,150,true],"medium":["https:\/\/veritasinfo.org\/wp-content\/uploads\/2026\/03\/1-1-1536x1152-1-300x225.jpg",300,225,true],"medium_large":["https:\/\/veritasinfo.org\/wp-content\/uploads\/2026\/03\/1-1-1536x1152-1-768x576.jpg",640,480,true],"large":["https:\/\/veritasinfo.org\/wp-content\/uploads\/2026\/03\/1-1-1536x1152-1-1024x768.jpg",640,480,true],"1536x1536":["https:\/\/veritasinfo.org\/wp-content\/uploads\/2026\/03\/1-1-1536x1152-1.jpg",1536,1152,false],"2048x2048":["https:\/\/veritasinfo.org\/wp-content\/uploads\/2026\/03\/1-1-1536x1152-1.jpg",1536,1152,false],"kreeti-slider-full":["https:\/\/veritasinfo.org\/wp-content\/uploads\/2026\/03\/1-1-1536x1152-1.jpg",960,720,false],"kreeti-featured":["https:\/\/veritasinfo.org\/wp-content\/uploads\/2026\/03\/1-1-1536x1152-1.jpg",1024,768,false],"kreeti-medium":["https:\/\/veritasinfo.org\/wp-content\/uploads\/2026\/03\/1-1-1536x1152-1.jpg",707,530,false],"kreeti-medium-square":["https:\/\/veritasinfo.org\/wp-content\/uploads\/2026\/03\/1-1-1536x1152-1.jpg",350,263,false]},"author_info":{"info":["US5"]},"category_info":"<a href=\"https:\/\/veritasinfo.org\/?cat=60\" rel=\"category\">Shoq\u00ebrore<\/a>","tag_info":"Shoq\u00ebrore","comment_count":"0","_links":{"self":[{"href":"https:\/\/veritasinfo.org\/index.php?rest_route=\/wp\/v2\/posts\/36896","targetHints":{"allow":["GET"]}}],"collection":[{"href":"https:\/\/veritasinfo.org\/index.php?rest_route=\/wp\/v2\/posts"}],"about":[{"href":"https:\/\/veritasinfo.org\/index.php?rest_route=\/wp\/v2\/types\/post"}],"author":[{"embeddable":true,"href":"https:\/\/veritasinfo.org\/index.php?rest_route=\/wp\/v2\/users\/6"}],"replies":[{"embeddable":true,"href":"https:\/\/veritasinfo.org\/index.php?rest_route=%2Fwp%2Fv2%2Fcomments&post=36896"}],"version-history":[{"count":2,"href":"https:\/\/veritasinfo.org\/index.php?rest_route=\/wp\/v2\/posts\/36896\/revisions"}],"predecessor-version":[{"id":36899,"href":"https:\/\/veritasinfo.org\/index.php?rest_route=\/wp\/v2\/posts\/36896\/revisions\/36899"}],"wp:featuredmedia":[{"embeddable":true,"href":"https:\/\/veritasinfo.org\/index.php?rest_route=\/wp\/v2\/media\/36898"}],"wp:attachment":[{"href":"https:\/\/veritasinfo.org\/index.php?rest_route=%2Fwp%2Fv2%2Fmedia&parent=36896"}],"wp:term":[{"taxonomy":"category","embeddable":true,"href":"https:\/\/veritasinfo.org\/index.php?rest_route=%2Fwp%2Fv2%2Fcategories&post=36896"},{"taxonomy":"post_tag","embeddable":true,"href":"https:\/\/veritasinfo.org\/index.php?rest_route=%2Fwp%2Fv2%2Ftags&post=36896"}],"curies":[{"name":"wp","href":"https:\/\/api.w.org\/{rel}","templated":true}]}}