{"id":36874,"date":"2026-03-10T10:16:31","date_gmt":"2026-03-10T09:16:31","guid":{"rendered":"https:\/\/veritasinfo.org\/?p=36874"},"modified":"2026-03-10T10:16:31","modified_gmt":"2026-03-10T09:16:31","slug":"rizvanolli-partneriteti-mes-kosoves-dhe-kanadase-eshte-i-shkelqyer","status":"publish","type":"post","link":"https:\/\/veritasinfo.org\/?p=36874","title":{"rendered":"Rizvanolli: Partneriteti mes Kosov\u00ebs dhe Kanadas\u00eb \u00ebsht\u00eb i shk\u00eblqyer"},"content":{"rendered":"<p>Prishtin\u00eb 10 Mars 2026 10:15<\/p>\n<p>Shum\u00eb takime gjat\u00eb q\u00ebndrimit n\u00eb Kanada thot\u00eb Ministria e Ekonomis\u00eb t\u2019i ket\u00eb b\u00ebr\u00eb shefja e k\u00ebtij dikasteri, Artane Rizvanolli.<\/p>\n<p>Ata kan\u00eb renditur disa nga takimet m\u00eb t\u00eb r\u00ebnd\u00ebsishme q\u00eb thon\u00eb se ka pasur ministrja Rizvanolli gjat\u00eb q\u00ebndrimit t\u00eb saj jav\u00ebn e shkuar n\u00eb k\u00ebt\u00eb shtet.<\/p>\n<p>\u201cMinistrja, Artane Rizvanolli, ka vler\u00ebsuar se partneriteti mes Kosov\u00ebs dhe Kanadas\u00eb \u00ebsht\u00eb i shk\u00eblqyer, duke theksuar se tani \u00ebsht\u00eb koha q\u00eb mbi k\u00ebt\u00eb baz\u00eb t\u00eb nd\u00ebrtohet nj\u00eb bashk\u00ebpunim edhe m\u00eb i thell\u00eb ekonomik, ve\u00e7an\u00ebrisht n\u00eb sektorin e minierave dhe energjis\u00eb\u201d, citon ministria e Ekonomis\u00eb fjal\u00ebt e rizvanollit.<\/p>\n<p>Ata kan\u00eb rikthyer n\u00eb kujtes\u00eb pjes\u00ebmarrjen e dy ministreve t\u00eb kabinetit qeveritar Rizvanollit e Kusari-Lil\u00ebs, n\u00eb at\u00eb q\u00eb quhet si konferenca m\u00eb e madhe globale e eksplorimit mineral dhe industris\u00eb minerare, PDAC 2026, e mbajtur n\u00eb Toronto.<\/p>\n<p>\u201cN\u00eb kuad\u00ebr t\u00eb k\u00ebsaj vizite, ministrja Rizvanolli u takua me Ren\u00e9 Legacy, Z\u00ebvend\u00ebskryeminist\u00ebr i provinc\u00ebs s\u00eb Nju Bransvikut dhe Minist\u00ebr i Financave dhe Bordit t\u00eb Thesarit, nj\u00ebher\u00ebsh edhe Minist\u00ebr i Energjis\u00eb, me t\u00eb cilin k\u00ebmbyen p\u00ebrvoja mbi politikat energjetike dhe zhvillimet n\u00eb sektorin e energjis\u00eb. Po ashtu, ajo zhvilloi takime edhe me Brian Jean, Minist\u00ebr i Energjis\u00eb dhe Mineraleve i Albert\u00ebs, si dhe me Cory Hughes, Z\u00ebvend\u00ebs-Minist\u00ebr Asistent p\u00ebr Zhvillim t\u00eb Burimeve n\u00eb Ministrin\u00eb e Energjis\u00eb dhe Burimeve t\u00eb Saskatche\u00eban, me t\u00eb cil\u00ebt diskutoi mund\u00ebsit\u00eb p\u00ebr bashk\u00ebpunim ekonomik me fokus n\u00eb sektor\u00ebt e minierave dhe energjis\u00eb, si dhe hapat konkret\u00eb p\u00ebr avancimin e k\u00ebtij bashk\u00ebpunimi n\u00eb projekte t\u00eb p\u00ebrbashk\u00ebta\u201d, thot\u00eb ministria.<\/p>\n<p>Gjat\u00eb q\u00ebndrimit atje, Rizvanolli ka zhvilluar takime edhe me p\u00ebrfaq\u00ebsues t\u00eb Parlamentit t\u00eb Kanadas\u00eb, p\u00ebrfshir\u00eb Rob Oliphant, deputet dhe Sekretar Parlamentar i Ministres s\u00eb Pun\u00ebve t\u00eb Jashtme, Claude Guay, deputet dhe Sekretar Parlamentar i Ministrit t\u00eb Energjis\u00eb dhe Burimeve Natyrore, Ahmed Hussen, deputet dhe Kryetar i Komitetit t\u00eb P\u00ebrhersh\u00ebm p\u00ebr Pun\u00eb t\u00eb Jashtme dhe Zhvillim Nd\u00ebrkomb\u00ebtar, si dhe Kyle Seeback, deputet dhe minist\u00ebr n\u00eb hije p\u00ebr Pun\u00eb.<\/p>\n<p>N\u00eb k\u00ebto takime, sipas ministris\u00eb u diskutua p\u00ebr thellimin e bashk\u00ebpunimit dypal\u00ebsh, mb\u00ebshtetjen e vazhdueshme politike p\u00ebr Kosov\u00ebn dhe zhvillimet e p\u00ebrgjithshme n\u00eb vend.<\/p>\n<p>Sipas ministris\u00eb, pjes\u00ebmarrja n\u00eb PDAC 2026 sh\u00ebrbeu si nj\u00eb mund\u00ebsi e r\u00ebnd\u00ebsishme p\u00ebr promovimin e potencialit t\u00eb Kosov\u00ebs n\u00eb sektorin minerar dhe p\u00ebr zgjerimin e partneriteteve nd\u00ebrkomb\u00ebtare n\u00eb fusha me r\u00ebnd\u00ebsi strategjike p\u00ebr zhvillimin ekonomik t\u00eb vendit.<\/p>\n","protected":false},"excerpt":{"rendered":"<p>Prishtin\u00eb 10 Mars 2026 10:15 Shum\u00eb takime gjat\u00eb q\u00ebndrimit n\u00eb Kanada thot\u00eb Ministria e Ekonomis\u00eb t\u2019i ket\u00eb b\u00ebr\u00eb shefja e k\u00ebtij dikasteri, Artane Rizvanolli. Ata<\/p>\n","protected":false},"author":6,"featured_media":36875,"comment_status":"open","ping_status":"open","sticky":false,"template":"","format":"standard","meta":{"footnotes":""},"categories":[60],"tags":[],"class_list":["post-36874","post","type-post","status-publish","format-standard","has-post-thumbnail","hentry","category-shoqerore-sq"],"yoast_head":"<!-- This site is optimized with the Yoast SEO plugin v25.3.1 - https:\/\/yoast.com\/wordpress\/plugins\/seo\/ -->\n<title>Rizvanolli: Partneriteti mes Kosov\u00ebs dhe Kanadas\u00eb \u00ebsht\u00eb i shk\u00eblqyer -<\/title>\n<meta name=\"robots\" content=\"index, follow, max-snippet:-1, max-image-preview:large, max-video-preview:-1\" \/>\n<link rel=\"canonical\" href=\"https:\/\/veritasinfo.org\/?p=36874\" \/>\n<meta property=\"og:locale\" content=\"en_US\" \/>\n<meta property=\"og:type\" content=\"article\" \/>\n<meta property=\"og:title\" content=\"Rizvanolli: Partneriteti mes Kosov\u00ebs dhe Kanadas\u00eb \u00ebsht\u00eb i shk\u00eblqyer -\" \/>\n<meta property=\"og:description\" content=\"Prishtin\u00eb 10 Mars 2026 10:15 Shum\u00eb takime gjat\u00eb q\u00ebndrimit n\u00eb Kanada thot\u00eb Ministria e Ekonomis\u00eb t\u2019i ket\u00eb b\u00ebr\u00eb shefja e k\u00ebtij dikasteri, Artane Rizvanolli. Ata\" \/>\n<meta property=\"og:url\" content=\"https:\/\/veritasinfo.org\/?p=36874\" \/>\n<meta property=\"article:published_time\" content=\"2026-03-10T09:16:31+00:00\" \/>\n<meta property=\"og:image\" content=\"https:\/\/veritasinfo.org\/wp-content\/uploads\/2026\/03\/719380-70s7yPzUtO.jpg\" \/>\n\t<meta property=\"og:image:width\" content=\"780\" \/>\n\t<meta property=\"og:image:height\" content=\"500\" \/>\n\t<meta property=\"og:image:type\" content=\"image\/jpeg\" \/>\n<meta name=\"author\" content=\"US5\" \/>\n<meta name=\"twitter:card\" content=\"summary_large_image\" \/>\n<meta name=\"twitter:label1\" content=\"Written by\" \/>\n\t<meta name=\"twitter:data1\" content=\"US5\" \/>\n\t<meta name=\"twitter:label2\" content=\"Est. reading time\" \/>\n\t<meta name=\"twitter:data2\" content=\"1 minute\" \/>\n<script type=\"application\/ld+json\" class=\"yoast-schema-graph\">{\"@context\":\"https:\/\/schema.org\",\"@graph\":[{\"@type\":\"WebPage\",\"@id\":\"https:\/\/veritasinfo.org\/?p=36874\",\"url\":\"https:\/\/veritasinfo.org\/?p=36874\",\"name\":\"Rizvanolli: Partneriteti mes Kosov\u00ebs dhe Kanadas\u00eb \u00ebsht\u00eb i shk\u00eblqyer -\",\"isPartOf\":{\"@id\":\"https:\/\/veritasinfo.org\/#website\"},\"primaryImageOfPage\":{\"@id\":\"https:\/\/veritasinfo.org\/?p=36874#primaryimage\"},\"image\":{\"@id\":\"https:\/\/veritasinfo.org\/?p=36874#primaryimage\"},\"thumbnailUrl\":\"https:\/\/veritasinfo.org\/wp-content\/uploads\/2026\/03\/719380-70s7yPzUtO.jpg\",\"datePublished\":\"2026-03-10T09:16:31+00:00\",\"author\":{\"@id\":\"https:\/\/veritasinfo.org\/#\/schema\/person\/bc442336e35414d04494ab8fb45db4c6\"},\"breadcrumb\":{\"@id\":\"https:\/\/veritasinfo.org\/?p=36874#breadcrumb\"},\"inLanguage\":\"en-US\",\"potentialAction\":[{\"@type\":\"ReadAction\",\"target\":[\"https:\/\/veritasinfo.org\/?p=36874\"]}]},{\"@type\":\"ImageObject\",\"inLanguage\":\"en-US\",\"@id\":\"https:\/\/veritasinfo.org\/?p=36874#primaryimage\",\"url\":\"https:\/\/veritasinfo.org\/wp-content\/uploads\/2026\/03\/719380-70s7yPzUtO.jpg\",\"contentUrl\":\"https:\/\/veritasinfo.org\/wp-content\/uploads\/2026\/03\/719380-70s7yPzUtO.jpg\",\"width\":780,\"height\":500},{\"@type\":\"BreadcrumbList\",\"@id\":\"https:\/\/veritasinfo.org\/?p=36874#breadcrumb\",\"itemListElement\":[{\"@type\":\"ListItem\",\"position\":1,\"name\":\"Home\",\"item\":\"https:\/\/veritasinfo.org\/\"},{\"@type\":\"ListItem\",\"position\":2,\"name\":\"Rizvanolli: Partneriteti mes Kosov\u00ebs dhe Kanadas\u00eb \u00ebsht\u00eb i shk\u00eblqyer\"}]},{\"@type\":\"WebSite\",\"@id\":\"https:\/\/veritasinfo.org\/#website\",\"url\":\"https:\/\/veritasinfo.org\/\",\"name\":\"\",\"description\":\"\",\"potentialAction\":[{\"@type\":\"SearchAction\",\"target\":{\"@type\":\"EntryPoint\",\"urlTemplate\":\"https:\/\/veritasinfo.org\/?s={search_term_string}\"},\"query-input\":{\"@type\":\"PropertyValueSpecification\",\"valueRequired\":true,\"valueName\":\"search_term_string\"}}],\"inLanguage\":\"en-US\"},{\"@type\":\"Person\",\"@id\":\"https:\/\/veritasinfo.org\/#\/schema\/person\/bc442336e35414d04494ab8fb45db4c6\",\"name\":\"US5\",\"image\":{\"@type\":\"ImageObject\",\"inLanguage\":\"en-US\",\"@id\":\"https:\/\/veritasinfo.org\/#\/schema\/person\/image\/\",\"url\":\"https:\/\/secure.gravatar.com\/avatar\/16a61e7272a0c5d001121ebb9e60e925d5816e4ac1e443ed3e640d9a6ae55d0c?s=96&d=mm&r=g\",\"contentUrl\":\"https:\/\/secure.gravatar.com\/avatar\/16a61e7272a0c5d001121ebb9e60e925d5816e4ac1e443ed3e640d9a6ae55d0c?s=96&d=mm&r=g\",\"caption\":\"US5\"},\"url\":\"https:\/\/veritasinfo.org\/?author=6\"}]}<\/script>\n<!-- \/ Yoast SEO plugin. -->","yoast_head_json":{"title":"Rizvanolli: Partneriteti mes Kosov\u00ebs dhe Kanadas\u00eb \u00ebsht\u00eb i shk\u00eblqyer -","robots":{"index":"index","follow":"follow","max-snippet":"max-snippet:-1","max-image-preview":"max-image-preview:large","max-video-preview":"max-video-preview:-1"},"canonical":"https:\/\/veritasinfo.org\/?p=36874","og_locale":"en_US","og_type":"article","og_title":"Rizvanolli: Partneriteti mes Kosov\u00ebs dhe Kanadas\u00eb \u00ebsht\u00eb i shk\u00eblqyer -","og_description":"Prishtin\u00eb 10 Mars 2026 10:15 Shum\u00eb takime gjat\u00eb q\u00ebndrimit n\u00eb Kanada thot\u00eb Ministria e Ekonomis\u00eb t\u2019i ket\u00eb b\u00ebr\u00eb shefja e k\u00ebtij dikasteri, Artane Rizvanolli. Ata","og_url":"https:\/\/veritasinfo.org\/?p=36874","article_published_time":"2026-03-10T09:16:31+00:00","og_image":[{"width":780,"height":500,"url":"https:\/\/veritasinfo.org\/wp-content\/uploads\/2026\/03\/719380-70s7yPzUtO.jpg","type":"image\/jpeg"}],"author":"US5","twitter_card":"summary_large_image","twitter_misc":{"Written by":"US5","Est. reading time":"1 minute"},"schema":{"@context":"https:\/\/schema.org","@graph":[{"@type":"WebPage","@id":"https:\/\/veritasinfo.org\/?p=36874","url":"https:\/\/veritasinfo.org\/?p=36874","name":"Rizvanolli: Partneriteti mes Kosov\u00ebs dhe Kanadas\u00eb \u00ebsht\u00eb i shk\u00eblqyer -","isPartOf":{"@id":"https:\/\/veritasinfo.org\/#website"},"primaryImageOfPage":{"@id":"https:\/\/veritasinfo.org\/?p=36874#primaryimage"},"image":{"@id":"https:\/\/veritasinfo.org\/?p=36874#primaryimage"},"thumbnailUrl":"https:\/\/veritasinfo.org\/wp-content\/uploads\/2026\/03\/719380-70s7yPzUtO.jpg","datePublished":"2026-03-10T09:16:31+00:00","author":{"@id":"https:\/\/veritasinfo.org\/#\/schema\/person\/bc442336e35414d04494ab8fb45db4c6"},"breadcrumb":{"@id":"https:\/\/veritasinfo.org\/?p=36874#breadcrumb"},"inLanguage":"en-US","potentialAction":[{"@type":"ReadAction","target":["https:\/\/veritasinfo.org\/?p=36874"]}]},{"@type":"ImageObject","inLanguage":"en-US","@id":"https:\/\/veritasinfo.org\/?p=36874#primaryimage","url":"https:\/\/veritasinfo.org\/wp-content\/uploads\/2026\/03\/719380-70s7yPzUtO.jpg","contentUrl":"https:\/\/veritasinfo.org\/wp-content\/uploads\/2026\/03\/719380-70s7yPzUtO.jpg","width":780,"height":500},{"@type":"BreadcrumbList","@id":"https:\/\/veritasinfo.org\/?p=36874#breadcrumb","itemListElement":[{"@type":"ListItem","position":1,"name":"Home","item":"https:\/\/veritasinfo.org\/"},{"@type":"ListItem","position":2,"name":"Rizvanolli: Partneriteti mes Kosov\u00ebs dhe Kanadas\u00eb \u00ebsht\u00eb i shk\u00eblqyer"}]},{"@type":"WebSite","@id":"https:\/\/veritasinfo.org\/#website","url":"https:\/\/veritasinfo.org\/","name":"","description":"","potentialAction":[{"@type":"SearchAction","target":{"@type":"EntryPoint","urlTemplate":"https:\/\/veritasinfo.org\/?s={search_term_string}"},"query-input":{"@type":"PropertyValueSpecification","valueRequired":true,"valueName":"search_term_string"}}],"inLanguage":"en-US"},{"@type":"Person","@id":"https:\/\/veritasinfo.org\/#\/schema\/person\/bc442336e35414d04494ab8fb45db4c6","name":"US5","image":{"@type":"ImageObject","inLanguage":"en-US","@id":"https:\/\/veritasinfo.org\/#\/schema\/person\/image\/","url":"https:\/\/secure.gravatar.com\/avatar\/16a61e7272a0c5d001121ebb9e60e925d5816e4ac1e443ed3e640d9a6ae55d0c?s=96&d=mm&r=g","contentUrl":"https:\/\/secure.gravatar.com\/avatar\/16a61e7272a0c5d001121ebb9e60e925d5816e4ac1e443ed3e640d9a6ae55d0c?s=96&d=mm&r=g","caption":"US5"},"url":"https:\/\/veritasinfo.org\/?author=6"}]}},"featured_image_urls":{"full":["https:\/\/veritasinfo.org\/wp-content\/uploads\/2026\/03\/719380-70s7yPzUtO.jpg",780,500,false],"thumbnail":["https:\/\/veritasinfo.org\/wp-content\/uploads\/2026\/03\/719380-70s7yPzUtO-150x150.jpg",150,150,true],"medium":["https:\/\/veritasinfo.org\/wp-content\/uploads\/2026\/03\/719380-70s7yPzUtO-300x192.jpg",300,192,true],"medium_large":["https:\/\/veritasinfo.org\/wp-content\/uploads\/2026\/03\/719380-70s7yPzUtO-768x492.jpg",640,410,true],"large":["https:\/\/veritasinfo.org\/wp-content\/uploads\/2026\/03\/719380-70s7yPzUtO.jpg",640,410,false],"1536x1536":["https:\/\/veritasinfo.org\/wp-content\/uploads\/2026\/03\/719380-70s7yPzUtO.jpg",780,500,false],"2048x2048":["https:\/\/veritasinfo.org\/wp-content\/uploads\/2026\/03\/719380-70s7yPzUtO.jpg",780,500,false],"kreeti-slider-full":["https:\/\/veritasinfo.org\/wp-content\/uploads\/2026\/03\/719380-70s7yPzUtO.jpg",780,500,false],"kreeti-featured":["https:\/\/veritasinfo.org\/wp-content\/uploads\/2026\/03\/719380-70s7yPzUtO.jpg",780,500,false],"kreeti-medium":["https:\/\/veritasinfo.org\/wp-content\/uploads\/2026\/03\/719380-70s7yPzUtO.jpg",720,462,false],"kreeti-medium-square":["https:\/\/veritasinfo.org\/wp-content\/uploads\/2026\/03\/719380-70s7yPzUtO.jpg",350,224,false]},"author_info":{"info":["US5"]},"category_info":"<a href=\"https:\/\/veritasinfo.org\/?cat=60\" rel=\"category\">Shoq\u00ebrore<\/a>","tag_info":"Shoq\u00ebrore","comment_count":"0","_links":{"self":[{"href":"https:\/\/veritasinfo.org\/index.php?rest_route=\/wp\/v2\/posts\/36874","targetHints":{"allow":["GET"]}}],"collection":[{"href":"https:\/\/veritasinfo.org\/index.php?rest_route=\/wp\/v2\/posts"}],"about":[{"href":"https:\/\/veritasinfo.org\/index.php?rest_route=\/wp\/v2\/types\/post"}],"author":[{"embeddable":true,"href":"https:\/\/veritasinfo.org\/index.php?rest_route=\/wp\/v2\/users\/6"}],"replies":[{"embeddable":true,"href":"https:\/\/veritasinfo.org\/index.php?rest_route=%2Fwp%2Fv2%2Fcomments&post=36874"}],"version-history":[{"count":1,"href":"https:\/\/veritasinfo.org\/index.php?rest_route=\/wp\/v2\/posts\/36874\/revisions"}],"predecessor-version":[{"id":36876,"href":"https:\/\/veritasinfo.org\/index.php?rest_route=\/wp\/v2\/posts\/36874\/revisions\/36876"}],"wp:featuredmedia":[{"embeddable":true,"href":"https:\/\/veritasinfo.org\/index.php?rest_route=\/wp\/v2\/media\/36875"}],"wp:attachment":[{"href":"https:\/\/veritasinfo.org\/index.php?rest_route=%2Fwp%2Fv2%2Fmedia&parent=36874"}],"wp:term":[{"taxonomy":"category","embeddable":true,"href":"https:\/\/veritasinfo.org\/index.php?rest_route=%2Fwp%2Fv2%2Fcategories&post=36874"},{"taxonomy":"post_tag","embeddable":true,"href":"https:\/\/veritasinfo.org\/index.php?rest_route=%2Fwp%2Fv2%2Ftags&post=36874"}],"curies":[{"name":"wp","href":"https:\/\/api.w.org\/{rel}","templated":true}]}}