{"id":36863,"date":"2026-03-10T09:55:24","date_gmt":"2026-03-10T08:55:24","guid":{"rendered":"https:\/\/veritasinfo.org\/?p=36863"},"modified":"2026-03-10T09:55:24","modified_gmt":"2026-03-10T08:55:24","slug":"gjenden-mbetje-mortore-ne-rahovec-dyshohet-se-i-perkasin-se-paku-nje-individi-te-zhdukur-gjate-luftes-ne-kosove","status":"publish","type":"post","link":"https:\/\/veritasinfo.org\/?p=36863","title":{"rendered":"Gjenden mbetje mortore n\u00eb Rahovec, dyshohet se i p\u00ebrkasin s\u00eb paku nj\u00eb individi t\u00eb zhdukur gjat\u00eb luft\u00ebs n\u00eb Kosov\u00eb"},"content":{"rendered":"<p>Rahovec, 10 mars 2026 09:55<\/p>\n<p>Gjat\u00eb vazhd\u00ebs s\u00eb punimeve nj\u00ebsia p\u00ebrkat\u00ebse policore n\u00eb koordinim me IML bazuar edhe n\u00eb urdh\u00ebres\u00ebn e gjykat\u00ebs, gjat\u00eb g\u00ebrmimeve ka hasur pjes\u00eb esht\u00ebrore me prejardhje njer\u00ebzore q\u00eb dyshohet se i p\u00ebrkasin s\u00eb paku nj\u00eb individi t\u00eb zhdukur gjat\u00eb luft\u00ebs n\u00eb Kosov\u00eb.<\/p>\n<p>Sipas raportit 24 or\u00ebsh t\u00eb Policis\u00eb s\u00eb Kosov\u00ebs b\u00ebhet e ditur se rasti ka ndodhur n\u00eb vitet 1998-1999, n\u00eb Rahovec.<\/p>\n<p>Tutje b\u00ebhet e ditur se mbetjet esht\u00ebrore jan\u00eb t\u00ebrhequr nga vendi i ngjarjes dhe jan\u00eb d\u00ebrguar n\u00eb IML p\u00ebr ekzaminim mjeko-ligjor, n\u00eb autopsi dhe analiz\u00ebn e ADN-s\u00eb, me q\u00ebllim t\u00eb identifikimit.<\/p>\n<p>\u201cRahovec\/1998-1999 \u2013NN. Lidhur me rastin 09.03.2026, gjat\u00eb vazhd\u00ebs s\u00eb punimeve nj\u00ebsia p\u00ebrkat\u00ebse policore n\u00eb koordinim me IML bazuar edhe n\u00eb urdh\u00ebres\u00ebn e gjykat\u00ebs, gjat\u00eb g\u00ebrmimeve ka hasur pjes\u00eb esht\u00ebrore me prejardhje njer\u00ebzore q\u00eb dyshohet se i p\u00ebrkasin s\u00eb paku nj\u00eb (1) individi t\u00eb zhdukur gjat\u00eb luft\u00ebs n\u00eb Kosov\u00eb. Mbetjet esht\u00ebrore jan\u00eb t\u00ebrhequr nga vendi i ngjarjes dhe jan\u00eb d\u00ebrguar n\u00eb IML p\u00ebr ekzaminim mjeko-ligjor, n\u00eb autopsi dhe analiz\u00ebn e ADN-s\u00eb, me q\u00ebllim t\u00eb identifikimit\u201d, thuhet n\u00eb raport.<\/p>\n","protected":false},"excerpt":{"rendered":"<p>Rahovec, 10 mars 2026 09:55 Gjat\u00eb vazhd\u00ebs s\u00eb punimeve nj\u00ebsia p\u00ebrkat\u00ebse policore n\u00eb koordinim me IML bazuar edhe n\u00eb urdh\u00ebres\u00ebn e gjykat\u00ebs, gjat\u00eb g\u00ebrmimeve ka<\/p>\n","protected":false},"author":7,"featured_media":36864,"comment_status":"open","ping_status":"open","sticky":false,"template":"","format":"standard","meta":{"footnotes":""},"categories":[60],"tags":[],"class_list":["post-36863","post","type-post","status-publish","format-standard","has-post-thumbnail","hentry","category-shoqerore-sq"],"yoast_head":"<!-- This site is optimized with the Yoast SEO plugin v25.3.1 - https:\/\/yoast.com\/wordpress\/plugins\/seo\/ -->\n<title>Gjenden mbetje mortore n\u00eb Rahovec, dyshohet se i p\u00ebrkasin s\u00eb paku nj\u00eb individi t\u00eb zhdukur gjat\u00eb luft\u00ebs n\u00eb Kosov\u00eb -<\/title>\n<meta name=\"robots\" content=\"index, follow, max-snippet:-1, max-image-preview:large, max-video-preview:-1\" \/>\n<link rel=\"canonical\" href=\"https:\/\/veritasinfo.org\/?p=36863\" \/>\n<meta property=\"og:locale\" content=\"en_US\" \/>\n<meta property=\"og:type\" content=\"article\" \/>\n<meta property=\"og:title\" content=\"Gjenden mbetje mortore n\u00eb Rahovec, dyshohet se i p\u00ebrkasin s\u00eb paku nj\u00eb individi t\u00eb zhdukur gjat\u00eb luft\u00ebs n\u00eb Kosov\u00eb -\" \/>\n<meta property=\"og:description\" content=\"Rahovec, 10 mars 2026 09:55 Gjat\u00eb vazhd\u00ebs s\u00eb punimeve nj\u00ebsia p\u00ebrkat\u00ebse policore n\u00eb koordinim me IML bazuar edhe n\u00eb urdh\u00ebres\u00ebn e gjykat\u00ebs, gjat\u00eb g\u00ebrmimeve ka\" \/>\n<meta property=\"og:url\" content=\"https:\/\/veritasinfo.org\/?p=36863\" \/>\n<meta property=\"article:published_time\" content=\"2026-03-10T08:55:24+00:00\" \/>\n<meta property=\"og:image\" content=\"https:\/\/veritasinfo.org\/wp-content\/uploads\/2026\/03\/image-1-4.webp\" \/>\n\t<meta property=\"og:image:width\" content=\"1245\" \/>\n\t<meta property=\"og:image:height\" content=\"700\" \/>\n\t<meta property=\"og:image:type\" content=\"image\/webp\" \/>\n<meta name=\"author\" content=\"US6\" \/>\n<meta name=\"twitter:card\" content=\"summary_large_image\" \/>\n<meta name=\"twitter:label1\" content=\"Written by\" \/>\n\t<meta name=\"twitter:data1\" content=\"US6\" \/>\n\t<meta name=\"twitter:label2\" content=\"Est. reading time\" \/>\n\t<meta name=\"twitter:data2\" content=\"1 minute\" \/>\n<script type=\"application\/ld+json\" class=\"yoast-schema-graph\">{\"@context\":\"https:\/\/schema.org\",\"@graph\":[{\"@type\":\"WebPage\",\"@id\":\"https:\/\/veritasinfo.org\/?p=36863\",\"url\":\"https:\/\/veritasinfo.org\/?p=36863\",\"name\":\"Gjenden mbetje mortore n\u00eb Rahovec, dyshohet se i p\u00ebrkasin s\u00eb paku nj\u00eb individi t\u00eb zhdukur gjat\u00eb luft\u00ebs n\u00eb Kosov\u00eb -\",\"isPartOf\":{\"@id\":\"https:\/\/veritasinfo.org\/#website\"},\"primaryImageOfPage\":{\"@id\":\"https:\/\/veritasinfo.org\/?p=36863#primaryimage\"},\"image\":{\"@id\":\"https:\/\/veritasinfo.org\/?p=36863#primaryimage\"},\"thumbnailUrl\":\"https:\/\/veritasinfo.org\/wp-content\/uploads\/2026\/03\/image-1-4.webp\",\"datePublished\":\"2026-03-10T08:55:24+00:00\",\"author\":{\"@id\":\"https:\/\/veritasinfo.org\/#\/schema\/person\/fe199eede04c3937362892b7444747cc\"},\"breadcrumb\":{\"@id\":\"https:\/\/veritasinfo.org\/?p=36863#breadcrumb\"},\"inLanguage\":\"en-US\",\"potentialAction\":[{\"@type\":\"ReadAction\",\"target\":[\"https:\/\/veritasinfo.org\/?p=36863\"]}]},{\"@type\":\"ImageObject\",\"inLanguage\":\"en-US\",\"@id\":\"https:\/\/veritasinfo.org\/?p=36863#primaryimage\",\"url\":\"https:\/\/veritasinfo.org\/wp-content\/uploads\/2026\/03\/image-1-4.webp\",\"contentUrl\":\"https:\/\/veritasinfo.org\/wp-content\/uploads\/2026\/03\/image-1-4.webp\",\"width\":1245,\"height\":700},{\"@type\":\"BreadcrumbList\",\"@id\":\"https:\/\/veritasinfo.org\/?p=36863#breadcrumb\",\"itemListElement\":[{\"@type\":\"ListItem\",\"position\":1,\"name\":\"Home\",\"item\":\"https:\/\/veritasinfo.org\/\"},{\"@type\":\"ListItem\",\"position\":2,\"name\":\"Gjenden mbetje mortore n\u00eb Rahovec, dyshohet se i p\u00ebrkasin s\u00eb paku nj\u00eb individi t\u00eb zhdukur gjat\u00eb luft\u00ebs n\u00eb Kosov\u00eb\"}]},{\"@type\":\"WebSite\",\"@id\":\"https:\/\/veritasinfo.org\/#website\",\"url\":\"https:\/\/veritasinfo.org\/\",\"name\":\"\",\"description\":\"\",\"potentialAction\":[{\"@type\":\"SearchAction\",\"target\":{\"@type\":\"EntryPoint\",\"urlTemplate\":\"https:\/\/veritasinfo.org\/?s={search_term_string}\"},\"query-input\":{\"@type\":\"PropertyValueSpecification\",\"valueRequired\":true,\"valueName\":\"search_term_string\"}}],\"inLanguage\":\"en-US\"},{\"@type\":\"Person\",\"@id\":\"https:\/\/veritasinfo.org\/#\/schema\/person\/fe199eede04c3937362892b7444747cc\",\"name\":\"US6\",\"image\":{\"@type\":\"ImageObject\",\"inLanguage\":\"en-US\",\"@id\":\"https:\/\/veritasinfo.org\/#\/schema\/person\/image\/\",\"url\":\"https:\/\/secure.gravatar.com\/avatar\/cb16c3c31c9d23b9b8c705964598220b3014e42ff51eb540ff23cefa3ae8c15f?s=96&d=mm&r=g\",\"contentUrl\":\"https:\/\/secure.gravatar.com\/avatar\/cb16c3c31c9d23b9b8c705964598220b3014e42ff51eb540ff23cefa3ae8c15f?s=96&d=mm&r=g\",\"caption\":\"US6\"},\"url\":\"https:\/\/veritasinfo.org\/?author=7\"}]}<\/script>\n<!-- \/ Yoast SEO plugin. -->","yoast_head_json":{"title":"Gjenden mbetje mortore n\u00eb Rahovec, dyshohet se i p\u00ebrkasin s\u00eb paku nj\u00eb individi t\u00eb zhdukur gjat\u00eb luft\u00ebs n\u00eb Kosov\u00eb -","robots":{"index":"index","follow":"follow","max-snippet":"max-snippet:-1","max-image-preview":"max-image-preview:large","max-video-preview":"max-video-preview:-1"},"canonical":"https:\/\/veritasinfo.org\/?p=36863","og_locale":"en_US","og_type":"article","og_title":"Gjenden mbetje mortore n\u00eb Rahovec, dyshohet se i p\u00ebrkasin s\u00eb paku nj\u00eb individi t\u00eb zhdukur gjat\u00eb luft\u00ebs n\u00eb Kosov\u00eb -","og_description":"Rahovec, 10 mars 2026 09:55 Gjat\u00eb vazhd\u00ebs s\u00eb punimeve nj\u00ebsia p\u00ebrkat\u00ebse policore n\u00eb koordinim me IML bazuar edhe n\u00eb urdh\u00ebres\u00ebn e gjykat\u00ebs, gjat\u00eb g\u00ebrmimeve ka","og_url":"https:\/\/veritasinfo.org\/?p=36863","article_published_time":"2026-03-10T08:55:24+00:00","og_image":[{"width":1245,"height":700,"url":"https:\/\/veritasinfo.org\/wp-content\/uploads\/2026\/03\/image-1-4.webp","type":"image\/webp"}],"author":"US6","twitter_card":"summary_large_image","twitter_misc":{"Written by":"US6","Est. reading time":"1 minute"},"schema":{"@context":"https:\/\/schema.org","@graph":[{"@type":"WebPage","@id":"https:\/\/veritasinfo.org\/?p=36863","url":"https:\/\/veritasinfo.org\/?p=36863","name":"Gjenden mbetje mortore n\u00eb Rahovec, dyshohet se i p\u00ebrkasin s\u00eb paku nj\u00eb individi t\u00eb zhdukur gjat\u00eb luft\u00ebs n\u00eb Kosov\u00eb -","isPartOf":{"@id":"https:\/\/veritasinfo.org\/#website"},"primaryImageOfPage":{"@id":"https:\/\/veritasinfo.org\/?p=36863#primaryimage"},"image":{"@id":"https:\/\/veritasinfo.org\/?p=36863#primaryimage"},"thumbnailUrl":"https:\/\/veritasinfo.org\/wp-content\/uploads\/2026\/03\/image-1-4.webp","datePublished":"2026-03-10T08:55:24+00:00","author":{"@id":"https:\/\/veritasinfo.org\/#\/schema\/person\/fe199eede04c3937362892b7444747cc"},"breadcrumb":{"@id":"https:\/\/veritasinfo.org\/?p=36863#breadcrumb"},"inLanguage":"en-US","potentialAction":[{"@type":"ReadAction","target":["https:\/\/veritasinfo.org\/?p=36863"]}]},{"@type":"ImageObject","inLanguage":"en-US","@id":"https:\/\/veritasinfo.org\/?p=36863#primaryimage","url":"https:\/\/veritasinfo.org\/wp-content\/uploads\/2026\/03\/image-1-4.webp","contentUrl":"https:\/\/veritasinfo.org\/wp-content\/uploads\/2026\/03\/image-1-4.webp","width":1245,"height":700},{"@type":"BreadcrumbList","@id":"https:\/\/veritasinfo.org\/?p=36863#breadcrumb","itemListElement":[{"@type":"ListItem","position":1,"name":"Home","item":"https:\/\/veritasinfo.org\/"},{"@type":"ListItem","position":2,"name":"Gjenden mbetje mortore n\u00eb Rahovec, dyshohet se i p\u00ebrkasin s\u00eb paku nj\u00eb individi t\u00eb zhdukur gjat\u00eb luft\u00ebs n\u00eb Kosov\u00eb"}]},{"@type":"WebSite","@id":"https:\/\/veritasinfo.org\/#website","url":"https:\/\/veritasinfo.org\/","name":"","description":"","potentialAction":[{"@type":"SearchAction","target":{"@type":"EntryPoint","urlTemplate":"https:\/\/veritasinfo.org\/?s={search_term_string}"},"query-input":{"@type":"PropertyValueSpecification","valueRequired":true,"valueName":"search_term_string"}}],"inLanguage":"en-US"},{"@type":"Person","@id":"https:\/\/veritasinfo.org\/#\/schema\/person\/fe199eede04c3937362892b7444747cc","name":"US6","image":{"@type":"ImageObject","inLanguage":"en-US","@id":"https:\/\/veritasinfo.org\/#\/schema\/person\/image\/","url":"https:\/\/secure.gravatar.com\/avatar\/cb16c3c31c9d23b9b8c705964598220b3014e42ff51eb540ff23cefa3ae8c15f?s=96&d=mm&r=g","contentUrl":"https:\/\/secure.gravatar.com\/avatar\/cb16c3c31c9d23b9b8c705964598220b3014e42ff51eb540ff23cefa3ae8c15f?s=96&d=mm&r=g","caption":"US6"},"url":"https:\/\/veritasinfo.org\/?author=7"}]}},"featured_image_urls":{"full":["https:\/\/veritasinfo.org\/wp-content\/uploads\/2026\/03\/image-1-4.webp",1245,700,false],"thumbnail":["https:\/\/veritasinfo.org\/wp-content\/uploads\/2026\/03\/image-1-4-150x150.webp",150,150,true],"medium":["https:\/\/veritasinfo.org\/wp-content\/uploads\/2026\/03\/image-1-4-300x169.webp",300,169,true],"medium_large":["https:\/\/veritasinfo.org\/wp-content\/uploads\/2026\/03\/image-1-4-768x432.webp",640,360,true],"large":["https:\/\/veritasinfo.org\/wp-content\/uploads\/2026\/03\/image-1-4-1024x576.webp",640,360,true],"1536x1536":["https:\/\/veritasinfo.org\/wp-content\/uploads\/2026\/03\/image-1-4.webp",1245,700,false],"2048x2048":["https:\/\/veritasinfo.org\/wp-content\/uploads\/2026\/03\/image-1-4.webp",1245,700,false],"kreeti-slider-full":["https:\/\/veritasinfo.org\/wp-content\/uploads\/2026\/03\/image-1-4.webp",1245,700,false],"kreeti-featured":["https:\/\/veritasinfo.org\/wp-content\/uploads\/2026\/03\/image-1-4.webp",1024,576,false],"kreeti-medium":["https:\/\/veritasinfo.org\/wp-content\/uploads\/2026\/03\/image-1-4.webp",720,405,false],"kreeti-medium-square":["https:\/\/veritasinfo.org\/wp-content\/uploads\/2026\/03\/image-1-4.webp",350,197,false]},"author_info":{"info":["US6"]},"category_info":"<a href=\"https:\/\/veritasinfo.org\/?cat=60\" rel=\"category\">Shoq\u00ebrore<\/a>","tag_info":"Shoq\u00ebrore","comment_count":"0","_links":{"self":[{"href":"https:\/\/veritasinfo.org\/index.php?rest_route=\/wp\/v2\/posts\/36863","targetHints":{"allow":["GET"]}}],"collection":[{"href":"https:\/\/veritasinfo.org\/index.php?rest_route=\/wp\/v2\/posts"}],"about":[{"href":"https:\/\/veritasinfo.org\/index.php?rest_route=\/wp\/v2\/types\/post"}],"author":[{"embeddable":true,"href":"https:\/\/veritasinfo.org\/index.php?rest_route=\/wp\/v2\/users\/7"}],"replies":[{"embeddable":true,"href":"https:\/\/veritasinfo.org\/index.php?rest_route=%2Fwp%2Fv2%2Fcomments&post=36863"}],"version-history":[{"count":1,"href":"https:\/\/veritasinfo.org\/index.php?rest_route=\/wp\/v2\/posts\/36863\/revisions"}],"predecessor-version":[{"id":36865,"href":"https:\/\/veritasinfo.org\/index.php?rest_route=\/wp\/v2\/posts\/36863\/revisions\/36865"}],"wp:featuredmedia":[{"embeddable":true,"href":"https:\/\/veritasinfo.org\/index.php?rest_route=\/wp\/v2\/media\/36864"}],"wp:attachment":[{"href":"https:\/\/veritasinfo.org\/index.php?rest_route=%2Fwp%2Fv2%2Fmedia&parent=36863"}],"wp:term":[{"taxonomy":"category","embeddable":true,"href":"https:\/\/veritasinfo.org\/index.php?rest_route=%2Fwp%2Fv2%2Fcategories&post=36863"},{"taxonomy":"post_tag","embeddable":true,"href":"https:\/\/veritasinfo.org\/index.php?rest_route=%2Fwp%2Fv2%2Ftags&post=36863"}],"curies":[{"name":"wp","href":"https:\/\/api.w.org\/{rel}","templated":true}]}}