{"id":36851,"date":"2026-03-10T08:48:34","date_gmt":"2026-03-10T07:48:34","guid":{"rendered":"https:\/\/veritasinfo.org\/?p=36851"},"modified":"2026-03-10T08:50:39","modified_gmt":"2026-03-10T07:50:39","slug":"36851","status":"publish","type":"post","link":"https:\/\/veritasinfo.org\/?p=36851","title":{"rendered":"Fetoshi: Deklaratat e Vu\u00e7iqit p\u00ebr Kosov\u00ebn d\u00ebshmojn\u00eb vazhdimin e politik\u00ebs agresive t\u00eb Serbis\u00eb"},"content":{"rendered":"<p>Prishtin\u00eb 10 Mars 2026 8:48<br \/>\nDeklaratat e presidentit t\u00eb Serbis\u00eb, Aleksand\u00ebr Vu\u00e7iq, p\u00ebr Kosov\u00ebn dhe pretendimet q\u00eb lidhen me vitin 2030 p\u00ebrb\u00ebjn\u00eb vazhdim\u00ebsi t\u00eb nj\u00eb politike agresive ndaj Kosova, ka th\u00ebn\u00eb drejtori i Institutit p\u00ebr Studime t\u00eb Luft\u00ebs Hibride \u201cOctopus\u201d, Arben Fetoshi p\u00ebr Ekonomia Online.<\/p>\n<p>Ai n\u00eb nj\u00eb intervist\u00eb p\u00ebr Ekonomia Online vler\u00ebson se deklaratat e tilla d\u00ebshmojn\u00eb p\u00ebr nj\u00eb diskurs t\u00eb vazhduesh\u00ebm t\u00eb militarizuar nga Serbia ndaj Kosov\u00ebs.<\/p>\n<p>\u201cP\u00ebr fat t\u00eb keq, kemi t\u00eb b\u00ebjm\u00eb me vazhdimin e nj\u00eb politike agresive kundrejt Kosov\u00ebs. Nuk \u00ebsht\u00eb asgj\u00eb e re n\u00eb diskursin e militarizuar t\u00eb Serbis\u00eb kundrejt Republik\u00ebs s\u00eb Kosov\u00ebs, q\u00eb d\u00ebshmon p\u00ebr nj\u00eb qasje t\u00eb p\u00ebrforcimit t\u00eb rreshtimit t\u00eb saj me boshtin revizionist ruso-kinez, dhe q\u00eb kalkulon n\u00eb p\u00ebrpjekjet e veta p\u00ebr t\u00eb p\u00ebrfituar koh\u00eb me q\u00ebllim t\u00eb realizimit t\u00eb apetiteve politike t\u00eb Serbis\u00eb q\u00eb jan\u00eb ekspansioniste kundrejt Kosov\u00ebs dhe jo vet\u00ebm kundrejt Kosov\u00ebs, n\u00ebse i referohemi projektit t\u00eb \u2018Bot\u00ebs Serbe\u2019. Pra, kemi t\u00eb b\u00ebjm\u00eb me nj\u00eb vazhdim\u00ebsi t\u00eb politik\u00ebs agresive nga Beogradi zyrtar, e cila n\u00eb vler\u00ebsimin e Institutit Octopus, p\u00ebrb\u00ebn momentin e fundit ku qasja e komunitetit euro-atlantik duhet t\u00eb ndryshoj\u00eb nga menaxhimi i Serbis\u00eb n\u00eb kusht\u00ebzimin e Serbis\u00eb, sepse nuk njeh gjuh\u00eb tjet\u00ebr Serbia si burim destabilizimi n\u00eb Ballkanin Per\u00ebndimor. Pra, n\u00eb qoft\u00eb se do t\u00eb tolerohet edhe m\u00eb tutje me projektin e Serbis\u00eb 2030, Serbia do t\u00eb manovroj\u00eb edhe m\u00eb tutje si nj\u00eb aleat besnik i Rusis\u00eb p\u00ebr t\u00eb realizuar q\u00ebllimet e saj ekspansioniste n\u00eb Ballkan, dhe kjo \u00ebsht\u00eb k\u00ebrc\u00ebnimi m\u00eb i madh hibrid p\u00ebr stabilitetin e Ballkanit Per\u00ebndimor\u201d, ka deklaruar ai.<\/p>\n<p>Drejtori i institutit ka folur edhe p\u00ebr situat\u00ebn e brendshme n\u00eb Serbi dhe munges\u00ebn e hap\u00ebsir\u00ebs p\u00ebr z\u00ebra kritik\u00eb ndaj politikave t\u00eb regjimit t\u00eb Vu\u00e7iqit.<\/p>\n<p>\u201cP\u00ebr fat t\u00eb keq, ajo \u00e7far\u00eb ne v\u00ebrejm\u00eb n\u00eb Serbi \u00ebsht\u00eb nj\u00eb propagand\u00eb agresive e p\u00ebrfshirjes s\u00eb t\u00eb gjith\u00eb aktor\u00ebve atje n\u00ebn komand\u00ebn e regjimit t\u00eb Vu\u00e7iqit, p\u00ebrkund\u00ebr pak z\u00ebrave liberal\u00eb q\u00eb nuk gjejn\u00eb hap\u00ebsir\u00eb p\u00ebr t\u00eb shprehur kund\u00ebrshtimin dhe qasjen ose kritik\u00ebn ndaj k\u00ebsaj politike t\u00eb gabuar, e cila rrezikon paqen dhe stabilitetin n\u00eb Ballkan\u201d, ka th\u00ebn\u00eb ai.<\/p>\n<p>Fetoshi ka theksuar se \u00ebsht\u00eb e domosdoshme q\u00eb nga Shtetet e Bashkuara t\u00eb Amerik\u00ebs dhe Bashkimi Evropian t\u00eb vijn\u00eb mesazhe m\u00eb t\u00eb qarta dhe masa konkrete ndaj Serbis\u00eb.<\/p>\n<p>\u201cAjo \u00e7far\u00eb ne vler\u00ebsojm\u00eb \u00ebsht\u00eb domosdoshm\u00ebria q\u00eb nga Shtetet e Bashkuara t\u00eb Amerik\u00ebs dhe Bashkimi Evropian t\u00eb vijn\u00eb mesazhe t\u00eb qarta, m\u00eb konkrete, dhe t\u00eb nd\u00ebrmerren masa n\u00eb p\u00ebrputhje me veprimet e Shteteve t\u00eb Bashkuara p\u00ebrmes sanksioneve dhe p\u00ebrmes Aktit Autorizues t\u00eb Mbrojtjes Komb\u00ebtare ndaj Serbis\u00eb. Q\u00eb edhe Brukseli t\u00eb filloj\u00eb masat konkrete ndaj Serbis\u00eb me q\u00ebllim q\u00eb ta disiplinoj\u00eb at\u00eb sa i p\u00ebrket diskursit k\u00ebrc\u00ebnues dhe militarizuar kundrejt Kosov\u00ebs, dhe q\u00eb ta disiplinoj\u00eb at\u00eb mbi domosdoshm\u00ebrin\u00eb e pranimit t\u00eb realitetit t\u00eb ri gjeopolitik n\u00eb Ballkanin Per\u00ebndimor me Republik\u00ebn e Kosov\u00ebs. Ashtu si\u00e7 e kan\u00eb ritheksuar Serbia duhet t\u00eb detyrohet t\u00eb sillet n\u00eb m\u00ebnyr\u00eb konstruktive drejt epilogut t\u00eb procesit t\u00eb dialogut me njohjen reciproke mes dy vendeve, si zgjidhja e vetme q\u00eb do t\u2019i ndihmonte p\u00ebrforcimit t\u00eb paqes dhe stabilitetit n\u00eb Ballkan\u201d, ka deklaruar ai.<\/p>\n<p>Sipas Fetoshit, reagimet nga institucionet e Kosov\u00ebs ndaj deklaratave t\u00eb tilla jan\u00eb t\u00eb domosdoshme.<\/p>\n<p>\u201cMendoj q\u00eb ka pasur vazhdimisht reagime dhe besoj q\u00eb reagimet jan\u00eb t\u00eb domosdoshme n\u00eb kuptimin e kund\u00ebrp\u00ebrgjigjes ndaj k\u00ebrc\u00ebnimeve q\u00eb paraqet ky diskurs i Vu\u00e7iqit. Mir\u00ebpo, n\u00eb an\u00ebn tjet\u00ebr, si\u00e7 e thash\u00eb, kemi t\u00eb b\u00ebjm\u00eb me vazhdimin e logjik\u00ebs s\u00eb nj\u00ebjt\u00eb, me vazhdimin e diskursit agresiv, me vazhdimin e nj\u00eb politike e cila \u00ebnd\u00ebrron rikthimin e Kosov\u00ebs dhe realizimin e apetiteve t\u00eb saj hegjemoniste\u201d, ka theksuar ai.<\/p>\n<p>Ai shtoi se faktor\u00ebt nd\u00ebrkomb\u00ebtar\u00eb duhet t\u00eb ken\u00eb rol ky\u00e7 n\u00eb p\u00ebrmbylljen e konfliktit mes dy vendeve.<\/p>\n<p>\u201cN\u00eb k\u00ebt\u00eb kuad\u00ebr mendoj q\u00eb faktor\u00ebt q\u00eb duhet t\u00eb tregojn\u00eb v\u00ebmendje t\u00eb shtuar jan\u00eb faktor\u00ebt nd\u00ebrkomb\u00ebtar\u00eb, me Bashkimin Evropian si nd\u00ebrmjet\u00ebs dhe me SHBA-t\u00eb si faktor ky\u00e7 p\u00ebr t\u2019i dh\u00ebn\u00eb shans p\u00ebrmbylljes s\u00eb duhur t\u00eb konfliktit p\u00ebrmes njohjes reciproke\u201d, ka shtuar ai.<\/p>\n<p>Nd\u00ebrkaq presidenti i Serbis\u00eb, Aleksand\u00ebr Vu\u00e7iq derisa prezantoi strategjin\u00eb komb\u00ebtare \u201cSerbia 2030\u201d tregoi hapur oreksin e tij territorial, duke p\u00ebrfshir\u00eb dhe Kosov\u00ebn si pjes\u00eb t\u00eb hart\u00ebs politike dhe ushtarake t\u00eb vendit t\u00eb tij, pavar\u00ebsisht se pretendoi se nuk k\u00ebrkon luft\u00eb, por vet\u00ebm paqe.<\/p>\n<p>\u201cKushtetuta e Republik\u00ebs s\u00eb Serbis\u00eb thot\u00eb pa m\u00ebdyshje se Kosova \u00ebsht\u00eb nj\u00eb krahin\u00eb autonome brenda Serbis\u00eb. Kjo \u00ebsht\u00eb shkruar edhe n\u00eb Kart\u00ebn dhe n\u00eb rezolut\u00ebn e Kombeve t\u00eb Bashkuara, pavar\u00ebsisht n\u00ebse disa n\u00eb bot\u00eb e pranojn\u00eb apo jo. E vetmja zgjidhje p\u00ebr Kosov\u00ebn \u00ebsht\u00eb biseda! Pa konflikte apo luft\u00eb, por dialogu, dhe vet\u00ebm dialogu\u2026 Fatkeq\u00ebsisht, sot nuk kemi partner p\u00ebr bisedime, d\u00ebshira e tyre e vetme \u00ebsht\u00eb d\u00ebbimi i serb\u00ebve nga atdheu i tyre shekullor. Ne duhet t\u00eb forcojm\u00eb shkollat, spitalet dhe njer\u00ebzit tan\u00eb si themel t\u00eb q\u00ebndrimit n\u00eb Kosov\u00eb\u201d, tha Vu\u00e7iq.<\/p>\n","protected":false},"excerpt":{"rendered":"<p>Prishtin\u00eb 10 Mars 2026 8:48 Deklaratat e presidentit t\u00eb Serbis\u00eb, Aleksand\u00ebr Vu\u00e7iq, p\u00ebr Kosov\u00ebn dhe pretendimet q\u00eb lidhen me vitin 2030 p\u00ebrb\u00ebjn\u00eb vazhdim\u00ebsi t\u00eb nj\u00eb<\/p>\n","protected":false},"author":6,"featured_media":36852,"comment_status":"open","ping_status":"open","sticky":false,"template":"","format":"standard","meta":{"footnotes":""},"categories":[58],"tags":[],"class_list":["post-36851","post","type-post","status-publish","format-standard","has-post-thumbnail","hentry","category-politike-sq"],"yoast_head":"<!-- This site is optimized with the Yoast SEO plugin v25.3.1 - https:\/\/yoast.com\/wordpress\/plugins\/seo\/ -->\n<title>Fetoshi: Deklaratat e Vu\u00e7iqit p\u00ebr Kosov\u00ebn d\u00ebshmojn\u00eb vazhdimin e politik\u00ebs agresive t\u00eb Serbis\u00eb -<\/title>\n<meta name=\"robots\" content=\"index, follow, max-snippet:-1, max-image-preview:large, max-video-preview:-1\" \/>\n<link rel=\"canonical\" href=\"https:\/\/veritasinfo.org\/?p=36851\" \/>\n<meta property=\"og:locale\" content=\"en_US\" \/>\n<meta property=\"og:type\" content=\"article\" \/>\n<meta property=\"og:title\" content=\"Fetoshi: Deklaratat e Vu\u00e7iqit p\u00ebr Kosov\u00ebn d\u00ebshmojn\u00eb vazhdimin e politik\u00ebs agresive t\u00eb Serbis\u00eb -\" \/>\n<meta property=\"og:description\" content=\"Prishtin\u00eb 10 Mars 2026 8:48 Deklaratat e presidentit t\u00eb Serbis\u00eb, Aleksand\u00ebr Vu\u00e7iq, p\u00ebr Kosov\u00ebn dhe pretendimet q\u00eb lidhen me vitin 2030 p\u00ebrb\u00ebjn\u00eb vazhdim\u00ebsi t\u00eb nj\u00eb\" \/>\n<meta property=\"og:url\" content=\"https:\/\/veritasinfo.org\/?p=36851\" \/>\n<meta property=\"article:published_time\" content=\"2026-03-10T07:48:34+00:00\" \/>\n<meta property=\"article:modified_time\" content=\"2026-03-10T07:50:39+00:00\" \/>\n<meta property=\"og:image\" content=\"https:\/\/veritasinfo.org\/wp-content\/uploads\/2026\/03\/s-23-600x360-1.jpg\" \/>\n\t<meta property=\"og:image:width\" content=\"600\" \/>\n\t<meta property=\"og:image:height\" content=\"360\" \/>\n\t<meta property=\"og:image:type\" content=\"image\/jpeg\" \/>\n<meta name=\"author\" content=\"US5\" \/>\n<meta name=\"twitter:card\" content=\"summary_large_image\" \/>\n<meta name=\"twitter:label1\" content=\"Written by\" \/>\n\t<meta name=\"twitter:data1\" content=\"US5\" \/>\n\t<meta name=\"twitter:label2\" content=\"Est. reading time\" \/>\n\t<meta name=\"twitter:data2\" content=\"4 minutes\" \/>\n<script type=\"application\/ld+json\" class=\"yoast-schema-graph\">{\"@context\":\"https:\/\/schema.org\",\"@graph\":[{\"@type\":\"WebPage\",\"@id\":\"https:\/\/veritasinfo.org\/?p=36851\",\"url\":\"https:\/\/veritasinfo.org\/?p=36851\",\"name\":\"Fetoshi: Deklaratat e Vu\u00e7iqit p\u00ebr Kosov\u00ebn d\u00ebshmojn\u00eb vazhdimin e politik\u00ebs agresive t\u00eb Serbis\u00eb -\",\"isPartOf\":{\"@id\":\"https:\/\/veritasinfo.org\/#website\"},\"primaryImageOfPage\":{\"@id\":\"https:\/\/veritasinfo.org\/?p=36851#primaryimage\"},\"image\":{\"@id\":\"https:\/\/veritasinfo.org\/?p=36851#primaryimage\"},\"thumbnailUrl\":\"https:\/\/veritasinfo.org\/wp-content\/uploads\/2026\/03\/s-23-600x360-1.jpg\",\"datePublished\":\"2026-03-10T07:48:34+00:00\",\"dateModified\":\"2026-03-10T07:50:39+00:00\",\"author\":{\"@id\":\"https:\/\/veritasinfo.org\/#\/schema\/person\/bc442336e35414d04494ab8fb45db4c6\"},\"breadcrumb\":{\"@id\":\"https:\/\/veritasinfo.org\/?p=36851#breadcrumb\"},\"inLanguage\":\"en-US\",\"potentialAction\":[{\"@type\":\"ReadAction\",\"target\":[\"https:\/\/veritasinfo.org\/?p=36851\"]}]},{\"@type\":\"ImageObject\",\"inLanguage\":\"en-US\",\"@id\":\"https:\/\/veritasinfo.org\/?p=36851#primaryimage\",\"url\":\"https:\/\/veritasinfo.org\/wp-content\/uploads\/2026\/03\/s-23-600x360-1.jpg\",\"contentUrl\":\"https:\/\/veritasinfo.org\/wp-content\/uploads\/2026\/03\/s-23-600x360-1.jpg\",\"width\":600,\"height\":360,\"caption\":\"Beograd 13.05.2025. Aleksandar Vu\u010di\u0107. Izjave. Zvani\u010dan do\u010dek, prijem predsednika Evropskog saveta Antonija Ko\u0161te u Palati Srbija Foto: Amir Hamzagi\u0107\/Nova.rs\"},{\"@type\":\"BreadcrumbList\",\"@id\":\"https:\/\/veritasinfo.org\/?p=36851#breadcrumb\",\"itemListElement\":[{\"@type\":\"ListItem\",\"position\":1,\"name\":\"Home\",\"item\":\"https:\/\/veritasinfo.org\/\"},{\"@type\":\"ListItem\",\"position\":2,\"name\":\"Fetoshi: Deklaratat e Vu\u00e7iqit p\u00ebr Kosov\u00ebn d\u00ebshmojn\u00eb vazhdimin e politik\u00ebs agresive t\u00eb Serbis\u00eb\"}]},{\"@type\":\"WebSite\",\"@id\":\"https:\/\/veritasinfo.org\/#website\",\"url\":\"https:\/\/veritasinfo.org\/\",\"name\":\"\",\"description\":\"\",\"potentialAction\":[{\"@type\":\"SearchAction\",\"target\":{\"@type\":\"EntryPoint\",\"urlTemplate\":\"https:\/\/veritasinfo.org\/?s={search_term_string}\"},\"query-input\":{\"@type\":\"PropertyValueSpecification\",\"valueRequired\":true,\"valueName\":\"search_term_string\"}}],\"inLanguage\":\"en-US\"},{\"@type\":\"Person\",\"@id\":\"https:\/\/veritasinfo.org\/#\/schema\/person\/bc442336e35414d04494ab8fb45db4c6\",\"name\":\"US5\",\"image\":{\"@type\":\"ImageObject\",\"inLanguage\":\"en-US\",\"@id\":\"https:\/\/veritasinfo.org\/#\/schema\/person\/image\/\",\"url\":\"https:\/\/secure.gravatar.com\/avatar\/16a61e7272a0c5d001121ebb9e60e925d5816e4ac1e443ed3e640d9a6ae55d0c?s=96&d=mm&r=g\",\"contentUrl\":\"https:\/\/secure.gravatar.com\/avatar\/16a61e7272a0c5d001121ebb9e60e925d5816e4ac1e443ed3e640d9a6ae55d0c?s=96&d=mm&r=g\",\"caption\":\"US5\"},\"url\":\"https:\/\/veritasinfo.org\/?author=6\"}]}<\/script>\n<!-- \/ Yoast SEO plugin. -->","yoast_head_json":{"title":"Fetoshi: Deklaratat e Vu\u00e7iqit p\u00ebr Kosov\u00ebn d\u00ebshmojn\u00eb vazhdimin e politik\u00ebs agresive t\u00eb Serbis\u00eb -","robots":{"index":"index","follow":"follow","max-snippet":"max-snippet:-1","max-image-preview":"max-image-preview:large","max-video-preview":"max-video-preview:-1"},"canonical":"https:\/\/veritasinfo.org\/?p=36851","og_locale":"en_US","og_type":"article","og_title":"Fetoshi: Deklaratat e Vu\u00e7iqit p\u00ebr Kosov\u00ebn d\u00ebshmojn\u00eb vazhdimin e politik\u00ebs agresive t\u00eb Serbis\u00eb -","og_description":"Prishtin\u00eb 10 Mars 2026 8:48 Deklaratat e presidentit t\u00eb Serbis\u00eb, Aleksand\u00ebr Vu\u00e7iq, p\u00ebr Kosov\u00ebn dhe pretendimet q\u00eb lidhen me vitin 2030 p\u00ebrb\u00ebjn\u00eb vazhdim\u00ebsi t\u00eb nj\u00eb","og_url":"https:\/\/veritasinfo.org\/?p=36851","article_published_time":"2026-03-10T07:48:34+00:00","article_modified_time":"2026-03-10T07:50:39+00:00","og_image":[{"width":600,"height":360,"url":"https:\/\/veritasinfo.org\/wp-content\/uploads\/2026\/03\/s-23-600x360-1.jpg","type":"image\/jpeg"}],"author":"US5","twitter_card":"summary_large_image","twitter_misc":{"Written by":"US5","Est. reading time":"4 minutes"},"schema":{"@context":"https:\/\/schema.org","@graph":[{"@type":"WebPage","@id":"https:\/\/veritasinfo.org\/?p=36851","url":"https:\/\/veritasinfo.org\/?p=36851","name":"Fetoshi: Deklaratat e Vu\u00e7iqit p\u00ebr Kosov\u00ebn d\u00ebshmojn\u00eb vazhdimin e politik\u00ebs agresive t\u00eb Serbis\u00eb -","isPartOf":{"@id":"https:\/\/veritasinfo.org\/#website"},"primaryImageOfPage":{"@id":"https:\/\/veritasinfo.org\/?p=36851#primaryimage"},"image":{"@id":"https:\/\/veritasinfo.org\/?p=36851#primaryimage"},"thumbnailUrl":"https:\/\/veritasinfo.org\/wp-content\/uploads\/2026\/03\/s-23-600x360-1.jpg","datePublished":"2026-03-10T07:48:34+00:00","dateModified":"2026-03-10T07:50:39+00:00","author":{"@id":"https:\/\/veritasinfo.org\/#\/schema\/person\/bc442336e35414d04494ab8fb45db4c6"},"breadcrumb":{"@id":"https:\/\/veritasinfo.org\/?p=36851#breadcrumb"},"inLanguage":"en-US","potentialAction":[{"@type":"ReadAction","target":["https:\/\/veritasinfo.org\/?p=36851"]}]},{"@type":"ImageObject","inLanguage":"en-US","@id":"https:\/\/veritasinfo.org\/?p=36851#primaryimage","url":"https:\/\/veritasinfo.org\/wp-content\/uploads\/2026\/03\/s-23-600x360-1.jpg","contentUrl":"https:\/\/veritasinfo.org\/wp-content\/uploads\/2026\/03\/s-23-600x360-1.jpg","width":600,"height":360,"caption":"Beograd 13.05.2025. Aleksandar Vu\u010di\u0107. Izjave. Zvani\u010dan do\u010dek, prijem predsednika Evropskog saveta Antonija Ko\u0161te u Palati Srbija Foto: Amir Hamzagi\u0107\/Nova.rs"},{"@type":"BreadcrumbList","@id":"https:\/\/veritasinfo.org\/?p=36851#breadcrumb","itemListElement":[{"@type":"ListItem","position":1,"name":"Home","item":"https:\/\/veritasinfo.org\/"},{"@type":"ListItem","position":2,"name":"Fetoshi: Deklaratat e Vu\u00e7iqit p\u00ebr Kosov\u00ebn d\u00ebshmojn\u00eb vazhdimin e politik\u00ebs agresive t\u00eb Serbis\u00eb"}]},{"@type":"WebSite","@id":"https:\/\/veritasinfo.org\/#website","url":"https:\/\/veritasinfo.org\/","name":"","description":"","potentialAction":[{"@type":"SearchAction","target":{"@type":"EntryPoint","urlTemplate":"https:\/\/veritasinfo.org\/?s={search_term_string}"},"query-input":{"@type":"PropertyValueSpecification","valueRequired":true,"valueName":"search_term_string"}}],"inLanguage":"en-US"},{"@type":"Person","@id":"https:\/\/veritasinfo.org\/#\/schema\/person\/bc442336e35414d04494ab8fb45db4c6","name":"US5","image":{"@type":"ImageObject","inLanguage":"en-US","@id":"https:\/\/veritasinfo.org\/#\/schema\/person\/image\/","url":"https:\/\/secure.gravatar.com\/avatar\/16a61e7272a0c5d001121ebb9e60e925d5816e4ac1e443ed3e640d9a6ae55d0c?s=96&d=mm&r=g","contentUrl":"https:\/\/secure.gravatar.com\/avatar\/16a61e7272a0c5d001121ebb9e60e925d5816e4ac1e443ed3e640d9a6ae55d0c?s=96&d=mm&r=g","caption":"US5"},"url":"https:\/\/veritasinfo.org\/?author=6"}]}},"featured_image_urls":{"full":["https:\/\/veritasinfo.org\/wp-content\/uploads\/2026\/03\/s-23-600x360-1.jpg",600,360,false],"thumbnail":["https:\/\/veritasinfo.org\/wp-content\/uploads\/2026\/03\/s-23-600x360-1-150x150.jpg",150,150,true],"medium":["https:\/\/veritasinfo.org\/wp-content\/uploads\/2026\/03\/s-23-600x360-1-300x180.jpg",300,180,true],"medium_large":["https:\/\/veritasinfo.org\/wp-content\/uploads\/2026\/03\/s-23-600x360-1.jpg",600,360,false],"large":["https:\/\/veritasinfo.org\/wp-content\/uploads\/2026\/03\/s-23-600x360-1.jpg",600,360,false],"1536x1536":["https:\/\/veritasinfo.org\/wp-content\/uploads\/2026\/03\/s-23-600x360-1.jpg",600,360,false],"2048x2048":["https:\/\/veritasinfo.org\/wp-content\/uploads\/2026\/03\/s-23-600x360-1.jpg",600,360,false],"kreeti-slider-full":["https:\/\/veritasinfo.org\/wp-content\/uploads\/2026\/03\/s-23-600x360-1.jpg",600,360,false],"kreeti-featured":["https:\/\/veritasinfo.org\/wp-content\/uploads\/2026\/03\/s-23-600x360-1.jpg",600,360,false],"kreeti-medium":["https:\/\/veritasinfo.org\/wp-content\/uploads\/2026\/03\/s-23-600x360-1.jpg",600,360,false],"kreeti-medium-square":["https:\/\/veritasinfo.org\/wp-content\/uploads\/2026\/03\/s-23-600x360-1.jpg",350,210,false]},"author_info":{"info":["US5"]},"category_info":"<a href=\"https:\/\/veritasinfo.org\/?cat=58\" rel=\"category\">Politik\u00eb<\/a>","tag_info":"Politik\u00eb","comment_count":"0","_links":{"self":[{"href":"https:\/\/veritasinfo.org\/index.php?rest_route=\/wp\/v2\/posts\/36851","targetHints":{"allow":["GET"]}}],"collection":[{"href":"https:\/\/veritasinfo.org\/index.php?rest_route=\/wp\/v2\/posts"}],"about":[{"href":"https:\/\/veritasinfo.org\/index.php?rest_route=\/wp\/v2\/types\/post"}],"author":[{"embeddable":true,"href":"https:\/\/veritasinfo.org\/index.php?rest_route=\/wp\/v2\/users\/6"}],"replies":[{"embeddable":true,"href":"https:\/\/veritasinfo.org\/index.php?rest_route=%2Fwp%2Fv2%2Fcomments&post=36851"}],"version-history":[{"count":2,"href":"https:\/\/veritasinfo.org\/index.php?rest_route=\/wp\/v2\/posts\/36851\/revisions"}],"predecessor-version":[{"id":36857,"href":"https:\/\/veritasinfo.org\/index.php?rest_route=\/wp\/v2\/posts\/36851\/revisions\/36857"}],"wp:featuredmedia":[{"embeddable":true,"href":"https:\/\/veritasinfo.org\/index.php?rest_route=\/wp\/v2\/media\/36852"}],"wp:attachment":[{"href":"https:\/\/veritasinfo.org\/index.php?rest_route=%2Fwp%2Fv2%2Fmedia&parent=36851"}],"wp:term":[{"taxonomy":"category","embeddable":true,"href":"https:\/\/veritasinfo.org\/index.php?rest_route=%2Fwp%2Fv2%2Fcategories&post=36851"},{"taxonomy":"post_tag","embeddable":true,"href":"https:\/\/veritasinfo.org\/index.php?rest_route=%2Fwp%2Fv2%2Ftags&post=36851"}],"curies":[{"name":"wp","href":"https:\/\/api.w.org\/{rel}","templated":true}]}}