{"id":36843,"date":"2026-03-10T08:44:49","date_gmt":"2026-03-10T07:44:49","guid":{"rendered":"https:\/\/veritasinfo.org\/?p=36843"},"modified":"2026-03-10T08:44:49","modified_gmt":"2026-03-10T07:44:49","slug":"kroacia-rikthen-sherbimin-ushtarak-qindra-adoleshente-paraqiten-vullnetarisht","status":"publish","type":"post","link":"https:\/\/veritasinfo.org\/?p=36843","title":{"rendered":"Kroacia rikthen sh\u00ebrbimin ushtarak, qindra adoleshent\u00eb paraqiten vullnetarisht"},"content":{"rendered":"<p>Prishtin\u00eb 10 Mars 2026 8:44<\/p>\n<p>Qindra adoleshent\u00eb kroat\u00eb jan\u00eb paraqitur p\u00ebr sh\u00ebrbim t\u00eb detyruesh\u00ebm ushtarak, p\u00ebr her\u00eb t\u00eb par\u00eb q\u00eb kur vendi i tyre e hoqi n\u00eb vitin 2008. Trajnimi do t\u00eb zhvillohet n\u00eb kazerma n\u00eb tre lokacione anemban\u00eb Kroacis\u00eb, me rekrut\u00ebt q\u00eb pritet t\u00eb paraqiten n\u00eb objektin m\u00eb t\u00eb af\u00ebrt me sht\u00ebpit\u00eb e tyre.<\/p>\n<p>Atje, ata do t\u00eb marrin pajisjet e tyre dhe caktimet p\u00ebr n\u00eb konvikt. P\u00ebr dy muajt e ardhsh\u00ebm, ata do t\u00eb duhet t\u2019i n\u00ebnshtrohen disiplin\u00ebs ushtarake.<\/p>\n<p>Tihomir Kundid, Shefi i Shtabit t\u00eb P\u00ebrgjithsh\u00ebm t\u00eb Forcave t\u00eb Armatosura t\u00eb Kroacis\u00eb tha se ata do t\u00eb trajtoheshin me kujdes.<\/p>\n<p>\u201cNe do t\u2019i m\u00ebsojm\u00eb ata hap pas hapi, n\u00eb m\u00ebnyr\u00eb q\u00eb t\u00eb mos p\u00ebrjetojn\u00eb shum\u00eb stres\u201d, shtoi ai.<\/p>\n<p>M\u00ebsohet se nuk do t\u00eb ket\u00eb ndalim p\u00ebr telefonat celular\u00eb, p\u00ebrve\u00e7 ndalimit t\u00eb p\u00ebrdorimit t\u00eb tyre gjat\u00eb st\u00ebrvitjes. Rreth 800 persona jan\u00eb n\u00eb grupin e par\u00eb t\u00eb rekrut\u00ebve.<\/p>\n<p>M\u00eb shum\u00eb se gjysma e tyre nuk kan\u00eb pritur p\u00ebr dokumentet e thirrjes, por jan\u00eb paraqitur vullnetar\u00eb p\u00ebr sh\u00ebrbim ushtarak.  Gjenerali Kundid premton nj\u00eb program shum\u00eb dinamik dhe shum\u00eb interesant\u201d p\u00ebr rekrut\u00ebt.<\/p>\n<p>Trajnimi do t\u00eb mbuloj\u00eb gjith\u00e7ka, nga aft\u00ebsit\u00eb tradicionale deri te kontrolli baz\u00eb i dron\u00ebve dhe aft\u00ebsit\u00eb e mbrojtjes nga dron\u00ebt dhe teknikat dhe kund\u00ebrmasat e luft\u00ebs kibernetike.<\/p>\n<p>Af\u00ebrsia e pak\u00ebndshme e luft\u00ebs n\u00eb Ukrain\u00eb e shtyu Kroacin\u00eb t\u00eb rivendoste sh\u00ebrbimin e detyruesh\u00ebm ushtarak. Vet\u00ebm Hungaria e ndan Kroacin\u00eb nga konflikti.<\/p>\n<p>\u201cSituata n\u00eb Kroaci dhe n\u00eb t\u00eb gjith\u00eb fqinj\u00ebsin\u00eb ton\u00eb ishte e q\u00ebndrueshme. Tani p\u00ebr tani, \u00ebsht\u00eb krejt\u00ebsisht ndryshe. P\u00ebr kat\u00ebr vjet tani, ne kemi par\u00eb jo vet\u00ebm agresionin rus n\u00eb Ukrain\u00eb, por edhe p\u00ebrfaq\u00ebsuesit e Rusis\u00eb n\u00eb t\u00eb gjith\u00eb Evrop\u00ebn q\u00eb po b\u00ebjn\u00eb pun\u00ebn e tyre\u201d, i tha BBC-s\u00eb Ministri i Mbrojtjes i Kroacis\u00eb, Ivan Anusi\u00e7.<\/p>\n<p>Kroacia \u00ebsht\u00eb nj\u00eb nga 10 vendet e NATO-s q\u00eb kan\u00eb rikthyer sh\u00ebrbimin e detyruesh\u00ebm ushtarak, duke iu bashkuar Greqis\u00eb, Turqis\u00eb, vendeve skandinave dhe vendeve baltike.<\/p>\n","protected":false},"excerpt":{"rendered":"<p>Prishtin\u00eb 10 Mars 2026 8:44 Qindra adoleshent\u00eb kroat\u00eb jan\u00eb paraqitur p\u00ebr sh\u00ebrbim t\u00eb detyruesh\u00ebm ushtarak, p\u00ebr her\u00eb t\u00eb par\u00eb q\u00eb kur vendi i tyre e<\/p>\n","protected":false},"author":6,"featured_media":36844,"comment_status":"open","ping_status":"open","sticky":false,"template":"","format":"standard","meta":{"footnotes":""},"categories":[72],"tags":[],"class_list":["post-36843","post","type-post","status-publish","format-standard","has-post-thumbnail","hentry","category-bota"],"yoast_head":"<!-- This site is optimized with the Yoast SEO plugin v25.3.1 - https:\/\/yoast.com\/wordpress\/plugins\/seo\/ -->\n<title>Kroacia rikthen sh\u00ebrbimin ushtarak, qindra adoleshent\u00eb paraqiten vullnetarisht -<\/title>\n<meta name=\"robots\" content=\"index, follow, max-snippet:-1, max-image-preview:large, max-video-preview:-1\" \/>\n<link rel=\"canonical\" href=\"https:\/\/veritasinfo.org\/?p=36843\" \/>\n<meta property=\"og:locale\" content=\"en_US\" \/>\n<meta property=\"og:type\" content=\"article\" \/>\n<meta property=\"og:title\" content=\"Kroacia rikthen sh\u00ebrbimin ushtarak, qindra adoleshent\u00eb paraqiten vullnetarisht -\" \/>\n<meta property=\"og:description\" content=\"Prishtin\u00eb 10 Mars 2026 8:44 Qindra adoleshent\u00eb kroat\u00eb jan\u00eb paraqitur p\u00ebr sh\u00ebrbim t\u00eb detyruesh\u00ebm ushtarak, p\u00ebr her\u00eb t\u00eb par\u00eb q\u00eb kur vendi i tyre e\" \/>\n<meta property=\"og:url\" content=\"https:\/\/veritasinfo.org\/?p=36843\" \/>\n<meta property=\"article:published_time\" content=\"2026-03-10T07:44:49+00:00\" \/>\n<meta property=\"og:image\" content=\"https:\/\/veritasinfo.org\/wp-content\/uploads\/2026\/03\/a-9-600x360-1.jpg\" \/>\n\t<meta property=\"og:image:width\" content=\"600\" \/>\n\t<meta property=\"og:image:height\" content=\"360\" \/>\n\t<meta property=\"og:image:type\" content=\"image\/jpeg\" \/>\n<meta name=\"author\" content=\"US5\" \/>\n<meta name=\"twitter:card\" content=\"summary_large_image\" \/>\n<meta name=\"twitter:label1\" content=\"Written by\" \/>\n\t<meta name=\"twitter:data1\" content=\"US5\" \/>\n<script type=\"application\/ld+json\" class=\"yoast-schema-graph\">{\"@context\":\"https:\/\/schema.org\",\"@graph\":[{\"@type\":\"WebPage\",\"@id\":\"https:\/\/veritasinfo.org\/?p=36843\",\"url\":\"https:\/\/veritasinfo.org\/?p=36843\",\"name\":\"Kroacia rikthen sh\u00ebrbimin ushtarak, qindra adoleshent\u00eb paraqiten vullnetarisht -\",\"isPartOf\":{\"@id\":\"https:\/\/veritasinfo.org\/#website\"},\"primaryImageOfPage\":{\"@id\":\"https:\/\/veritasinfo.org\/?p=36843#primaryimage\"},\"image\":{\"@id\":\"https:\/\/veritasinfo.org\/?p=36843#primaryimage\"},\"thumbnailUrl\":\"https:\/\/veritasinfo.org\/wp-content\/uploads\/2026\/03\/a-9-600x360-1.jpg\",\"datePublished\":\"2026-03-10T07:44:49+00:00\",\"author\":{\"@id\":\"https:\/\/veritasinfo.org\/#\/schema\/person\/bc442336e35414d04494ab8fb45db4c6\"},\"breadcrumb\":{\"@id\":\"https:\/\/veritasinfo.org\/?p=36843#breadcrumb\"},\"inLanguage\":\"en-US\",\"potentialAction\":[{\"@type\":\"ReadAction\",\"target\":[\"https:\/\/veritasinfo.org\/?p=36843\"]}]},{\"@type\":\"ImageObject\",\"inLanguage\":\"en-US\",\"@id\":\"https:\/\/veritasinfo.org\/?p=36843#primaryimage\",\"url\":\"https:\/\/veritasinfo.org\/wp-content\/uploads\/2026\/03\/a-9-600x360-1.jpg\",\"contentUrl\":\"https:\/\/veritasinfo.org\/wp-content\/uploads\/2026\/03\/a-9-600x360-1.jpg\",\"width\":600,\"height\":360},{\"@type\":\"BreadcrumbList\",\"@id\":\"https:\/\/veritasinfo.org\/?p=36843#breadcrumb\",\"itemListElement\":[{\"@type\":\"ListItem\",\"position\":1,\"name\":\"Home\",\"item\":\"https:\/\/veritasinfo.org\/\"},{\"@type\":\"ListItem\",\"position\":2,\"name\":\"Kroacia rikthen sh\u00ebrbimin ushtarak, qindra adoleshent\u00eb paraqiten vullnetarisht\"}]},{\"@type\":\"WebSite\",\"@id\":\"https:\/\/veritasinfo.org\/#website\",\"url\":\"https:\/\/veritasinfo.org\/\",\"name\":\"\",\"description\":\"\",\"potentialAction\":[{\"@type\":\"SearchAction\",\"target\":{\"@type\":\"EntryPoint\",\"urlTemplate\":\"https:\/\/veritasinfo.org\/?s={search_term_string}\"},\"query-input\":{\"@type\":\"PropertyValueSpecification\",\"valueRequired\":true,\"valueName\":\"search_term_string\"}}],\"inLanguage\":\"en-US\"},{\"@type\":\"Person\",\"@id\":\"https:\/\/veritasinfo.org\/#\/schema\/person\/bc442336e35414d04494ab8fb45db4c6\",\"name\":\"US5\",\"image\":{\"@type\":\"ImageObject\",\"inLanguage\":\"en-US\",\"@id\":\"https:\/\/veritasinfo.org\/#\/schema\/person\/image\/\",\"url\":\"https:\/\/secure.gravatar.com\/avatar\/16a61e7272a0c5d001121ebb9e60e925d5816e4ac1e443ed3e640d9a6ae55d0c?s=96&d=mm&r=g\",\"contentUrl\":\"https:\/\/secure.gravatar.com\/avatar\/16a61e7272a0c5d001121ebb9e60e925d5816e4ac1e443ed3e640d9a6ae55d0c?s=96&d=mm&r=g\",\"caption\":\"US5\"},\"url\":\"https:\/\/veritasinfo.org\/?author=6\"}]}<\/script>\n<!-- \/ Yoast SEO plugin. -->","yoast_head_json":{"title":"Kroacia rikthen sh\u00ebrbimin ushtarak, qindra adoleshent\u00eb paraqiten vullnetarisht -","robots":{"index":"index","follow":"follow","max-snippet":"max-snippet:-1","max-image-preview":"max-image-preview:large","max-video-preview":"max-video-preview:-1"},"canonical":"https:\/\/veritasinfo.org\/?p=36843","og_locale":"en_US","og_type":"article","og_title":"Kroacia rikthen sh\u00ebrbimin ushtarak, qindra adoleshent\u00eb paraqiten vullnetarisht -","og_description":"Prishtin\u00eb 10 Mars 2026 8:44 Qindra adoleshent\u00eb kroat\u00eb jan\u00eb paraqitur p\u00ebr sh\u00ebrbim t\u00eb detyruesh\u00ebm ushtarak, p\u00ebr her\u00eb t\u00eb par\u00eb q\u00eb kur vendi i tyre e","og_url":"https:\/\/veritasinfo.org\/?p=36843","article_published_time":"2026-03-10T07:44:49+00:00","og_image":[{"width":600,"height":360,"url":"https:\/\/veritasinfo.org\/wp-content\/uploads\/2026\/03\/a-9-600x360-1.jpg","type":"image\/jpeg"}],"author":"US5","twitter_card":"summary_large_image","twitter_misc":{"Written by":"US5"},"schema":{"@context":"https:\/\/schema.org","@graph":[{"@type":"WebPage","@id":"https:\/\/veritasinfo.org\/?p=36843","url":"https:\/\/veritasinfo.org\/?p=36843","name":"Kroacia rikthen sh\u00ebrbimin ushtarak, qindra adoleshent\u00eb paraqiten vullnetarisht -","isPartOf":{"@id":"https:\/\/veritasinfo.org\/#website"},"primaryImageOfPage":{"@id":"https:\/\/veritasinfo.org\/?p=36843#primaryimage"},"image":{"@id":"https:\/\/veritasinfo.org\/?p=36843#primaryimage"},"thumbnailUrl":"https:\/\/veritasinfo.org\/wp-content\/uploads\/2026\/03\/a-9-600x360-1.jpg","datePublished":"2026-03-10T07:44:49+00:00","author":{"@id":"https:\/\/veritasinfo.org\/#\/schema\/person\/bc442336e35414d04494ab8fb45db4c6"},"breadcrumb":{"@id":"https:\/\/veritasinfo.org\/?p=36843#breadcrumb"},"inLanguage":"en-US","potentialAction":[{"@type":"ReadAction","target":["https:\/\/veritasinfo.org\/?p=36843"]}]},{"@type":"ImageObject","inLanguage":"en-US","@id":"https:\/\/veritasinfo.org\/?p=36843#primaryimage","url":"https:\/\/veritasinfo.org\/wp-content\/uploads\/2026\/03\/a-9-600x360-1.jpg","contentUrl":"https:\/\/veritasinfo.org\/wp-content\/uploads\/2026\/03\/a-9-600x360-1.jpg","width":600,"height":360},{"@type":"BreadcrumbList","@id":"https:\/\/veritasinfo.org\/?p=36843#breadcrumb","itemListElement":[{"@type":"ListItem","position":1,"name":"Home","item":"https:\/\/veritasinfo.org\/"},{"@type":"ListItem","position":2,"name":"Kroacia rikthen sh\u00ebrbimin ushtarak, qindra adoleshent\u00eb paraqiten vullnetarisht"}]},{"@type":"WebSite","@id":"https:\/\/veritasinfo.org\/#website","url":"https:\/\/veritasinfo.org\/","name":"","description":"","potentialAction":[{"@type":"SearchAction","target":{"@type":"EntryPoint","urlTemplate":"https:\/\/veritasinfo.org\/?s={search_term_string}"},"query-input":{"@type":"PropertyValueSpecification","valueRequired":true,"valueName":"search_term_string"}}],"inLanguage":"en-US"},{"@type":"Person","@id":"https:\/\/veritasinfo.org\/#\/schema\/person\/bc442336e35414d04494ab8fb45db4c6","name":"US5","image":{"@type":"ImageObject","inLanguage":"en-US","@id":"https:\/\/veritasinfo.org\/#\/schema\/person\/image\/","url":"https:\/\/secure.gravatar.com\/avatar\/16a61e7272a0c5d001121ebb9e60e925d5816e4ac1e443ed3e640d9a6ae55d0c?s=96&d=mm&r=g","contentUrl":"https:\/\/secure.gravatar.com\/avatar\/16a61e7272a0c5d001121ebb9e60e925d5816e4ac1e443ed3e640d9a6ae55d0c?s=96&d=mm&r=g","caption":"US5"},"url":"https:\/\/veritasinfo.org\/?author=6"}]}},"featured_image_urls":{"full":["https:\/\/veritasinfo.org\/wp-content\/uploads\/2026\/03\/a-9-600x360-1.jpg",600,360,false],"thumbnail":["https:\/\/veritasinfo.org\/wp-content\/uploads\/2026\/03\/a-9-600x360-1-150x150.jpg",150,150,true],"medium":["https:\/\/veritasinfo.org\/wp-content\/uploads\/2026\/03\/a-9-600x360-1-300x180.jpg",300,180,true],"medium_large":["https:\/\/veritasinfo.org\/wp-content\/uploads\/2026\/03\/a-9-600x360-1.jpg",600,360,false],"large":["https:\/\/veritasinfo.org\/wp-content\/uploads\/2026\/03\/a-9-600x360-1.jpg",600,360,false],"1536x1536":["https:\/\/veritasinfo.org\/wp-content\/uploads\/2026\/03\/a-9-600x360-1.jpg",600,360,false],"2048x2048":["https:\/\/veritasinfo.org\/wp-content\/uploads\/2026\/03\/a-9-600x360-1.jpg",600,360,false],"kreeti-slider-full":["https:\/\/veritasinfo.org\/wp-content\/uploads\/2026\/03\/a-9-600x360-1.jpg",600,360,false],"kreeti-featured":["https:\/\/veritasinfo.org\/wp-content\/uploads\/2026\/03\/a-9-600x360-1.jpg",600,360,false],"kreeti-medium":["https:\/\/veritasinfo.org\/wp-content\/uploads\/2026\/03\/a-9-600x360-1.jpg",600,360,false],"kreeti-medium-square":["https:\/\/veritasinfo.org\/wp-content\/uploads\/2026\/03\/a-9-600x360-1.jpg",350,210,false]},"author_info":{"info":["US5"]},"category_info":"<a href=\"https:\/\/veritasinfo.org\/?cat=72\" rel=\"category\">Bota<\/a>","tag_info":"Bota","comment_count":"0","_links":{"self":[{"href":"https:\/\/veritasinfo.org\/index.php?rest_route=\/wp\/v2\/posts\/36843","targetHints":{"allow":["GET"]}}],"collection":[{"href":"https:\/\/veritasinfo.org\/index.php?rest_route=\/wp\/v2\/posts"}],"about":[{"href":"https:\/\/veritasinfo.org\/index.php?rest_route=\/wp\/v2\/types\/post"}],"author":[{"embeddable":true,"href":"https:\/\/veritasinfo.org\/index.php?rest_route=\/wp\/v2\/users\/6"}],"replies":[{"embeddable":true,"href":"https:\/\/veritasinfo.org\/index.php?rest_route=%2Fwp%2Fv2%2Fcomments&post=36843"}],"version-history":[{"count":1,"href":"https:\/\/veritasinfo.org\/index.php?rest_route=\/wp\/v2\/posts\/36843\/revisions"}],"predecessor-version":[{"id":36845,"href":"https:\/\/veritasinfo.org\/index.php?rest_route=\/wp\/v2\/posts\/36843\/revisions\/36845"}],"wp:featuredmedia":[{"embeddable":true,"href":"https:\/\/veritasinfo.org\/index.php?rest_route=\/wp\/v2\/media\/36844"}],"wp:attachment":[{"href":"https:\/\/veritasinfo.org\/index.php?rest_route=%2Fwp%2Fv2%2Fmedia&parent=36843"}],"wp:term":[{"taxonomy":"category","embeddable":true,"href":"https:\/\/veritasinfo.org\/index.php?rest_route=%2Fwp%2Fv2%2Fcategories&post=36843"},{"taxonomy":"post_tag","embeddable":true,"href":"https:\/\/veritasinfo.org\/index.php?rest_route=%2Fwp%2Fv2%2Ftags&post=36843"}],"curies":[{"name":"wp","href":"https:\/\/api.w.org\/{rel}","templated":true}]}}