{"id":36824,"date":"2026-03-10T08:05:26","date_gmt":"2026-03-10T07:05:26","guid":{"rendered":"https:\/\/veritasinfo.org\/?p=36824"},"modified":"2026-03-10T08:10:52","modified_gmt":"2026-03-10T07:10:52","slug":"kurti-bisedon-me-marta-kosin-per-ecurine-e-kosoves-drejt-integrimit-ne-be","status":"publish","type":"post","link":"https:\/\/veritasinfo.org\/?p=36824","title":{"rendered":"Kurti bisedon me Marta Kosin p\u00ebr ecurin\u00eb e Kosov\u00ebs drejt integrimit n\u00eb BE"},"content":{"rendered":"<p> Prishtin\u00eb 10 Mars 2026 8:05<\/p>\n<p>Kryeministri i Kosov\u00ebs, Albin Kurti, ka zhvilluar nj\u00eb bised\u00eb telefonike t\u00eb h\u00ebn\u00ebn me komisioneren p\u00ebr zgjerim t\u00eb Bashkimit Evropian, Marta Kos. <\/p>\n<p>N\u00eb njoftimin e Zyr\u00ebs s\u00eb Kryeministrit, \u00ebsht\u00eb th\u00ebn\u00eb se u diskutua p\u00ebr zgjerimin dhe ecurin\u00eb e reformave t\u00eb Kosov\u00ebs drejt integrimit n\u00eb Bashkimin Evropian. <\/p>\n<p>Mb\u00ebshtete KOH\u00cbN. Ruaje t\u00eb v\u00ebrtet\u00ebn.<br \/>\nGazetaria profesionale \u00ebsht\u00eb interes publik. Mb\u00ebshtetja juaj ndihmon q\u00eb ajo t\u00eb mbetet e pavarur dhe e besueshme. Kontribuoni edhe ju. 1 euro e b\u00ebn dallimin.<\/p>\n<p>\u201cKryeministri i Republik\u00ebs s\u00eb Kosov\u00ebs, Albin Kurti, zhvilloi nj\u00eb bised\u00eb telefonike me komisioneren p\u00ebr Zgjerim t\u00eb Bashkimit Evropian, Marta Kos. N\u00eb k\u00ebt\u00eb bised\u00eb u diskutua p\u00ebr zgjerimin dhe ecurin\u00eb e reformave t\u00eb Kosov\u00ebs drejt integrimit n\u00eb Bashkimin Evropian. Kryeministri Kurti theksoi se nd\u00ebr vendimet e para t\u00eb Kuvendit t\u00eb Republik\u00ebs s\u00eb Kosov\u00ebs, krahas miratimit t\u00eb buxhetit t\u00eb ri n\u00eb vler\u00eb prej 4 miliard\u00eb euro, ishte edhe miratimi i Planit t\u00eb Rritjes n\u00eb vler\u00eb prej 882.6 milion\u00eb euro, i cili synon p\u00ebrshpejtimin e reformave dhe zhvillimin ekonomik t\u00eb vendit. Pas miratimit t\u00eb Planit t\u00eb Rritjes, n\u00eb gjasht\u00ebmujorin e par\u00eb t\u00eb k\u00ebtij viti jan\u00eb parapar\u00eb nj\u00eb s\u00ebr\u00eb hapash p\u00ebr zbatim, t\u00eb nd\u00ebrlidhur ngusht\u00eb me kalimin e ligjeve n\u00eb Kuvend, q\u00eb kapin vler\u00ebn rreth 90 milion\u00eb euro\u201d, u tha nga Zyra e Kryeministrit. \u201cIntegrimi n\u00eb Bashkimin Evropian mbetet prioritet ky\u00e7 i Qeveris\u00eb s\u00eb Republik\u00ebs s\u00eb Kosov\u00ebs dhe Kryeministri n\u00ebnvizoi r\u00ebnd\u00ebsin\u00eb e marrjes s\u00eb statusit kandidat si hap t\u00eb r\u00ebnd\u00ebsish\u00ebm p\u00ebr an\u00ebtar\u00ebsim n\u00eb Bashkimin Evropian\u201d.<\/p>\n<p>Po ashtu u bisedua edhe p\u00ebr zhvillimet aktuale n\u00eb vend dhe n\u00eb rajon. <\/p>\n<p>\u201cKosova \u00ebsht\u00eb e harmonizuar plot\u00ebsisht me politik\u00ebn e jashtme dhe t\u00eb siguris\u00eb t\u00eb Bashkimit Evropian dhe i \u00ebsht\u00eb bashkuar t\u00eb gjitha pakove t\u00eb sanksioneve t\u00eb BE-s\u00eb kund\u00ebr Federat\u00ebs Ruse, n\u00eb p\u00ebrgjigje t\u00eb luft\u00ebs s\u00eb agresionit t\u00eb Rusis\u00eb kund\u00ebr Ukrain\u00ebs\u201d, tha Zyra e Kryeministrit.<\/p>\n","protected":false},"excerpt":{"rendered":"<p>Prishtin\u00eb 10 Mars 2026 8:05 Kryeministri i Kosov\u00ebs, Albin Kurti, ka zhvilluar nj\u00eb bised\u00eb telefonike t\u00eb h\u00ebn\u00ebn me komisioneren p\u00ebr zgjerim t\u00eb Bashkimit Evropian, Marta<\/p>\n","protected":false},"author":6,"featured_media":36826,"comment_status":"open","ping_status":"open","sticky":false,"template":"","format":"standard","meta":{"footnotes":""},"categories":[58],"tags":[],"class_list":["post-36824","post","type-post","status-publish","format-standard","has-post-thumbnail","hentry","category-politike-sq"],"yoast_head":"<!-- This site is optimized with the Yoast SEO plugin v25.3.1 - https:\/\/yoast.com\/wordpress\/plugins\/seo\/ -->\n<title>Kurti bisedon me Marta Kosin p\u00ebr ecurin\u00eb e Kosov\u00ebs drejt integrimit n\u00eb BE -<\/title>\n<meta name=\"robots\" content=\"index, follow, max-snippet:-1, max-image-preview:large, max-video-preview:-1\" \/>\n<link rel=\"canonical\" href=\"https:\/\/veritasinfo.org\/?p=36824\" \/>\n<meta property=\"og:locale\" content=\"en_US\" \/>\n<meta property=\"og:type\" content=\"article\" \/>\n<meta property=\"og:title\" content=\"Kurti bisedon me Marta Kosin p\u00ebr ecurin\u00eb e Kosov\u00ebs drejt integrimit n\u00eb BE -\" \/>\n<meta property=\"og:description\" content=\"Prishtin\u00eb 10 Mars 2026 8:05 Kryeministri i Kosov\u00ebs, Albin Kurti, ka zhvilluar nj\u00eb bised\u00eb telefonike t\u00eb h\u00ebn\u00ebn me komisioneren p\u00ebr zgjerim t\u00eb Bashkimit Evropian, Marta\" \/>\n<meta property=\"og:url\" content=\"https:\/\/veritasinfo.org\/?p=36824\" \/>\n<meta property=\"article:published_time\" content=\"2026-03-10T07:05:26+00:00\" \/>\n<meta property=\"article:modified_time\" content=\"2026-03-10T07:10:52+00:00\" \/>\n<meta property=\"og:image\" content=\"https:\/\/veritasinfo.org\/wp-content\/uploads\/2026\/03\/289d15c9-3a5d-4e14-b373-533314858d02.webp\" \/>\n\t<meta property=\"og:image:width\" content=\"1172\" \/>\n\t<meta property=\"og:image:height\" content=\"689\" \/>\n\t<meta property=\"og:image:type\" content=\"image\/webp\" \/>\n<meta name=\"author\" content=\"US5\" \/>\n<meta name=\"twitter:card\" content=\"summary_large_image\" \/>\n<meta name=\"twitter:label1\" content=\"Written by\" \/>\n\t<meta name=\"twitter:data1\" content=\"US5\" \/>\n\t<meta name=\"twitter:label2\" content=\"Est. reading time\" \/>\n\t<meta name=\"twitter:data2\" content=\"2 minutes\" \/>\n<script type=\"application\/ld+json\" class=\"yoast-schema-graph\">{\"@context\":\"https:\/\/schema.org\",\"@graph\":[{\"@type\":\"WebPage\",\"@id\":\"https:\/\/veritasinfo.org\/?p=36824\",\"url\":\"https:\/\/veritasinfo.org\/?p=36824\",\"name\":\"Kurti bisedon me Marta Kosin p\u00ebr ecurin\u00eb e Kosov\u00ebs drejt integrimit n\u00eb BE -\",\"isPartOf\":{\"@id\":\"https:\/\/veritasinfo.org\/#website\"},\"primaryImageOfPage\":{\"@id\":\"https:\/\/veritasinfo.org\/?p=36824#primaryimage\"},\"image\":{\"@id\":\"https:\/\/veritasinfo.org\/?p=36824#primaryimage\"},\"thumbnailUrl\":\"https:\/\/veritasinfo.org\/wp-content\/uploads\/2026\/03\/289d15c9-3a5d-4e14-b373-533314858d02.webp\",\"datePublished\":\"2026-03-10T07:05:26+00:00\",\"dateModified\":\"2026-03-10T07:10:52+00:00\",\"author\":{\"@id\":\"https:\/\/veritasinfo.org\/#\/schema\/person\/bc442336e35414d04494ab8fb45db4c6\"},\"breadcrumb\":{\"@id\":\"https:\/\/veritasinfo.org\/?p=36824#breadcrumb\"},\"inLanguage\":\"en-US\",\"potentialAction\":[{\"@type\":\"ReadAction\",\"target\":[\"https:\/\/veritasinfo.org\/?p=36824\"]}]},{\"@type\":\"ImageObject\",\"inLanguage\":\"en-US\",\"@id\":\"https:\/\/veritasinfo.org\/?p=36824#primaryimage\",\"url\":\"https:\/\/veritasinfo.org\/wp-content\/uploads\/2026\/03\/289d15c9-3a5d-4e14-b373-533314858d02.webp\",\"contentUrl\":\"https:\/\/veritasinfo.org\/wp-content\/uploads\/2026\/03\/289d15c9-3a5d-4e14-b373-533314858d02.webp\",\"width\":1172,\"height\":689},{\"@type\":\"BreadcrumbList\",\"@id\":\"https:\/\/veritasinfo.org\/?p=36824#breadcrumb\",\"itemListElement\":[{\"@type\":\"ListItem\",\"position\":1,\"name\":\"Home\",\"item\":\"https:\/\/veritasinfo.org\/\"},{\"@type\":\"ListItem\",\"position\":2,\"name\":\"Kurti bisedon me Marta Kosin p\u00ebr ecurin\u00eb e Kosov\u00ebs drejt integrimit n\u00eb BE\"}]},{\"@type\":\"WebSite\",\"@id\":\"https:\/\/veritasinfo.org\/#website\",\"url\":\"https:\/\/veritasinfo.org\/\",\"name\":\"\",\"description\":\"\",\"potentialAction\":[{\"@type\":\"SearchAction\",\"target\":{\"@type\":\"EntryPoint\",\"urlTemplate\":\"https:\/\/veritasinfo.org\/?s={search_term_string}\"},\"query-input\":{\"@type\":\"PropertyValueSpecification\",\"valueRequired\":true,\"valueName\":\"search_term_string\"}}],\"inLanguage\":\"en-US\"},{\"@type\":\"Person\",\"@id\":\"https:\/\/veritasinfo.org\/#\/schema\/person\/bc442336e35414d04494ab8fb45db4c6\",\"name\":\"US5\",\"image\":{\"@type\":\"ImageObject\",\"inLanguage\":\"en-US\",\"@id\":\"https:\/\/veritasinfo.org\/#\/schema\/person\/image\/\",\"url\":\"https:\/\/secure.gravatar.com\/avatar\/16a61e7272a0c5d001121ebb9e60e925d5816e4ac1e443ed3e640d9a6ae55d0c?s=96&d=mm&r=g\",\"contentUrl\":\"https:\/\/secure.gravatar.com\/avatar\/16a61e7272a0c5d001121ebb9e60e925d5816e4ac1e443ed3e640d9a6ae55d0c?s=96&d=mm&r=g\",\"caption\":\"US5\"},\"url\":\"https:\/\/veritasinfo.org\/?author=6\"}]}<\/script>\n<!-- \/ Yoast SEO plugin. -->","yoast_head_json":{"title":"Kurti bisedon me Marta Kosin p\u00ebr ecurin\u00eb e Kosov\u00ebs drejt integrimit n\u00eb BE -","robots":{"index":"index","follow":"follow","max-snippet":"max-snippet:-1","max-image-preview":"max-image-preview:large","max-video-preview":"max-video-preview:-1"},"canonical":"https:\/\/veritasinfo.org\/?p=36824","og_locale":"en_US","og_type":"article","og_title":"Kurti bisedon me Marta Kosin p\u00ebr ecurin\u00eb e Kosov\u00ebs drejt integrimit n\u00eb BE -","og_description":"Prishtin\u00eb 10 Mars 2026 8:05 Kryeministri i Kosov\u00ebs, Albin Kurti, ka zhvilluar nj\u00eb bised\u00eb telefonike t\u00eb h\u00ebn\u00ebn me komisioneren p\u00ebr zgjerim t\u00eb Bashkimit Evropian, Marta","og_url":"https:\/\/veritasinfo.org\/?p=36824","article_published_time":"2026-03-10T07:05:26+00:00","article_modified_time":"2026-03-10T07:10:52+00:00","og_image":[{"width":1172,"height":689,"url":"https:\/\/veritasinfo.org\/wp-content\/uploads\/2026\/03\/289d15c9-3a5d-4e14-b373-533314858d02.webp","type":"image\/webp"}],"author":"US5","twitter_card":"summary_large_image","twitter_misc":{"Written by":"US5","Est. reading time":"2 minutes"},"schema":{"@context":"https:\/\/schema.org","@graph":[{"@type":"WebPage","@id":"https:\/\/veritasinfo.org\/?p=36824","url":"https:\/\/veritasinfo.org\/?p=36824","name":"Kurti bisedon me Marta Kosin p\u00ebr ecurin\u00eb e Kosov\u00ebs drejt integrimit n\u00eb BE -","isPartOf":{"@id":"https:\/\/veritasinfo.org\/#website"},"primaryImageOfPage":{"@id":"https:\/\/veritasinfo.org\/?p=36824#primaryimage"},"image":{"@id":"https:\/\/veritasinfo.org\/?p=36824#primaryimage"},"thumbnailUrl":"https:\/\/veritasinfo.org\/wp-content\/uploads\/2026\/03\/289d15c9-3a5d-4e14-b373-533314858d02.webp","datePublished":"2026-03-10T07:05:26+00:00","dateModified":"2026-03-10T07:10:52+00:00","author":{"@id":"https:\/\/veritasinfo.org\/#\/schema\/person\/bc442336e35414d04494ab8fb45db4c6"},"breadcrumb":{"@id":"https:\/\/veritasinfo.org\/?p=36824#breadcrumb"},"inLanguage":"en-US","potentialAction":[{"@type":"ReadAction","target":["https:\/\/veritasinfo.org\/?p=36824"]}]},{"@type":"ImageObject","inLanguage":"en-US","@id":"https:\/\/veritasinfo.org\/?p=36824#primaryimage","url":"https:\/\/veritasinfo.org\/wp-content\/uploads\/2026\/03\/289d15c9-3a5d-4e14-b373-533314858d02.webp","contentUrl":"https:\/\/veritasinfo.org\/wp-content\/uploads\/2026\/03\/289d15c9-3a5d-4e14-b373-533314858d02.webp","width":1172,"height":689},{"@type":"BreadcrumbList","@id":"https:\/\/veritasinfo.org\/?p=36824#breadcrumb","itemListElement":[{"@type":"ListItem","position":1,"name":"Home","item":"https:\/\/veritasinfo.org\/"},{"@type":"ListItem","position":2,"name":"Kurti bisedon me Marta Kosin p\u00ebr ecurin\u00eb e Kosov\u00ebs drejt integrimit n\u00eb BE"}]},{"@type":"WebSite","@id":"https:\/\/veritasinfo.org\/#website","url":"https:\/\/veritasinfo.org\/","name":"","description":"","potentialAction":[{"@type":"SearchAction","target":{"@type":"EntryPoint","urlTemplate":"https:\/\/veritasinfo.org\/?s={search_term_string}"},"query-input":{"@type":"PropertyValueSpecification","valueRequired":true,"valueName":"search_term_string"}}],"inLanguage":"en-US"},{"@type":"Person","@id":"https:\/\/veritasinfo.org\/#\/schema\/person\/bc442336e35414d04494ab8fb45db4c6","name":"US5","image":{"@type":"ImageObject","inLanguage":"en-US","@id":"https:\/\/veritasinfo.org\/#\/schema\/person\/image\/","url":"https:\/\/secure.gravatar.com\/avatar\/16a61e7272a0c5d001121ebb9e60e925d5816e4ac1e443ed3e640d9a6ae55d0c?s=96&d=mm&r=g","contentUrl":"https:\/\/secure.gravatar.com\/avatar\/16a61e7272a0c5d001121ebb9e60e925d5816e4ac1e443ed3e640d9a6ae55d0c?s=96&d=mm&r=g","caption":"US5"},"url":"https:\/\/veritasinfo.org\/?author=6"}]}},"featured_image_urls":{"full":["https:\/\/veritasinfo.org\/wp-content\/uploads\/2026\/03\/289d15c9-3a5d-4e14-b373-533314858d02.webp",1172,689,false],"thumbnail":["https:\/\/veritasinfo.org\/wp-content\/uploads\/2026\/03\/289d15c9-3a5d-4e14-b373-533314858d02-150x150.webp",150,150,true],"medium":["https:\/\/veritasinfo.org\/wp-content\/uploads\/2026\/03\/289d15c9-3a5d-4e14-b373-533314858d02-300x176.webp",300,176,true],"medium_large":["https:\/\/veritasinfo.org\/wp-content\/uploads\/2026\/03\/289d15c9-3a5d-4e14-b373-533314858d02-768x451.webp",640,376,true],"large":["https:\/\/veritasinfo.org\/wp-content\/uploads\/2026\/03\/289d15c9-3a5d-4e14-b373-533314858d02-1024x602.webp",640,376,true],"1536x1536":["https:\/\/veritasinfo.org\/wp-content\/uploads\/2026\/03\/289d15c9-3a5d-4e14-b373-533314858d02.webp",1172,689,false],"2048x2048":["https:\/\/veritasinfo.org\/wp-content\/uploads\/2026\/03\/289d15c9-3a5d-4e14-b373-533314858d02.webp",1172,689,false],"kreeti-slider-full":["https:\/\/veritasinfo.org\/wp-content\/uploads\/2026\/03\/289d15c9-3a5d-4e14-b373-533314858d02.webp",1172,689,false],"kreeti-featured":["https:\/\/veritasinfo.org\/wp-content\/uploads\/2026\/03\/289d15c9-3a5d-4e14-b373-533314858d02.webp",1024,602,false],"kreeti-medium":["https:\/\/veritasinfo.org\/wp-content\/uploads\/2026\/03\/289d15c9-3a5d-4e14-b373-533314858d02.webp",720,423,false],"kreeti-medium-square":["https:\/\/veritasinfo.org\/wp-content\/uploads\/2026\/03\/289d15c9-3a5d-4e14-b373-533314858d02.webp",350,206,false]},"author_info":{"info":["US5"]},"category_info":"<a href=\"https:\/\/veritasinfo.org\/?cat=58\" rel=\"category\">Politik\u00eb<\/a>","tag_info":"Politik\u00eb","comment_count":"0","_links":{"self":[{"href":"https:\/\/veritasinfo.org\/index.php?rest_route=\/wp\/v2\/posts\/36824","targetHints":{"allow":["GET"]}}],"collection":[{"href":"https:\/\/veritasinfo.org\/index.php?rest_route=\/wp\/v2\/posts"}],"about":[{"href":"https:\/\/veritasinfo.org\/index.php?rest_route=\/wp\/v2\/types\/post"}],"author":[{"embeddable":true,"href":"https:\/\/veritasinfo.org\/index.php?rest_route=\/wp\/v2\/users\/6"}],"replies":[{"embeddable":true,"href":"https:\/\/veritasinfo.org\/index.php?rest_route=%2Fwp%2Fv2%2Fcomments&post=36824"}],"version-history":[{"count":1,"href":"https:\/\/veritasinfo.org\/index.php?rest_route=\/wp\/v2\/posts\/36824\/revisions"}],"predecessor-version":[{"id":36827,"href":"https:\/\/veritasinfo.org\/index.php?rest_route=\/wp\/v2\/posts\/36824\/revisions\/36827"}],"wp:featuredmedia":[{"embeddable":true,"href":"https:\/\/veritasinfo.org\/index.php?rest_route=\/wp\/v2\/media\/36826"}],"wp:attachment":[{"href":"https:\/\/veritasinfo.org\/index.php?rest_route=%2Fwp%2Fv2%2Fmedia&parent=36824"}],"wp:term":[{"taxonomy":"category","embeddable":true,"href":"https:\/\/veritasinfo.org\/index.php?rest_route=%2Fwp%2Fv2%2Fcategories&post=36824"},{"taxonomy":"post_tag","embeddable":true,"href":"https:\/\/veritasinfo.org\/index.php?rest_route=%2Fwp%2Fv2%2Ftags&post=36824"}],"curies":[{"name":"wp","href":"https:\/\/api.w.org\/{rel}","templated":true}]}}