{"id":36815,"date":"2026-03-10T06:58:36","date_gmt":"2026-03-10T05:58:36","guid":{"rendered":"https:\/\/veritasinfo.org\/?p=36815"},"modified":"2026-03-10T06:58:36","modified_gmt":"2026-03-10T05:58:36","slug":"trumpi-paralajmeron-se-lufta-me-iranin-mund-te-perfundoje-se-shpejti","status":"publish","type":"post","link":"https:\/\/veritasinfo.org\/?p=36815","title":{"rendered":"Trumpi paralajm\u00ebron se lufta me Iranin mund t\u00eb p\u00ebrfundoj\u00eb s\u00eb shpejti"},"content":{"rendered":"<p>Prishtin\u00eb, 10 mars 2026 06:58<\/p>\n<p>Presidenti i Shteteve t\u00eb Bashkuara, Donald Trump, mendon se lufta kund\u00ebr Iranit \u201c\u00ebsht\u00eb shum\u00eb e kompletuar\u201d dhe se Uashingtoni \u00ebsht\u00eb \u201cshum\u00eb p\u00ebrpara\u201d korniz\u00ebs kohore t\u00eb vler\u00ebsuar paraprakisht prej kat\u00ebr deri n\u00eb pes\u00eb jav\u00ebsh, sipas nj\u00eb interviste n\u00eb televizionin \u201cCBS News\u201d.<\/p>\n<p>\u201cMendoj se lufta \u00ebsht\u00eb shum\u00eb e kompletuar, goxha shum\u00eb. Ata [iranian\u00ebt] nuk kan\u00eb forc\u00eb detare, nuk kan\u00eb komunikime, nuk kan\u00eb forc\u00eb ajrore\u201d \u2013 tha presidenti amerikan, transmeton agjencia \u201cReuters\u201d.<\/p>\n<p>Kur u pyet p\u00ebr Ngushtic\u00ebn e Hormuzit, Trumpi tha se anijet jan\u00eb duke kaluar n\u00ebp\u00ebr k\u00ebt\u00eb rrug\u00eb detare tani, por se ai \u201cpo e mendon marrjen e saj n\u00ebn kontroll\u201d.<\/p>\n<p>Ngushtica e Hormuzit \u00ebsht\u00eb nj\u00ebra nga rrug\u00ebt ky\u00e7e detare t\u00eb naft\u00ebs, duke sh\u00ebrbyer si vij\u00eb transportuese e rreth nj\u00eb t\u00eb pest\u00ebs s\u00eb karburanteve globale dhe gazit natyror t\u00eb l\u00ebng\u00ebzuar. Lufta e ka l\u00ebn\u00eb ngushtic\u00ebn pothuajse t\u00eb mbyllur.<\/p>\n<p>Shtetet e Bashkuara dhe Izraeli filluan q\u00eb ta sulmonin Iranin m\u00eb 28 shkurt dhe Irani \u00ebsht\u00eb kund\u00ebrp\u00ebrgjigjur me sulme ndaj Izraelit dhe shteteve t\u00eb Gjirit Persik q\u00eb kan\u00eb baza amerikane.<\/p>\n<p>Trumpi ka dh\u00ebn\u00eb objektiva dhe afate t\u00eb ndryshme deri m\u00eb tani p\u00ebr luft\u00ebn q\u00eb ka l\u00ebn\u00eb shum\u00eb t\u00eb vrar\u00eb n\u00eb Iran, p\u00ebrfshir\u00eb liderin suprem, Ayatollah Ali Khamenei.<\/p>\n<p>Sa i p\u00ebrket liderit t\u00eb ri suprem t\u00eb Iranit, Mojtabla Khamenei, i cili \u00ebsht\u00eb i biri i Ali Khameneit t\u00eb vrar\u00eb, Trumpi tha: \u201cNuk kam porosi p\u00ebr t\u00eb.\u201d Presidenti amerikan tha se ka dik\u00eb n\u00eb mendje p\u00ebr ta udh\u00ebhequr Iranin, por nuk dha holl\u00ebsi.<\/p>\n<p>M\u00eb par\u00eb, kreu i Sht\u00ebpis\u00eb s\u00eb Bardh\u00eb ka th\u00ebn\u00eb se d\u00ebshiron q\u00eb t\u00eb ket\u00eb gisht n\u00eb p\u00ebrcaktimin e udh\u00ebheq\u00ebsit t\u00eb ri t\u00eb Iranit, por nj\u00eb gj\u00eb e till\u00eb \u00ebsht\u00eb hedhur posht\u00eb nga Teherani.<\/p>\n","protected":false},"excerpt":{"rendered":"<p>Prishtin\u00eb, 10 mars 2026 06:58 Presidenti i Shteteve t\u00eb Bashkuara, Donald Trump, mendon se lufta kund\u00ebr Iranit \u201c\u00ebsht\u00eb shum\u00eb e kompletuar\u201d dhe se Uashingtoni \u00ebsht\u00eb<\/p>\n","protected":false},"author":7,"featured_media":36588,"comment_status":"open","ping_status":"open","sticky":false,"template":"","format":"standard","meta":{"footnotes":""},"categories":[72],"tags":[],"class_list":["post-36815","post","type-post","status-publish","format-standard","has-post-thumbnail","hentry","category-bota"],"yoast_head":"<!-- This site is optimized with the Yoast SEO plugin v25.3.1 - https:\/\/yoast.com\/wordpress\/plugins\/seo\/ -->\n<title>Trumpi paralajm\u00ebron se lufta me Iranin mund t\u00eb p\u00ebrfundoj\u00eb s\u00eb shpejti -<\/title>\n<meta name=\"robots\" content=\"index, follow, max-snippet:-1, max-image-preview:large, max-video-preview:-1\" \/>\n<link rel=\"canonical\" href=\"https:\/\/veritasinfo.org\/?p=36815\" \/>\n<meta property=\"og:locale\" content=\"en_US\" \/>\n<meta property=\"og:type\" content=\"article\" \/>\n<meta property=\"og:title\" content=\"Trumpi paralajm\u00ebron se lufta me Iranin mund t\u00eb p\u00ebrfundoj\u00eb s\u00eb shpejti -\" \/>\n<meta property=\"og:description\" content=\"Prishtin\u00eb, 10 mars 2026 06:58 Presidenti i Shteteve t\u00eb Bashkuara, Donald Trump, mendon se lufta kund\u00ebr Iranit \u201c\u00ebsht\u00eb shum\u00eb e kompletuar\u201d dhe se Uashingtoni \u00ebsht\u00eb\" \/>\n<meta property=\"og:url\" content=\"https:\/\/veritasinfo.org\/?p=36815\" \/>\n<meta property=\"article:published_time\" content=\"2026-03-10T05:58:36+00:00\" \/>\n<meta property=\"og:image\" content=\"https:\/\/veritasinfo.org\/wp-content\/uploads\/2026\/03\/gettyimages-2194420718-67d9b4e326598.jpg\" \/>\n\t<meta property=\"og:image:width\" content=\"640\" \/>\n\t<meta property=\"og:image:height\" content=\"640\" \/>\n\t<meta property=\"og:image:type\" content=\"image\/jpeg\" \/>\n<meta name=\"author\" content=\"US6\" \/>\n<meta name=\"twitter:card\" content=\"summary_large_image\" \/>\n<meta name=\"twitter:label1\" content=\"Written by\" \/>\n\t<meta name=\"twitter:data1\" content=\"US6\" \/>\n\t<meta name=\"twitter:label2\" content=\"Est. reading time\" \/>\n\t<meta name=\"twitter:data2\" content=\"2 minutes\" \/>\n<script type=\"application\/ld+json\" class=\"yoast-schema-graph\">{\"@context\":\"https:\/\/schema.org\",\"@graph\":[{\"@type\":\"WebPage\",\"@id\":\"https:\/\/veritasinfo.org\/?p=36815\",\"url\":\"https:\/\/veritasinfo.org\/?p=36815\",\"name\":\"Trumpi paralajm\u00ebron se lufta me Iranin mund t\u00eb p\u00ebrfundoj\u00eb s\u00eb shpejti -\",\"isPartOf\":{\"@id\":\"https:\/\/veritasinfo.org\/#website\"},\"primaryImageOfPage\":{\"@id\":\"https:\/\/veritasinfo.org\/?p=36815#primaryimage\"},\"image\":{\"@id\":\"https:\/\/veritasinfo.org\/?p=36815#primaryimage\"},\"thumbnailUrl\":\"https:\/\/veritasinfo.org\/wp-content\/uploads\/2026\/03\/gettyimages-2194420718-67d9b4e326598.jpg\",\"datePublished\":\"2026-03-10T05:58:36+00:00\",\"author\":{\"@id\":\"https:\/\/veritasinfo.org\/#\/schema\/person\/fe199eede04c3937362892b7444747cc\"},\"breadcrumb\":{\"@id\":\"https:\/\/veritasinfo.org\/?p=36815#breadcrumb\"},\"inLanguage\":\"en-US\",\"potentialAction\":[{\"@type\":\"ReadAction\",\"target\":[\"https:\/\/veritasinfo.org\/?p=36815\"]}]},{\"@type\":\"ImageObject\",\"inLanguage\":\"en-US\",\"@id\":\"https:\/\/veritasinfo.org\/?p=36815#primaryimage\",\"url\":\"https:\/\/veritasinfo.org\/wp-content\/uploads\/2026\/03\/gettyimages-2194420718-67d9b4e326598.jpg\",\"contentUrl\":\"https:\/\/veritasinfo.org\/wp-content\/uploads\/2026\/03\/gettyimages-2194420718-67d9b4e326598.jpg\",\"width\":640,\"height\":640},{\"@type\":\"BreadcrumbList\",\"@id\":\"https:\/\/veritasinfo.org\/?p=36815#breadcrumb\",\"itemListElement\":[{\"@type\":\"ListItem\",\"position\":1,\"name\":\"Home\",\"item\":\"https:\/\/veritasinfo.org\/\"},{\"@type\":\"ListItem\",\"position\":2,\"name\":\"Trumpi paralajm\u00ebron se lufta me Iranin mund t\u00eb p\u00ebrfundoj\u00eb s\u00eb shpejti\"}]},{\"@type\":\"WebSite\",\"@id\":\"https:\/\/veritasinfo.org\/#website\",\"url\":\"https:\/\/veritasinfo.org\/\",\"name\":\"\",\"description\":\"\",\"potentialAction\":[{\"@type\":\"SearchAction\",\"target\":{\"@type\":\"EntryPoint\",\"urlTemplate\":\"https:\/\/veritasinfo.org\/?s={search_term_string}\"},\"query-input\":{\"@type\":\"PropertyValueSpecification\",\"valueRequired\":true,\"valueName\":\"search_term_string\"}}],\"inLanguage\":\"en-US\"},{\"@type\":\"Person\",\"@id\":\"https:\/\/veritasinfo.org\/#\/schema\/person\/fe199eede04c3937362892b7444747cc\",\"name\":\"US6\",\"image\":{\"@type\":\"ImageObject\",\"inLanguage\":\"en-US\",\"@id\":\"https:\/\/veritasinfo.org\/#\/schema\/person\/image\/\",\"url\":\"https:\/\/secure.gravatar.com\/avatar\/cb16c3c31c9d23b9b8c705964598220b3014e42ff51eb540ff23cefa3ae8c15f?s=96&d=mm&r=g\",\"contentUrl\":\"https:\/\/secure.gravatar.com\/avatar\/cb16c3c31c9d23b9b8c705964598220b3014e42ff51eb540ff23cefa3ae8c15f?s=96&d=mm&r=g\",\"caption\":\"US6\"},\"url\":\"https:\/\/veritasinfo.org\/?author=7\"}]}<\/script>\n<!-- \/ Yoast SEO plugin. -->","yoast_head_json":{"title":"Trumpi paralajm\u00ebron se lufta me Iranin mund t\u00eb p\u00ebrfundoj\u00eb s\u00eb shpejti -","robots":{"index":"index","follow":"follow","max-snippet":"max-snippet:-1","max-image-preview":"max-image-preview:large","max-video-preview":"max-video-preview:-1"},"canonical":"https:\/\/veritasinfo.org\/?p=36815","og_locale":"en_US","og_type":"article","og_title":"Trumpi paralajm\u00ebron se lufta me Iranin mund t\u00eb p\u00ebrfundoj\u00eb s\u00eb shpejti -","og_description":"Prishtin\u00eb, 10 mars 2026 06:58 Presidenti i Shteteve t\u00eb Bashkuara, Donald Trump, mendon se lufta kund\u00ebr Iranit \u201c\u00ebsht\u00eb shum\u00eb e kompletuar\u201d dhe se Uashingtoni \u00ebsht\u00eb","og_url":"https:\/\/veritasinfo.org\/?p=36815","article_published_time":"2026-03-10T05:58:36+00:00","og_image":[{"width":640,"height":640,"url":"https:\/\/veritasinfo.org\/wp-content\/uploads\/2026\/03\/gettyimages-2194420718-67d9b4e326598.jpg","type":"image\/jpeg"}],"author":"US6","twitter_card":"summary_large_image","twitter_misc":{"Written by":"US6","Est. reading time":"2 minutes"},"schema":{"@context":"https:\/\/schema.org","@graph":[{"@type":"WebPage","@id":"https:\/\/veritasinfo.org\/?p=36815","url":"https:\/\/veritasinfo.org\/?p=36815","name":"Trumpi paralajm\u00ebron se lufta me Iranin mund t\u00eb p\u00ebrfundoj\u00eb s\u00eb shpejti -","isPartOf":{"@id":"https:\/\/veritasinfo.org\/#website"},"primaryImageOfPage":{"@id":"https:\/\/veritasinfo.org\/?p=36815#primaryimage"},"image":{"@id":"https:\/\/veritasinfo.org\/?p=36815#primaryimage"},"thumbnailUrl":"https:\/\/veritasinfo.org\/wp-content\/uploads\/2026\/03\/gettyimages-2194420718-67d9b4e326598.jpg","datePublished":"2026-03-10T05:58:36+00:00","author":{"@id":"https:\/\/veritasinfo.org\/#\/schema\/person\/fe199eede04c3937362892b7444747cc"},"breadcrumb":{"@id":"https:\/\/veritasinfo.org\/?p=36815#breadcrumb"},"inLanguage":"en-US","potentialAction":[{"@type":"ReadAction","target":["https:\/\/veritasinfo.org\/?p=36815"]}]},{"@type":"ImageObject","inLanguage":"en-US","@id":"https:\/\/veritasinfo.org\/?p=36815#primaryimage","url":"https:\/\/veritasinfo.org\/wp-content\/uploads\/2026\/03\/gettyimages-2194420718-67d9b4e326598.jpg","contentUrl":"https:\/\/veritasinfo.org\/wp-content\/uploads\/2026\/03\/gettyimages-2194420718-67d9b4e326598.jpg","width":640,"height":640},{"@type":"BreadcrumbList","@id":"https:\/\/veritasinfo.org\/?p=36815#breadcrumb","itemListElement":[{"@type":"ListItem","position":1,"name":"Home","item":"https:\/\/veritasinfo.org\/"},{"@type":"ListItem","position":2,"name":"Trumpi paralajm\u00ebron se lufta me Iranin mund t\u00eb p\u00ebrfundoj\u00eb s\u00eb shpejti"}]},{"@type":"WebSite","@id":"https:\/\/veritasinfo.org\/#website","url":"https:\/\/veritasinfo.org\/","name":"","description":"","potentialAction":[{"@type":"SearchAction","target":{"@type":"EntryPoint","urlTemplate":"https:\/\/veritasinfo.org\/?s={search_term_string}"},"query-input":{"@type":"PropertyValueSpecification","valueRequired":true,"valueName":"search_term_string"}}],"inLanguage":"en-US"},{"@type":"Person","@id":"https:\/\/veritasinfo.org\/#\/schema\/person\/fe199eede04c3937362892b7444747cc","name":"US6","image":{"@type":"ImageObject","inLanguage":"en-US","@id":"https:\/\/veritasinfo.org\/#\/schema\/person\/image\/","url":"https:\/\/secure.gravatar.com\/avatar\/cb16c3c31c9d23b9b8c705964598220b3014e42ff51eb540ff23cefa3ae8c15f?s=96&d=mm&r=g","contentUrl":"https:\/\/secure.gravatar.com\/avatar\/cb16c3c31c9d23b9b8c705964598220b3014e42ff51eb540ff23cefa3ae8c15f?s=96&d=mm&r=g","caption":"US6"},"url":"https:\/\/veritasinfo.org\/?author=7"}]}},"featured_image_urls":{"full":["https:\/\/veritasinfo.org\/wp-content\/uploads\/2026\/03\/gettyimages-2194420718-67d9b4e326598.jpg",640,640,false],"thumbnail":["https:\/\/veritasinfo.org\/wp-content\/uploads\/2026\/03\/gettyimages-2194420718-67d9b4e326598-150x150.jpg",150,150,true],"medium":["https:\/\/veritasinfo.org\/wp-content\/uploads\/2026\/03\/gettyimages-2194420718-67d9b4e326598-300x300.jpg",300,300,true],"medium_large":["https:\/\/veritasinfo.org\/wp-content\/uploads\/2026\/03\/gettyimages-2194420718-67d9b4e326598.jpg",640,640,false],"large":["https:\/\/veritasinfo.org\/wp-content\/uploads\/2026\/03\/gettyimages-2194420718-67d9b4e326598.jpg",640,640,false],"1536x1536":["https:\/\/veritasinfo.org\/wp-content\/uploads\/2026\/03\/gettyimages-2194420718-67d9b4e326598.jpg",640,640,false],"2048x2048":["https:\/\/veritasinfo.org\/wp-content\/uploads\/2026\/03\/gettyimages-2194420718-67d9b4e326598.jpg",640,640,false],"kreeti-slider-full":["https:\/\/veritasinfo.org\/wp-content\/uploads\/2026\/03\/gettyimages-2194420718-67d9b4e326598.jpg",640,640,false],"kreeti-featured":["https:\/\/veritasinfo.org\/wp-content\/uploads\/2026\/03\/gettyimages-2194420718-67d9b4e326598.jpg",640,640,false],"kreeti-medium":["https:\/\/veritasinfo.org\/wp-content\/uploads\/2026\/03\/gettyimages-2194420718-67d9b4e326598.jpg",530,530,false],"kreeti-medium-square":["https:\/\/veritasinfo.org\/wp-content\/uploads\/2026\/03\/gettyimages-2194420718-67d9b4e326598.jpg",350,350,false]},"author_info":{"info":["US6"]},"category_info":"<a href=\"https:\/\/veritasinfo.org\/?cat=72\" rel=\"category\">Bota<\/a>","tag_info":"Bota","comment_count":"0","_links":{"self":[{"href":"https:\/\/veritasinfo.org\/index.php?rest_route=\/wp\/v2\/posts\/36815","targetHints":{"allow":["GET"]}}],"collection":[{"href":"https:\/\/veritasinfo.org\/index.php?rest_route=\/wp\/v2\/posts"}],"about":[{"href":"https:\/\/veritasinfo.org\/index.php?rest_route=\/wp\/v2\/types\/post"}],"author":[{"embeddable":true,"href":"https:\/\/veritasinfo.org\/index.php?rest_route=\/wp\/v2\/users\/7"}],"replies":[{"embeddable":true,"href":"https:\/\/veritasinfo.org\/index.php?rest_route=%2Fwp%2Fv2%2Fcomments&post=36815"}],"version-history":[{"count":1,"href":"https:\/\/veritasinfo.org\/index.php?rest_route=\/wp\/v2\/posts\/36815\/revisions"}],"predecessor-version":[{"id":36816,"href":"https:\/\/veritasinfo.org\/index.php?rest_route=\/wp\/v2\/posts\/36815\/revisions\/36816"}],"wp:featuredmedia":[{"embeddable":true,"href":"https:\/\/veritasinfo.org\/index.php?rest_route=\/wp\/v2\/media\/36588"}],"wp:attachment":[{"href":"https:\/\/veritasinfo.org\/index.php?rest_route=%2Fwp%2Fv2%2Fmedia&parent=36815"}],"wp:term":[{"taxonomy":"category","embeddable":true,"href":"https:\/\/veritasinfo.org\/index.php?rest_route=%2Fwp%2Fv2%2Fcategories&post=36815"},{"taxonomy":"post_tag","embeddable":true,"href":"https:\/\/veritasinfo.org\/index.php?rest_route=%2Fwp%2Fv2%2Ftags&post=36815"}],"curies":[{"name":"wp","href":"https:\/\/api.w.org\/{rel}","templated":true}]}}