{"id":36783,"date":"2026-03-09T20:43:56","date_gmt":"2026-03-09T19:43:56","guid":{"rendered":"https:\/\/veritasinfo.org\/?p=36783"},"modified":"2026-03-09T20:43:56","modified_gmt":"2026-03-09T19:43:56","slug":"konjufca-takohet-me-ambasadorin-e-japonise-per-thellimin-e-bashkepunimit-ekonomik","status":"publish","type":"post","link":"https:\/\/veritasinfo.org\/?p=36783","title":{"rendered":"Konjufca takohet me ambasadorin e Japonis\u00eb p\u00ebr thellimin e bashk\u00ebpunimit ekonomik"},"content":{"rendered":"<p>Prishtin\u00eb, 9 mars 2026 20:43<\/p>\n<p>Z\u00ebvend\u00ebskryeministri dhe Ministri i Pun\u00ebve t\u00eb Jashtme, Glauk Konjufca, priti t\u00eb ngarkuarin me pun\u00eb t\u00eb Ambasad\u00ebs s\u00eb Japonis\u00eb, Hiroyasu Tanigaki, ku u diskutua p\u00ebr rritjen e shk\u00ebmbimeve tregtare, pjes\u00ebmarrjen e Kosov\u00ebs n\u00eb EXPO n\u00eb Japoni dhe forcimin e bashk\u00ebpunimit ekonomik dhe arsimor nd\u00ebrmjet dy vendeve.<\/p>\n<p>\u201cGjat\u00eb bised\u00ebs u trajtua pjes\u00ebmarrja e Kosov\u00ebs n\u00eb EXPO n\u00eb Japoni, si dhe mund\u00ebsit\u00eb p\u00ebr thellimin e bashk\u00ebpunimit ekonomik dhe rritjen e shk\u00ebmbimeve tregtare nd\u00ebrmjet dy vendeve. U p\u00ebrmend gjithashtu se Universiteti i Prishtin\u00ebs tashm\u00eb ofron kurse t\u00eb gjuh\u00ebs japoneze, duke krijuar nj\u00eb ur\u00eb t\u00eb re bashk\u00ebpunimi nd\u00ebrmjet dy vendeve. N\u00eb takim u theksua edhe p\u00ebrputhja e q\u00ebndrimeve gjeopolitike nd\u00ebrmjet Kosov\u00ebs dhe Japonis\u00eb, si dhe p\u00ebrkushtimi i p\u00ebrbashk\u00ebt p\u00ebr ruajtjen e paqes dhe stabilitetit nd\u00ebrkomb\u00ebtar. Z\u00ebvend\u00ebskryeministri Konjufca gjithashtu i p\u00ebrcolli urimet e tij Japonis\u00eb p\u00ebr formimin e qeveris\u00eb s\u00eb re dhe p\u00ebr em\u00ebrimin e kryeministres s\u00eb re\u201d, thuhet n\u00eb njoftimin e Ministris\u00eb s\u00eb Pun\u00ebve t\u00eb Jashtme.<\/p>\n","protected":false},"excerpt":{"rendered":"<p>Prishtin\u00eb, 9 mars 2026 20:43 Z\u00ebvend\u00ebskryeministri dhe Ministri i Pun\u00ebve t\u00eb Jashtme, Glauk Konjufca, priti t\u00eb ngarkuarin me pun\u00eb t\u00eb Ambasad\u00ebs s\u00eb Japonis\u00eb, Hiroyasu Tanigaki,<\/p>\n","protected":false},"author":7,"featured_media":36784,"comment_status":"open","ping_status":"open","sticky":false,"template":"","format":"standard","meta":{"footnotes":""},"categories":[58],"tags":[],"class_list":["post-36783","post","type-post","status-publish","format-standard","has-post-thumbnail","hentry","category-politike-sq"],"yoast_head":"<!-- This site is optimized with the Yoast SEO plugin v25.3.1 - https:\/\/yoast.com\/wordpress\/plugins\/seo\/ -->\n<title>Konjufca takohet me ambasadorin e Japonis\u00eb p\u00ebr thellimin e bashk\u00ebpunimit ekonomik -<\/title>\n<meta name=\"robots\" content=\"index, follow, max-snippet:-1, max-image-preview:large, max-video-preview:-1\" \/>\n<link rel=\"canonical\" href=\"https:\/\/veritasinfo.org\/?p=36783\" \/>\n<meta property=\"og:locale\" content=\"en_US\" \/>\n<meta property=\"og:type\" content=\"article\" \/>\n<meta property=\"og:title\" content=\"Konjufca takohet me ambasadorin e Japonis\u00eb p\u00ebr thellimin e bashk\u00ebpunimit ekonomik -\" \/>\n<meta property=\"og:description\" content=\"Prishtin\u00eb, 9 mars 2026 20:43 Z\u00ebvend\u00ebskryeministri dhe Ministri i Pun\u00ebve t\u00eb Jashtme, Glauk Konjufca, priti t\u00eb ngarkuarin me pun\u00eb t\u00eb Ambasad\u00ebs s\u00eb Japonis\u00eb, Hiroyasu Tanigaki,\" \/>\n<meta property=\"og:url\" content=\"https:\/\/veritasinfo.org\/?p=36783\" \/>\n<meta property=\"article:published_time\" content=\"2026-03-09T19:43:56+00:00\" \/>\n<meta property=\"og:image\" content=\"https:\/\/veritasinfo.org\/wp-content\/uploads\/2026\/03\/1-41.jpg\" \/>\n\t<meta property=\"og:image:width\" content=\"595\" \/>\n\t<meta property=\"og:image:height\" content=\"365\" \/>\n\t<meta property=\"og:image:type\" content=\"image\/jpeg\" \/>\n<meta name=\"author\" content=\"US6\" \/>\n<meta name=\"twitter:card\" content=\"summary_large_image\" \/>\n<meta name=\"twitter:label1\" content=\"Written by\" \/>\n\t<meta name=\"twitter:data1\" content=\"US6\" \/>\n\t<meta name=\"twitter:label2\" content=\"Est. reading time\" \/>\n\t<meta name=\"twitter:data2\" content=\"1 minute\" \/>\n<script type=\"application\/ld+json\" class=\"yoast-schema-graph\">{\"@context\":\"https:\/\/schema.org\",\"@graph\":[{\"@type\":\"WebPage\",\"@id\":\"https:\/\/veritasinfo.org\/?p=36783\",\"url\":\"https:\/\/veritasinfo.org\/?p=36783\",\"name\":\"Konjufca takohet me ambasadorin e Japonis\u00eb p\u00ebr thellimin e bashk\u00ebpunimit ekonomik -\",\"isPartOf\":{\"@id\":\"https:\/\/veritasinfo.org\/#website\"},\"primaryImageOfPage\":{\"@id\":\"https:\/\/veritasinfo.org\/?p=36783#primaryimage\"},\"image\":{\"@id\":\"https:\/\/veritasinfo.org\/?p=36783#primaryimage\"},\"thumbnailUrl\":\"https:\/\/veritasinfo.org\/wp-content\/uploads\/2026\/03\/1-41.jpg\",\"datePublished\":\"2026-03-09T19:43:56+00:00\",\"author\":{\"@id\":\"https:\/\/veritasinfo.org\/#\/schema\/person\/fe199eede04c3937362892b7444747cc\"},\"breadcrumb\":{\"@id\":\"https:\/\/veritasinfo.org\/?p=36783#breadcrumb\"},\"inLanguage\":\"en-US\",\"potentialAction\":[{\"@type\":\"ReadAction\",\"target\":[\"https:\/\/veritasinfo.org\/?p=36783\"]}]},{\"@type\":\"ImageObject\",\"inLanguage\":\"en-US\",\"@id\":\"https:\/\/veritasinfo.org\/?p=36783#primaryimage\",\"url\":\"https:\/\/veritasinfo.org\/wp-content\/uploads\/2026\/03\/1-41.jpg\",\"contentUrl\":\"https:\/\/veritasinfo.org\/wp-content\/uploads\/2026\/03\/1-41.jpg\",\"width\":595,\"height\":365},{\"@type\":\"BreadcrumbList\",\"@id\":\"https:\/\/veritasinfo.org\/?p=36783#breadcrumb\",\"itemListElement\":[{\"@type\":\"ListItem\",\"position\":1,\"name\":\"Home\",\"item\":\"https:\/\/veritasinfo.org\/\"},{\"@type\":\"ListItem\",\"position\":2,\"name\":\"Konjufca takohet me ambasadorin e Japonis\u00eb p\u00ebr thellimin e bashk\u00ebpunimit ekonomik\"}]},{\"@type\":\"WebSite\",\"@id\":\"https:\/\/veritasinfo.org\/#website\",\"url\":\"https:\/\/veritasinfo.org\/\",\"name\":\"\",\"description\":\"\",\"potentialAction\":[{\"@type\":\"SearchAction\",\"target\":{\"@type\":\"EntryPoint\",\"urlTemplate\":\"https:\/\/veritasinfo.org\/?s={search_term_string}\"},\"query-input\":{\"@type\":\"PropertyValueSpecification\",\"valueRequired\":true,\"valueName\":\"search_term_string\"}}],\"inLanguage\":\"en-US\"},{\"@type\":\"Person\",\"@id\":\"https:\/\/veritasinfo.org\/#\/schema\/person\/fe199eede04c3937362892b7444747cc\",\"name\":\"US6\",\"image\":{\"@type\":\"ImageObject\",\"inLanguage\":\"en-US\",\"@id\":\"https:\/\/veritasinfo.org\/#\/schema\/person\/image\/\",\"url\":\"https:\/\/secure.gravatar.com\/avatar\/cb16c3c31c9d23b9b8c705964598220b3014e42ff51eb540ff23cefa3ae8c15f?s=96&d=mm&r=g\",\"contentUrl\":\"https:\/\/secure.gravatar.com\/avatar\/cb16c3c31c9d23b9b8c705964598220b3014e42ff51eb540ff23cefa3ae8c15f?s=96&d=mm&r=g\",\"caption\":\"US6\"},\"url\":\"https:\/\/veritasinfo.org\/?author=7\"}]}<\/script>\n<!-- \/ Yoast SEO plugin. -->","yoast_head_json":{"title":"Konjufca takohet me ambasadorin e Japonis\u00eb p\u00ebr thellimin e bashk\u00ebpunimit ekonomik -","robots":{"index":"index","follow":"follow","max-snippet":"max-snippet:-1","max-image-preview":"max-image-preview:large","max-video-preview":"max-video-preview:-1"},"canonical":"https:\/\/veritasinfo.org\/?p=36783","og_locale":"en_US","og_type":"article","og_title":"Konjufca takohet me ambasadorin e Japonis\u00eb p\u00ebr thellimin e bashk\u00ebpunimit ekonomik -","og_description":"Prishtin\u00eb, 9 mars 2026 20:43 Z\u00ebvend\u00ebskryeministri dhe Ministri i Pun\u00ebve t\u00eb Jashtme, Glauk Konjufca, priti t\u00eb ngarkuarin me pun\u00eb t\u00eb Ambasad\u00ebs s\u00eb Japonis\u00eb, Hiroyasu Tanigaki,","og_url":"https:\/\/veritasinfo.org\/?p=36783","article_published_time":"2026-03-09T19:43:56+00:00","og_image":[{"width":595,"height":365,"url":"https:\/\/veritasinfo.org\/wp-content\/uploads\/2026\/03\/1-41.jpg","type":"image\/jpeg"}],"author":"US6","twitter_card":"summary_large_image","twitter_misc":{"Written by":"US6","Est. reading time":"1 minute"},"schema":{"@context":"https:\/\/schema.org","@graph":[{"@type":"WebPage","@id":"https:\/\/veritasinfo.org\/?p=36783","url":"https:\/\/veritasinfo.org\/?p=36783","name":"Konjufca takohet me ambasadorin e Japonis\u00eb p\u00ebr thellimin e bashk\u00ebpunimit ekonomik -","isPartOf":{"@id":"https:\/\/veritasinfo.org\/#website"},"primaryImageOfPage":{"@id":"https:\/\/veritasinfo.org\/?p=36783#primaryimage"},"image":{"@id":"https:\/\/veritasinfo.org\/?p=36783#primaryimage"},"thumbnailUrl":"https:\/\/veritasinfo.org\/wp-content\/uploads\/2026\/03\/1-41.jpg","datePublished":"2026-03-09T19:43:56+00:00","author":{"@id":"https:\/\/veritasinfo.org\/#\/schema\/person\/fe199eede04c3937362892b7444747cc"},"breadcrumb":{"@id":"https:\/\/veritasinfo.org\/?p=36783#breadcrumb"},"inLanguage":"en-US","potentialAction":[{"@type":"ReadAction","target":["https:\/\/veritasinfo.org\/?p=36783"]}]},{"@type":"ImageObject","inLanguage":"en-US","@id":"https:\/\/veritasinfo.org\/?p=36783#primaryimage","url":"https:\/\/veritasinfo.org\/wp-content\/uploads\/2026\/03\/1-41.jpg","contentUrl":"https:\/\/veritasinfo.org\/wp-content\/uploads\/2026\/03\/1-41.jpg","width":595,"height":365},{"@type":"BreadcrumbList","@id":"https:\/\/veritasinfo.org\/?p=36783#breadcrumb","itemListElement":[{"@type":"ListItem","position":1,"name":"Home","item":"https:\/\/veritasinfo.org\/"},{"@type":"ListItem","position":2,"name":"Konjufca takohet me ambasadorin e Japonis\u00eb p\u00ebr thellimin e bashk\u00ebpunimit ekonomik"}]},{"@type":"WebSite","@id":"https:\/\/veritasinfo.org\/#website","url":"https:\/\/veritasinfo.org\/","name":"","description":"","potentialAction":[{"@type":"SearchAction","target":{"@type":"EntryPoint","urlTemplate":"https:\/\/veritasinfo.org\/?s={search_term_string}"},"query-input":{"@type":"PropertyValueSpecification","valueRequired":true,"valueName":"search_term_string"}}],"inLanguage":"en-US"},{"@type":"Person","@id":"https:\/\/veritasinfo.org\/#\/schema\/person\/fe199eede04c3937362892b7444747cc","name":"US6","image":{"@type":"ImageObject","inLanguage":"en-US","@id":"https:\/\/veritasinfo.org\/#\/schema\/person\/image\/","url":"https:\/\/secure.gravatar.com\/avatar\/cb16c3c31c9d23b9b8c705964598220b3014e42ff51eb540ff23cefa3ae8c15f?s=96&d=mm&r=g","contentUrl":"https:\/\/secure.gravatar.com\/avatar\/cb16c3c31c9d23b9b8c705964598220b3014e42ff51eb540ff23cefa3ae8c15f?s=96&d=mm&r=g","caption":"US6"},"url":"https:\/\/veritasinfo.org\/?author=7"}]}},"featured_image_urls":{"full":["https:\/\/veritasinfo.org\/wp-content\/uploads\/2026\/03\/1-41.jpg",595,365,false],"thumbnail":["https:\/\/veritasinfo.org\/wp-content\/uploads\/2026\/03\/1-41-150x150.jpg",150,150,true],"medium":["https:\/\/veritasinfo.org\/wp-content\/uploads\/2026\/03\/1-41-300x184.jpg",300,184,true],"medium_large":["https:\/\/veritasinfo.org\/wp-content\/uploads\/2026\/03\/1-41.jpg",595,365,false],"large":["https:\/\/veritasinfo.org\/wp-content\/uploads\/2026\/03\/1-41.jpg",595,365,false],"1536x1536":["https:\/\/veritasinfo.org\/wp-content\/uploads\/2026\/03\/1-41.jpg",595,365,false],"2048x2048":["https:\/\/veritasinfo.org\/wp-content\/uploads\/2026\/03\/1-41.jpg",595,365,false],"kreeti-slider-full":["https:\/\/veritasinfo.org\/wp-content\/uploads\/2026\/03\/1-41.jpg",595,365,false],"kreeti-featured":["https:\/\/veritasinfo.org\/wp-content\/uploads\/2026\/03\/1-41.jpg",595,365,false],"kreeti-medium":["https:\/\/veritasinfo.org\/wp-content\/uploads\/2026\/03\/1-41.jpg",595,365,false],"kreeti-medium-square":["https:\/\/veritasinfo.org\/wp-content\/uploads\/2026\/03\/1-41.jpg",350,215,false]},"author_info":{"info":["US6"]},"category_info":"<a href=\"https:\/\/veritasinfo.org\/?cat=58\" rel=\"category\">Politik\u00eb<\/a>","tag_info":"Politik\u00eb","comment_count":"0","_links":{"self":[{"href":"https:\/\/veritasinfo.org\/index.php?rest_route=\/wp\/v2\/posts\/36783","targetHints":{"allow":["GET"]}}],"collection":[{"href":"https:\/\/veritasinfo.org\/index.php?rest_route=\/wp\/v2\/posts"}],"about":[{"href":"https:\/\/veritasinfo.org\/index.php?rest_route=\/wp\/v2\/types\/post"}],"author":[{"embeddable":true,"href":"https:\/\/veritasinfo.org\/index.php?rest_route=\/wp\/v2\/users\/7"}],"replies":[{"embeddable":true,"href":"https:\/\/veritasinfo.org\/index.php?rest_route=%2Fwp%2Fv2%2Fcomments&post=36783"}],"version-history":[{"count":1,"href":"https:\/\/veritasinfo.org\/index.php?rest_route=\/wp\/v2\/posts\/36783\/revisions"}],"predecessor-version":[{"id":36785,"href":"https:\/\/veritasinfo.org\/index.php?rest_route=\/wp\/v2\/posts\/36783\/revisions\/36785"}],"wp:featuredmedia":[{"embeddable":true,"href":"https:\/\/veritasinfo.org\/index.php?rest_route=\/wp\/v2\/media\/36784"}],"wp:attachment":[{"href":"https:\/\/veritasinfo.org\/index.php?rest_route=%2Fwp%2Fv2%2Fmedia&parent=36783"}],"wp:term":[{"taxonomy":"category","embeddable":true,"href":"https:\/\/veritasinfo.org\/index.php?rest_route=%2Fwp%2Fv2%2Fcategories&post=36783"},{"taxonomy":"post_tag","embeddable":true,"href":"https:\/\/veritasinfo.org\/index.php?rest_route=%2Fwp%2Fv2%2Ftags&post=36783"}],"curies":[{"name":"wp","href":"https:\/\/api.w.org\/{rel}","templated":true}]}}