{"id":36742,"date":"2026-03-09T13:22:18","date_gmt":"2026-03-09T12:22:18","guid":{"rendered":"https:\/\/veritasinfo.org\/?p=36742"},"modified":"2026-03-09T13:22:18","modified_gmt":"2026-03-09T12:22:18","slug":"ne-gjykate-shfaqen-pamje-te-luftes-ku-prokuroria-thote-se-shihet-i-akuzuari-kostiq-ky-i-fundit-e-mohon","status":"publish","type":"post","link":"https:\/\/veritasinfo.org\/?p=36742","title":{"rendered":"N\u00eb Gjykat\u00eb shfaqen pamje t\u00eb luft\u00ebs ku Prokuroria thot\u00eb se shihet i akuzuari Kostiq, ky i fundit e mohon"},"content":{"rendered":"<p>Prishtin\u00eb 9 Mars 2026 13:21<\/p>\n<p>Prishtin\u00eb- N\u00eb Gjykat\u00ebn Themelore n\u00eb Prishtin\u00eb n\u00eb gjykimini ndaj t\u00eb akuzuarve Zoran Kostiq dhe Dragan Miloviq, t\u00eb cil\u00ebt akuzohen p\u00ebr krime lufte n\u00eb Kosov\u00eb, t\u00eb h\u00ebn\u00ebn u shikuan video-incizime t\u00eb realizuara gjat\u00eb luft\u00ebs, e n\u00eb t\u00eb cilat Prokuroria thot\u00eb se shihet i akuzuari Kostiq. Por, ky i fundit mohoi t\u00eb jet\u00eb n\u00eb ato pamje.<\/p>\n<p>\u201cJo, n\u00eb asnj\u00eb rast\u201d, u shpreh Kostiq p\u00ebr pamjet q\u00eb ishin marr\u00eb nga Associated Press (AP).<\/p>\n<p>Sipas pamjeve, shihen nj\u00eb grup i personave t\u00eb uniformuar e t\u00eb armatsur dhe tenka e automjete tjera, raporton \u201cBetimi p\u00ebr Drejt\u00ebsi\u201c.<\/p>\n<p>N\u00eb k\u00ebt\u00eb seanc\u00eb, i akuzuari Kostiq po jep mbrojtjen. Derisa n\u00eb Gjykat\u00eb u shfaq\u00ebn disa pamje t\u00eb tjera (si n\u00eb foton e m\u00ebposhtme), i akuzuari pranoi se \u00ebsht\u00eb ai n\u00eb ato pamje dhe gjendej n\u00eb Prelluzh\u00eb.<\/p>\n<p>Ai u pyet se p\u00ebrse po mbante arm\u00eb n\u00eb dor\u00eb.<\/p>\n<p>\u201cNuk e kuptoj pse e kam mbajt\u201d, tha Kostiq.<\/p>\n","protected":false},"excerpt":{"rendered":"<p>Prishtin\u00eb 9 Mars 2026 13:21 Prishtin\u00eb- N\u00eb Gjykat\u00ebn Themelore n\u00eb Prishtin\u00eb n\u00eb gjykimini ndaj t\u00eb akuzuarve Zoran Kostiq dhe Dragan Miloviq, t\u00eb cil\u00ebt akuzohen p\u00ebr<\/p>\n","protected":false},"author":6,"featured_media":36743,"comment_status":"open","ping_status":"open","sticky":false,"template":"","format":"standard","meta":{"footnotes":""},"categories":[60],"tags":[],"class_list":["post-36742","post","type-post","status-publish","format-standard","has-post-thumbnail","hentry","category-shoqerore-sq"],"yoast_head":"<!-- This site is optimized with the Yoast SEO plugin v25.3.1 - https:\/\/yoast.com\/wordpress\/plugins\/seo\/ -->\n<title>N\u00eb Gjykat\u00eb shfaqen pamje t\u00eb luft\u00ebs ku Prokuroria thot\u00eb se shihet i akuzuari Kostiq, ky i fundit e mohon -<\/title>\n<meta name=\"robots\" content=\"index, follow, max-snippet:-1, max-image-preview:large, max-video-preview:-1\" \/>\n<link rel=\"canonical\" href=\"https:\/\/veritasinfo.org\/?p=36742\" \/>\n<meta property=\"og:locale\" content=\"en_US\" \/>\n<meta property=\"og:type\" content=\"article\" \/>\n<meta property=\"og:title\" content=\"N\u00eb Gjykat\u00eb shfaqen pamje t\u00eb luft\u00ebs ku Prokuroria thot\u00eb se shihet i akuzuari Kostiq, ky i fundit e mohon -\" \/>\n<meta property=\"og:description\" content=\"Prishtin\u00eb 9 Mars 2026 13:21 Prishtin\u00eb- N\u00eb Gjykat\u00ebn Themelore n\u00eb Prishtin\u00eb n\u00eb gjykimini ndaj t\u00eb akuzuarve Zoran Kostiq dhe Dragan Miloviq, t\u00eb cil\u00ebt akuzohen p\u00ebr\" \/>\n<meta property=\"og:url\" content=\"https:\/\/veritasinfo.org\/?p=36742\" \/>\n<meta property=\"article:published_time\" content=\"2026-03-09T12:22:18+00:00\" \/>\n<meta property=\"og:image\" content=\"https:\/\/veritasinfo.org\/wp-content\/uploads\/2026\/03\/ac9f19ed-cac9-4cdd-aa43-213456a10c4c-1-750x430-1.jpg\" \/>\n\t<meta property=\"og:image:width\" content=\"750\" \/>\n\t<meta property=\"og:image:height\" content=\"430\" \/>\n\t<meta property=\"og:image:type\" content=\"image\/jpeg\" \/>\n<meta name=\"author\" content=\"US5\" \/>\n<meta name=\"twitter:card\" content=\"summary_large_image\" \/>\n<meta name=\"twitter:label1\" content=\"Written by\" \/>\n\t<meta name=\"twitter:data1\" content=\"US5\" \/>\n<script type=\"application\/ld+json\" class=\"yoast-schema-graph\">{\"@context\":\"https:\/\/schema.org\",\"@graph\":[{\"@type\":\"WebPage\",\"@id\":\"https:\/\/veritasinfo.org\/?p=36742\",\"url\":\"https:\/\/veritasinfo.org\/?p=36742\",\"name\":\"N\u00eb Gjykat\u00eb shfaqen pamje t\u00eb luft\u00ebs ku Prokuroria thot\u00eb se shihet i akuzuari Kostiq, ky i fundit e mohon -\",\"isPartOf\":{\"@id\":\"https:\/\/veritasinfo.org\/#website\"},\"primaryImageOfPage\":{\"@id\":\"https:\/\/veritasinfo.org\/?p=36742#primaryimage\"},\"image\":{\"@id\":\"https:\/\/veritasinfo.org\/?p=36742#primaryimage\"},\"thumbnailUrl\":\"https:\/\/veritasinfo.org\/wp-content\/uploads\/2026\/03\/ac9f19ed-cac9-4cdd-aa43-213456a10c4c-1-750x430-1.jpg\",\"datePublished\":\"2026-03-09T12:22:18+00:00\",\"author\":{\"@id\":\"https:\/\/veritasinfo.org\/#\/schema\/person\/bc442336e35414d04494ab8fb45db4c6\"},\"breadcrumb\":{\"@id\":\"https:\/\/veritasinfo.org\/?p=36742#breadcrumb\"},\"inLanguage\":\"en-US\",\"potentialAction\":[{\"@type\":\"ReadAction\",\"target\":[\"https:\/\/veritasinfo.org\/?p=36742\"]}]},{\"@type\":\"ImageObject\",\"inLanguage\":\"en-US\",\"@id\":\"https:\/\/veritasinfo.org\/?p=36742#primaryimage\",\"url\":\"https:\/\/veritasinfo.org\/wp-content\/uploads\/2026\/03\/ac9f19ed-cac9-4cdd-aa43-213456a10c4c-1-750x430-1.jpg\",\"contentUrl\":\"https:\/\/veritasinfo.org\/wp-content\/uploads\/2026\/03\/ac9f19ed-cac9-4cdd-aa43-213456a10c4c-1-750x430-1.jpg\",\"width\":750,\"height\":430},{\"@type\":\"BreadcrumbList\",\"@id\":\"https:\/\/veritasinfo.org\/?p=36742#breadcrumb\",\"itemListElement\":[{\"@type\":\"ListItem\",\"position\":1,\"name\":\"Home\",\"item\":\"https:\/\/veritasinfo.org\/\"},{\"@type\":\"ListItem\",\"position\":2,\"name\":\"N\u00eb Gjykat\u00eb shfaqen pamje t\u00eb luft\u00ebs ku Prokuroria thot\u00eb se shihet i akuzuari Kostiq, ky i fundit e mohon\"}]},{\"@type\":\"WebSite\",\"@id\":\"https:\/\/veritasinfo.org\/#website\",\"url\":\"https:\/\/veritasinfo.org\/\",\"name\":\"\",\"description\":\"\",\"potentialAction\":[{\"@type\":\"SearchAction\",\"target\":{\"@type\":\"EntryPoint\",\"urlTemplate\":\"https:\/\/veritasinfo.org\/?s={search_term_string}\"},\"query-input\":{\"@type\":\"PropertyValueSpecification\",\"valueRequired\":true,\"valueName\":\"search_term_string\"}}],\"inLanguage\":\"en-US\"},{\"@type\":\"Person\",\"@id\":\"https:\/\/veritasinfo.org\/#\/schema\/person\/bc442336e35414d04494ab8fb45db4c6\",\"name\":\"US5\",\"image\":{\"@type\":\"ImageObject\",\"inLanguage\":\"en-US\",\"@id\":\"https:\/\/veritasinfo.org\/#\/schema\/person\/image\/\",\"url\":\"https:\/\/secure.gravatar.com\/avatar\/16a61e7272a0c5d001121ebb9e60e925d5816e4ac1e443ed3e640d9a6ae55d0c?s=96&d=mm&r=g\",\"contentUrl\":\"https:\/\/secure.gravatar.com\/avatar\/16a61e7272a0c5d001121ebb9e60e925d5816e4ac1e443ed3e640d9a6ae55d0c?s=96&d=mm&r=g\",\"caption\":\"US5\"},\"url\":\"https:\/\/veritasinfo.org\/?author=6\"}]}<\/script>\n<!-- \/ Yoast SEO plugin. -->","yoast_head_json":{"title":"N\u00eb Gjykat\u00eb shfaqen pamje t\u00eb luft\u00ebs ku Prokuroria thot\u00eb se shihet i akuzuari Kostiq, ky i fundit e mohon -","robots":{"index":"index","follow":"follow","max-snippet":"max-snippet:-1","max-image-preview":"max-image-preview:large","max-video-preview":"max-video-preview:-1"},"canonical":"https:\/\/veritasinfo.org\/?p=36742","og_locale":"en_US","og_type":"article","og_title":"N\u00eb Gjykat\u00eb shfaqen pamje t\u00eb luft\u00ebs ku Prokuroria thot\u00eb se shihet i akuzuari Kostiq, ky i fundit e mohon -","og_description":"Prishtin\u00eb 9 Mars 2026 13:21 Prishtin\u00eb- N\u00eb Gjykat\u00ebn Themelore n\u00eb Prishtin\u00eb n\u00eb gjykimini ndaj t\u00eb akuzuarve Zoran Kostiq dhe Dragan Miloviq, t\u00eb cil\u00ebt akuzohen p\u00ebr","og_url":"https:\/\/veritasinfo.org\/?p=36742","article_published_time":"2026-03-09T12:22:18+00:00","og_image":[{"width":750,"height":430,"url":"https:\/\/veritasinfo.org\/wp-content\/uploads\/2026\/03\/ac9f19ed-cac9-4cdd-aa43-213456a10c4c-1-750x430-1.jpg","type":"image\/jpeg"}],"author":"US5","twitter_card":"summary_large_image","twitter_misc":{"Written by":"US5"},"schema":{"@context":"https:\/\/schema.org","@graph":[{"@type":"WebPage","@id":"https:\/\/veritasinfo.org\/?p=36742","url":"https:\/\/veritasinfo.org\/?p=36742","name":"N\u00eb Gjykat\u00eb shfaqen pamje t\u00eb luft\u00ebs ku Prokuroria thot\u00eb se shihet i akuzuari Kostiq, ky i fundit e mohon -","isPartOf":{"@id":"https:\/\/veritasinfo.org\/#website"},"primaryImageOfPage":{"@id":"https:\/\/veritasinfo.org\/?p=36742#primaryimage"},"image":{"@id":"https:\/\/veritasinfo.org\/?p=36742#primaryimage"},"thumbnailUrl":"https:\/\/veritasinfo.org\/wp-content\/uploads\/2026\/03\/ac9f19ed-cac9-4cdd-aa43-213456a10c4c-1-750x430-1.jpg","datePublished":"2026-03-09T12:22:18+00:00","author":{"@id":"https:\/\/veritasinfo.org\/#\/schema\/person\/bc442336e35414d04494ab8fb45db4c6"},"breadcrumb":{"@id":"https:\/\/veritasinfo.org\/?p=36742#breadcrumb"},"inLanguage":"en-US","potentialAction":[{"@type":"ReadAction","target":["https:\/\/veritasinfo.org\/?p=36742"]}]},{"@type":"ImageObject","inLanguage":"en-US","@id":"https:\/\/veritasinfo.org\/?p=36742#primaryimage","url":"https:\/\/veritasinfo.org\/wp-content\/uploads\/2026\/03\/ac9f19ed-cac9-4cdd-aa43-213456a10c4c-1-750x430-1.jpg","contentUrl":"https:\/\/veritasinfo.org\/wp-content\/uploads\/2026\/03\/ac9f19ed-cac9-4cdd-aa43-213456a10c4c-1-750x430-1.jpg","width":750,"height":430},{"@type":"BreadcrumbList","@id":"https:\/\/veritasinfo.org\/?p=36742#breadcrumb","itemListElement":[{"@type":"ListItem","position":1,"name":"Home","item":"https:\/\/veritasinfo.org\/"},{"@type":"ListItem","position":2,"name":"N\u00eb Gjykat\u00eb shfaqen pamje t\u00eb luft\u00ebs ku Prokuroria thot\u00eb se shihet i akuzuari Kostiq, ky i fundit e mohon"}]},{"@type":"WebSite","@id":"https:\/\/veritasinfo.org\/#website","url":"https:\/\/veritasinfo.org\/","name":"","description":"","potentialAction":[{"@type":"SearchAction","target":{"@type":"EntryPoint","urlTemplate":"https:\/\/veritasinfo.org\/?s={search_term_string}"},"query-input":{"@type":"PropertyValueSpecification","valueRequired":true,"valueName":"search_term_string"}}],"inLanguage":"en-US"},{"@type":"Person","@id":"https:\/\/veritasinfo.org\/#\/schema\/person\/bc442336e35414d04494ab8fb45db4c6","name":"US5","image":{"@type":"ImageObject","inLanguage":"en-US","@id":"https:\/\/veritasinfo.org\/#\/schema\/person\/image\/","url":"https:\/\/secure.gravatar.com\/avatar\/16a61e7272a0c5d001121ebb9e60e925d5816e4ac1e443ed3e640d9a6ae55d0c?s=96&d=mm&r=g","contentUrl":"https:\/\/secure.gravatar.com\/avatar\/16a61e7272a0c5d001121ebb9e60e925d5816e4ac1e443ed3e640d9a6ae55d0c?s=96&d=mm&r=g","caption":"US5"},"url":"https:\/\/veritasinfo.org\/?author=6"}]}},"featured_image_urls":{"full":["https:\/\/veritasinfo.org\/wp-content\/uploads\/2026\/03\/ac9f19ed-cac9-4cdd-aa43-213456a10c4c-1-750x430-1.jpg",750,430,false],"thumbnail":["https:\/\/veritasinfo.org\/wp-content\/uploads\/2026\/03\/ac9f19ed-cac9-4cdd-aa43-213456a10c4c-1-750x430-1-150x150.jpg",150,150,true],"medium":["https:\/\/veritasinfo.org\/wp-content\/uploads\/2026\/03\/ac9f19ed-cac9-4cdd-aa43-213456a10c4c-1-750x430-1-300x172.jpg",300,172,true],"medium_large":["https:\/\/veritasinfo.org\/wp-content\/uploads\/2026\/03\/ac9f19ed-cac9-4cdd-aa43-213456a10c4c-1-750x430-1.jpg",640,367,false],"large":["https:\/\/veritasinfo.org\/wp-content\/uploads\/2026\/03\/ac9f19ed-cac9-4cdd-aa43-213456a10c4c-1-750x430-1.jpg",640,367,false],"1536x1536":["https:\/\/veritasinfo.org\/wp-content\/uploads\/2026\/03\/ac9f19ed-cac9-4cdd-aa43-213456a10c4c-1-750x430-1.jpg",750,430,false],"2048x2048":["https:\/\/veritasinfo.org\/wp-content\/uploads\/2026\/03\/ac9f19ed-cac9-4cdd-aa43-213456a10c4c-1-750x430-1.jpg",750,430,false],"kreeti-slider-full":["https:\/\/veritasinfo.org\/wp-content\/uploads\/2026\/03\/ac9f19ed-cac9-4cdd-aa43-213456a10c4c-1-750x430-1.jpg",750,430,false],"kreeti-featured":["https:\/\/veritasinfo.org\/wp-content\/uploads\/2026\/03\/ac9f19ed-cac9-4cdd-aa43-213456a10c4c-1-750x430-1.jpg",750,430,false],"kreeti-medium":["https:\/\/veritasinfo.org\/wp-content\/uploads\/2026\/03\/ac9f19ed-cac9-4cdd-aa43-213456a10c4c-1-750x430-1.jpg",720,413,false],"kreeti-medium-square":["https:\/\/veritasinfo.org\/wp-content\/uploads\/2026\/03\/ac9f19ed-cac9-4cdd-aa43-213456a10c4c-1-750x430-1.jpg",350,201,false]},"author_info":{"info":["US5"]},"category_info":"<a href=\"https:\/\/veritasinfo.org\/?cat=60\" rel=\"category\">Shoq\u00ebrore<\/a>","tag_info":"Shoq\u00ebrore","comment_count":"0","_links":{"self":[{"href":"https:\/\/veritasinfo.org\/index.php?rest_route=\/wp\/v2\/posts\/36742","targetHints":{"allow":["GET"]}}],"collection":[{"href":"https:\/\/veritasinfo.org\/index.php?rest_route=\/wp\/v2\/posts"}],"about":[{"href":"https:\/\/veritasinfo.org\/index.php?rest_route=\/wp\/v2\/types\/post"}],"author":[{"embeddable":true,"href":"https:\/\/veritasinfo.org\/index.php?rest_route=\/wp\/v2\/users\/6"}],"replies":[{"embeddable":true,"href":"https:\/\/veritasinfo.org\/index.php?rest_route=%2Fwp%2Fv2%2Fcomments&post=36742"}],"version-history":[{"count":1,"href":"https:\/\/veritasinfo.org\/index.php?rest_route=\/wp\/v2\/posts\/36742\/revisions"}],"predecessor-version":[{"id":36744,"href":"https:\/\/veritasinfo.org\/index.php?rest_route=\/wp\/v2\/posts\/36742\/revisions\/36744"}],"wp:featuredmedia":[{"embeddable":true,"href":"https:\/\/veritasinfo.org\/index.php?rest_route=\/wp\/v2\/media\/36743"}],"wp:attachment":[{"href":"https:\/\/veritasinfo.org\/index.php?rest_route=%2Fwp%2Fv2%2Fmedia&parent=36742"}],"wp:term":[{"taxonomy":"category","embeddable":true,"href":"https:\/\/veritasinfo.org\/index.php?rest_route=%2Fwp%2Fv2%2Fcategories&post=36742"},{"taxonomy":"post_tag","embeddable":true,"href":"https:\/\/veritasinfo.org\/index.php?rest_route=%2Fwp%2Fv2%2Ftags&post=36742"}],"curies":[{"name":"wp","href":"https:\/\/api.w.org\/{rel}","templated":true}]}}