{"id":36735,"date":"2026-03-09T13:02:16","date_gmt":"2026-03-09T12:02:16","guid":{"rendered":"https:\/\/veritasinfo.org\/?p=36735"},"modified":"2026-03-09T13:02:16","modified_gmt":"2026-03-09T12:02:16","slug":"kqz-per-zgjedhjet-e-reja-do-te-veprojme-ne-perputhje-me-mandatin-kushtetues-dhe-ligjor","status":"publish","type":"post","link":"https:\/\/veritasinfo.org\/?p=36735","title":{"rendered":"KQZ p\u00ebr zgjedhjet e reja: Do t\u00eb veprojm\u00eb n\u00eb p\u00ebrputhje me mandatin kushtetues dhe ligjor"},"content":{"rendered":"<p>Prishtin\u00eb 9 Mars 2026 13:00<\/p>\n<p>Nuk ka kaluar as nj\u00eb muaj q\u00eb nga dita kur Komisioni Qendror i Zgjedhjeve certifikoi rezultatet e zgjedhjeve t\u00eb parakohshme p\u00ebr Kuvendin e Kosov\u00ebs t\u00eb 28 dhjetorit 2025. Megjithat\u00eb, zgjedhje t\u00eb tjera t\u00eb parakohshme mund t\u00eb ndodhin s\u00eb shpejti.<\/p>\n<p>KQZ, q\u00eb p\u00ebrmbylli vitin 2025 me organizimin e dy proceseve zgjedhore parlamentare t\u00eb 9 shkurtit dhe 28 dhjetorit, si dhe dy proceseve zgjedhore p\u00ebr nivelin lokal m\u00eb 12 tetor dhe raundin e dyt\u00eb t\u00eb zgjedhjeve p\u00ebr kryetar\u00eb t\u00eb komunave m\u00eb 9 n\u00ebntor, do t\u2019i duhet s\u00ebrish t\u00eb organizoj\u00eb zgjedhje t\u00eb reja.<\/p>\n<p>Z\u00ebdh\u00ebn\u00ebsi i k\u00ebtij institucioni, Valmir Elezi, ka th\u00ebn\u00eb p\u00ebr Ekonomia Online se nuk komentojn\u00eb zhvillimet politike dhe se q\u00ebndrimi i KQZ-s\u00eb mbetet i nj\u00ebjt\u00eb, si n\u00eb rastet tjera.<\/p>\n<p>Sipas tij, organizimi i nj\u00eb procesi t\u00eb ri zgjedhor brenda nj\u00eb kohe t\u00eb shkurt\u00ebr pas zgjedhjeve t\u00eb fundit p\u00ebrb\u00ebn sfid\u00eb p\u00ebr KQZ-n\u00eb dhe stafin e tij, megjithk\u00ebt\u00eb, ky institucion do t\u00eb veproj\u00eb n\u00eb p\u00ebrputhje me mandatin kushtetues dhe ligjor.<\/p>\n<p>\u201cOrganizimi edhe i nj\u00eb procesi t\u00eb ri dhe t\u00eb parakohsh\u00ebm zgjedhor p\u00ebr Kuvendin e Kosov\u00ebs, vet\u00ebm brenda nj\u00eb kohe t\u00eb shkurt\u00ebr pas p\u00ebrmbylljes s\u00eb zgjedhjeve, gjithashtu t\u00eb parakohshme p\u00ebr Kuvendin e Kosov\u00ebs, p\u00ebrb\u00ebn sfid\u00eb p\u00ebr Komisionin Qendror t\u00eb Zgjedhjeve dhe stafin e tij. Megjithk\u00ebt\u00eb, KQZ, si institucion i p\u00ebrhersh\u00ebm q\u00eb detyr\u00eb kryesore ka organizimin e zgjedhjeve, do t\u00eb veproj\u00eb n\u00eb p\u00ebrputhje me mandatin kushtetues dhe ligjor, si dhe do t\u00eb nd\u00ebrmarr\u00eb t\u00eb gjitha veprimet e nevojshme p\u00ebr mbajtjen e zgjedhjeve t\u00eb reja, kurdo q\u00eb kjo do t\u00eb k\u00ebrkohet\u201d, tha Elezi.<\/p>\n<p>Elezi tha se n\u00ebse do t\u00eb ket\u00eb nj\u00eb proces t\u00eb ri zgjedhor KQZ do t\u00eb diskutoj\u00eb p\u00ebr \u00e7\u00ebshtjet e buxhetit.<\/p>\n<p>\u201cAktualisht Komisioni Qendror i Zgjedhjeve nuk ka diskutuar lidhur me k\u00ebto \u00e7\u00ebshtje, por sigurisht se n\u00ebse do t\u00eb ket\u00eb pra nj\u00eb proces t\u00eb ri zgjedhor at\u00ebher\u00eb KQZ fillimisht n\u00eb forumet e veta do t\u00eb diskutoj\u00eb p\u00ebr \u00e7\u00ebshtjet e buxhetit dhe pastaj do t\u00eb b\u00ebj\u00eb edhe planifikimin e nevojsh\u00ebm i cili si zakonisht i d\u00ebrgohet p\u00ebr miratim Qeveris\u00eb s\u00eb Kosov\u00ebs\u201d, tha ai.<\/p>\n<p>Ai shtoi se n\u00eb rast t\u00eb zgjedhjeve t\u00eb parakohshme, ligji p\u00ebr zgjedhjet e p\u00ebrgjithshme parasheh mund\u00ebsin\u00eb q\u00eb KQZ-ja t\u00eb b\u00ebj\u00eb shkurtimin e afateve kohore p\u00ebr organizimin e tyre.<\/p>\n<p>\u201cN\u00ebse pra do t\u00eb kemi nj\u00eb proces t\u00eb parakohsh\u00ebm zgjedhor, pra ai do t\u00eb organizohej n\u00eb afate t\u00eb shkurtra kohore, ligji p\u00ebr zgjedhjet e p\u00ebrgjithshme parasheh mund\u00ebsin\u00eb q\u00eb Komisioni Qendror i Zgjedhjeve t\u00eb b\u00ebj\u00eb shkurtimin e afateve kohore t\u00eb aktiviteteve t\u00eb ndryshme dhe t\u2019i p\u00ebrshtas\u00eb ato me rrethanat, pra me dit\u00ebt q\u00eb ka n\u00eb dispozicion p\u00ebr organizimin e k\u00ebtij procesi zgjedhor\u201d, tha ai.<\/p>\n<p>M\u00eb 6 mars, presidentja e Kosov\u00ebs, Vjosa Osmani nxori dekretin p\u00ebr t\u00eb shp\u00ebrndar\u00eb legjislatur\u00ebn e 10-t\u00eb pasi deri m\u00eb 5 mars d\u00ebshtoi t\u00eb zgjedh\u00eb presidentin e ri t\u00eb Kosov\u00ebs.<\/p>\n<p>Osmani mori k\u00ebt\u00eb vendim duke u mb\u00ebshtetur n\u00eb nenin 86 t\u00eb Kushtetut\u00ebs s\u00eb Kosov\u00ebs, ku thuhet se \u201czgjedhja e Presidentit t\u00eb Repubik\u00ebs s\u00eb Kosov\u00ebs duhet t\u00eb b\u00ebhet jo m\u00eb von\u00eb se 30 dit\u00eb para p\u00ebrfundimit t\u00eb mandatit t\u00eb Presidentit aktual\u201d.<\/p>\n<p>Aktualisht, \u00e7\u00ebshtja e dekretit t\u00eb nxjerr\u00eb nga presidentja e Kosov\u00ebs, Vjosa Osmani, nga VV-ja \u00ebsht\u00eb paralajm\u00ebruar se do t\u00eb d\u00ebrgohet p\u00ebr shqyrtim n\u00eb Gjykat\u00ebn Kushtetuese, nga ku do t\u00eb k\u00ebrkohet vendosja e mas\u00ebs pezulluese, deri n\u00eb shqyrtimin p\u00ebrfundimtar.<\/p>\n","protected":false},"excerpt":{"rendered":"<p>Prishtin\u00eb 9 Mars 2026 13:00 Nuk ka kaluar as nj\u00eb muaj q\u00eb nga dita kur Komisioni Qendror i Zgjedhjeve certifikoi rezultatet e zgjedhjeve t\u00eb parakohshme<\/p>\n","protected":false},"author":6,"featured_media":36737,"comment_status":"open","ping_status":"open","sticky":false,"template":"","format":"standard","meta":{"footnotes":""},"categories":[8],"tags":[],"class_list":["post-36735","post","type-post","status-publish","format-standard","has-post-thumbnail","hentry","category-blog-sq"],"yoast_head":"<!-- This site is optimized with the Yoast SEO plugin v25.3.1 - https:\/\/yoast.com\/wordpress\/plugins\/seo\/ -->\n<title>KQZ p\u00ebr zgjedhjet e reja: Do t\u00eb veprojm\u00eb n\u00eb p\u00ebrputhje me mandatin kushtetues dhe ligjor -<\/title>\n<meta name=\"robots\" content=\"index, follow, max-snippet:-1, max-image-preview:large, max-video-preview:-1\" \/>\n<link rel=\"canonical\" href=\"https:\/\/veritasinfo.org\/?p=36735\" \/>\n<meta property=\"og:locale\" content=\"en_US\" \/>\n<meta property=\"og:type\" content=\"article\" \/>\n<meta property=\"og:title\" content=\"KQZ p\u00ebr zgjedhjet e reja: Do t\u00eb veprojm\u00eb n\u00eb p\u00ebrputhje me mandatin kushtetues dhe ligjor -\" \/>\n<meta property=\"og:description\" content=\"Prishtin\u00eb 9 Mars 2026 13:00 Nuk ka kaluar as nj\u00eb muaj q\u00eb nga dita kur Komisioni Qendror i Zgjedhjeve certifikoi rezultatet e zgjedhjeve t\u00eb parakohshme\" \/>\n<meta property=\"og:url\" content=\"https:\/\/veritasinfo.org\/?p=36735\" \/>\n<meta property=\"article:published_time\" content=\"2026-03-09T12:02:16+00:00\" \/>\n<meta property=\"og:image\" content=\"https:\/\/veritasinfo.org\/wp-content\/uploads\/2026\/03\/valmir-elezi-1536x864-1.jpg\" \/>\n\t<meta property=\"og:image:width\" content=\"1536\" \/>\n\t<meta property=\"og:image:height\" content=\"864\" \/>\n\t<meta property=\"og:image:type\" content=\"image\/jpeg\" \/>\n<meta name=\"author\" content=\"US5\" \/>\n<meta name=\"twitter:card\" content=\"summary_large_image\" \/>\n<meta name=\"twitter:label1\" content=\"Written by\" \/>\n\t<meta name=\"twitter:data1\" content=\"US5\" \/>\n\t<meta name=\"twitter:label2\" content=\"Est. reading time\" \/>\n\t<meta name=\"twitter:data2\" content=\"1 minute\" \/>\n<script type=\"application\/ld+json\" class=\"yoast-schema-graph\">{\"@context\":\"https:\/\/schema.org\",\"@graph\":[{\"@type\":\"WebPage\",\"@id\":\"https:\/\/veritasinfo.org\/?p=36735\",\"url\":\"https:\/\/veritasinfo.org\/?p=36735\",\"name\":\"KQZ p\u00ebr zgjedhjet e reja: Do t\u00eb veprojm\u00eb n\u00eb p\u00ebrputhje me mandatin kushtetues dhe ligjor -\",\"isPartOf\":{\"@id\":\"https:\/\/veritasinfo.org\/#website\"},\"primaryImageOfPage\":{\"@id\":\"https:\/\/veritasinfo.org\/?p=36735#primaryimage\"},\"image\":{\"@id\":\"https:\/\/veritasinfo.org\/?p=36735#primaryimage\"},\"thumbnailUrl\":\"https:\/\/veritasinfo.org\/wp-content\/uploads\/2026\/03\/valmir-elezi-1536x864-1.jpg\",\"datePublished\":\"2026-03-09T12:02:16+00:00\",\"author\":{\"@id\":\"https:\/\/veritasinfo.org\/#\/schema\/person\/bc442336e35414d04494ab8fb45db4c6\"},\"breadcrumb\":{\"@id\":\"https:\/\/veritasinfo.org\/?p=36735#breadcrumb\"},\"inLanguage\":\"en-US\",\"potentialAction\":[{\"@type\":\"ReadAction\",\"target\":[\"https:\/\/veritasinfo.org\/?p=36735\"]}]},{\"@type\":\"ImageObject\",\"inLanguage\":\"en-US\",\"@id\":\"https:\/\/veritasinfo.org\/?p=36735#primaryimage\",\"url\":\"https:\/\/veritasinfo.org\/wp-content\/uploads\/2026\/03\/valmir-elezi-1536x864-1.jpg\",\"contentUrl\":\"https:\/\/veritasinfo.org\/wp-content\/uploads\/2026\/03\/valmir-elezi-1536x864-1.jpg\",\"width\":1536,\"height\":864},{\"@type\":\"BreadcrumbList\",\"@id\":\"https:\/\/veritasinfo.org\/?p=36735#breadcrumb\",\"itemListElement\":[{\"@type\":\"ListItem\",\"position\":1,\"name\":\"Home\",\"item\":\"https:\/\/veritasinfo.org\/\"},{\"@type\":\"ListItem\",\"position\":2,\"name\":\"KQZ p\u00ebr zgjedhjet e reja: Do t\u00eb veprojm\u00eb n\u00eb p\u00ebrputhje me mandatin kushtetues dhe ligjor\"}]},{\"@type\":\"WebSite\",\"@id\":\"https:\/\/veritasinfo.org\/#website\",\"url\":\"https:\/\/veritasinfo.org\/\",\"name\":\"\",\"description\":\"\",\"potentialAction\":[{\"@type\":\"SearchAction\",\"target\":{\"@type\":\"EntryPoint\",\"urlTemplate\":\"https:\/\/veritasinfo.org\/?s={search_term_string}\"},\"query-input\":{\"@type\":\"PropertyValueSpecification\",\"valueRequired\":true,\"valueName\":\"search_term_string\"}}],\"inLanguage\":\"en-US\"},{\"@type\":\"Person\",\"@id\":\"https:\/\/veritasinfo.org\/#\/schema\/person\/bc442336e35414d04494ab8fb45db4c6\",\"name\":\"US5\",\"image\":{\"@type\":\"ImageObject\",\"inLanguage\":\"en-US\",\"@id\":\"https:\/\/veritasinfo.org\/#\/schema\/person\/image\/\",\"url\":\"https:\/\/secure.gravatar.com\/avatar\/16a61e7272a0c5d001121ebb9e60e925d5816e4ac1e443ed3e640d9a6ae55d0c?s=96&d=mm&r=g\",\"contentUrl\":\"https:\/\/secure.gravatar.com\/avatar\/16a61e7272a0c5d001121ebb9e60e925d5816e4ac1e443ed3e640d9a6ae55d0c?s=96&d=mm&r=g\",\"caption\":\"US5\"},\"url\":\"https:\/\/veritasinfo.org\/?author=6\"}]}<\/script>\n<!-- \/ Yoast SEO plugin. -->","yoast_head_json":{"title":"KQZ p\u00ebr zgjedhjet e reja: Do t\u00eb veprojm\u00eb n\u00eb p\u00ebrputhje me mandatin kushtetues dhe ligjor -","robots":{"index":"index","follow":"follow","max-snippet":"max-snippet:-1","max-image-preview":"max-image-preview:large","max-video-preview":"max-video-preview:-1"},"canonical":"https:\/\/veritasinfo.org\/?p=36735","og_locale":"en_US","og_type":"article","og_title":"KQZ p\u00ebr zgjedhjet e reja: Do t\u00eb veprojm\u00eb n\u00eb p\u00ebrputhje me mandatin kushtetues dhe ligjor -","og_description":"Prishtin\u00eb 9 Mars 2026 13:00 Nuk ka kaluar as nj\u00eb muaj q\u00eb nga dita kur Komisioni Qendror i Zgjedhjeve certifikoi rezultatet e zgjedhjeve t\u00eb parakohshme","og_url":"https:\/\/veritasinfo.org\/?p=36735","article_published_time":"2026-03-09T12:02:16+00:00","og_image":[{"width":1536,"height":864,"url":"https:\/\/veritasinfo.org\/wp-content\/uploads\/2026\/03\/valmir-elezi-1536x864-1.jpg","type":"image\/jpeg"}],"author":"US5","twitter_card":"summary_large_image","twitter_misc":{"Written by":"US5","Est. reading time":"1 minute"},"schema":{"@context":"https:\/\/schema.org","@graph":[{"@type":"WebPage","@id":"https:\/\/veritasinfo.org\/?p=36735","url":"https:\/\/veritasinfo.org\/?p=36735","name":"KQZ p\u00ebr zgjedhjet e reja: Do t\u00eb veprojm\u00eb n\u00eb p\u00ebrputhje me mandatin kushtetues dhe ligjor -","isPartOf":{"@id":"https:\/\/veritasinfo.org\/#website"},"primaryImageOfPage":{"@id":"https:\/\/veritasinfo.org\/?p=36735#primaryimage"},"image":{"@id":"https:\/\/veritasinfo.org\/?p=36735#primaryimage"},"thumbnailUrl":"https:\/\/veritasinfo.org\/wp-content\/uploads\/2026\/03\/valmir-elezi-1536x864-1.jpg","datePublished":"2026-03-09T12:02:16+00:00","author":{"@id":"https:\/\/veritasinfo.org\/#\/schema\/person\/bc442336e35414d04494ab8fb45db4c6"},"breadcrumb":{"@id":"https:\/\/veritasinfo.org\/?p=36735#breadcrumb"},"inLanguage":"en-US","potentialAction":[{"@type":"ReadAction","target":["https:\/\/veritasinfo.org\/?p=36735"]}]},{"@type":"ImageObject","inLanguage":"en-US","@id":"https:\/\/veritasinfo.org\/?p=36735#primaryimage","url":"https:\/\/veritasinfo.org\/wp-content\/uploads\/2026\/03\/valmir-elezi-1536x864-1.jpg","contentUrl":"https:\/\/veritasinfo.org\/wp-content\/uploads\/2026\/03\/valmir-elezi-1536x864-1.jpg","width":1536,"height":864},{"@type":"BreadcrumbList","@id":"https:\/\/veritasinfo.org\/?p=36735#breadcrumb","itemListElement":[{"@type":"ListItem","position":1,"name":"Home","item":"https:\/\/veritasinfo.org\/"},{"@type":"ListItem","position":2,"name":"KQZ p\u00ebr zgjedhjet e reja: Do t\u00eb veprojm\u00eb n\u00eb p\u00ebrputhje me mandatin kushtetues dhe ligjor"}]},{"@type":"WebSite","@id":"https:\/\/veritasinfo.org\/#website","url":"https:\/\/veritasinfo.org\/","name":"","description":"","potentialAction":[{"@type":"SearchAction","target":{"@type":"EntryPoint","urlTemplate":"https:\/\/veritasinfo.org\/?s={search_term_string}"},"query-input":{"@type":"PropertyValueSpecification","valueRequired":true,"valueName":"search_term_string"}}],"inLanguage":"en-US"},{"@type":"Person","@id":"https:\/\/veritasinfo.org\/#\/schema\/person\/bc442336e35414d04494ab8fb45db4c6","name":"US5","image":{"@type":"ImageObject","inLanguage":"en-US","@id":"https:\/\/veritasinfo.org\/#\/schema\/person\/image\/","url":"https:\/\/secure.gravatar.com\/avatar\/16a61e7272a0c5d001121ebb9e60e925d5816e4ac1e443ed3e640d9a6ae55d0c?s=96&d=mm&r=g","contentUrl":"https:\/\/secure.gravatar.com\/avatar\/16a61e7272a0c5d001121ebb9e60e925d5816e4ac1e443ed3e640d9a6ae55d0c?s=96&d=mm&r=g","caption":"US5"},"url":"https:\/\/veritasinfo.org\/?author=6"}]}},"featured_image_urls":{"full":["https:\/\/veritasinfo.org\/wp-content\/uploads\/2026\/03\/valmir-elezi-1536x864-1.jpg",1536,864,false],"thumbnail":["https:\/\/veritasinfo.org\/wp-content\/uploads\/2026\/03\/valmir-elezi-1536x864-1-150x150.jpg",150,150,true],"medium":["https:\/\/veritasinfo.org\/wp-content\/uploads\/2026\/03\/valmir-elezi-1536x864-1-300x169.jpg",300,169,true],"medium_large":["https:\/\/veritasinfo.org\/wp-content\/uploads\/2026\/03\/valmir-elezi-1536x864-1-768x432.jpg",640,360,true],"large":["https:\/\/veritasinfo.org\/wp-content\/uploads\/2026\/03\/valmir-elezi-1536x864-1-1024x576.jpg",640,360,true],"1536x1536":["https:\/\/veritasinfo.org\/wp-content\/uploads\/2026\/03\/valmir-elezi-1536x864-1.jpg",1536,864,false],"2048x2048":["https:\/\/veritasinfo.org\/wp-content\/uploads\/2026\/03\/valmir-elezi-1536x864-1.jpg",1536,864,false],"kreeti-slider-full":["https:\/\/veritasinfo.org\/wp-content\/uploads\/2026\/03\/valmir-elezi-1536x864-1.jpg",1280,720,false],"kreeti-featured":["https:\/\/veritasinfo.org\/wp-content\/uploads\/2026\/03\/valmir-elezi-1536x864-1.jpg",1024,576,false],"kreeti-medium":["https:\/\/veritasinfo.org\/wp-content\/uploads\/2026\/03\/valmir-elezi-1536x864-1.jpg",720,405,false],"kreeti-medium-square":["https:\/\/veritasinfo.org\/wp-content\/uploads\/2026\/03\/valmir-elezi-1536x864-1.jpg",350,197,false]},"author_info":{"info":["US5"]},"category_info":"<a href=\"https:\/\/veritasinfo.org\/?cat=8\" rel=\"category\">Zgjedhjet parlamentare 2025<\/a>","tag_info":"Zgjedhjet parlamentare 2025","comment_count":"0","_links":{"self":[{"href":"https:\/\/veritasinfo.org\/index.php?rest_route=\/wp\/v2\/posts\/36735","targetHints":{"allow":["GET"]}}],"collection":[{"href":"https:\/\/veritasinfo.org\/index.php?rest_route=\/wp\/v2\/posts"}],"about":[{"href":"https:\/\/veritasinfo.org\/index.php?rest_route=\/wp\/v2\/types\/post"}],"author":[{"embeddable":true,"href":"https:\/\/veritasinfo.org\/index.php?rest_route=\/wp\/v2\/users\/6"}],"replies":[{"embeddable":true,"href":"https:\/\/veritasinfo.org\/index.php?rest_route=%2Fwp%2Fv2%2Fcomments&post=36735"}],"version-history":[{"count":2,"href":"https:\/\/veritasinfo.org\/index.php?rest_route=\/wp\/v2\/posts\/36735\/revisions"}],"predecessor-version":[{"id":36738,"href":"https:\/\/veritasinfo.org\/index.php?rest_route=\/wp\/v2\/posts\/36735\/revisions\/36738"}],"wp:featuredmedia":[{"embeddable":true,"href":"https:\/\/veritasinfo.org\/index.php?rest_route=\/wp\/v2\/media\/36737"}],"wp:attachment":[{"href":"https:\/\/veritasinfo.org\/index.php?rest_route=%2Fwp%2Fv2%2Fmedia&parent=36735"}],"wp:term":[{"taxonomy":"category","embeddable":true,"href":"https:\/\/veritasinfo.org\/index.php?rest_route=%2Fwp%2Fv2%2Fcategories&post=36735"},{"taxonomy":"post_tag","embeddable":true,"href":"https:\/\/veritasinfo.org\/index.php?rest_route=%2Fwp%2Fv2%2Ftags&post=36735"}],"curies":[{"name":"wp","href":"https:\/\/api.w.org\/{rel}","templated":true}]}}