{"id":36722,"date":"2026-03-09T12:21:14","date_gmt":"2026-03-09T11:21:14","guid":{"rendered":"https:\/\/veritasinfo.org\/?p=36722"},"modified":"2026-03-09T12:21:14","modified_gmt":"2026-03-09T11:21:14","slug":"deklarata-e-rashiqit-per-manastirin-e-decanit-kurti-jane-dhene-sqarimet","status":"publish","type":"post","link":"https:\/\/veritasinfo.org\/?p=36722","title":{"rendered":"Deklarata e Rashiqit p\u00ebr Manastirin e De\u00e7anit, Kurti: Jan\u00eb dh\u00ebn\u00eb sqarimet"},"content":{"rendered":"<p>Prishtin\u00eb 9 Mars 2026 12:20<\/p>\n<p>Kryeministri i Kosov\u00ebs, Albin Kurti nuk ka komentuar deklarat\u00ebn e ministrit p\u00ebr Komunitete dhe Kthim, Nenad Rashiq dh\u00ebn\u00eb nj\u00eb dit\u00eb m\u00eb par\u00eb. <\/p>\n<p>Rashiq ka deklaruar se kur kryeministri Albin Kurti vendosi t\u2019ia jap Manastirit t\u00eb De\u00e7anit 24 hektar\u00eb, e kishte b\u00ebr\u00eb p\u00ebr \u201chat\u00ebr\u201d t\u00eb tij. Nd\u00ebrsa sot i nj\u00ebjti ka deklaruar se \u00ebsht\u00eb ngat\u00ebrruar kur ka folur p\u00ebr k\u00ebt\u00eb \u00e7\u00ebshtje p\u00ebr radio gorazhdecin, transmeton KosovaPress.<\/p>\n<p>Se Rashiq ishte ngat\u00ebrruar, ka th\u00ebn\u00eb edhe z\u00ebdh\u00ebn\u00ebsi i Qeveris\u00eb s\u00eb Kosov\u00ebs, Arlind Manxhuka.<br \/>\n\u201cAjo \u00e7ka ka ngat\u00ebrruar ministri Nenad Rashiq \u00ebsht\u00eb pranimi i k\u00ebrkes\u00ebs s\u00eb tij p\u00ebr vizit\u00eb t\u00eb Patriarkut Porfirije, p\u00ebr Krishtlindjet ortodokse t\u00eb vitit 2023\u201d, ka shkruar MAnxhuka n\u00eb Facebook.<\/p>\n<p>Lexo po ashtu<br \/>\nE, kryeministri Kurti, duke mos dashur t\u00eb komentoj\u00eb lidhur me k\u00ebt\u00eb \u00e7\u00ebshtje, ka th\u00ebn\u00eb se sqarimet tashm\u00eb i kan\u00eb dh\u00ebn\u00eb ministri dhe z\u00ebdh\u00ebn\u00ebsi i Qeveris\u00eb.<br \/>\n\u201cKa dh\u00ebn\u00eb sqarime z\u00ebdh\u00ebn\u00ebsi i Zyr\u00ebs s\u00eb Kryeministrit, e po ashtu e ka sqaruar edhe vet\u00eb ministri\u201d, tha ai,<\/p>\n","protected":false},"excerpt":{"rendered":"<p>Prishtin\u00eb 9 Mars 2026 12:20 Kryeministri i Kosov\u00ebs, Albin Kurti nuk ka komentuar deklarat\u00ebn e ministrit p\u00ebr Komunitete dhe Kthim, Nenad Rashiq dh\u00ebn\u00eb nj\u00eb dit\u00eb<\/p>\n","protected":false},"author":6,"featured_media":36723,"comment_status":"open","ping_status":"open","sticky":false,"template":"","format":"standard","meta":{"footnotes":""},"categories":[60],"tags":[],"class_list":["post-36722","post","type-post","status-publish","format-standard","has-post-thumbnail","hentry","category-shoqerore-sq"],"yoast_head":"<!-- This site is optimized with the Yoast SEO plugin v25.3.1 - https:\/\/yoast.com\/wordpress\/plugins\/seo\/ -->\n<title>Deklarata e Rashiqit p\u00ebr Manastirin e De\u00e7anit, Kurti: Jan\u00eb dh\u00ebn\u00eb sqarimet -<\/title>\n<meta name=\"robots\" content=\"index, follow, max-snippet:-1, max-image-preview:large, max-video-preview:-1\" \/>\n<link rel=\"canonical\" href=\"https:\/\/veritasinfo.org\/?p=36722\" \/>\n<meta property=\"og:locale\" content=\"en_US\" \/>\n<meta property=\"og:type\" content=\"article\" \/>\n<meta property=\"og:title\" content=\"Deklarata e Rashiqit p\u00ebr Manastirin e De\u00e7anit, Kurti: Jan\u00eb dh\u00ebn\u00eb sqarimet -\" \/>\n<meta property=\"og:description\" content=\"Prishtin\u00eb 9 Mars 2026 12:20 Kryeministri i Kosov\u00ebs, Albin Kurti nuk ka komentuar deklarat\u00ebn e ministrit p\u00ebr Komunitete dhe Kthim, Nenad Rashiq dh\u00ebn\u00eb nj\u00eb dit\u00eb\" \/>\n<meta property=\"og:url\" content=\"https:\/\/veritasinfo.org\/?p=36722\" \/>\n<meta property=\"article:published_time\" content=\"2026-03-09T11:21:14+00:00\" \/>\n<meta property=\"og:image\" content=\"https:\/\/veritasinfo.org\/wp-content\/uploads\/2026\/03\/708995_albin-kurti-1234.webp\" \/>\n\t<meta property=\"og:image:width\" content=\"876\" \/>\n\t<meta property=\"og:image:height\" content=\"554\" \/>\n\t<meta property=\"og:image:type\" content=\"image\/webp\" \/>\n<meta name=\"author\" content=\"US5\" \/>\n<meta name=\"twitter:card\" content=\"summary_large_image\" \/>\n<meta name=\"twitter:label1\" content=\"Written by\" \/>\n\t<meta name=\"twitter:data1\" content=\"US5\" \/>\n\t<meta name=\"twitter:label2\" content=\"Est. reading time\" \/>\n\t<meta name=\"twitter:data2\" content=\"1 minute\" \/>\n<script type=\"application\/ld+json\" class=\"yoast-schema-graph\">{\"@context\":\"https:\/\/schema.org\",\"@graph\":[{\"@type\":\"WebPage\",\"@id\":\"https:\/\/veritasinfo.org\/?p=36722\",\"url\":\"https:\/\/veritasinfo.org\/?p=36722\",\"name\":\"Deklarata e Rashiqit p\u00ebr Manastirin e De\u00e7anit, Kurti: Jan\u00eb dh\u00ebn\u00eb sqarimet -\",\"isPartOf\":{\"@id\":\"https:\/\/veritasinfo.org\/#website\"},\"primaryImageOfPage\":{\"@id\":\"https:\/\/veritasinfo.org\/?p=36722#primaryimage\"},\"image\":{\"@id\":\"https:\/\/veritasinfo.org\/?p=36722#primaryimage\"},\"thumbnailUrl\":\"https:\/\/veritasinfo.org\/wp-content\/uploads\/2026\/03\/708995_albin-kurti-1234.webp\",\"datePublished\":\"2026-03-09T11:21:14+00:00\",\"author\":{\"@id\":\"https:\/\/veritasinfo.org\/#\/schema\/person\/bc442336e35414d04494ab8fb45db4c6\"},\"breadcrumb\":{\"@id\":\"https:\/\/veritasinfo.org\/?p=36722#breadcrumb\"},\"inLanguage\":\"en-US\",\"potentialAction\":[{\"@type\":\"ReadAction\",\"target\":[\"https:\/\/veritasinfo.org\/?p=36722\"]}]},{\"@type\":\"ImageObject\",\"inLanguage\":\"en-US\",\"@id\":\"https:\/\/veritasinfo.org\/?p=36722#primaryimage\",\"url\":\"https:\/\/veritasinfo.org\/wp-content\/uploads\/2026\/03\/708995_albin-kurti-1234.webp\",\"contentUrl\":\"https:\/\/veritasinfo.org\/wp-content\/uploads\/2026\/03\/708995_albin-kurti-1234.webp\",\"width\":876,\"height\":554},{\"@type\":\"BreadcrumbList\",\"@id\":\"https:\/\/veritasinfo.org\/?p=36722#breadcrumb\",\"itemListElement\":[{\"@type\":\"ListItem\",\"position\":1,\"name\":\"Home\",\"item\":\"https:\/\/veritasinfo.org\/\"},{\"@type\":\"ListItem\",\"position\":2,\"name\":\"Deklarata e Rashiqit p\u00ebr Manastirin e De\u00e7anit, Kurti: Jan\u00eb dh\u00ebn\u00eb sqarimet\"}]},{\"@type\":\"WebSite\",\"@id\":\"https:\/\/veritasinfo.org\/#website\",\"url\":\"https:\/\/veritasinfo.org\/\",\"name\":\"\",\"description\":\"\",\"potentialAction\":[{\"@type\":\"SearchAction\",\"target\":{\"@type\":\"EntryPoint\",\"urlTemplate\":\"https:\/\/veritasinfo.org\/?s={search_term_string}\"},\"query-input\":{\"@type\":\"PropertyValueSpecification\",\"valueRequired\":true,\"valueName\":\"search_term_string\"}}],\"inLanguage\":\"en-US\"},{\"@type\":\"Person\",\"@id\":\"https:\/\/veritasinfo.org\/#\/schema\/person\/bc442336e35414d04494ab8fb45db4c6\",\"name\":\"US5\",\"image\":{\"@type\":\"ImageObject\",\"inLanguage\":\"en-US\",\"@id\":\"https:\/\/veritasinfo.org\/#\/schema\/person\/image\/\",\"url\":\"https:\/\/secure.gravatar.com\/avatar\/16a61e7272a0c5d001121ebb9e60e925d5816e4ac1e443ed3e640d9a6ae55d0c?s=96&d=mm&r=g\",\"contentUrl\":\"https:\/\/secure.gravatar.com\/avatar\/16a61e7272a0c5d001121ebb9e60e925d5816e4ac1e443ed3e640d9a6ae55d0c?s=96&d=mm&r=g\",\"caption\":\"US5\"},\"url\":\"https:\/\/veritasinfo.org\/?author=6\"}]}<\/script>\n<!-- \/ Yoast SEO plugin. -->","yoast_head_json":{"title":"Deklarata e Rashiqit p\u00ebr Manastirin e De\u00e7anit, Kurti: Jan\u00eb dh\u00ebn\u00eb sqarimet -","robots":{"index":"index","follow":"follow","max-snippet":"max-snippet:-1","max-image-preview":"max-image-preview:large","max-video-preview":"max-video-preview:-1"},"canonical":"https:\/\/veritasinfo.org\/?p=36722","og_locale":"en_US","og_type":"article","og_title":"Deklarata e Rashiqit p\u00ebr Manastirin e De\u00e7anit, Kurti: Jan\u00eb dh\u00ebn\u00eb sqarimet -","og_description":"Prishtin\u00eb 9 Mars 2026 12:20 Kryeministri i Kosov\u00ebs, Albin Kurti nuk ka komentuar deklarat\u00ebn e ministrit p\u00ebr Komunitete dhe Kthim, Nenad Rashiq dh\u00ebn\u00eb nj\u00eb dit\u00eb","og_url":"https:\/\/veritasinfo.org\/?p=36722","article_published_time":"2026-03-09T11:21:14+00:00","og_image":[{"width":876,"height":554,"url":"https:\/\/veritasinfo.org\/wp-content\/uploads\/2026\/03\/708995_albin-kurti-1234.webp","type":"image\/webp"}],"author":"US5","twitter_card":"summary_large_image","twitter_misc":{"Written by":"US5","Est. reading time":"1 minute"},"schema":{"@context":"https:\/\/schema.org","@graph":[{"@type":"WebPage","@id":"https:\/\/veritasinfo.org\/?p=36722","url":"https:\/\/veritasinfo.org\/?p=36722","name":"Deklarata e Rashiqit p\u00ebr Manastirin e De\u00e7anit, Kurti: Jan\u00eb dh\u00ebn\u00eb sqarimet -","isPartOf":{"@id":"https:\/\/veritasinfo.org\/#website"},"primaryImageOfPage":{"@id":"https:\/\/veritasinfo.org\/?p=36722#primaryimage"},"image":{"@id":"https:\/\/veritasinfo.org\/?p=36722#primaryimage"},"thumbnailUrl":"https:\/\/veritasinfo.org\/wp-content\/uploads\/2026\/03\/708995_albin-kurti-1234.webp","datePublished":"2026-03-09T11:21:14+00:00","author":{"@id":"https:\/\/veritasinfo.org\/#\/schema\/person\/bc442336e35414d04494ab8fb45db4c6"},"breadcrumb":{"@id":"https:\/\/veritasinfo.org\/?p=36722#breadcrumb"},"inLanguage":"en-US","potentialAction":[{"@type":"ReadAction","target":["https:\/\/veritasinfo.org\/?p=36722"]}]},{"@type":"ImageObject","inLanguage":"en-US","@id":"https:\/\/veritasinfo.org\/?p=36722#primaryimage","url":"https:\/\/veritasinfo.org\/wp-content\/uploads\/2026\/03\/708995_albin-kurti-1234.webp","contentUrl":"https:\/\/veritasinfo.org\/wp-content\/uploads\/2026\/03\/708995_albin-kurti-1234.webp","width":876,"height":554},{"@type":"BreadcrumbList","@id":"https:\/\/veritasinfo.org\/?p=36722#breadcrumb","itemListElement":[{"@type":"ListItem","position":1,"name":"Home","item":"https:\/\/veritasinfo.org\/"},{"@type":"ListItem","position":2,"name":"Deklarata e Rashiqit p\u00ebr Manastirin e De\u00e7anit, Kurti: Jan\u00eb dh\u00ebn\u00eb sqarimet"}]},{"@type":"WebSite","@id":"https:\/\/veritasinfo.org\/#website","url":"https:\/\/veritasinfo.org\/","name":"","description":"","potentialAction":[{"@type":"SearchAction","target":{"@type":"EntryPoint","urlTemplate":"https:\/\/veritasinfo.org\/?s={search_term_string}"},"query-input":{"@type":"PropertyValueSpecification","valueRequired":true,"valueName":"search_term_string"}}],"inLanguage":"en-US"},{"@type":"Person","@id":"https:\/\/veritasinfo.org\/#\/schema\/person\/bc442336e35414d04494ab8fb45db4c6","name":"US5","image":{"@type":"ImageObject","inLanguage":"en-US","@id":"https:\/\/veritasinfo.org\/#\/schema\/person\/image\/","url":"https:\/\/secure.gravatar.com\/avatar\/16a61e7272a0c5d001121ebb9e60e925d5816e4ac1e443ed3e640d9a6ae55d0c?s=96&d=mm&r=g","contentUrl":"https:\/\/secure.gravatar.com\/avatar\/16a61e7272a0c5d001121ebb9e60e925d5816e4ac1e443ed3e640d9a6ae55d0c?s=96&d=mm&r=g","caption":"US5"},"url":"https:\/\/veritasinfo.org\/?author=6"}]}},"featured_image_urls":{"full":["https:\/\/veritasinfo.org\/wp-content\/uploads\/2026\/03\/708995_albin-kurti-1234.webp",876,554,false],"thumbnail":["https:\/\/veritasinfo.org\/wp-content\/uploads\/2026\/03\/708995_albin-kurti-1234-150x150.webp",150,150,true],"medium":["https:\/\/veritasinfo.org\/wp-content\/uploads\/2026\/03\/708995_albin-kurti-1234-300x190.webp",300,190,true],"medium_large":["https:\/\/veritasinfo.org\/wp-content\/uploads\/2026\/03\/708995_albin-kurti-1234-768x486.webp",640,405,true],"large":["https:\/\/veritasinfo.org\/wp-content\/uploads\/2026\/03\/708995_albin-kurti-1234.webp",640,405,false],"1536x1536":["https:\/\/veritasinfo.org\/wp-content\/uploads\/2026\/03\/708995_albin-kurti-1234.webp",876,554,false],"2048x2048":["https:\/\/veritasinfo.org\/wp-content\/uploads\/2026\/03\/708995_albin-kurti-1234.webp",876,554,false],"kreeti-slider-full":["https:\/\/veritasinfo.org\/wp-content\/uploads\/2026\/03\/708995_albin-kurti-1234.webp",876,554,false],"kreeti-featured":["https:\/\/veritasinfo.org\/wp-content\/uploads\/2026\/03\/708995_albin-kurti-1234.webp",876,554,false],"kreeti-medium":["https:\/\/veritasinfo.org\/wp-content\/uploads\/2026\/03\/708995_albin-kurti-1234.webp",720,455,false],"kreeti-medium-square":["https:\/\/veritasinfo.org\/wp-content\/uploads\/2026\/03\/708995_albin-kurti-1234.webp",350,221,false]},"author_info":{"info":["US5"]},"category_info":"<a href=\"https:\/\/veritasinfo.org\/?cat=60\" rel=\"category\">Shoq\u00ebrore<\/a>","tag_info":"Shoq\u00ebrore","comment_count":"0","_links":{"self":[{"href":"https:\/\/veritasinfo.org\/index.php?rest_route=\/wp\/v2\/posts\/36722","targetHints":{"allow":["GET"]}}],"collection":[{"href":"https:\/\/veritasinfo.org\/index.php?rest_route=\/wp\/v2\/posts"}],"about":[{"href":"https:\/\/veritasinfo.org\/index.php?rest_route=\/wp\/v2\/types\/post"}],"author":[{"embeddable":true,"href":"https:\/\/veritasinfo.org\/index.php?rest_route=\/wp\/v2\/users\/6"}],"replies":[{"embeddable":true,"href":"https:\/\/veritasinfo.org\/index.php?rest_route=%2Fwp%2Fv2%2Fcomments&post=36722"}],"version-history":[{"count":2,"href":"https:\/\/veritasinfo.org\/index.php?rest_route=\/wp\/v2\/posts\/36722\/revisions"}],"predecessor-version":[{"id":36725,"href":"https:\/\/veritasinfo.org\/index.php?rest_route=\/wp\/v2\/posts\/36722\/revisions\/36725"}],"wp:featuredmedia":[{"embeddable":true,"href":"https:\/\/veritasinfo.org\/index.php?rest_route=\/wp\/v2\/media\/36723"}],"wp:attachment":[{"href":"https:\/\/veritasinfo.org\/index.php?rest_route=%2Fwp%2Fv2%2Fmedia&parent=36722"}],"wp:term":[{"taxonomy":"category","embeddable":true,"href":"https:\/\/veritasinfo.org\/index.php?rest_route=%2Fwp%2Fv2%2Fcategories&post=36722"},{"taxonomy":"post_tag","embeddable":true,"href":"https:\/\/veritasinfo.org\/index.php?rest_route=%2Fwp%2Fv2%2Ftags&post=36722"}],"curies":[{"name":"wp","href":"https:\/\/api.w.org\/{rel}","templated":true}]}}