{"id":36699,"date":"2026-03-09T11:30:43","date_gmt":"2026-03-09T10:30:43","guid":{"rendered":"https:\/\/veritasinfo.org\/?p=36699"},"modified":"2026-03-09T11:30:43","modified_gmt":"2026-03-09T10:30:43","slug":"haxhiu-te-drejtat-e-grave-standard-i-shoqerise-per-demokracine","status":"publish","type":"post","link":"https:\/\/veritasinfo.org\/?p=36699","title":{"rendered":"Haxhiu: T\u00eb drejtat e grave \u2013 standard i shoq\u00ebris\u00eb p\u00ebr demokracin\u00eb"},"content":{"rendered":"<p>Prishtin\u00eb 9 Mars 2026 11:29<\/p>\n<p>Kryetarja e Kuvendit t\u00eb Kosov\u00ebs, Albulena Haxhiu tha se t\u00eb drejtat e grave jan\u00eb standardi dhe pasqyra e nj\u00eb shoq\u00ebrie p\u00ebr lirin\u00eb dhe demokracin\u00eb e vendit.<\/p>\n<p>\u201cT\u00eb drejtat e grave nuk jan\u00eb vet\u00ebm \u00e7\u00ebshtje e grave, por standard p\u00ebr m\u00ebnyr\u00ebn se si nj\u00eb shoq\u00ebrin\u00eb e kupton lirin\u00eb por edhe demokracin\u00eb e saj. M\u00ebnyra se si nj\u00eb vend i trajton grat\u00eb dhe vajzate saj \u00ebsht\u00eb pasqyra m\u00eb e ndershme e atij vendi\u201d, tha ajo, n\u00eb sh\u00ebnimin e Dit\u00ebs s\u00eb Gruas nga Agjencia p\u00ebr Barazi Gjinore me tem\u00eb \u201cT\u00eb drejta, drejt\u00ebsi, veprim\u201d.<\/p>\n<p>Ajo tha se pavar\u00ebsisht p\u00ebrparimit ligjor n\u00eb mbrojtje t\u00eb t\u00eb drejtave t\u00eb grave n\u00eb vend, ka shum\u00eb gra t\u00eb cilat p\u00ebrballen me dhun\u00eb n\u00eb familje, pabarazi ekonomike dhe barriera n\u00eb vendimmarrje e n\u00eb tregun e pun\u00ebs.<\/p>\n<p>\u201cSi kryetare e Kuvendit t\u00eb Republik\u00ebs s\u00eb Kosov\u00ebs zotohem se do t\u2019i fuqizojm\u00eb mekanizmat e mbik\u00ebqyrjes parlamentare dhe do t\u2019ua kujtojm\u00eb institucioneve p\u00ebrkat\u00ebse p\u00ebrgjegj\u00ebsin\u00eb q\u00eb kan\u00eb n\u00eb zbatimin e ligjeve, sepse n\u00eb fund t\u00eb fundit q\u00ebllimi i gjith\u00eb k\u00ebtij angazhimi \u00ebsht\u00eb q\u00eb progresi p\u00ebr t\u00eb cilin flasim t\u00eb b\u00ebhet i duksh\u00ebm, i preksh\u00ebm p\u00ebr vajzat dhe grat\u00eb e k\u00ebtij vendi. Shpesh e kam menduar edhe n\u00eb t\u00eb kaluar\u00ebn, gjat\u00eb koh\u00ebs sa kam qen\u00eb Ministre e Drejt\u00ebsis\u00eb, por edhe sot si Kryetare e Kuvendit, se si duket n\u00eb praktik\u00eb progresi p\u00ebr t\u00eb cilin flasim apo flasim kaq shpesh. Ligjet, po, jan\u00eb t\u00eb r\u00ebnd\u00ebsishme. Politikat jan\u00eb t\u00eb domosdoshme. Por ndryshimi duhet t\u00eb ndihet n\u00eb jet\u00ebn e p\u00ebrditshme. Ndonj\u00ebher\u00eb ky ndryshim shfaqet n\u00eb m\u00ebnyr\u00eb shum\u00eb konkrete p\u00ebr shembull si\u00e7 e kemi par\u00eb n\u00eb zgjedhjet parlamentare t\u00eb vitit 2021, ku pjesa m\u00eb e madhe e deputeteve gra jan\u00eb zgjedhur pa u mb\u00ebshtetur n\u00eb kuot\u00ebn gjinore\u201d, tha ajo.<\/p>\n<p>Ajo ka th\u00ebn\u00eb se \u00e7do e drejt\u00eb e gruas q\u00eb sot duket e natyrshme ka ardhur si pasoj\u00eb e nj\u00eb rezistence t\u00eb gjat\u00eb t\u00eb paraardh\u00ebseve t\u00eb grave, t\u00eb cilat kan\u00eb ngritur z\u00ebrin e tyre p\u00ebr t\u2019i k\u00ebrkuar ato.<\/p>\n<p>\u201cHistoria e grave shqiptare \u00ebsht\u00eb edhe histori e p\u00ebrpjekjeve p\u00ebr emancipim dhe arsimim\u201d, tha ajo p\u00ebr t\u2019i p\u00ebrmendur dhjet\u00ebra gra, kontributi i s\u00eb cilave u shtri n\u00eb \u00e7lirim vendi, luftim analfabetizmi, arsimim brezash e mbijetes\u00eb n\u00eb periudh\u00ebn e pas luft\u00ebs.<\/p>\n","protected":false},"excerpt":{"rendered":"<p>Prishtin\u00eb 9 Mars 2026 11:29 Kryetarja e Kuvendit t\u00eb Kosov\u00ebs, Albulena Haxhiu tha se t\u00eb drejtat e grave jan\u00eb standardi dhe pasqyra e nj\u00eb shoq\u00ebrie<\/p>\n","protected":false},"author":6,"featured_media":36701,"comment_status":"open","ping_status":"open","sticky":false,"template":"","format":"standard","meta":{"footnotes":""},"categories":[60],"tags":[],"class_list":["post-36699","post","type-post","status-publish","format-standard","has-post-thumbnail","hentry","category-shoqerore-sq"],"yoast_head":"<!-- This site is optimized with the Yoast SEO plugin v25.3.1 - https:\/\/yoast.com\/wordpress\/plugins\/seo\/ -->\n<title>Haxhiu: T\u00eb drejtat e grave \u2013 standard i shoq\u00ebris\u00eb p\u00ebr demokracin\u00eb -<\/title>\n<meta name=\"robots\" content=\"index, follow, max-snippet:-1, max-image-preview:large, max-video-preview:-1\" \/>\n<link rel=\"canonical\" href=\"https:\/\/veritasinfo.org\/?p=36699\" \/>\n<meta property=\"og:locale\" content=\"en_US\" \/>\n<meta property=\"og:type\" content=\"article\" \/>\n<meta property=\"og:title\" content=\"Haxhiu: T\u00eb drejtat e grave \u2013 standard i shoq\u00ebris\u00eb p\u00ebr demokracin\u00eb -\" \/>\n<meta property=\"og:description\" content=\"Prishtin\u00eb 9 Mars 2026 11:29 Kryetarja e Kuvendit t\u00eb Kosov\u00ebs, Albulena Haxhiu tha se t\u00eb drejtat e grave jan\u00eb standardi dhe pasqyra e nj\u00eb shoq\u00ebrie\" \/>\n<meta property=\"og:url\" content=\"https:\/\/veritasinfo.org\/?p=36699\" \/>\n<meta property=\"article:published_time\" content=\"2026-03-09T10:30:43+00:00\" \/>\n<meta property=\"og:image\" content=\"https:\/\/veritasinfo.org\/wp-content\/uploads\/2026\/03\/IMG_20260309_113001.jpg\" \/>\n\t<meta property=\"og:image:width\" content=\"639\" \/>\n\t<meta property=\"og:image:height\" content=\"499\" \/>\n\t<meta property=\"og:image:type\" content=\"image\/jpeg\" \/>\n<meta name=\"author\" content=\"US5\" \/>\n<meta name=\"twitter:card\" content=\"summary_large_image\" \/>\n<meta name=\"twitter:label1\" content=\"Written by\" \/>\n\t<meta name=\"twitter:data1\" content=\"US5\" \/>\n\t<meta name=\"twitter:label2\" content=\"Est. reading time\" \/>\n\t<meta name=\"twitter:data2\" content=\"1 minute\" \/>\n<script type=\"application\/ld+json\" class=\"yoast-schema-graph\">{\"@context\":\"https:\/\/schema.org\",\"@graph\":[{\"@type\":\"WebPage\",\"@id\":\"https:\/\/veritasinfo.org\/?p=36699\",\"url\":\"https:\/\/veritasinfo.org\/?p=36699\",\"name\":\"Haxhiu: T\u00eb drejtat e grave \u2013 standard i shoq\u00ebris\u00eb p\u00ebr demokracin\u00eb -\",\"isPartOf\":{\"@id\":\"https:\/\/veritasinfo.org\/#website\"},\"primaryImageOfPage\":{\"@id\":\"https:\/\/veritasinfo.org\/?p=36699#primaryimage\"},\"image\":{\"@id\":\"https:\/\/veritasinfo.org\/?p=36699#primaryimage\"},\"thumbnailUrl\":\"https:\/\/veritasinfo.org\/wp-content\/uploads\/2026\/03\/IMG_20260309_113001.jpg\",\"datePublished\":\"2026-03-09T10:30:43+00:00\",\"author\":{\"@id\":\"https:\/\/veritasinfo.org\/#\/schema\/person\/bc442336e35414d04494ab8fb45db4c6\"},\"breadcrumb\":{\"@id\":\"https:\/\/veritasinfo.org\/?p=36699#breadcrumb\"},\"inLanguage\":\"en-US\",\"potentialAction\":[{\"@type\":\"ReadAction\",\"target\":[\"https:\/\/veritasinfo.org\/?p=36699\"]}]},{\"@type\":\"ImageObject\",\"inLanguage\":\"en-US\",\"@id\":\"https:\/\/veritasinfo.org\/?p=36699#primaryimage\",\"url\":\"https:\/\/veritasinfo.org\/wp-content\/uploads\/2026\/03\/IMG_20260309_113001.jpg\",\"contentUrl\":\"https:\/\/veritasinfo.org\/wp-content\/uploads\/2026\/03\/IMG_20260309_113001.jpg\",\"width\":639,\"height\":499},{\"@type\":\"BreadcrumbList\",\"@id\":\"https:\/\/veritasinfo.org\/?p=36699#breadcrumb\",\"itemListElement\":[{\"@type\":\"ListItem\",\"position\":1,\"name\":\"Home\",\"item\":\"https:\/\/veritasinfo.org\/\"},{\"@type\":\"ListItem\",\"position\":2,\"name\":\"Haxhiu: T\u00eb drejtat e grave \u2013 standard i shoq\u00ebris\u00eb p\u00ebr demokracin\u00eb\"}]},{\"@type\":\"WebSite\",\"@id\":\"https:\/\/veritasinfo.org\/#website\",\"url\":\"https:\/\/veritasinfo.org\/\",\"name\":\"\",\"description\":\"\",\"potentialAction\":[{\"@type\":\"SearchAction\",\"target\":{\"@type\":\"EntryPoint\",\"urlTemplate\":\"https:\/\/veritasinfo.org\/?s={search_term_string}\"},\"query-input\":{\"@type\":\"PropertyValueSpecification\",\"valueRequired\":true,\"valueName\":\"search_term_string\"}}],\"inLanguage\":\"en-US\"},{\"@type\":\"Person\",\"@id\":\"https:\/\/veritasinfo.org\/#\/schema\/person\/bc442336e35414d04494ab8fb45db4c6\",\"name\":\"US5\",\"image\":{\"@type\":\"ImageObject\",\"inLanguage\":\"en-US\",\"@id\":\"https:\/\/veritasinfo.org\/#\/schema\/person\/image\/\",\"url\":\"https:\/\/secure.gravatar.com\/avatar\/16a61e7272a0c5d001121ebb9e60e925d5816e4ac1e443ed3e640d9a6ae55d0c?s=96&d=mm&r=g\",\"contentUrl\":\"https:\/\/secure.gravatar.com\/avatar\/16a61e7272a0c5d001121ebb9e60e925d5816e4ac1e443ed3e640d9a6ae55d0c?s=96&d=mm&r=g\",\"caption\":\"US5\"},\"url\":\"https:\/\/veritasinfo.org\/?author=6\"}]}<\/script>\n<!-- \/ Yoast SEO plugin. -->","yoast_head_json":{"title":"Haxhiu: T\u00eb drejtat e grave \u2013 standard i shoq\u00ebris\u00eb p\u00ebr demokracin\u00eb -","robots":{"index":"index","follow":"follow","max-snippet":"max-snippet:-1","max-image-preview":"max-image-preview:large","max-video-preview":"max-video-preview:-1"},"canonical":"https:\/\/veritasinfo.org\/?p=36699","og_locale":"en_US","og_type":"article","og_title":"Haxhiu: T\u00eb drejtat e grave \u2013 standard i shoq\u00ebris\u00eb p\u00ebr demokracin\u00eb -","og_description":"Prishtin\u00eb 9 Mars 2026 11:29 Kryetarja e Kuvendit t\u00eb Kosov\u00ebs, Albulena Haxhiu tha se t\u00eb drejtat e grave jan\u00eb standardi dhe pasqyra e nj\u00eb shoq\u00ebrie","og_url":"https:\/\/veritasinfo.org\/?p=36699","article_published_time":"2026-03-09T10:30:43+00:00","og_image":[{"width":639,"height":499,"url":"https:\/\/veritasinfo.org\/wp-content\/uploads\/2026\/03\/IMG_20260309_113001.jpg","type":"image\/jpeg"}],"author":"US5","twitter_card":"summary_large_image","twitter_misc":{"Written by":"US5","Est. reading time":"1 minute"},"schema":{"@context":"https:\/\/schema.org","@graph":[{"@type":"WebPage","@id":"https:\/\/veritasinfo.org\/?p=36699","url":"https:\/\/veritasinfo.org\/?p=36699","name":"Haxhiu: T\u00eb drejtat e grave \u2013 standard i shoq\u00ebris\u00eb p\u00ebr demokracin\u00eb -","isPartOf":{"@id":"https:\/\/veritasinfo.org\/#website"},"primaryImageOfPage":{"@id":"https:\/\/veritasinfo.org\/?p=36699#primaryimage"},"image":{"@id":"https:\/\/veritasinfo.org\/?p=36699#primaryimage"},"thumbnailUrl":"https:\/\/veritasinfo.org\/wp-content\/uploads\/2026\/03\/IMG_20260309_113001.jpg","datePublished":"2026-03-09T10:30:43+00:00","author":{"@id":"https:\/\/veritasinfo.org\/#\/schema\/person\/bc442336e35414d04494ab8fb45db4c6"},"breadcrumb":{"@id":"https:\/\/veritasinfo.org\/?p=36699#breadcrumb"},"inLanguage":"en-US","potentialAction":[{"@type":"ReadAction","target":["https:\/\/veritasinfo.org\/?p=36699"]}]},{"@type":"ImageObject","inLanguage":"en-US","@id":"https:\/\/veritasinfo.org\/?p=36699#primaryimage","url":"https:\/\/veritasinfo.org\/wp-content\/uploads\/2026\/03\/IMG_20260309_113001.jpg","contentUrl":"https:\/\/veritasinfo.org\/wp-content\/uploads\/2026\/03\/IMG_20260309_113001.jpg","width":639,"height":499},{"@type":"BreadcrumbList","@id":"https:\/\/veritasinfo.org\/?p=36699#breadcrumb","itemListElement":[{"@type":"ListItem","position":1,"name":"Home","item":"https:\/\/veritasinfo.org\/"},{"@type":"ListItem","position":2,"name":"Haxhiu: T\u00eb drejtat e grave \u2013 standard i shoq\u00ebris\u00eb p\u00ebr demokracin\u00eb"}]},{"@type":"WebSite","@id":"https:\/\/veritasinfo.org\/#website","url":"https:\/\/veritasinfo.org\/","name":"","description":"","potentialAction":[{"@type":"SearchAction","target":{"@type":"EntryPoint","urlTemplate":"https:\/\/veritasinfo.org\/?s={search_term_string}"},"query-input":{"@type":"PropertyValueSpecification","valueRequired":true,"valueName":"search_term_string"}}],"inLanguage":"en-US"},{"@type":"Person","@id":"https:\/\/veritasinfo.org\/#\/schema\/person\/bc442336e35414d04494ab8fb45db4c6","name":"US5","image":{"@type":"ImageObject","inLanguage":"en-US","@id":"https:\/\/veritasinfo.org\/#\/schema\/person\/image\/","url":"https:\/\/secure.gravatar.com\/avatar\/16a61e7272a0c5d001121ebb9e60e925d5816e4ac1e443ed3e640d9a6ae55d0c?s=96&d=mm&r=g","contentUrl":"https:\/\/secure.gravatar.com\/avatar\/16a61e7272a0c5d001121ebb9e60e925d5816e4ac1e443ed3e640d9a6ae55d0c?s=96&d=mm&r=g","caption":"US5"},"url":"https:\/\/veritasinfo.org\/?author=6"}]}},"featured_image_urls":{"full":["https:\/\/veritasinfo.org\/wp-content\/uploads\/2026\/03\/IMG_20260309_113001.jpg",639,499,false],"thumbnail":["https:\/\/veritasinfo.org\/wp-content\/uploads\/2026\/03\/IMG_20260309_113001-150x150.jpg",150,150,true],"medium":["https:\/\/veritasinfo.org\/wp-content\/uploads\/2026\/03\/IMG_20260309_113001-300x234.jpg",300,234,true],"medium_large":["https:\/\/veritasinfo.org\/wp-content\/uploads\/2026\/03\/IMG_20260309_113001.jpg",639,499,false],"large":["https:\/\/veritasinfo.org\/wp-content\/uploads\/2026\/03\/IMG_20260309_113001.jpg",639,499,false],"1536x1536":["https:\/\/veritasinfo.org\/wp-content\/uploads\/2026\/03\/IMG_20260309_113001.jpg",639,499,false],"2048x2048":["https:\/\/veritasinfo.org\/wp-content\/uploads\/2026\/03\/IMG_20260309_113001.jpg",639,499,false],"kreeti-slider-full":["https:\/\/veritasinfo.org\/wp-content\/uploads\/2026\/03\/IMG_20260309_113001.jpg",639,499,false],"kreeti-featured":["https:\/\/veritasinfo.org\/wp-content\/uploads\/2026\/03\/IMG_20260309_113001.jpg",639,499,false],"kreeti-medium":["https:\/\/veritasinfo.org\/wp-content\/uploads\/2026\/03\/IMG_20260309_113001.jpg",639,499,false],"kreeti-medium-square":["https:\/\/veritasinfo.org\/wp-content\/uploads\/2026\/03\/IMG_20260309_113001.jpg",350,273,false]},"author_info":{"info":["US5"]},"category_info":"<a href=\"https:\/\/veritasinfo.org\/?cat=60\" rel=\"category\">Shoq\u00ebrore<\/a>","tag_info":"Shoq\u00ebrore","comment_count":"0","_links":{"self":[{"href":"https:\/\/veritasinfo.org\/index.php?rest_route=\/wp\/v2\/posts\/36699","targetHints":{"allow":["GET"]}}],"collection":[{"href":"https:\/\/veritasinfo.org\/index.php?rest_route=\/wp\/v2\/posts"}],"about":[{"href":"https:\/\/veritasinfo.org\/index.php?rest_route=\/wp\/v2\/types\/post"}],"author":[{"embeddable":true,"href":"https:\/\/veritasinfo.org\/index.php?rest_route=\/wp\/v2\/users\/6"}],"replies":[{"embeddable":true,"href":"https:\/\/veritasinfo.org\/index.php?rest_route=%2Fwp%2Fv2%2Fcomments&post=36699"}],"version-history":[{"count":2,"href":"https:\/\/veritasinfo.org\/index.php?rest_route=\/wp\/v2\/posts\/36699\/revisions"}],"predecessor-version":[{"id":36702,"href":"https:\/\/veritasinfo.org\/index.php?rest_route=\/wp\/v2\/posts\/36699\/revisions\/36702"}],"wp:featuredmedia":[{"embeddable":true,"href":"https:\/\/veritasinfo.org\/index.php?rest_route=\/wp\/v2\/media\/36701"}],"wp:attachment":[{"href":"https:\/\/veritasinfo.org\/index.php?rest_route=%2Fwp%2Fv2%2Fmedia&parent=36699"}],"wp:term":[{"taxonomy":"category","embeddable":true,"href":"https:\/\/veritasinfo.org\/index.php?rest_route=%2Fwp%2Fv2%2Fcategories&post=36699"},{"taxonomy":"post_tag","embeddable":true,"href":"https:\/\/veritasinfo.org\/index.php?rest_route=%2Fwp%2Fv2%2Ftags&post=36699"}],"curies":[{"name":"wp","href":"https:\/\/api.w.org\/{rel}","templated":true}]}}