{"id":36686,"date":"2026-03-09T09:54:28","date_gmt":"2026-03-09T08:54:28","guid":{"rendered":"https:\/\/veritasinfo.org\/?p=36686"},"modified":"2026-03-09T09:54:28","modified_gmt":"2026-03-09T08:54:28","slug":"rashiq-thote-se-ka-gabuar-me-deklaraten-per-manastirin-e-decanit","status":"publish","type":"post","link":"https:\/\/veritasinfo.org\/?p=36686","title":{"rendered":"Rashiq thot\u00eb se ka gabuar me deklarat\u00ebn p\u00ebr Manastirin e De\u00e7anit"},"content":{"rendered":"<p>Prishtin\u00eb 9 Mars 2026 9:53<\/p>\n<p>Ministri n\u00eb detyr\u00eb p\u00ebr Komunitete dhe Kthim, Nenad Rashiq ka deklaruar se ka b\u00ebr\u00eb ngat\u00ebrres\u00eb kur ka th\u00ebn\u00eb se Albin Kurti vendosi t\u2019ia jap Manastirit t\u00eb De\u00e7anit 24 hektar\u00eb p\u00ebr hat\u00ebr t\u00eb tij.<\/p>\n<p>Ai ka th\u00ebn\u00eb se i \u00ebsht\u00eb ngat\u00ebrruar ky rast me rastin e pranimit t\u00eb k\u00ebrkes\u00ebs p\u00ebr vizit\u00ebn e patriarkut Porfirije, p\u00ebr Krishtlindjet ortodokse t\u00eb vitit 2023.<\/p>\n<p>\u2018\u2019Gjat\u00eb nj\u00eb paraqitjeje n\u00eb podkastin e Radios Gora\u017edevac, kam deklaruar se gjat\u00eb marrjes s\u00eb vendimit p\u00ebr kthimin e tok\u00ebs Manastirit t\u00eb De\u00e7anit, kryeministri Kurti m\u00eb ka th\u00ebn\u00eb: \u201cK\u00ebt\u00eb e kemi b\u00ebr\u00eb p\u00ebr ty\u201d. Kjo deklarat\u00eb e imja nuk ishte plot\u00ebsisht e sakt\u00eb, pasi e kam ngat\u00ebrruar k\u00ebt\u00eb fjali me nj\u00eb bised\u00eb q\u00eb kishte ndodhur m\u00eb her\u00ebt, gjat\u00eb miratimit t\u00eb vizit\u00ebs s\u00eb Patriarkut serb, kur kjo fjali ishte th\u00ebn\u00eb.Gabimi im ka qen\u00eb i paq\u00ebllimsh\u00ebm dhe ky ngat\u00ebrrim i ngjarjeve ka ndodhur p\u00ebr shkak se kan\u00eb kaluar disa vite q\u00eb nga ajo koh\u00eb. K\u00ebrkoj falje n\u00ebse deklarata ime ka krijuar konfuzion\u2019\u2019 \u00ebsht\u00eb shprehur Rashiq.<\/p>\n<p>Menj\u00ebher\u00eb pas deklarat\u00ebs s\u00eb Rashiqit pati shum\u00eb reagime publike.<\/p>\n","protected":false},"excerpt":{"rendered":"<p>Prishtin\u00eb 9 Mars 2026 9:53 Ministri n\u00eb detyr\u00eb p\u00ebr Komunitete dhe Kthim, Nenad Rashiq ka deklaruar se ka b\u00ebr\u00eb ngat\u00ebrres\u00eb kur ka th\u00ebn\u00eb se Albin<\/p>\n","protected":false},"author":6,"featured_media":36687,"comment_status":"open","ping_status":"open","sticky":false,"template":"","format":"standard","meta":{"footnotes":""},"categories":[60],"tags":[],"class_list":["post-36686","post","type-post","status-publish","format-standard","has-post-thumbnail","hentry","category-shoqerore-sq"],"yoast_head":"<!-- This site is optimized with the Yoast SEO plugin v25.3.1 - https:\/\/yoast.com\/wordpress\/plugins\/seo\/ -->\n<title>Rashiq thot\u00eb se ka gabuar me deklarat\u00ebn p\u00ebr Manastirin e De\u00e7anit -<\/title>\n<meta name=\"robots\" content=\"index, follow, max-snippet:-1, max-image-preview:large, max-video-preview:-1\" \/>\n<link rel=\"canonical\" href=\"https:\/\/veritasinfo.org\/?p=36686\" \/>\n<meta property=\"og:locale\" content=\"en_US\" \/>\n<meta property=\"og:type\" content=\"article\" \/>\n<meta property=\"og:title\" content=\"Rashiq thot\u00eb se ka gabuar me deklarat\u00ebn p\u00ebr Manastirin e De\u00e7anit -\" \/>\n<meta property=\"og:description\" content=\"Prishtin\u00eb 9 Mars 2026 9:53 Ministri n\u00eb detyr\u00eb p\u00ebr Komunitete dhe Kthim, Nenad Rashiq ka deklaruar se ka b\u00ebr\u00eb ngat\u00ebrres\u00eb kur ka th\u00ebn\u00eb se Albin\" \/>\n<meta property=\"og:url\" content=\"https:\/\/veritasinfo.org\/?p=36686\" \/>\n<meta property=\"article:published_time\" content=\"2026-03-09T08:54:28+00:00\" \/>\n<meta property=\"og:image\" content=\"https:\/\/veritasinfo.org\/wp-content\/uploads\/2026\/03\/images.webp\" \/>\n\t<meta property=\"og:image:width\" content=\"695\" \/>\n\t<meta property=\"og:image:height\" content=\"415\" \/>\n\t<meta property=\"og:image:type\" content=\"image\/webp\" \/>\n<meta name=\"author\" content=\"US5\" \/>\n<meta name=\"twitter:card\" content=\"summary_large_image\" \/>\n<meta name=\"twitter:label1\" content=\"Written by\" \/>\n\t<meta name=\"twitter:data1\" content=\"US5\" \/>\n\t<meta name=\"twitter:label2\" content=\"Est. reading time\" \/>\n\t<meta name=\"twitter:data2\" content=\"1 minute\" \/>\n<script type=\"application\/ld+json\" class=\"yoast-schema-graph\">{\"@context\":\"https:\/\/schema.org\",\"@graph\":[{\"@type\":\"WebPage\",\"@id\":\"https:\/\/veritasinfo.org\/?p=36686\",\"url\":\"https:\/\/veritasinfo.org\/?p=36686\",\"name\":\"Rashiq thot\u00eb se ka gabuar me deklarat\u00ebn p\u00ebr Manastirin e De\u00e7anit -\",\"isPartOf\":{\"@id\":\"https:\/\/veritasinfo.org\/#website\"},\"primaryImageOfPage\":{\"@id\":\"https:\/\/veritasinfo.org\/?p=36686#primaryimage\"},\"image\":{\"@id\":\"https:\/\/veritasinfo.org\/?p=36686#primaryimage\"},\"thumbnailUrl\":\"https:\/\/veritasinfo.org\/wp-content\/uploads\/2026\/03\/images.webp\",\"datePublished\":\"2026-03-09T08:54:28+00:00\",\"author\":{\"@id\":\"https:\/\/veritasinfo.org\/#\/schema\/person\/bc442336e35414d04494ab8fb45db4c6\"},\"breadcrumb\":{\"@id\":\"https:\/\/veritasinfo.org\/?p=36686#breadcrumb\"},\"inLanguage\":\"en-US\",\"potentialAction\":[{\"@type\":\"ReadAction\",\"target\":[\"https:\/\/veritasinfo.org\/?p=36686\"]}]},{\"@type\":\"ImageObject\",\"inLanguage\":\"en-US\",\"@id\":\"https:\/\/veritasinfo.org\/?p=36686#primaryimage\",\"url\":\"https:\/\/veritasinfo.org\/wp-content\/uploads\/2026\/03\/images.webp\",\"contentUrl\":\"https:\/\/veritasinfo.org\/wp-content\/uploads\/2026\/03\/images.webp\",\"width\":695,\"height\":415},{\"@type\":\"BreadcrumbList\",\"@id\":\"https:\/\/veritasinfo.org\/?p=36686#breadcrumb\",\"itemListElement\":[{\"@type\":\"ListItem\",\"position\":1,\"name\":\"Home\",\"item\":\"https:\/\/veritasinfo.org\/\"},{\"@type\":\"ListItem\",\"position\":2,\"name\":\"Rashiq thot\u00eb se ka gabuar me deklarat\u00ebn p\u00ebr Manastirin e De\u00e7anit\"}]},{\"@type\":\"WebSite\",\"@id\":\"https:\/\/veritasinfo.org\/#website\",\"url\":\"https:\/\/veritasinfo.org\/\",\"name\":\"\",\"description\":\"\",\"potentialAction\":[{\"@type\":\"SearchAction\",\"target\":{\"@type\":\"EntryPoint\",\"urlTemplate\":\"https:\/\/veritasinfo.org\/?s={search_term_string}\"},\"query-input\":{\"@type\":\"PropertyValueSpecification\",\"valueRequired\":true,\"valueName\":\"search_term_string\"}}],\"inLanguage\":\"en-US\"},{\"@type\":\"Person\",\"@id\":\"https:\/\/veritasinfo.org\/#\/schema\/person\/bc442336e35414d04494ab8fb45db4c6\",\"name\":\"US5\",\"image\":{\"@type\":\"ImageObject\",\"inLanguage\":\"en-US\",\"@id\":\"https:\/\/veritasinfo.org\/#\/schema\/person\/image\/\",\"url\":\"https:\/\/secure.gravatar.com\/avatar\/16a61e7272a0c5d001121ebb9e60e925d5816e4ac1e443ed3e640d9a6ae55d0c?s=96&d=mm&r=g\",\"contentUrl\":\"https:\/\/secure.gravatar.com\/avatar\/16a61e7272a0c5d001121ebb9e60e925d5816e4ac1e443ed3e640d9a6ae55d0c?s=96&d=mm&r=g\",\"caption\":\"US5\"},\"url\":\"https:\/\/veritasinfo.org\/?author=6\"}]}<\/script>\n<!-- \/ Yoast SEO plugin. -->","yoast_head_json":{"title":"Rashiq thot\u00eb se ka gabuar me deklarat\u00ebn p\u00ebr Manastirin e De\u00e7anit -","robots":{"index":"index","follow":"follow","max-snippet":"max-snippet:-1","max-image-preview":"max-image-preview:large","max-video-preview":"max-video-preview:-1"},"canonical":"https:\/\/veritasinfo.org\/?p=36686","og_locale":"en_US","og_type":"article","og_title":"Rashiq thot\u00eb se ka gabuar me deklarat\u00ebn p\u00ebr Manastirin e De\u00e7anit -","og_description":"Prishtin\u00eb 9 Mars 2026 9:53 Ministri n\u00eb detyr\u00eb p\u00ebr Komunitete dhe Kthim, Nenad Rashiq ka deklaruar se ka b\u00ebr\u00eb ngat\u00ebrres\u00eb kur ka th\u00ebn\u00eb se Albin","og_url":"https:\/\/veritasinfo.org\/?p=36686","article_published_time":"2026-03-09T08:54:28+00:00","og_image":[{"width":695,"height":415,"url":"https:\/\/veritasinfo.org\/wp-content\/uploads\/2026\/03\/images.webp","type":"image\/webp"}],"author":"US5","twitter_card":"summary_large_image","twitter_misc":{"Written by":"US5","Est. reading time":"1 minute"},"schema":{"@context":"https:\/\/schema.org","@graph":[{"@type":"WebPage","@id":"https:\/\/veritasinfo.org\/?p=36686","url":"https:\/\/veritasinfo.org\/?p=36686","name":"Rashiq thot\u00eb se ka gabuar me deklarat\u00ebn p\u00ebr Manastirin e De\u00e7anit -","isPartOf":{"@id":"https:\/\/veritasinfo.org\/#website"},"primaryImageOfPage":{"@id":"https:\/\/veritasinfo.org\/?p=36686#primaryimage"},"image":{"@id":"https:\/\/veritasinfo.org\/?p=36686#primaryimage"},"thumbnailUrl":"https:\/\/veritasinfo.org\/wp-content\/uploads\/2026\/03\/images.webp","datePublished":"2026-03-09T08:54:28+00:00","author":{"@id":"https:\/\/veritasinfo.org\/#\/schema\/person\/bc442336e35414d04494ab8fb45db4c6"},"breadcrumb":{"@id":"https:\/\/veritasinfo.org\/?p=36686#breadcrumb"},"inLanguage":"en-US","potentialAction":[{"@type":"ReadAction","target":["https:\/\/veritasinfo.org\/?p=36686"]}]},{"@type":"ImageObject","inLanguage":"en-US","@id":"https:\/\/veritasinfo.org\/?p=36686#primaryimage","url":"https:\/\/veritasinfo.org\/wp-content\/uploads\/2026\/03\/images.webp","contentUrl":"https:\/\/veritasinfo.org\/wp-content\/uploads\/2026\/03\/images.webp","width":695,"height":415},{"@type":"BreadcrumbList","@id":"https:\/\/veritasinfo.org\/?p=36686#breadcrumb","itemListElement":[{"@type":"ListItem","position":1,"name":"Home","item":"https:\/\/veritasinfo.org\/"},{"@type":"ListItem","position":2,"name":"Rashiq thot\u00eb se ka gabuar me deklarat\u00ebn p\u00ebr Manastirin e De\u00e7anit"}]},{"@type":"WebSite","@id":"https:\/\/veritasinfo.org\/#website","url":"https:\/\/veritasinfo.org\/","name":"","description":"","potentialAction":[{"@type":"SearchAction","target":{"@type":"EntryPoint","urlTemplate":"https:\/\/veritasinfo.org\/?s={search_term_string}"},"query-input":{"@type":"PropertyValueSpecification","valueRequired":true,"valueName":"search_term_string"}}],"inLanguage":"en-US"},{"@type":"Person","@id":"https:\/\/veritasinfo.org\/#\/schema\/person\/bc442336e35414d04494ab8fb45db4c6","name":"US5","image":{"@type":"ImageObject","inLanguage":"en-US","@id":"https:\/\/veritasinfo.org\/#\/schema\/person\/image\/","url":"https:\/\/secure.gravatar.com\/avatar\/16a61e7272a0c5d001121ebb9e60e925d5816e4ac1e443ed3e640d9a6ae55d0c?s=96&d=mm&r=g","contentUrl":"https:\/\/secure.gravatar.com\/avatar\/16a61e7272a0c5d001121ebb9e60e925d5816e4ac1e443ed3e640d9a6ae55d0c?s=96&d=mm&r=g","caption":"US5"},"url":"https:\/\/veritasinfo.org\/?author=6"}]}},"featured_image_urls":{"full":["https:\/\/veritasinfo.org\/wp-content\/uploads\/2026\/03\/images.webp",695,415,false],"thumbnail":["https:\/\/veritasinfo.org\/wp-content\/uploads\/2026\/03\/images-150x150.webp",150,150,true],"medium":["https:\/\/veritasinfo.org\/wp-content\/uploads\/2026\/03\/images-300x179.webp",300,179,true],"medium_large":["https:\/\/veritasinfo.org\/wp-content\/uploads\/2026\/03\/images.webp",640,382,false],"large":["https:\/\/veritasinfo.org\/wp-content\/uploads\/2026\/03\/images.webp",640,382,false],"1536x1536":["https:\/\/veritasinfo.org\/wp-content\/uploads\/2026\/03\/images.webp",695,415,false],"2048x2048":["https:\/\/veritasinfo.org\/wp-content\/uploads\/2026\/03\/images.webp",695,415,false],"kreeti-slider-full":["https:\/\/veritasinfo.org\/wp-content\/uploads\/2026\/03\/images.webp",695,415,false],"kreeti-featured":["https:\/\/veritasinfo.org\/wp-content\/uploads\/2026\/03\/images.webp",695,415,false],"kreeti-medium":["https:\/\/veritasinfo.org\/wp-content\/uploads\/2026\/03\/images.webp",695,415,false],"kreeti-medium-square":["https:\/\/veritasinfo.org\/wp-content\/uploads\/2026\/03\/images.webp",350,209,false]},"author_info":{"info":["US5"]},"category_info":"<a href=\"https:\/\/veritasinfo.org\/?cat=60\" rel=\"category\">Shoq\u00ebrore<\/a>","tag_info":"Shoq\u00ebrore","comment_count":"0","_links":{"self":[{"href":"https:\/\/veritasinfo.org\/index.php?rest_route=\/wp\/v2\/posts\/36686","targetHints":{"allow":["GET"]}}],"collection":[{"href":"https:\/\/veritasinfo.org\/index.php?rest_route=\/wp\/v2\/posts"}],"about":[{"href":"https:\/\/veritasinfo.org\/index.php?rest_route=\/wp\/v2\/types\/post"}],"author":[{"embeddable":true,"href":"https:\/\/veritasinfo.org\/index.php?rest_route=\/wp\/v2\/users\/6"}],"replies":[{"embeddable":true,"href":"https:\/\/veritasinfo.org\/index.php?rest_route=%2Fwp%2Fv2%2Fcomments&post=36686"}],"version-history":[{"count":1,"href":"https:\/\/veritasinfo.org\/index.php?rest_route=\/wp\/v2\/posts\/36686\/revisions"}],"predecessor-version":[{"id":36688,"href":"https:\/\/veritasinfo.org\/index.php?rest_route=\/wp\/v2\/posts\/36686\/revisions\/36688"}],"wp:featuredmedia":[{"embeddable":true,"href":"https:\/\/veritasinfo.org\/index.php?rest_route=\/wp\/v2\/media\/36687"}],"wp:attachment":[{"href":"https:\/\/veritasinfo.org\/index.php?rest_route=%2Fwp%2Fv2%2Fmedia&parent=36686"}],"wp:term":[{"taxonomy":"category","embeddable":true,"href":"https:\/\/veritasinfo.org\/index.php?rest_route=%2Fwp%2Fv2%2Fcategories&post=36686"},{"taxonomy":"post_tag","embeddable":true,"href":"https:\/\/veritasinfo.org\/index.php?rest_route=%2Fwp%2Fv2%2Ftags&post=36686"}],"curies":[{"name":"wp","href":"https:\/\/api.w.org\/{rel}","templated":true}]}}