{"id":36656,"date":"2026-03-09T08:21:56","date_gmt":"2026-03-09T07:21:56","guid":{"rendered":"https:\/\/veritasinfo.org\/?p=36656"},"modified":"2026-03-09T08:21:56","modified_gmt":"2026-03-09T07:21:56","slug":"komuna-e-mitrovices-ndermerr-veprime-per-mbrojtjen-e-mjedisit-dhe-lirimin-e-hapesirave-publike","status":"publish","type":"post","link":"https:\/\/veritasinfo.org\/?p=36656","title":{"rendered":"Komuna e Mitrovic\u00ebs nd\u00ebrmerr veprime p\u00ebr mbrojtjen e mjedisit dhe lirimin e hap\u00ebsirave publike"},"content":{"rendered":"<p>Mitrovic\u00eb, 9 mars 2026 08:20<\/p>\n<p>Komuna e Mitrovica ka nd\u00ebrmarr\u00eb nj\u00eb s\u00ebr\u00eb veprimesh p\u00ebr mbrojtjen e mjedisit, mbrojtjen e konsumator\u00ebve dhe lirimin e hap\u00ebsirave publike, p\u00ebrmes aksioneve t\u00eb realizuara nga Drejtoria e Inspekcionit. <\/p>\n<p>Sipas njoftimit zyrtar, sektori i Nd\u00ebrtimit ka reaguar pas ankesave t\u00eb qytetar\u00ebve lidhur me ndotjen e hap\u00ebsirave publike nga aktivitetet e disa kompanive nd\u00ebrtimore, t\u00eb cilat kishin v\u00ebshtir\u00ebsuar jetes\u00ebn e banor\u00ebve p\u00ebrreth. Nd\u00ebrtuesit jan\u00eb obliguar q\u00eb brenda 72 or\u00ebve t\u00eb sanojn\u00eb gjendjen dhe t\u00eb pastrojn\u00eb hap\u00ebsirat e ndotura, n\u00eb t\u00eb kund\u00ebrt\u00ebn do t\u00eb p\u00ebrballen me masa ligjore sipas legjislacionit n\u00eb fuqi. <\/p>\n<p>N\u00eb kuad\u00ebr t\u00eb k\u00ebtij aksioni, sektori i Transportit Rrugor dhe Telekomunikacionit ka nd\u00ebrmarr\u00eb gjithashtu veprime ndaj disa operator\u00ebve t\u00eb linjave t\u00eb kombibus\u00ebve, t\u00eb cil\u00ebt dyshohet se kan\u00eb abuzuar me \u00e7mimet e transportit t\u00eb pasagjer\u00ebve pas ndryshimeve t\u00eb \u00e7mimeve t\u00eb karburanteve n\u00eb treg. Inspektor\u00ebt komunal\u00eb kan\u00eb nd\u00ebrhyr\u00eb p\u00ebr t\u00eb parandaluar manipulimet dhe abuzimet n\u00eb d\u00ebm t\u00eb qytetar\u00ebve. <\/p>\n<p>Nd\u00ebrkoh\u00eb, sektori i Sh\u00ebrbimeve Publike ka vazhduar aksionin p\u00ebr lirimin e hap\u00ebsirave publike duke larguar pllakatet dhe panot reklamuese t\u00eb vendosura pa leje. Ky aksion ka nisur nga zona e njohur si Ura e Gjakut dhe nga hyrjet dhe daljet e tunelit n\u00eb qytet, nd\u00ebrsa \u00ebsht\u00eb paralajm\u00ebruar se do t\u00eb shtrihet edhe n\u00eb pjes\u00eb t\u00eb tjera t\u00eb qytetit. <\/p>\n<p>Drejtori i Inspekcionit, Muj\u00eb Igrishta, u ka b\u00ebr\u00eb thirrje qytetar\u00ebve q\u00eb t\u00eb bashk\u00ebpunojn\u00eb me institucionet komunale duke raportuar \u00e7do rast t\u00eb uzurpimit t\u00eb hap\u00ebsirave publike, n\u00eb m\u00ebnyr\u00eb q\u00eb t\u00eb nd\u00ebrmerren veprimet e nevojshme ligjore p\u00ebr kthimin e tyre n\u00eb sh\u00ebrbim t\u00eb qytetar\u00ebve.<\/p>\n","protected":false},"excerpt":{"rendered":"<p>Mitrovic\u00eb, 9 mars 2026 08:20 Komuna e Mitrovica ka nd\u00ebrmarr\u00eb nj\u00eb s\u00ebr\u00eb veprimesh p\u00ebr mbrojtjen e mjedisit, mbrojtjen e konsumator\u00ebve dhe lirimin e hap\u00ebsirave publike,<\/p>\n","protected":false},"author":6,"featured_media":36657,"comment_status":"open","ping_status":"open","sticky":false,"template":"","format":"standard","meta":{"footnotes":""},"categories":[52],"tags":[],"class_list":["post-36656","post","type-post","status-publish","format-standard","has-post-thumbnail","hentry","category-komunat-sq"],"yoast_head":"<!-- This site is optimized with the Yoast SEO plugin v25.3.1 - https:\/\/yoast.com\/wordpress\/plugins\/seo\/ -->\n<title>Komuna e Mitrovic\u00ebs nd\u00ebrmerr veprime p\u00ebr mbrojtjen e mjedisit dhe lirimin e hap\u00ebsirave publike -<\/title>\n<meta name=\"robots\" content=\"index, follow, max-snippet:-1, max-image-preview:large, max-video-preview:-1\" \/>\n<link rel=\"canonical\" href=\"https:\/\/veritasinfo.org\/?p=36656\" \/>\n<meta property=\"og:locale\" content=\"en_US\" \/>\n<meta property=\"og:type\" content=\"article\" \/>\n<meta property=\"og:title\" content=\"Komuna e Mitrovic\u00ebs nd\u00ebrmerr veprime p\u00ebr mbrojtjen e mjedisit dhe lirimin e hap\u00ebsirave publike -\" \/>\n<meta property=\"og:description\" content=\"Mitrovic\u00eb, 9 mars 2026 08:20 Komuna e Mitrovica ka nd\u00ebrmarr\u00eb nj\u00eb s\u00ebr\u00eb veprimesh p\u00ebr mbrojtjen e mjedisit, mbrojtjen e konsumator\u00ebve dhe lirimin e hap\u00ebsirave publike,\" \/>\n<meta property=\"og:url\" content=\"https:\/\/veritasinfo.org\/?p=36656\" \/>\n<meta property=\"article:published_time\" content=\"2026-03-09T07:21:56+00:00\" \/>\n<meta property=\"og:image\" content=\"https:\/\/veritasinfo.org\/wp-content\/uploads\/2026\/03\/IMG-20260309-WA0002.jpg\" \/>\n\t<meta property=\"og:image:width\" content=\"1245\" \/>\n\t<meta property=\"og:image:height\" content=\"700\" \/>\n\t<meta property=\"og:image:type\" content=\"image\/jpeg\" \/>\n<meta name=\"author\" content=\"US5\" \/>\n<meta name=\"twitter:card\" content=\"summary_large_image\" \/>\n<meta name=\"twitter:label1\" content=\"Written by\" \/>\n\t<meta name=\"twitter:data1\" content=\"US5\" \/>\n\t<meta name=\"twitter:label2\" content=\"Est. reading time\" \/>\n\t<meta name=\"twitter:data2\" content=\"1 minute\" \/>\n<script type=\"application\/ld+json\" class=\"yoast-schema-graph\">{\"@context\":\"https:\/\/schema.org\",\"@graph\":[{\"@type\":\"WebPage\",\"@id\":\"https:\/\/veritasinfo.org\/?p=36656\",\"url\":\"https:\/\/veritasinfo.org\/?p=36656\",\"name\":\"Komuna e Mitrovic\u00ebs nd\u00ebrmerr veprime p\u00ebr mbrojtjen e mjedisit dhe lirimin e hap\u00ebsirave publike -\",\"isPartOf\":{\"@id\":\"https:\/\/veritasinfo.org\/#website\"},\"primaryImageOfPage\":{\"@id\":\"https:\/\/veritasinfo.org\/?p=36656#primaryimage\"},\"image\":{\"@id\":\"https:\/\/veritasinfo.org\/?p=36656#primaryimage\"},\"thumbnailUrl\":\"https:\/\/veritasinfo.org\/wp-content\/uploads\/2026\/03\/IMG-20260309-WA0002.jpg\",\"datePublished\":\"2026-03-09T07:21:56+00:00\",\"author\":{\"@id\":\"https:\/\/veritasinfo.org\/#\/schema\/person\/bc442336e35414d04494ab8fb45db4c6\"},\"breadcrumb\":{\"@id\":\"https:\/\/veritasinfo.org\/?p=36656#breadcrumb\"},\"inLanguage\":\"en-US\",\"potentialAction\":[{\"@type\":\"ReadAction\",\"target\":[\"https:\/\/veritasinfo.org\/?p=36656\"]}]},{\"@type\":\"ImageObject\",\"inLanguage\":\"en-US\",\"@id\":\"https:\/\/veritasinfo.org\/?p=36656#primaryimage\",\"url\":\"https:\/\/veritasinfo.org\/wp-content\/uploads\/2026\/03\/IMG-20260309-WA0002.jpg\",\"contentUrl\":\"https:\/\/veritasinfo.org\/wp-content\/uploads\/2026\/03\/IMG-20260309-WA0002.jpg\",\"width\":1245,\"height\":700},{\"@type\":\"BreadcrumbList\",\"@id\":\"https:\/\/veritasinfo.org\/?p=36656#breadcrumb\",\"itemListElement\":[{\"@type\":\"ListItem\",\"position\":1,\"name\":\"Home\",\"item\":\"https:\/\/veritasinfo.org\/\"},{\"@type\":\"ListItem\",\"position\":2,\"name\":\"Komuna e Mitrovic\u00ebs nd\u00ebrmerr veprime p\u00ebr mbrojtjen e mjedisit dhe lirimin e hap\u00ebsirave publike\"}]},{\"@type\":\"WebSite\",\"@id\":\"https:\/\/veritasinfo.org\/#website\",\"url\":\"https:\/\/veritasinfo.org\/\",\"name\":\"\",\"description\":\"\",\"potentialAction\":[{\"@type\":\"SearchAction\",\"target\":{\"@type\":\"EntryPoint\",\"urlTemplate\":\"https:\/\/veritasinfo.org\/?s={search_term_string}\"},\"query-input\":{\"@type\":\"PropertyValueSpecification\",\"valueRequired\":true,\"valueName\":\"search_term_string\"}}],\"inLanguage\":\"en-US\"},{\"@type\":\"Person\",\"@id\":\"https:\/\/veritasinfo.org\/#\/schema\/person\/bc442336e35414d04494ab8fb45db4c6\",\"name\":\"US5\",\"image\":{\"@type\":\"ImageObject\",\"inLanguage\":\"en-US\",\"@id\":\"https:\/\/veritasinfo.org\/#\/schema\/person\/image\/\",\"url\":\"https:\/\/secure.gravatar.com\/avatar\/16a61e7272a0c5d001121ebb9e60e925d5816e4ac1e443ed3e640d9a6ae55d0c?s=96&d=mm&r=g\",\"contentUrl\":\"https:\/\/secure.gravatar.com\/avatar\/16a61e7272a0c5d001121ebb9e60e925d5816e4ac1e443ed3e640d9a6ae55d0c?s=96&d=mm&r=g\",\"caption\":\"US5\"},\"url\":\"https:\/\/veritasinfo.org\/?author=6\"}]}<\/script>\n<!-- \/ Yoast SEO plugin. -->","yoast_head_json":{"title":"Komuna e Mitrovic\u00ebs nd\u00ebrmerr veprime p\u00ebr mbrojtjen e mjedisit dhe lirimin e hap\u00ebsirave publike -","robots":{"index":"index","follow":"follow","max-snippet":"max-snippet:-1","max-image-preview":"max-image-preview:large","max-video-preview":"max-video-preview:-1"},"canonical":"https:\/\/veritasinfo.org\/?p=36656","og_locale":"en_US","og_type":"article","og_title":"Komuna e Mitrovic\u00ebs nd\u00ebrmerr veprime p\u00ebr mbrojtjen e mjedisit dhe lirimin e hap\u00ebsirave publike -","og_description":"Mitrovic\u00eb, 9 mars 2026 08:20 Komuna e Mitrovica ka nd\u00ebrmarr\u00eb nj\u00eb s\u00ebr\u00eb veprimesh p\u00ebr mbrojtjen e mjedisit, mbrojtjen e konsumator\u00ebve dhe lirimin e hap\u00ebsirave publike,","og_url":"https:\/\/veritasinfo.org\/?p=36656","article_published_time":"2026-03-09T07:21:56+00:00","og_image":[{"width":1245,"height":700,"url":"https:\/\/veritasinfo.org\/wp-content\/uploads\/2026\/03\/IMG-20260309-WA0002.jpg","type":"image\/jpeg"}],"author":"US5","twitter_card":"summary_large_image","twitter_misc":{"Written by":"US5","Est. reading time":"1 minute"},"schema":{"@context":"https:\/\/schema.org","@graph":[{"@type":"WebPage","@id":"https:\/\/veritasinfo.org\/?p=36656","url":"https:\/\/veritasinfo.org\/?p=36656","name":"Komuna e Mitrovic\u00ebs nd\u00ebrmerr veprime p\u00ebr mbrojtjen e mjedisit dhe lirimin e hap\u00ebsirave publike -","isPartOf":{"@id":"https:\/\/veritasinfo.org\/#website"},"primaryImageOfPage":{"@id":"https:\/\/veritasinfo.org\/?p=36656#primaryimage"},"image":{"@id":"https:\/\/veritasinfo.org\/?p=36656#primaryimage"},"thumbnailUrl":"https:\/\/veritasinfo.org\/wp-content\/uploads\/2026\/03\/IMG-20260309-WA0002.jpg","datePublished":"2026-03-09T07:21:56+00:00","author":{"@id":"https:\/\/veritasinfo.org\/#\/schema\/person\/bc442336e35414d04494ab8fb45db4c6"},"breadcrumb":{"@id":"https:\/\/veritasinfo.org\/?p=36656#breadcrumb"},"inLanguage":"en-US","potentialAction":[{"@type":"ReadAction","target":["https:\/\/veritasinfo.org\/?p=36656"]}]},{"@type":"ImageObject","inLanguage":"en-US","@id":"https:\/\/veritasinfo.org\/?p=36656#primaryimage","url":"https:\/\/veritasinfo.org\/wp-content\/uploads\/2026\/03\/IMG-20260309-WA0002.jpg","contentUrl":"https:\/\/veritasinfo.org\/wp-content\/uploads\/2026\/03\/IMG-20260309-WA0002.jpg","width":1245,"height":700},{"@type":"BreadcrumbList","@id":"https:\/\/veritasinfo.org\/?p=36656#breadcrumb","itemListElement":[{"@type":"ListItem","position":1,"name":"Home","item":"https:\/\/veritasinfo.org\/"},{"@type":"ListItem","position":2,"name":"Komuna e Mitrovic\u00ebs nd\u00ebrmerr veprime p\u00ebr mbrojtjen e mjedisit dhe lirimin e hap\u00ebsirave publike"}]},{"@type":"WebSite","@id":"https:\/\/veritasinfo.org\/#website","url":"https:\/\/veritasinfo.org\/","name":"","description":"","potentialAction":[{"@type":"SearchAction","target":{"@type":"EntryPoint","urlTemplate":"https:\/\/veritasinfo.org\/?s={search_term_string}"},"query-input":{"@type":"PropertyValueSpecification","valueRequired":true,"valueName":"search_term_string"}}],"inLanguage":"en-US"},{"@type":"Person","@id":"https:\/\/veritasinfo.org\/#\/schema\/person\/bc442336e35414d04494ab8fb45db4c6","name":"US5","image":{"@type":"ImageObject","inLanguage":"en-US","@id":"https:\/\/veritasinfo.org\/#\/schema\/person\/image\/","url":"https:\/\/secure.gravatar.com\/avatar\/16a61e7272a0c5d001121ebb9e60e925d5816e4ac1e443ed3e640d9a6ae55d0c?s=96&d=mm&r=g","contentUrl":"https:\/\/secure.gravatar.com\/avatar\/16a61e7272a0c5d001121ebb9e60e925d5816e4ac1e443ed3e640d9a6ae55d0c?s=96&d=mm&r=g","caption":"US5"},"url":"https:\/\/veritasinfo.org\/?author=6"}]}},"featured_image_urls":{"full":["https:\/\/veritasinfo.org\/wp-content\/uploads\/2026\/03\/IMG-20260309-WA0002.jpg",1245,700,false],"thumbnail":["https:\/\/veritasinfo.org\/wp-content\/uploads\/2026\/03\/IMG-20260309-WA0002-150x150.jpg",150,150,true],"medium":["https:\/\/veritasinfo.org\/wp-content\/uploads\/2026\/03\/IMG-20260309-WA0002-300x169.jpg",300,169,true],"medium_large":["https:\/\/veritasinfo.org\/wp-content\/uploads\/2026\/03\/IMG-20260309-WA0002-768x432.jpg",640,360,true],"large":["https:\/\/veritasinfo.org\/wp-content\/uploads\/2026\/03\/IMG-20260309-WA0002-1024x576.jpg",640,360,true],"1536x1536":["https:\/\/veritasinfo.org\/wp-content\/uploads\/2026\/03\/IMG-20260309-WA0002.jpg",1245,700,false],"2048x2048":["https:\/\/veritasinfo.org\/wp-content\/uploads\/2026\/03\/IMG-20260309-WA0002.jpg",1245,700,false],"kreeti-slider-full":["https:\/\/veritasinfo.org\/wp-content\/uploads\/2026\/03\/IMG-20260309-WA0002.jpg",1245,700,false],"kreeti-featured":["https:\/\/veritasinfo.org\/wp-content\/uploads\/2026\/03\/IMG-20260309-WA0002.jpg",1024,576,false],"kreeti-medium":["https:\/\/veritasinfo.org\/wp-content\/uploads\/2026\/03\/IMG-20260309-WA0002.jpg",720,405,false],"kreeti-medium-square":["https:\/\/veritasinfo.org\/wp-content\/uploads\/2026\/03\/IMG-20260309-WA0002.jpg",350,197,false]},"author_info":{"info":["US5"]},"category_info":"<a href=\"https:\/\/veritasinfo.org\/?cat=52\" rel=\"category\">Komunat<\/a>","tag_info":"Komunat","comment_count":"0","_links":{"self":[{"href":"https:\/\/veritasinfo.org\/index.php?rest_route=\/wp\/v2\/posts\/36656","targetHints":{"allow":["GET"]}}],"collection":[{"href":"https:\/\/veritasinfo.org\/index.php?rest_route=\/wp\/v2\/posts"}],"about":[{"href":"https:\/\/veritasinfo.org\/index.php?rest_route=\/wp\/v2\/types\/post"}],"author":[{"embeddable":true,"href":"https:\/\/veritasinfo.org\/index.php?rest_route=\/wp\/v2\/users\/6"}],"replies":[{"embeddable":true,"href":"https:\/\/veritasinfo.org\/index.php?rest_route=%2Fwp%2Fv2%2Fcomments&post=36656"}],"version-history":[{"count":1,"href":"https:\/\/veritasinfo.org\/index.php?rest_route=\/wp\/v2\/posts\/36656\/revisions"}],"predecessor-version":[{"id":36658,"href":"https:\/\/veritasinfo.org\/index.php?rest_route=\/wp\/v2\/posts\/36656\/revisions\/36658"}],"wp:featuredmedia":[{"embeddable":true,"href":"https:\/\/veritasinfo.org\/index.php?rest_route=\/wp\/v2\/media\/36657"}],"wp:attachment":[{"href":"https:\/\/veritasinfo.org\/index.php?rest_route=%2Fwp%2Fv2%2Fmedia&parent=36656"}],"wp:term":[{"taxonomy":"category","embeddable":true,"href":"https:\/\/veritasinfo.org\/index.php?rest_route=%2Fwp%2Fv2%2Fcategories&post=36656"},{"taxonomy":"post_tag","embeddable":true,"href":"https:\/\/veritasinfo.org\/index.php?rest_route=%2Fwp%2Fv2%2Ftags&post=36656"}],"curies":[{"name":"wp","href":"https:\/\/api.w.org\/{rel}","templated":true}]}}