{"id":3664,"date":"2025-07-13T19:27:43","date_gmt":"2025-07-13T17:27:43","guid":{"rendered":"https:\/\/veritasinfo.org\/?p=3664"},"modified":"2025-07-13T19:27:43","modified_gmt":"2025-07-13T17:27:43","slug":"unesco-i-jep-maqedonise-se-veriut-edhe-nje-shans-per-ohrin","status":"publish","type":"post","link":"https:\/\/veritasinfo.org\/?p=3664","title":{"rendered":"UNESCO i jep Maqedonis\u00eb s\u00eb Veriut edhe nj\u00eb shans p\u00ebr Ohrin"},"content":{"rendered":"<p>Oh\u00ebr, 13 Korrik 2025<\/p>\n<p><strong>Komiteti p\u00ebr Trash\u00ebgimin\u00eb Bot\u00ebrore i UNESCO-s, n\u00eb mbledhjen e 47-t\u00eb n\u00eb Paris, miratoi nj\u00eb amendament t\u00eb propozuar nga p\u00ebrfaq\u00ebsuesit maqedonas, me t\u00eb cilin u k\u00ebrkua shtyrja e futjes s\u00eb rajonit t\u00eb Ohrit n\u00eb List\u00ebn e Vendeve t\u00eb Trash\u00ebgimis\u00eb Bot\u00ebrore n\u00eb Rrezik.<\/strong><\/p>\n<p>Me k\u00ebt\u00eb, autoritetet maqedonase mor\u00ebn kushte t\u00eb reja \u2013 q\u00eb deri m\u00eb 1 shkurt t\u00eb vitit 2026 t\u00eb dor\u00ebzojn\u00eb nj\u00eb raport p\u00ebr masat e nd\u00ebrmarra p\u00ebr mbrojtje.<\/p>\n<p>Amendamenti u dor\u00ebzua nga delegacioni maqedonas, i cili k\u00ebrkoi t\u00eb t\u00ebrhiqet Projektvendimi q\u00eb propozon qartazi regjistrimin e rajonit si t\u00eb rrezikuar.<\/p>\n<p>Komiteti diskutoi p\u00ebr her\u00eb t\u00eb tret\u00eb p\u00ebr statusin e Ohrit, n\u00eb rrethana kur 39 organizata t\u00eb shoq\u00ebris\u00eb civile nga Maqedonia e Veriut dhe Shqip\u00ebria k\u00ebrkuan q\u00eb ai t\u00eb regjistrohet n\u00eb List\u00ebn e Vendeve t\u00eb Trash\u00ebgimis\u00eb Bot\u00ebrore n\u00eb Rrezik, me arsyetimin se kjo do t\u2019i hapte rrug\u00eb nj\u00eb procesi t\u00eb rehabilitimit, n\u00ebn mbik\u00ebqyrjen e vazhdueshme t\u00eb Agjencis\u00eb s\u00eb Kombeve t\u00eb Bashkuara p\u00ebr Arsim, Shkenc\u00eb dhe Kultur\u00eb \u2013 UNESCO.<\/p>\n<p>Pas votimit, p\u00ebrfaq\u00ebsuesit e tyre than\u00eb se jan\u00eb \u201ct\u00eb neveritur nga vendimi\u201d, por se do t\u00eb vazhdojn\u00eb t\u00eb luftojn\u00eb p\u00ebr mbrojtjen e rajonit t\u00eb Ohrit.<br \/>\nPavar\u00ebsisht tri misioneve t\u00eb ekspert\u00ebve dhe paralajm\u00ebrimeve tash e dy dekada, ata theksojn\u00eb se Komiteti s\u00ebrish nuk e miratoi rekomandimin p\u00ebr ta futur Ohrin n\u00eb List\u00ebn e Vendeve t\u00eb Trash\u00ebgimis\u00eb Bot\u00ebrore n\u00eb Rrezik.<\/p>\n<p>Organizatat e shoq\u00ebris\u00eb civile besojn\u00eb se nj\u00eb gj\u00eb e till\u00eb shp\u00ebrblen neglizhenc\u00ebn institucionale dhe minon vet\u00eb parimet e konvent\u00ebs s\u00eb UNESCO-s.<\/p>\n<p>\u201cNe besojm\u00eb se vendimi i Komitetit tradhtoi parimet mbi t\u00eb cilat u formua dhe minoi \u2013 n\u00eb m\u00ebnyr\u00eb aktive \u2013 vet\u00eb thelbin e Konvent\u00ebs s\u00eb Trash\u00ebgimis\u00eb Bot\u00ebrore\u201d, than\u00eb p\u00ebrmes nj\u00eb deklarate organizatat e shoq\u00ebris\u00eb civile.<\/p>\n<p>Pas vendimit, ato b\u00ebn\u00eb thirrje q\u00eb Maqedonia e Veriut dhe Shqip\u00ebria ta shfryt\u00ebzojn\u00eb me p\u00ebrgjegj\u00ebsi k\u00ebt\u00eb mund\u00ebsi, \u201cduke i ndalur menj\u00ebher\u00eb t\u00eb gjitha projektet shkat\u00ebrruese\u201d dhe \u201cduke treguar p\u00ebrkushtim t\u00eb v\u00ebrtet\u00eb p\u00ebr ruajtjen e vlerave unike t\u00eb rajonit\u201d.<\/p>\n<p>&nbsp;<\/p>\n","protected":false},"excerpt":{"rendered":"<p>Oh\u00ebr, 13 Korrik 2025 Komiteti p\u00ebr Trash\u00ebgimin\u00eb Bot\u00ebrore i UNESCO-s, n\u00eb mbledhjen e 47-t\u00eb n\u00eb Paris, miratoi nj\u00eb amendament t\u00eb propozuar nga p\u00ebrfaq\u00ebsuesit maqedonas, me<\/p>\n","protected":false},"author":1,"featured_media":3665,"comment_status":"open","ping_status":"open","sticky":false,"template":"","format":"standard","meta":{"footnotes":""},"categories":[54],"tags":[],"class_list":["post-3664","post","type-post","status-publish","format-standard","has-post-thumbnail","hentry","category-kulture-sq"],"yoast_head":"<!-- This site is optimized with the Yoast SEO plugin v25.3.1 - https:\/\/yoast.com\/wordpress\/plugins\/seo\/ -->\n<title>UNESCO i jep Maqedonis\u00eb s\u00eb Veriut edhe nj\u00eb shans p\u00ebr Ohrin -<\/title>\n<meta name=\"robots\" content=\"index, follow, max-snippet:-1, max-image-preview:large, max-video-preview:-1\" \/>\n<link rel=\"canonical\" href=\"https:\/\/veritasinfo.org\/?p=3664\" \/>\n<meta property=\"og:locale\" content=\"en_US\" \/>\n<meta property=\"og:type\" content=\"article\" \/>\n<meta property=\"og:title\" content=\"UNESCO i jep Maqedonis\u00eb s\u00eb Veriut edhe nj\u00eb shans p\u00ebr Ohrin -\" \/>\n<meta property=\"og:description\" content=\"Oh\u00ebr, 13 Korrik 2025 Komiteti p\u00ebr Trash\u00ebgimin\u00eb Bot\u00ebrore i UNESCO-s, n\u00eb mbledhjen e 47-t\u00eb n\u00eb Paris, miratoi nj\u00eb amendament t\u00eb propozuar nga p\u00ebrfaq\u00ebsuesit maqedonas, me\" \/>\n<meta property=\"og:url\" content=\"https:\/\/veritasinfo.org\/?p=3664\" \/>\n<meta property=\"article:published_time\" content=\"2025-07-13T17:27:43+00:00\" \/>\n<meta property=\"og:image\" content=\"https:\/\/veritasinfo.org\/wp-content\/uploads\/2025\/07\/IMG_2045.jpeg\" \/>\n\t<meta property=\"og:image:width\" content=\"650\" \/>\n\t<meta property=\"og:image:height\" content=\"366\" \/>\n\t<meta property=\"og:image:type\" content=\"image\/jpeg\" \/>\n<meta name=\"author\" content=\"admin\" \/>\n<meta name=\"twitter:card\" content=\"summary_large_image\" \/>\n<meta name=\"twitter:label1\" content=\"Written by\" \/>\n\t<meta name=\"twitter:data1\" content=\"admin\" \/>\n\t<meta name=\"twitter:label2\" content=\"Est. reading time\" \/>\n\t<meta name=\"twitter:data2\" content=\"2 minutes\" \/>\n<script type=\"application\/ld+json\" class=\"yoast-schema-graph\">{\"@context\":\"https:\/\/schema.org\",\"@graph\":[{\"@type\":\"WebPage\",\"@id\":\"https:\/\/veritasinfo.org\/?p=3664\",\"url\":\"https:\/\/veritasinfo.org\/?p=3664\",\"name\":\"UNESCO i jep Maqedonis\u00eb s\u00eb Veriut edhe nj\u00eb shans p\u00ebr Ohrin -\",\"isPartOf\":{\"@id\":\"https:\/\/veritasinfo.org\/#website\"},\"primaryImageOfPage\":{\"@id\":\"https:\/\/veritasinfo.org\/?p=3664#primaryimage\"},\"image\":{\"@id\":\"https:\/\/veritasinfo.org\/?p=3664#primaryimage\"},\"thumbnailUrl\":\"https:\/\/veritasinfo.org\/wp-content\/uploads\/2025\/07\/IMG_2045.jpeg\",\"datePublished\":\"2025-07-13T17:27:43+00:00\",\"author\":{\"@id\":\"https:\/\/veritasinfo.org\/#\/schema\/person\/7701f8c088bece422266b100a712374f\"},\"breadcrumb\":{\"@id\":\"https:\/\/veritasinfo.org\/?p=3664#breadcrumb\"},\"inLanguage\":\"en-US\",\"potentialAction\":[{\"@type\":\"ReadAction\",\"target\":[\"https:\/\/veritasinfo.org\/?p=3664\"]}]},{\"@type\":\"ImageObject\",\"inLanguage\":\"en-US\",\"@id\":\"https:\/\/veritasinfo.org\/?p=3664#primaryimage\",\"url\":\"https:\/\/veritasinfo.org\/wp-content\/uploads\/2025\/07\/IMG_2045.jpeg\",\"contentUrl\":\"https:\/\/veritasinfo.org\/wp-content\/uploads\/2025\/07\/IMG_2045.jpeg\",\"width\":650,\"height\":366},{\"@type\":\"BreadcrumbList\",\"@id\":\"https:\/\/veritasinfo.org\/?p=3664#breadcrumb\",\"itemListElement\":[{\"@type\":\"ListItem\",\"position\":1,\"name\":\"Home\",\"item\":\"https:\/\/veritasinfo.org\/\"},{\"@type\":\"ListItem\",\"position\":2,\"name\":\"UNESCO i jep Maqedonis\u00eb s\u00eb Veriut edhe nj\u00eb shans p\u00ebr Ohrin\"}]},{\"@type\":\"WebSite\",\"@id\":\"https:\/\/veritasinfo.org\/#website\",\"url\":\"https:\/\/veritasinfo.org\/\",\"name\":\"\",\"description\":\"\",\"potentialAction\":[{\"@type\":\"SearchAction\",\"target\":{\"@type\":\"EntryPoint\",\"urlTemplate\":\"https:\/\/veritasinfo.org\/?s={search_term_string}\"},\"query-input\":{\"@type\":\"PropertyValueSpecification\",\"valueRequired\":true,\"valueName\":\"search_term_string\"}}],\"inLanguage\":\"en-US\"},{\"@type\":\"Person\",\"@id\":\"https:\/\/veritasinfo.org\/#\/schema\/person\/7701f8c088bece422266b100a712374f\",\"name\":\"admin\",\"image\":{\"@type\":\"ImageObject\",\"inLanguage\":\"en-US\",\"@id\":\"https:\/\/veritasinfo.org\/#\/schema\/person\/image\/\",\"url\":\"https:\/\/secure.gravatar.com\/avatar\/ea53aa3bf6c9a12d5fde8ce4deff43fef3885ae33cf60184161a50d6987cfd2f?s=96&d=mm&r=g\",\"contentUrl\":\"https:\/\/secure.gravatar.com\/avatar\/ea53aa3bf6c9a12d5fde8ce4deff43fef3885ae33cf60184161a50d6987cfd2f?s=96&d=mm&r=g\",\"caption\":\"admin\"},\"sameAs\":[\"https:\/\/veritasinfo.org\"],\"url\":\"https:\/\/veritasinfo.org\/?author=1\"}]}<\/script>\n<!-- \/ Yoast SEO plugin. -->","yoast_head_json":{"title":"UNESCO i jep Maqedonis\u00eb s\u00eb Veriut edhe nj\u00eb shans p\u00ebr Ohrin -","robots":{"index":"index","follow":"follow","max-snippet":"max-snippet:-1","max-image-preview":"max-image-preview:large","max-video-preview":"max-video-preview:-1"},"canonical":"https:\/\/veritasinfo.org\/?p=3664","og_locale":"en_US","og_type":"article","og_title":"UNESCO i jep Maqedonis\u00eb s\u00eb Veriut edhe nj\u00eb shans p\u00ebr Ohrin -","og_description":"Oh\u00ebr, 13 Korrik 2025 Komiteti p\u00ebr Trash\u00ebgimin\u00eb Bot\u00ebrore i UNESCO-s, n\u00eb mbledhjen e 47-t\u00eb n\u00eb Paris, miratoi nj\u00eb amendament t\u00eb propozuar nga p\u00ebrfaq\u00ebsuesit maqedonas, me","og_url":"https:\/\/veritasinfo.org\/?p=3664","article_published_time":"2025-07-13T17:27:43+00:00","og_image":[{"width":650,"height":366,"url":"https:\/\/veritasinfo.org\/wp-content\/uploads\/2025\/07\/IMG_2045.jpeg","type":"image\/jpeg"}],"author":"admin","twitter_card":"summary_large_image","twitter_misc":{"Written by":"admin","Est. reading time":"2 minutes"},"schema":{"@context":"https:\/\/schema.org","@graph":[{"@type":"WebPage","@id":"https:\/\/veritasinfo.org\/?p=3664","url":"https:\/\/veritasinfo.org\/?p=3664","name":"UNESCO i jep Maqedonis\u00eb s\u00eb Veriut edhe nj\u00eb shans p\u00ebr Ohrin -","isPartOf":{"@id":"https:\/\/veritasinfo.org\/#website"},"primaryImageOfPage":{"@id":"https:\/\/veritasinfo.org\/?p=3664#primaryimage"},"image":{"@id":"https:\/\/veritasinfo.org\/?p=3664#primaryimage"},"thumbnailUrl":"https:\/\/veritasinfo.org\/wp-content\/uploads\/2025\/07\/IMG_2045.jpeg","datePublished":"2025-07-13T17:27:43+00:00","author":{"@id":"https:\/\/veritasinfo.org\/#\/schema\/person\/7701f8c088bece422266b100a712374f"},"breadcrumb":{"@id":"https:\/\/veritasinfo.org\/?p=3664#breadcrumb"},"inLanguage":"en-US","potentialAction":[{"@type":"ReadAction","target":["https:\/\/veritasinfo.org\/?p=3664"]}]},{"@type":"ImageObject","inLanguage":"en-US","@id":"https:\/\/veritasinfo.org\/?p=3664#primaryimage","url":"https:\/\/veritasinfo.org\/wp-content\/uploads\/2025\/07\/IMG_2045.jpeg","contentUrl":"https:\/\/veritasinfo.org\/wp-content\/uploads\/2025\/07\/IMG_2045.jpeg","width":650,"height":366},{"@type":"BreadcrumbList","@id":"https:\/\/veritasinfo.org\/?p=3664#breadcrumb","itemListElement":[{"@type":"ListItem","position":1,"name":"Home","item":"https:\/\/veritasinfo.org\/"},{"@type":"ListItem","position":2,"name":"UNESCO i jep Maqedonis\u00eb s\u00eb Veriut edhe nj\u00eb shans p\u00ebr Ohrin"}]},{"@type":"WebSite","@id":"https:\/\/veritasinfo.org\/#website","url":"https:\/\/veritasinfo.org\/","name":"","description":"","potentialAction":[{"@type":"SearchAction","target":{"@type":"EntryPoint","urlTemplate":"https:\/\/veritasinfo.org\/?s={search_term_string}"},"query-input":{"@type":"PropertyValueSpecification","valueRequired":true,"valueName":"search_term_string"}}],"inLanguage":"en-US"},{"@type":"Person","@id":"https:\/\/veritasinfo.org\/#\/schema\/person\/7701f8c088bece422266b100a712374f","name":"admin","image":{"@type":"ImageObject","inLanguage":"en-US","@id":"https:\/\/veritasinfo.org\/#\/schema\/person\/image\/","url":"https:\/\/secure.gravatar.com\/avatar\/ea53aa3bf6c9a12d5fde8ce4deff43fef3885ae33cf60184161a50d6987cfd2f?s=96&d=mm&r=g","contentUrl":"https:\/\/secure.gravatar.com\/avatar\/ea53aa3bf6c9a12d5fde8ce4deff43fef3885ae33cf60184161a50d6987cfd2f?s=96&d=mm&r=g","caption":"admin"},"sameAs":["https:\/\/veritasinfo.org"],"url":"https:\/\/veritasinfo.org\/?author=1"}]}},"featured_image_urls":{"full":["https:\/\/veritasinfo.org\/wp-content\/uploads\/2025\/07\/IMG_2045.jpeg",650,366,false],"thumbnail":["https:\/\/veritasinfo.org\/wp-content\/uploads\/2025\/07\/IMG_2045-150x150.jpeg",150,150,true],"medium":["https:\/\/veritasinfo.org\/wp-content\/uploads\/2025\/07\/IMG_2045-300x169.jpeg",300,169,true],"medium_large":["https:\/\/veritasinfo.org\/wp-content\/uploads\/2025\/07\/IMG_2045.jpeg",640,360,false],"large":["https:\/\/veritasinfo.org\/wp-content\/uploads\/2025\/07\/IMG_2045.jpeg",640,360,false],"1536x1536":["https:\/\/veritasinfo.org\/wp-content\/uploads\/2025\/07\/IMG_2045.jpeg",650,366,false],"2048x2048":["https:\/\/veritasinfo.org\/wp-content\/uploads\/2025\/07\/IMG_2045.jpeg",650,366,false],"kreeti-slider-full":["https:\/\/veritasinfo.org\/wp-content\/uploads\/2025\/07\/IMG_2045.jpeg",650,366,false],"kreeti-featured":["https:\/\/veritasinfo.org\/wp-content\/uploads\/2025\/07\/IMG_2045.jpeg",650,366,false],"kreeti-medium":["https:\/\/veritasinfo.org\/wp-content\/uploads\/2025\/07\/IMG_2045.jpeg",650,366,false],"kreeti-medium-square":["https:\/\/veritasinfo.org\/wp-content\/uploads\/2025\/07\/IMG_2045.jpeg",350,197,false]},"author_info":{"info":["admin"]},"category_info":"<a href=\"https:\/\/veritasinfo.org\/?cat=54\" rel=\"category\">Kultur\u00eb<\/a>","tag_info":"Kultur\u00eb","comment_count":"0","_links":{"self":[{"href":"https:\/\/veritasinfo.org\/index.php?rest_route=\/wp\/v2\/posts\/3664","targetHints":{"allow":["GET"]}}],"collection":[{"href":"https:\/\/veritasinfo.org\/index.php?rest_route=\/wp\/v2\/posts"}],"about":[{"href":"https:\/\/veritasinfo.org\/index.php?rest_route=\/wp\/v2\/types\/post"}],"author":[{"embeddable":true,"href":"https:\/\/veritasinfo.org\/index.php?rest_route=\/wp\/v2\/users\/1"}],"replies":[{"embeddable":true,"href":"https:\/\/veritasinfo.org\/index.php?rest_route=%2Fwp%2Fv2%2Fcomments&post=3664"}],"version-history":[{"count":1,"href":"https:\/\/veritasinfo.org\/index.php?rest_route=\/wp\/v2\/posts\/3664\/revisions"}],"predecessor-version":[{"id":3666,"href":"https:\/\/veritasinfo.org\/index.php?rest_route=\/wp\/v2\/posts\/3664\/revisions\/3666"}],"wp:featuredmedia":[{"embeddable":true,"href":"https:\/\/veritasinfo.org\/index.php?rest_route=\/wp\/v2\/media\/3665"}],"wp:attachment":[{"href":"https:\/\/veritasinfo.org\/index.php?rest_route=%2Fwp%2Fv2%2Fmedia&parent=3664"}],"wp:term":[{"taxonomy":"category","embeddable":true,"href":"https:\/\/veritasinfo.org\/index.php?rest_route=%2Fwp%2Fv2%2Fcategories&post=3664"},{"taxonomy":"post_tag","embeddable":true,"href":"https:\/\/veritasinfo.org\/index.php?rest_route=%2Fwp%2Fv2%2Ftags&post=3664"}],"curies":[{"name":"wp","href":"https:\/\/api.w.org\/{rel}","templated":true}]}}