{"id":36630,"date":"2026-03-09T07:00:41","date_gmt":"2026-03-09T06:00:41","guid":{"rendered":"https:\/\/veritasinfo.org\/?p=36630"},"modified":"2026-03-09T07:00:41","modified_gmt":"2026-03-09T06:00:41","slug":"vlada-reaguje-na-rasicevu-izjavu-o-zemljistu-manastira-decani","status":"publish","type":"post","link":"https:\/\/veritasinfo.org\/?p=36630&lang=sr","title":{"rendered":"Vlada reaguje na Ra\u0161ic\u0301evu izjavu o zemlji\u0161tu manastira De\u010dani"},"content":{"rendered":"<p>Pri\u0161tina, 9. mart 2026. 6:54<\/p>\n<p>Portparol Vlade Kosova, Arljind Mand\u017euka, reagovao je na izjavu ministra za zajednice i povratak, Nenada Ra\u0161ic\u0301a, prema kojem mu je Kurti rekao da je sprovo\u0111enje odluke o zemlji\u0161tu manastira De\u010dani ura\u0111eno \u201eza njegovo dobro\u201c.<\/p>\n<p>Mand\u017euka je rekao da je odluka o sprovo\u0111enju presude Ustavnog suda o ovom slu\u010daju doneta nakon razgovora sa izvestiocem u Savetu Evrope.<\/p>\n<p>Rekao je da je Ra\u0161ic\u0301 napravio gre\u0161ku i da je Kurti, \u201eradi sebe\u201c, posetio patrijarha Porfirija za pravoslavni Bo\u017eic\u0301 2023. godine.<\/p>\n<p>\u201eOd prvog dana u Kurtiju 2 u martu 2021. godine, ambasadori Kvinte, ali i ministar Ra\u0161ic\u0301, tra\u017eili su sprovo\u0111enje presude Ustavnog suda, ali se to dogodilo tek u kontekstu razgovora sa izvestiocem Saveta Evrope, Bakojani, tri godine kasnije, u martu 2024. Ono \u0161to je zbunilo ministra Nenada Ra\u0161ic\u0301a jeste prihvatanje njegovog zahteva za posetu patrijarha Porfirija za pravoslavni Bo\u017eic\u0301 2023. godine, kao \u0161to mo\u017eete videti na fotografiji ispod\u201c, napisao je Mand\u017euka na Fejsbuku.<\/p>\n","protected":false},"excerpt":{"rendered":"<p>Pri\u0161tina, 9. mart 2026. 6:54 Portparol Vlade Kosova, Arljind Mand\u017euka, reagovao je na izjavu ministra za zajednice i povratak, Nenada Ra\u0161ic\u0301a, prema kojem mu je<\/p>\n","protected":false},"author":7,"featured_media":36628,"comment_status":"open","ping_status":"open","sticky":false,"template":"","format":"standard","meta":{"footnotes":""},"categories":[28],"tags":[],"class_list":["post-36630","post","type-post","status-publish","format-standard","has-post-thumbnail","hentry","category-politika"],"yoast_head":"<!-- This site is optimized with the Yoast SEO plugin v25.3.1 - https:\/\/yoast.com\/wordpress\/plugins\/seo\/ -->\n<title>Vlada reaguje na Ra\u0161ic\u0301evu izjavu o zemlji\u0161tu manastira De\u010dani -<\/title>\n<meta name=\"robots\" content=\"index, follow, max-snippet:-1, max-image-preview:large, max-video-preview:-1\" \/>\n<link rel=\"canonical\" href=\"https:\/\/veritasinfo.org\/?p=36630&lang=sr\" \/>\n<meta property=\"og:locale\" content=\"en_US\" \/>\n<meta property=\"og:type\" content=\"article\" \/>\n<meta property=\"og:title\" content=\"Vlada reaguje na Ra\u0161ic\u0301evu izjavu o zemlji\u0161tu manastira De\u010dani -\" \/>\n<meta property=\"og:description\" content=\"Pri\u0161tina, 9. mart 2026. 6:54 Portparol Vlade Kosova, Arljind Mand\u017euka, reagovao je na izjavu ministra za zajednice i povratak, Nenada Ra\u0161ic\u0301a, prema kojem mu je\" \/>\n<meta property=\"og:url\" content=\"https:\/\/veritasinfo.org\/?p=36630&amp;lang=sr\" \/>\n<meta property=\"article:published_time\" content=\"2026-03-09T06:00:41+00:00\" \/>\n<meta property=\"og:image\" content=\"https:\/\/veritasinfo.org\/wp-content\/uploads\/2026\/03\/images-8.jpeg\" \/>\n\t<meta property=\"og:image:width\" content=\"576\" \/>\n\t<meta property=\"og:image:height\" content=\"384\" \/>\n\t<meta property=\"og:image:type\" content=\"image\/jpeg\" \/>\n<meta name=\"author\" content=\"US6\" \/>\n<meta name=\"twitter:card\" content=\"summary_large_image\" \/>\n<meta name=\"twitter:label1\" content=\"Written by\" \/>\n\t<meta name=\"twitter:data1\" content=\"US6\" \/>\n\t<meta name=\"twitter:label2\" content=\"Est. reading time\" \/>\n\t<meta name=\"twitter:data2\" content=\"1 minute\" \/>\n<script type=\"application\/ld+json\" class=\"yoast-schema-graph\">{\"@context\":\"https:\/\/schema.org\",\"@graph\":[{\"@type\":\"WebPage\",\"@id\":\"https:\/\/veritasinfo.org\/?p=36630&lang=sr\",\"url\":\"https:\/\/veritasinfo.org\/?p=36630&lang=sr\",\"name\":\"Vlada reaguje na Ra\u0161ic\u0301evu izjavu o zemlji\u0161tu manastira De\u010dani -\",\"isPartOf\":{\"@id\":\"https:\/\/veritasinfo.org\/#website\"},\"primaryImageOfPage\":{\"@id\":\"https:\/\/veritasinfo.org\/?p=36630&lang=sr#primaryimage\"},\"image\":{\"@id\":\"https:\/\/veritasinfo.org\/?p=36630&lang=sr#primaryimage\"},\"thumbnailUrl\":\"https:\/\/veritasinfo.org\/wp-content\/uploads\/2026\/03\/images-8.jpeg\",\"datePublished\":\"2026-03-09T06:00:41+00:00\",\"author\":{\"@id\":\"https:\/\/veritasinfo.org\/#\/schema\/person\/fe199eede04c3937362892b7444747cc\"},\"breadcrumb\":{\"@id\":\"https:\/\/veritasinfo.org\/?p=36630&lang=sr#breadcrumb\"},\"inLanguage\":\"en-US\",\"potentialAction\":[{\"@type\":\"ReadAction\",\"target\":[\"https:\/\/veritasinfo.org\/?p=36630&lang=sr\"]}]},{\"@type\":\"ImageObject\",\"inLanguage\":\"en-US\",\"@id\":\"https:\/\/veritasinfo.org\/?p=36630&lang=sr#primaryimage\",\"url\":\"https:\/\/veritasinfo.org\/wp-content\/uploads\/2026\/03\/images-8.jpeg\",\"contentUrl\":\"https:\/\/veritasinfo.org\/wp-content\/uploads\/2026\/03\/images-8.jpeg\",\"width\":576,\"height\":384},{\"@type\":\"BreadcrumbList\",\"@id\":\"https:\/\/veritasinfo.org\/?p=36630&lang=sr#breadcrumb\",\"itemListElement\":[{\"@type\":\"ListItem\",\"position\":1,\"name\":\"Home\",\"item\":\"https:\/\/veritasinfo.org\/\"},{\"@type\":\"ListItem\",\"position\":2,\"name\":\"Vlada reaguje na Ra\u0161ic\u0301evu izjavu o zemlji\u0161tu manastira De\u010dani\"}]},{\"@type\":\"WebSite\",\"@id\":\"https:\/\/veritasinfo.org\/#website\",\"url\":\"https:\/\/veritasinfo.org\/\",\"name\":\"\",\"description\":\"\",\"potentialAction\":[{\"@type\":\"SearchAction\",\"target\":{\"@type\":\"EntryPoint\",\"urlTemplate\":\"https:\/\/veritasinfo.org\/?s={search_term_string}\"},\"query-input\":{\"@type\":\"PropertyValueSpecification\",\"valueRequired\":true,\"valueName\":\"search_term_string\"}}],\"inLanguage\":\"en-US\"},{\"@type\":\"Person\",\"@id\":\"https:\/\/veritasinfo.org\/#\/schema\/person\/fe199eede04c3937362892b7444747cc\",\"name\":\"US6\",\"image\":{\"@type\":\"ImageObject\",\"inLanguage\":\"en-US\",\"@id\":\"https:\/\/veritasinfo.org\/#\/schema\/person\/image\/\",\"url\":\"https:\/\/secure.gravatar.com\/avatar\/cb16c3c31c9d23b9b8c705964598220b3014e42ff51eb540ff23cefa3ae8c15f?s=96&d=mm&r=g\",\"contentUrl\":\"https:\/\/secure.gravatar.com\/avatar\/cb16c3c31c9d23b9b8c705964598220b3014e42ff51eb540ff23cefa3ae8c15f?s=96&d=mm&r=g\",\"caption\":\"US6\"},\"url\":\"https:\/\/veritasinfo.org\/?author=7\"}]}<\/script>\n<!-- \/ Yoast SEO plugin. -->","yoast_head_json":{"title":"Vlada reaguje na Ra\u0161ic\u0301evu izjavu o zemlji\u0161tu manastira De\u010dani -","robots":{"index":"index","follow":"follow","max-snippet":"max-snippet:-1","max-image-preview":"max-image-preview:large","max-video-preview":"max-video-preview:-1"},"canonical":"https:\/\/veritasinfo.org\/?p=36630&lang=sr","og_locale":"en_US","og_type":"article","og_title":"Vlada reaguje na Ra\u0161ic\u0301evu izjavu o zemlji\u0161tu manastira De\u010dani -","og_description":"Pri\u0161tina, 9. mart 2026. 6:54 Portparol Vlade Kosova, Arljind Mand\u017euka, reagovao je na izjavu ministra za zajednice i povratak, Nenada Ra\u0161ic\u0301a, prema kojem mu je","og_url":"https:\/\/veritasinfo.org\/?p=36630&lang=sr","article_published_time":"2026-03-09T06:00:41+00:00","og_image":[{"width":576,"height":384,"url":"https:\/\/veritasinfo.org\/wp-content\/uploads\/2026\/03\/images-8.jpeg","type":"image\/jpeg"}],"author":"US6","twitter_card":"summary_large_image","twitter_misc":{"Written by":"US6","Est. reading time":"1 minute"},"schema":{"@context":"https:\/\/schema.org","@graph":[{"@type":"WebPage","@id":"https:\/\/veritasinfo.org\/?p=36630&lang=sr","url":"https:\/\/veritasinfo.org\/?p=36630&lang=sr","name":"Vlada reaguje na Ra\u0161ic\u0301evu izjavu o zemlji\u0161tu manastira De\u010dani -","isPartOf":{"@id":"https:\/\/veritasinfo.org\/#website"},"primaryImageOfPage":{"@id":"https:\/\/veritasinfo.org\/?p=36630&lang=sr#primaryimage"},"image":{"@id":"https:\/\/veritasinfo.org\/?p=36630&lang=sr#primaryimage"},"thumbnailUrl":"https:\/\/veritasinfo.org\/wp-content\/uploads\/2026\/03\/images-8.jpeg","datePublished":"2026-03-09T06:00:41+00:00","author":{"@id":"https:\/\/veritasinfo.org\/#\/schema\/person\/fe199eede04c3937362892b7444747cc"},"breadcrumb":{"@id":"https:\/\/veritasinfo.org\/?p=36630&lang=sr#breadcrumb"},"inLanguage":"en-US","potentialAction":[{"@type":"ReadAction","target":["https:\/\/veritasinfo.org\/?p=36630&lang=sr"]}]},{"@type":"ImageObject","inLanguage":"en-US","@id":"https:\/\/veritasinfo.org\/?p=36630&lang=sr#primaryimage","url":"https:\/\/veritasinfo.org\/wp-content\/uploads\/2026\/03\/images-8.jpeg","contentUrl":"https:\/\/veritasinfo.org\/wp-content\/uploads\/2026\/03\/images-8.jpeg","width":576,"height":384},{"@type":"BreadcrumbList","@id":"https:\/\/veritasinfo.org\/?p=36630&lang=sr#breadcrumb","itemListElement":[{"@type":"ListItem","position":1,"name":"Home","item":"https:\/\/veritasinfo.org\/"},{"@type":"ListItem","position":2,"name":"Vlada reaguje na Ra\u0161ic\u0301evu izjavu o zemlji\u0161tu manastira De\u010dani"}]},{"@type":"WebSite","@id":"https:\/\/veritasinfo.org\/#website","url":"https:\/\/veritasinfo.org\/","name":"","description":"","potentialAction":[{"@type":"SearchAction","target":{"@type":"EntryPoint","urlTemplate":"https:\/\/veritasinfo.org\/?s={search_term_string}"},"query-input":{"@type":"PropertyValueSpecification","valueRequired":true,"valueName":"search_term_string"}}],"inLanguage":"en-US"},{"@type":"Person","@id":"https:\/\/veritasinfo.org\/#\/schema\/person\/fe199eede04c3937362892b7444747cc","name":"US6","image":{"@type":"ImageObject","inLanguage":"en-US","@id":"https:\/\/veritasinfo.org\/#\/schema\/person\/image\/","url":"https:\/\/secure.gravatar.com\/avatar\/cb16c3c31c9d23b9b8c705964598220b3014e42ff51eb540ff23cefa3ae8c15f?s=96&d=mm&r=g","contentUrl":"https:\/\/secure.gravatar.com\/avatar\/cb16c3c31c9d23b9b8c705964598220b3014e42ff51eb540ff23cefa3ae8c15f?s=96&d=mm&r=g","caption":"US6"},"url":"https:\/\/veritasinfo.org\/?author=7"}]}},"featured_image_urls":{"full":["https:\/\/veritasinfo.org\/wp-content\/uploads\/2026\/03\/images-8.jpeg",576,384,false],"thumbnail":["https:\/\/veritasinfo.org\/wp-content\/uploads\/2026\/03\/images-8-150x150.jpeg",150,150,true],"medium":["https:\/\/veritasinfo.org\/wp-content\/uploads\/2026\/03\/images-8-300x200.jpeg",300,200,true],"medium_large":["https:\/\/veritasinfo.org\/wp-content\/uploads\/2026\/03\/images-8.jpeg",576,384,false],"large":["https:\/\/veritasinfo.org\/wp-content\/uploads\/2026\/03\/images-8.jpeg",576,384,false],"1536x1536":["https:\/\/veritasinfo.org\/wp-content\/uploads\/2026\/03\/images-8.jpeg",576,384,false],"2048x2048":["https:\/\/veritasinfo.org\/wp-content\/uploads\/2026\/03\/images-8.jpeg",576,384,false],"kreeti-slider-full":["https:\/\/veritasinfo.org\/wp-content\/uploads\/2026\/03\/images-8.jpeg",576,384,false],"kreeti-featured":["https:\/\/veritasinfo.org\/wp-content\/uploads\/2026\/03\/images-8.jpeg",576,384,false],"kreeti-medium":["https:\/\/veritasinfo.org\/wp-content\/uploads\/2026\/03\/images-8.jpeg",576,384,false],"kreeti-medium-square":["https:\/\/veritasinfo.org\/wp-content\/uploads\/2026\/03\/images-8.jpeg",350,233,false]},"author_info":{"info":["US6"]},"category_info":"<a href=\"https:\/\/veritasinfo.org\/?cat=28&#038;lang=sr\" rel=\"category\">Politika<\/a>","tag_info":"Politika","comment_count":"0","_links":{"self":[{"href":"https:\/\/veritasinfo.org\/index.php?rest_route=\/wp\/v2\/posts\/36630","targetHints":{"allow":["GET"]}}],"collection":[{"href":"https:\/\/veritasinfo.org\/index.php?rest_route=\/wp\/v2\/posts"}],"about":[{"href":"https:\/\/veritasinfo.org\/index.php?rest_route=\/wp\/v2\/types\/post"}],"author":[{"embeddable":true,"href":"https:\/\/veritasinfo.org\/index.php?rest_route=\/wp\/v2\/users\/7"}],"replies":[{"embeddable":true,"href":"https:\/\/veritasinfo.org\/index.php?rest_route=%2Fwp%2Fv2%2Fcomments&post=36630"}],"version-history":[{"count":1,"href":"https:\/\/veritasinfo.org\/index.php?rest_route=\/wp\/v2\/posts\/36630\/revisions"}],"predecessor-version":[{"id":36631,"href":"https:\/\/veritasinfo.org\/index.php?rest_route=\/wp\/v2\/posts\/36630\/revisions\/36631"}],"wp:featuredmedia":[{"embeddable":true,"href":"https:\/\/veritasinfo.org\/index.php?rest_route=\/wp\/v2\/media\/36628"}],"wp:attachment":[{"href":"https:\/\/veritasinfo.org\/index.php?rest_route=%2Fwp%2Fv2%2Fmedia&parent=36630"}],"wp:term":[{"taxonomy":"category","embeddable":true,"href":"https:\/\/veritasinfo.org\/index.php?rest_route=%2Fwp%2Fv2%2Fcategories&post=36630"},{"taxonomy":"post_tag","embeddable":true,"href":"https:\/\/veritasinfo.org\/index.php?rest_route=%2Fwp%2Fv2%2Ftags&post=36630"}],"curies":[{"name":"wp","href":"https:\/\/api.w.org\/{rel}","templated":true}]}}