{"id":36609,"date":"2026-03-08T21:04:56","date_gmt":"2026-03-08T20:04:56","guid":{"rendered":"https:\/\/veritasinfo.org\/?p=36609"},"modified":"2026-03-08T21:04:56","modified_gmt":"2026-03-08T20:04:56","slug":"surroi-lufta-ne-maqedoni-rrezikonte-pershkallezim-te-madh-rajonal","status":"publish","type":"post","link":"https:\/\/veritasinfo.org\/?p=36609","title":{"rendered":"Surroi: Lufta n\u00eb Maqedoni rrezikonte p\u00ebrshkall\u00ebzim t\u00eb madh rajonal"},"content":{"rendered":"<p>Prishtin\u00eb, 8 mars 2026 21:03<\/p>\n<p>Publicisti Veton Surroi ka kujtuar nj\u00eb episod nga periudha e pasluft\u00ebs n\u00eb Kosov\u00eb, duke treguar se fillimi i konfliktit t\u00eb armatosur n\u00eb Maqedonia e Veriut n\u00eb vitin 2001 rrezikonte t\u00eb shkaktonte pasoja t\u00eb m\u00ebdha n\u00eb rajon, nd\u00ebrsa reagimi i administrat\u00ebs nd\u00ebrkomb\u00ebtare ishte i ngadalsh\u00ebm.<\/p>\n<p>N\u00eb nj\u00eb bashk\u00ebbisedim n\u00eb podcastin \u201cPIK\u00cb\u201d me aktivistin politik Blerim Shala, Surroi tregoi se n\u00eb at\u00eb koh\u00eb kishte pasur kontakte me figura politike shqiptare n\u00eb Maqedoni, p\u00ebrfshir\u00eb liderin e at\u00ebhersh\u00ebm t\u00eb Partis\u00eb Demokratike Shqiptare, Arb\u00ebn Xhaferi, me q\u00ebllim q\u00eb konflikti t\u00eb ndalej dhe t\u00eb hapej nj\u00eb proces politik.<\/p>\n<p>Sipas Surroit, ai kishte k\u00ebrkuar nj\u00eb takim urgjent me administratorin e at\u00ebhersh\u00ebm t\u00eb Kosov\u00ebs n\u00eb kuad\u00ebr t\u00eb UNMIK, Hans H\u00e6kkerup, p\u00ebr t\u00eb paralajm\u00ebruar p\u00ebr rrezikun e p\u00ebrshkall\u00ebzimit t\u00eb situat\u00ebs.<\/p>\n<p>\u201c\u00cbsht\u00eb e premte, ora pes\u00eb dhe k\u00ebrkova takim urgjent, sepse kishte rrezik q\u00eb t\u00eb fillonte nj\u00eb luft\u00eb me reperkusione shum\u00eb t\u00eb m\u00ebdha. Por m\u00eb than\u00eb se ai nuk punon t\u00eb shtunave dhe t\u00eb dielave\u201d, tregoi Surroi.<\/p>\n<p>N\u00eb t\u00eb nj\u00ebjtin diskutim, Shala theksoi se konflikti n\u00eb Maqedoni dhe tensionet n\u00eb Lugina e Preshev\u00ebs ishin, sipas tij, pasoja indirekte t\u00eb ndryshimit t\u00eb madh t\u00eb situat\u00ebs s\u00eb siguris\u00eb n\u00eb rajon pas nd\u00ebrhyrjes s\u00eb NATO-s dhe vendosjes s\u00eb KFOR-it n\u00eb Kosov\u00eb n\u00eb vitin 1999.<\/p>\n<p>Ai shtoi se nj\u00eb nga pretekstet q\u00eb u p\u00ebrdor p\u00ebr p\u00ebrshkall\u00ebzimin e situat\u00ebs ishte marr\u00ebveshja p\u00ebr demarkacionin e kufirit nd\u00ebrmjet Jugosllavis\u00eb dhe Maqedonis\u00eb, e cila p\u00ebrfshinte rreth 2200 hektar\u00eb territor t\u00eb Kosov\u00ebs, pa u konsultuar me institucionet nd\u00ebrkomb\u00ebtare q\u00eb administronin vendin n\u00eb at\u00eb koh\u00eb.<\/p>\n<p>N\u00eb bised\u00eb u p\u00ebrmend edhe vizita e presidentit amerikan George W. Bush n\u00eb vitin 2001 n\u00eb baz\u00ebn ushtarake Camp Bondsteel n\u00eb Kosov\u00eb. Sipas Shal\u00ebs, gjat\u00eb asaj vizite Bush kishte k\u00ebrkuar sqarime p\u00ebr situat\u00ebn n\u00eb Kosov\u00eb, nd\u00ebrsa nj\u00eb nga diplomat\u00ebt amerikan\u00eb i kishte th\u00ebn\u00eb se \u00e7\u00ebshtja n\u00eb thelb lidhej me pavar\u00ebsin\u00eb e Kosov\u00ebs.<\/p>\n<p>Shala theksoi se n\u00eb at\u00eb periudh\u00eb kishte edhe debate brenda administrat\u00ebs amerikane p\u00ebr pranin\u00eb ushtarake n\u00eb Kosov\u00eb, pasi Bushi gjat\u00eb fushat\u00ebs zgjedhore kishte paralajm\u00ebruar mund\u00ebsin\u00eb e t\u00ebrheqjes s\u00eb trupave amerikane. Megjithat\u00eb, sipas tij, sekretari amerikan i Shtetit Colin Powell kishte argumentuar se trupat e NATO-s duhet t\u00eb q\u00ebndronin n\u00eb Kosov\u00eb s\u00eb bashku me aleat\u00ebt.<\/p>\n<p>&nbsp;<\/p>\n","protected":false},"excerpt":{"rendered":"<p>Prishtin\u00eb, 8 mars 2026 21:03 Publicisti Veton Surroi ka kujtuar nj\u00eb episod nga periudha e pasluft\u00ebs n\u00eb Kosov\u00eb, duke treguar se fillimi i konfliktit t\u00eb<\/p>\n","protected":false},"author":7,"featured_media":36610,"comment_status":"open","ping_status":"open","sticky":false,"template":"","format":"standard","meta":{"footnotes":""},"categories":[109],"tags":[],"class_list":["post-36609","post","type-post","status-publish","format-standard","has-post-thumbnail","hentry","category-siguri"],"yoast_head":"<!-- This site is optimized with the Yoast SEO plugin v25.3.1 - https:\/\/yoast.com\/wordpress\/plugins\/seo\/ -->\n<title>Surroi: Lufta n\u00eb Maqedoni rrezikonte p\u00ebrshkall\u00ebzim t\u00eb madh rajonal -<\/title>\n<meta name=\"robots\" content=\"index, follow, max-snippet:-1, max-image-preview:large, max-video-preview:-1\" \/>\n<link rel=\"canonical\" href=\"https:\/\/veritasinfo.org\/?p=36609\" \/>\n<meta property=\"og:locale\" content=\"en_US\" \/>\n<meta property=\"og:type\" content=\"article\" \/>\n<meta property=\"og:title\" content=\"Surroi: Lufta n\u00eb Maqedoni rrezikonte p\u00ebrshkall\u00ebzim t\u00eb madh rajonal -\" \/>\n<meta property=\"og:description\" content=\"Prishtin\u00eb, 8 mars 2026 21:03 Publicisti Veton Surroi ka kujtuar nj\u00eb episod nga periudha e pasluft\u00ebs n\u00eb Kosov\u00eb, duke treguar se fillimi i konfliktit t\u00eb\" \/>\n<meta property=\"og:url\" content=\"https:\/\/veritasinfo.org\/?p=36609\" \/>\n<meta property=\"article:published_time\" content=\"2026-03-08T20:04:56+00:00\" \/>\n<meta property=\"og:image\" content=\"https:\/\/veritasinfo.org\/wp-content\/uploads\/2026\/03\/1-35.jpg\" \/>\n\t<meta property=\"og:image:width\" content=\"646\" \/>\n\t<meta property=\"og:image:height\" content=\"411\" \/>\n\t<meta property=\"og:image:type\" content=\"image\/jpeg\" \/>\n<meta name=\"author\" content=\"US6\" \/>\n<meta name=\"twitter:card\" content=\"summary_large_image\" \/>\n<meta name=\"twitter:label1\" content=\"Written by\" \/>\n\t<meta name=\"twitter:data1\" content=\"US6\" \/>\n\t<meta name=\"twitter:label2\" content=\"Est. reading time\" \/>\n\t<meta name=\"twitter:data2\" content=\"2 minutes\" \/>\n<script type=\"application\/ld+json\" class=\"yoast-schema-graph\">{\"@context\":\"https:\/\/schema.org\",\"@graph\":[{\"@type\":\"WebPage\",\"@id\":\"https:\/\/veritasinfo.org\/?p=36609\",\"url\":\"https:\/\/veritasinfo.org\/?p=36609\",\"name\":\"Surroi: Lufta n\u00eb Maqedoni rrezikonte p\u00ebrshkall\u00ebzim t\u00eb madh rajonal -\",\"isPartOf\":{\"@id\":\"https:\/\/veritasinfo.org\/#website\"},\"primaryImageOfPage\":{\"@id\":\"https:\/\/veritasinfo.org\/?p=36609#primaryimage\"},\"image\":{\"@id\":\"https:\/\/veritasinfo.org\/?p=36609#primaryimage\"},\"thumbnailUrl\":\"https:\/\/veritasinfo.org\/wp-content\/uploads\/2026\/03\/1-35.jpg\",\"datePublished\":\"2026-03-08T20:04:56+00:00\",\"author\":{\"@id\":\"https:\/\/veritasinfo.org\/#\/schema\/person\/fe199eede04c3937362892b7444747cc\"},\"breadcrumb\":{\"@id\":\"https:\/\/veritasinfo.org\/?p=36609#breadcrumb\"},\"inLanguage\":\"en-US\",\"potentialAction\":[{\"@type\":\"ReadAction\",\"target\":[\"https:\/\/veritasinfo.org\/?p=36609\"]}]},{\"@type\":\"ImageObject\",\"inLanguage\":\"en-US\",\"@id\":\"https:\/\/veritasinfo.org\/?p=36609#primaryimage\",\"url\":\"https:\/\/veritasinfo.org\/wp-content\/uploads\/2026\/03\/1-35.jpg\",\"contentUrl\":\"https:\/\/veritasinfo.org\/wp-content\/uploads\/2026\/03\/1-35.jpg\",\"width\":646,\"height\":411},{\"@type\":\"BreadcrumbList\",\"@id\":\"https:\/\/veritasinfo.org\/?p=36609#breadcrumb\",\"itemListElement\":[{\"@type\":\"ListItem\",\"position\":1,\"name\":\"Home\",\"item\":\"https:\/\/veritasinfo.org\/\"},{\"@type\":\"ListItem\",\"position\":2,\"name\":\"Surroi: Lufta n\u00eb Maqedoni rrezikonte p\u00ebrshkall\u00ebzim t\u00eb madh rajonal\"}]},{\"@type\":\"WebSite\",\"@id\":\"https:\/\/veritasinfo.org\/#website\",\"url\":\"https:\/\/veritasinfo.org\/\",\"name\":\"\",\"description\":\"\",\"potentialAction\":[{\"@type\":\"SearchAction\",\"target\":{\"@type\":\"EntryPoint\",\"urlTemplate\":\"https:\/\/veritasinfo.org\/?s={search_term_string}\"},\"query-input\":{\"@type\":\"PropertyValueSpecification\",\"valueRequired\":true,\"valueName\":\"search_term_string\"}}],\"inLanguage\":\"en-US\"},{\"@type\":\"Person\",\"@id\":\"https:\/\/veritasinfo.org\/#\/schema\/person\/fe199eede04c3937362892b7444747cc\",\"name\":\"US6\",\"image\":{\"@type\":\"ImageObject\",\"inLanguage\":\"en-US\",\"@id\":\"https:\/\/veritasinfo.org\/#\/schema\/person\/image\/\",\"url\":\"https:\/\/secure.gravatar.com\/avatar\/cb16c3c31c9d23b9b8c705964598220b3014e42ff51eb540ff23cefa3ae8c15f?s=96&d=mm&r=g\",\"contentUrl\":\"https:\/\/secure.gravatar.com\/avatar\/cb16c3c31c9d23b9b8c705964598220b3014e42ff51eb540ff23cefa3ae8c15f?s=96&d=mm&r=g\",\"caption\":\"US6\"},\"url\":\"https:\/\/veritasinfo.org\/?author=7\"}]}<\/script>\n<!-- \/ Yoast SEO plugin. -->","yoast_head_json":{"title":"Surroi: Lufta n\u00eb Maqedoni rrezikonte p\u00ebrshkall\u00ebzim t\u00eb madh rajonal -","robots":{"index":"index","follow":"follow","max-snippet":"max-snippet:-1","max-image-preview":"max-image-preview:large","max-video-preview":"max-video-preview:-1"},"canonical":"https:\/\/veritasinfo.org\/?p=36609","og_locale":"en_US","og_type":"article","og_title":"Surroi: Lufta n\u00eb Maqedoni rrezikonte p\u00ebrshkall\u00ebzim t\u00eb madh rajonal -","og_description":"Prishtin\u00eb, 8 mars 2026 21:03 Publicisti Veton Surroi ka kujtuar nj\u00eb episod nga periudha e pasluft\u00ebs n\u00eb Kosov\u00eb, duke treguar se fillimi i konfliktit t\u00eb","og_url":"https:\/\/veritasinfo.org\/?p=36609","article_published_time":"2026-03-08T20:04:56+00:00","og_image":[{"width":646,"height":411,"url":"https:\/\/veritasinfo.org\/wp-content\/uploads\/2026\/03\/1-35.jpg","type":"image\/jpeg"}],"author":"US6","twitter_card":"summary_large_image","twitter_misc":{"Written by":"US6","Est. reading time":"2 minutes"},"schema":{"@context":"https:\/\/schema.org","@graph":[{"@type":"WebPage","@id":"https:\/\/veritasinfo.org\/?p=36609","url":"https:\/\/veritasinfo.org\/?p=36609","name":"Surroi: Lufta n\u00eb Maqedoni rrezikonte p\u00ebrshkall\u00ebzim t\u00eb madh rajonal -","isPartOf":{"@id":"https:\/\/veritasinfo.org\/#website"},"primaryImageOfPage":{"@id":"https:\/\/veritasinfo.org\/?p=36609#primaryimage"},"image":{"@id":"https:\/\/veritasinfo.org\/?p=36609#primaryimage"},"thumbnailUrl":"https:\/\/veritasinfo.org\/wp-content\/uploads\/2026\/03\/1-35.jpg","datePublished":"2026-03-08T20:04:56+00:00","author":{"@id":"https:\/\/veritasinfo.org\/#\/schema\/person\/fe199eede04c3937362892b7444747cc"},"breadcrumb":{"@id":"https:\/\/veritasinfo.org\/?p=36609#breadcrumb"},"inLanguage":"en-US","potentialAction":[{"@type":"ReadAction","target":["https:\/\/veritasinfo.org\/?p=36609"]}]},{"@type":"ImageObject","inLanguage":"en-US","@id":"https:\/\/veritasinfo.org\/?p=36609#primaryimage","url":"https:\/\/veritasinfo.org\/wp-content\/uploads\/2026\/03\/1-35.jpg","contentUrl":"https:\/\/veritasinfo.org\/wp-content\/uploads\/2026\/03\/1-35.jpg","width":646,"height":411},{"@type":"BreadcrumbList","@id":"https:\/\/veritasinfo.org\/?p=36609#breadcrumb","itemListElement":[{"@type":"ListItem","position":1,"name":"Home","item":"https:\/\/veritasinfo.org\/"},{"@type":"ListItem","position":2,"name":"Surroi: Lufta n\u00eb Maqedoni rrezikonte p\u00ebrshkall\u00ebzim t\u00eb madh rajonal"}]},{"@type":"WebSite","@id":"https:\/\/veritasinfo.org\/#website","url":"https:\/\/veritasinfo.org\/","name":"","description":"","potentialAction":[{"@type":"SearchAction","target":{"@type":"EntryPoint","urlTemplate":"https:\/\/veritasinfo.org\/?s={search_term_string}"},"query-input":{"@type":"PropertyValueSpecification","valueRequired":true,"valueName":"search_term_string"}}],"inLanguage":"en-US"},{"@type":"Person","@id":"https:\/\/veritasinfo.org\/#\/schema\/person\/fe199eede04c3937362892b7444747cc","name":"US6","image":{"@type":"ImageObject","inLanguage":"en-US","@id":"https:\/\/veritasinfo.org\/#\/schema\/person\/image\/","url":"https:\/\/secure.gravatar.com\/avatar\/cb16c3c31c9d23b9b8c705964598220b3014e42ff51eb540ff23cefa3ae8c15f?s=96&d=mm&r=g","contentUrl":"https:\/\/secure.gravatar.com\/avatar\/cb16c3c31c9d23b9b8c705964598220b3014e42ff51eb540ff23cefa3ae8c15f?s=96&d=mm&r=g","caption":"US6"},"url":"https:\/\/veritasinfo.org\/?author=7"}]}},"featured_image_urls":{"full":["https:\/\/veritasinfo.org\/wp-content\/uploads\/2026\/03\/1-35.jpg",646,411,false],"thumbnail":["https:\/\/veritasinfo.org\/wp-content\/uploads\/2026\/03\/1-35-150x150.jpg",150,150,true],"medium":["https:\/\/veritasinfo.org\/wp-content\/uploads\/2026\/03\/1-35-300x191.jpg",300,191,true],"medium_large":["https:\/\/veritasinfo.org\/wp-content\/uploads\/2026\/03\/1-35.jpg",640,407,false],"large":["https:\/\/veritasinfo.org\/wp-content\/uploads\/2026\/03\/1-35.jpg",640,407,false],"1536x1536":["https:\/\/veritasinfo.org\/wp-content\/uploads\/2026\/03\/1-35.jpg",646,411,false],"2048x2048":["https:\/\/veritasinfo.org\/wp-content\/uploads\/2026\/03\/1-35.jpg",646,411,false],"kreeti-slider-full":["https:\/\/veritasinfo.org\/wp-content\/uploads\/2026\/03\/1-35.jpg",646,411,false],"kreeti-featured":["https:\/\/veritasinfo.org\/wp-content\/uploads\/2026\/03\/1-35.jpg",646,411,false],"kreeti-medium":["https:\/\/veritasinfo.org\/wp-content\/uploads\/2026\/03\/1-35.jpg",646,411,false],"kreeti-medium-square":["https:\/\/veritasinfo.org\/wp-content\/uploads\/2026\/03\/1-35.jpg",350,223,false]},"author_info":{"info":["US6"]},"category_info":"<a href=\"https:\/\/veritasinfo.org\/?cat=109\" rel=\"category\">Siguri<\/a>","tag_info":"Siguri","comment_count":"0","_links":{"self":[{"href":"https:\/\/veritasinfo.org\/index.php?rest_route=\/wp\/v2\/posts\/36609","targetHints":{"allow":["GET"]}}],"collection":[{"href":"https:\/\/veritasinfo.org\/index.php?rest_route=\/wp\/v2\/posts"}],"about":[{"href":"https:\/\/veritasinfo.org\/index.php?rest_route=\/wp\/v2\/types\/post"}],"author":[{"embeddable":true,"href":"https:\/\/veritasinfo.org\/index.php?rest_route=\/wp\/v2\/users\/7"}],"replies":[{"embeddable":true,"href":"https:\/\/veritasinfo.org\/index.php?rest_route=%2Fwp%2Fv2%2Fcomments&post=36609"}],"version-history":[{"count":1,"href":"https:\/\/veritasinfo.org\/index.php?rest_route=\/wp\/v2\/posts\/36609\/revisions"}],"predecessor-version":[{"id":36611,"href":"https:\/\/veritasinfo.org\/index.php?rest_route=\/wp\/v2\/posts\/36609\/revisions\/36611"}],"wp:featuredmedia":[{"embeddable":true,"href":"https:\/\/veritasinfo.org\/index.php?rest_route=\/wp\/v2\/media\/36610"}],"wp:attachment":[{"href":"https:\/\/veritasinfo.org\/index.php?rest_route=%2Fwp%2Fv2%2Fmedia&parent=36609"}],"wp:term":[{"taxonomy":"category","embeddable":true,"href":"https:\/\/veritasinfo.org\/index.php?rest_route=%2Fwp%2Fv2%2Fcategories&post=36609"},{"taxonomy":"post_tag","embeddable":true,"href":"https:\/\/veritasinfo.org\/index.php?rest_route=%2Fwp%2Fv2%2Ftags&post=36609"}],"curies":[{"name":"wp","href":"https:\/\/api.w.org\/{rel}","templated":true}]}}